
{"id":3992,"date":"2012-12-10T00:57:37","date_gmt":"2012-12-09T22:57:37","guid":{"rendered":"http:\/\/rauchfrei.ipax.hosting\/?p=3992"},"modified":"2012-12-07T19:59:13","modified_gmt":"2012-12-07T17:59:13","slug":"belasten-e-zigaretten-die-raumluft","status":"publish","type":"post","link":"https:\/\/rauchfrei.at\/en\/belasten-e-zigaretten-die-raumluft\/","title":{"rendered":"Belasten E-Zigaretten die Raumluft?"},"content":{"rendered":"<p>&nbsp;<\/p>\n<p>Eine neue, unabh\u00e4ngige Studie des Fraunhofer-Instituts f\u00fcr Holzforschung WKI in Braunschweig ist dieser Frage nachgegangen. Ziel der Studie war es, herauszufinden in wieweit das Rauchen von E-Zigaretten die Raumluft belastet und ob es dadurch auch zu sch\u00e4dlicher \u201ePassiv-Dampf\u201c Belastung f\u00fcr Dritte kommen kann.<\/p>\n<p>&nbsp;<\/p>\n<p>Das Res\u00fcmee der Forscher\/innen ist, dass die elektronische Zigarette <strong>nicht emissionsfrei<\/strong> ist und zur Raumluftverunreinigung beitr\u00e4gt, allerdings geringer als Tabakzigaretten. E-Zigaretten sind somit neue Quelle f\u00fcr ultrafeine Partikel sowie fl\u00fcchtige organische Verbindungen in der Innenraumluft: sogenanntes <strong>&#8220;Passiv-Dampfen&#8221; ist m\u00f6glich<\/strong>.<\/p>\n<p>&nbsp;<\/p>\n<p>Ein gro\u00dfes Problem stellt die <strong>mangelhafte Deklaration der Inhaltsstoffe der Liquids<\/strong> f\u00fcr E-Zigaretten dar &#8211; deren Zusammensetzung ist oft v\u00f6llig unklar. E-Raucher\/innen haben somit meist keine genauen Informationen dazu, welche Stoffe sie inhalieren bzw. ausatmen.<\/p>\n<p>&nbsp;<\/p>\n<p>Weitere Forschung ist hier dringend notwendig &#8211; besonders auch im Hinblick auf die verschiedenen Inhaltstoffe der Liquidkapseln.<\/p>\n<p>&nbsp;<\/p>\n","protected":false},"excerpt":{"rendered":"<p>Eine neue Studie ist dieser Frage nachgegangen. E-Zigaretten werden als &#8220;gesunde&#8221; Alternative zur herk\u00f6mmlichen Zigarette vermarktet &#8211; doch kann man dem Glauben schenken? <\/p>\n","protected":false},"author":7,"featured_media":0,"comment_status":"open","ping_status":"open","sticky":false,"template":"","format":"standard","meta":{"_et_pb_use_builder":"","_et_pb_old_content":"","_et_gb_content_width":"","footnotes":""},"categories":[236],"tags":[29,66],"class_list":["post-3992","post","type-post","status-publish","format-standard","hentry","category-nicht-kategorisiert","tag-e-zigarette","tag-passiv-dampfen"],"yoast_head":"<!-- This site is optimized with the Yoast SEO plugin v26.2 - https:\/\/yoast.com\/wordpress\/plugins\/seo\/ -->\n<title>Belasten E-Zigaretten die Raumluft? - Rauchfrei Telefon<\/title>\n<meta name=\"robots\" content=\"index, follow, max-snippet:-1, max-image-preview:large, max-video-preview:-1\" \/>\n<link rel=\"canonical\" href=\"https:\/\/rauchfrei.at\/belasten-e-zigaretten-die-raumluft\/\" \/>\n<meta property=\"og:locale\" content=\"en_US\" \/>\n<meta property=\"og:type\" content=\"article\" \/>\n<meta property=\"og:title\" content=\"Belasten E-Zigaretten die Raumluft? - Rauchfrei Telefon\" \/>\n<meta property=\"og:description\" content=\"Eine neue Studie ist dieser Frage nachgegangen. E-Zigaretten werden als &quot;gesunde&quot; Alternative zur herk\u00f6mmlichen Zigarette vermarktet - doch kann man dem Glauben schenken?\" \/>\n<meta property=\"og:url\" content=\"https:\/\/rauchfrei.at\/belasten-e-zigaretten-die-raumluft\/\" \/>\n<meta property=\"og:site_name\" content=\"Rauchfrei Telefon\" \/>\n<meta property=\"article:published_time\" content=\"2012-12-09T22:57:37+00:00\" \/>\n<meta name=\"author\" content=\"Nina Heumayer\" \/>\n<meta name=\"twitter:card\" content=\"summary_large_image\" \/>\n<meta name=\"twitter:label1\" content=\"Written by\" \/>\n\t<meta name=\"twitter:data1\" content=\"Nina Heumayer\" \/>\n\t<meta name=\"twitter:label2\" content=\"Est. reading time\" \/>\n\t<meta name=\"twitter:data2\" content=\"1 minute\" \/>\n<script type=\"application\/ld+json\" class=\"yoast-schema-graph\">{\"@context\":\"https:\/\/schema.org\",\"@graph\":[{\"@type\":\"WebPage\",\"@id\":\"https:\/\/rauchfrei.at\/belasten-e-zigaretten-die-raumluft\/\",\"url\":\"https:\/\/rauchfrei.at\/belasten-e-zigaretten-die-raumluft\/\",\"name\":\"Belasten E-Zigaretten die Raumluft? - Rauchfrei Telefon\",\"isPartOf\":{\"@id\":\"https:\/\/rauchfrei.at\/#website\"},\"datePublished\":\"2012-12-09T22:57:37+00:00\",\"author\":{\"@id\":\"https:\/\/rauchfrei.at\/#\/schema\/person\/6ba3adad8eb872b334787c24357473aa\"},\"inLanguage\":\"en-US\",\"potentialAction\":[{\"@type\":\"ReadAction\",\"target\":[\"https:\/\/rauchfrei.at\/belasten-e-zigaretten-die-raumluft\/\"]}]},{\"@type\":\"WebSite\",\"@id\":\"https:\/\/rauchfrei.at\/#website\",\"url\":\"https:\/\/rauchfrei.at\/\",\"name\":\"Rauchfrei Telefon\",\"description\":\"Eine \u00f6sterreichweite Initiative der Sozialversicherungen.\",\"potentialAction\":[{\"@type\":\"SearchAction\",\"target\":{\"@type\":\"EntryPoint\",\"urlTemplate\":\"https:\/\/rauchfrei.at\/?s={search_term_string}\"},\"query-input\":{\"@type\":\"PropertyValueSpecification\",\"valueRequired\":true,\"valueName\":\"search_term_string\"}}],\"inLanguage\":\"en-US\"},{\"@type\":\"Person\",\"@id\":\"https:\/\/rauchfrei.at\/#\/schema\/person\/6ba3adad8eb872b334787c24357473aa\",\"name\":\"Nina Heumayer\",\"image\":{\"@type\":\"ImageObject\",\"inLanguage\":\"en-US\",\"@id\":\"https:\/\/rauchfrei.at\/#\/schema\/person\/image\/\",\"url\":\"https:\/\/secure.gravatar.com\/avatar\/0980a970ceeb24db5798b86faac2035236ffa2f49daf0e59474baef797676711?s=96&d=mm&r=g\",\"contentUrl\":\"https:\/\/secure.gravatar.com\/avatar\/0980a970ceeb24db5798b86faac2035236ffa2f49daf0e59474baef797676711?s=96&d=mm&r=g\",\"caption\":\"Nina Heumayer\"},\"url\":\"https:\/\/rauchfrei.at\/en\/author\/heumayer\/\"}]}<\/script>\n<!-- \/ Yoast SEO plugin. -->","yoast_head_json":{"title":"Belasten E-Zigaretten die Raumluft? - Rauchfrei Telefon","robots":{"index":"index","follow":"follow","max-snippet":"max-snippet:-1","max-image-preview":"max-image-preview:large","max-video-preview":"max-video-preview:-1"},"canonical":"https:\/\/rauchfrei.at\/belasten-e-zigaretten-die-raumluft\/","og_locale":"en_US","og_type":"article","og_title":"Belasten E-Zigaretten die Raumluft? - Rauchfrei Telefon","og_description":"Eine neue Studie ist dieser Frage nachgegangen. E-Zigaretten werden als \"gesunde\" Alternative zur herk\u00f6mmlichen Zigarette vermarktet - doch kann man dem Glauben schenken?","og_url":"https:\/\/rauchfrei.at\/belasten-e-zigaretten-die-raumluft\/","og_site_name":"Rauchfrei Telefon","article_published_time":"2012-12-09T22:57:37+00:00","author":"Nina Heumayer","twitter_card":"summary_large_image","twitter_misc":{"Written by":"Nina Heumayer","Est. reading time":"1 minute"},"schema":{"@context":"https:\/\/schema.org","@graph":[{"@type":"WebPage","@id":"https:\/\/rauchfrei.at\/belasten-e-zigaretten-die-raumluft\/","url":"https:\/\/rauchfrei.at\/belasten-e-zigaretten-die-raumluft\/","name":"Belasten E-Zigaretten die Raumluft? - Rauchfrei Telefon","isPartOf":{"@id":"https:\/\/rauchfrei.at\/#website"},"datePublished":"2012-12-09T22:57:37+00:00","author":{"@id":"https:\/\/rauchfrei.at\/#\/schema\/person\/6ba3adad8eb872b334787c24357473aa"},"inLanguage":"en-US","potentialAction":[{"@type":"ReadAction","target":["https:\/\/rauchfrei.at\/belasten-e-zigaretten-die-raumluft\/"]}]},{"@type":"WebSite","@id":"https:\/\/rauchfrei.at\/#website","url":"https:\/\/rauchfrei.at\/","name":"Rauchfrei Telefon","description":"Eine \u00f6sterreichweite Initiative der Sozialversicherungen.","potentialAction":[{"@type":"SearchAction","target":{"@type":"EntryPoint","urlTemplate":"https:\/\/rauchfrei.at\/?s={search_term_string}"},"query-input":{"@type":"PropertyValueSpecification","valueRequired":true,"valueName":"search_term_string"}}],"inLanguage":"en-US"},{"@type":"Person","@id":"https:\/\/rauchfrei.at\/#\/schema\/person\/6ba3adad8eb872b334787c24357473aa","name":"Nina Heumayer","image":{"@type":"ImageObject","inLanguage":"en-US","@id":"https:\/\/rauchfrei.at\/#\/schema\/person\/image\/","url":"https:\/\/secure.gravatar.com\/avatar\/0980a970ceeb24db5798b86faac2035236ffa2f49daf0e59474baef797676711?s=96&d=mm&r=g","contentUrl":"https:\/\/secure.gravatar.com\/avatar\/0980a970ceeb24db5798b86faac2035236ffa2f49daf0e59474baef797676711?s=96&d=mm&r=g","caption":"Nina Heumayer"},"url":"https:\/\/rauchfrei.at\/en\/author\/heumayer\/"}]}},"_links":{"self":[{"href":"https:\/\/rauchfrei.at\/en\/wp-json\/wp\/v2\/posts\/3992","targetHints":{"allow":["GET"]}}],"collection":[{"href":"https:\/\/rauchfrei.at\/en\/wp-json\/wp\/v2\/posts"}],"about":[{"href":"https:\/\/rauchfrei.at\/en\/wp-json\/wp\/v2\/types\/post"}],"author":[{"embeddable":true,"href":"https:\/\/rauchfrei.at\/en\/wp-json\/wp\/v2\/users\/7"}],"replies":[{"embeddable":true,"href":"https:\/\/rauchfrei.at\/en\/wp-json\/wp\/v2\/comments?post=3992"}],"version-history":[{"count":5,"href":"https:\/\/rauchfrei.at\/en\/wp-json\/wp\/v2\/posts\/3992\/revisions"}],"predecessor-version":[{"id":4000,"href":"https:\/\/rauchfrei.at\/en\/wp-json\/wp\/v2\/posts\/3992\/revisions\/4000"}],"wp:attachment":[{"href":"https:\/\/rauchfrei.at\/en\/wp-json\/wp\/v2\/media?parent=3992"}],"wp:term":[{"taxonomy":"category","embeddable":true,"href":"https:\/\/rauchfrei.at\/en\/wp-json\/wp\/v2\/categories?post=3992"},{"taxonomy":"post_tag","embeddable":true,"href":"https:\/\/rauchfrei.at\/en\/wp-json\/wp\/v2\/tags?post=3992"}],"curies":[{"name":"wp","href":"https:\/\/api.w.org\/{rel}","templated":true}]}}