
{"id":4041,"date":"2012-12-28T20:30:56","date_gmt":"2012-12-28T18:30:56","guid":{"rendered":"http:\/\/rauchfrei.ipax.hosting\/?p=4041"},"modified":"2012-12-28T20:30:56","modified_gmt":"2012-12-28T18:30:56","slug":"2013-rauchfrei","status":"publish","type":"post","link":"https:\/\/rauchfrei.at\/en\/2013-rauchfrei\/","title":{"rendered":"2013 rauchfrei"},"content":{"rendered":"<p>&nbsp;<\/p>\n<p>\u201eIm neuen Jahr h\u00f6r ich endg\u00fcltig zu Rauchen auf\u201c \u2013 fast jede Raucherin\/jeder Raucher hat diesen Vorsatz schon einmal in der Silvesternacht gefasst \u2013 und meist genau so schnell wieder gebrochen.<\/p>\n<p>&nbsp;<\/p>\n<p>Mit dem Start ins Jahr 2013 k\u00f6nnte das anders sein: mit der geeigneten Motivation zum Aufh\u00f6ren, einer guten Vorbereitung<strong> und<\/strong> der richtigen Unterst\u00fctzung steht der Rauchfreiheit nichts mehr im Wege.<\/p>\n<p>&nbsp;<\/p>\n<p>Folgende Tipps k\u00f6nnen Ihnen den Weg in die Rauchfreiheit erleichtern:<\/p>\n<p>&nbsp;<\/p>\n<p>Benennen Sie<strong> Ihre pers\u00f6nlichen Motive<\/strong> f\u00fcr den Rauchstopp:<\/p>\n<p>Schreiben Sie eine Liste mit allen Argumenten, die f\u00fcr die Rauchfreiheit sprechen.<\/p>\n<p>&nbsp;<\/p>\n<p>Haben Sie schon einige nicht so erfolgreiche Rauchstoppversuche hinter sich?<\/p>\n<p><strong>Lernen Sie aus Ihren Erfahrungen<\/strong>, was hat bei den letzten Malen dazu gef\u00fchrt, dass Sie wieder zur Zigarette gegriffen haben? Vermeiden oder ver\u00e4ndern Sie diese Risikosituationen!<\/p>\n<p>&nbsp;<\/p>\n<p>Es muss nicht unbedingt der 1. J\u00e4nner sein.<strong> Finden Sie einen Zeitpunkt<\/strong> in den n\u00e4chsten 1 bis 3 Wochen, an dem Sie keinen au\u00dfergew\u00f6hnlichen Belastungen und Stresssituationen ausgesetzt sind. Vielleicht sind die ersten Tage im Jahr daf\u00fcr gut geeignet, wenn die Feierlichkeiten vor\u00fcber sind.<\/p>\n<p>&nbsp;<\/p>\n<p><a href=\"https:\/\/rauchfrei.at\/aufhoeren\/tests-tools\/abhaengigkeits-test\/\" target=\"_blank\">Testen Sie ihre Nikotinabh\u00e4ngigkeit<\/a> Dieses Wissen kann als Basis f\u00fcr die weiteren Vorbereitungen des Rauchstopps dienen.<\/p>\n<p>&nbsp;<\/p>\n<p>Wenn Ihre k\u00f6rperliche Nikotinabh\u00e4ngigkeit stark ist, <strong>lassen Sie sich<\/strong> bei Ihrem Arzt\/Ihrer \u00c4rztin bzw. in Ihrer Apotheke bez\u00fcglich medikament\u00f6ser Unterst\u00fctzung beim Rauchstopp informieren und <strong>beraten<\/strong>.<\/p>\n<p>&nbsp;<\/p>\n<p><strong>Suchen Sie sich Unterst\u00fctzung: <\/strong>Gibt es jemanden in Ihrer Umgebung, der Sie bei Ihrem Vorhaben unterst\u00fctzen kann? Es ist hilfreich, eine Person zu haben, die Sie aufmuntert, motiviert und lobt!<\/p>\n<p>&nbsp;<\/p>\n<p><strong>Kommen Sie in Bewegung: <\/strong>Bewegung ist die beste Unterst\u00fctzung beim Rauchstopp und r\u00fcckt auch den Weihnachtskeksp\u00f6lsterchen an den Kragen.<\/p>\n<p>&nbsp;<\/p>\n<p><strong>Bereiten Sie sich gut<\/strong> auf den Rauchstopp<strong> vor,<\/strong> viele wichtige Ver\u00e4nderungen im Leben bed\u00fcrfen guter Vorbereitung.<\/p>\n<p>&nbsp;<\/p>\n<p>&nbsp;<\/p>\n","protected":false},"excerpt":{"rendered":"<p>F\u00fcr den Rauchstopp ist immer und \u00fcberall ein guter Zeitpunkt, um nicht zu sagen \u201eder beste Zeitpunkt\u201c. Gerade das Ende des Jahres bzw. der Beginn des Neuen Jahres ist f\u00fcr viele Raucher\/innen Anlass, rauchfrei zu werden. Damit das \u201eRauchfrei werden\u201c zum \u201eRauchfrei bleiben\u201c wird, geben wir Tipps f\u00fcr eine gute Vorbereitung des Rauchstopps.<\/p>\n","protected":false},"author":7,"featured_media":0,"comment_status":"open","ping_status":"open","sticky":false,"template":"","format":"standard","meta":{"_et_pb_use_builder":"","_et_pb_old_content":"","_et_gb_content_width":"","footnotes":""},"categories":[236],"tags":[68],"class_list":["post-4041","post","type-post","status-publish","format-standard","hentry","category-nicht-kategorisiert","tag-tipps-fuer-den-rauchstopp"],"yoast_head":"<!-- This site is optimized with the Yoast SEO plugin v26.2 - https:\/\/yoast.com\/wordpress\/plugins\/seo\/ -->\n<title>2013 rauchfrei - Rauchfrei Telefon<\/title>\n<meta name=\"robots\" content=\"index, follow, max-snippet:-1, max-image-preview:large, max-video-preview:-1\" \/>\n<link rel=\"canonical\" href=\"https:\/\/rauchfrei.at\/2013-rauchfrei\/\" \/>\n<meta property=\"og:locale\" content=\"en_US\" \/>\n<meta property=\"og:type\" content=\"article\" \/>\n<meta property=\"og:title\" content=\"2013 rauchfrei - Rauchfrei Telefon\" \/>\n<meta property=\"og:description\" content=\"F\u00fcr den Rauchstopp ist immer und \u00fcberall ein guter Zeitpunkt, um nicht zu sagen \u201eder beste Zeitpunkt\u201c. Gerade das Ende des Jahres bzw. der Beginn des Neuen Jahres ist f\u00fcr viele Raucher\/innen Anlass, rauchfrei zu werden. Damit das \u201eRauchfrei werden\u201c zum \u201eRauchfrei bleiben\u201c wird, geben wir Tipps f\u00fcr eine gute Vorbereitung des Rauchstopps.\" \/>\n<meta property=\"og:url\" content=\"https:\/\/rauchfrei.at\/2013-rauchfrei\/\" \/>\n<meta property=\"og:site_name\" content=\"Rauchfrei Telefon\" \/>\n<meta property=\"article:published_time\" content=\"2012-12-28T18:30:56+00:00\" \/>\n<meta name=\"author\" content=\"Nina Heumayer\" \/>\n<meta name=\"twitter:card\" content=\"summary_large_image\" \/>\n<meta name=\"twitter:label1\" content=\"Written by\" \/>\n\t<meta name=\"twitter:data1\" content=\"Nina Heumayer\" \/>\n\t<meta name=\"twitter:label2\" content=\"Est. reading time\" \/>\n\t<meta name=\"twitter:data2\" content=\"2 minutes\" \/>\n<script type=\"application\/ld+json\" class=\"yoast-schema-graph\">{\"@context\":\"https:\/\/schema.org\",\"@graph\":[{\"@type\":\"WebPage\",\"@id\":\"https:\/\/rauchfrei.at\/2013-rauchfrei\/\",\"url\":\"https:\/\/rauchfrei.at\/2013-rauchfrei\/\",\"name\":\"2013 rauchfrei - Rauchfrei Telefon\",\"isPartOf\":{\"@id\":\"https:\/\/rauchfrei.at\/#website\"},\"datePublished\":\"2012-12-28T18:30:56+00:00\",\"author\":{\"@id\":\"https:\/\/rauchfrei.at\/#\/schema\/person\/6ba3adad8eb872b334787c24357473aa\"},\"inLanguage\":\"en-US\",\"potentialAction\":[{\"@type\":\"ReadAction\",\"target\":[\"https:\/\/rauchfrei.at\/2013-rauchfrei\/\"]}]},{\"@type\":\"WebSite\",\"@id\":\"https:\/\/rauchfrei.at\/#website\",\"url\":\"https:\/\/rauchfrei.at\/\",\"name\":\"Rauchfrei Telefon\",\"description\":\"Eine \u00f6sterreichweite Initiative der Sozialversicherungen.\",\"potentialAction\":[{\"@type\":\"SearchAction\",\"target\":{\"@type\":\"EntryPoint\",\"urlTemplate\":\"https:\/\/rauchfrei.at\/?s={search_term_string}\"},\"query-input\":{\"@type\":\"PropertyValueSpecification\",\"valueRequired\":true,\"valueName\":\"search_term_string\"}}],\"inLanguage\":\"en-US\"},{\"@type\":\"Person\",\"@id\":\"https:\/\/rauchfrei.at\/#\/schema\/person\/6ba3adad8eb872b334787c24357473aa\",\"name\":\"Nina Heumayer\",\"image\":{\"@type\":\"ImageObject\",\"inLanguage\":\"en-US\",\"@id\":\"https:\/\/rauchfrei.at\/#\/schema\/person\/image\/\",\"url\":\"https:\/\/secure.gravatar.com\/avatar\/0980a970ceeb24db5798b86faac2035236ffa2f49daf0e59474baef797676711?s=96&d=mm&r=g\",\"contentUrl\":\"https:\/\/secure.gravatar.com\/avatar\/0980a970ceeb24db5798b86faac2035236ffa2f49daf0e59474baef797676711?s=96&d=mm&r=g\",\"caption\":\"Nina Heumayer\"},\"url\":\"https:\/\/rauchfrei.at\/en\/author\/heumayer\/\"}]}<\/script>\n<!-- \/ Yoast SEO plugin. -->","yoast_head_json":{"title":"2013 rauchfrei - Rauchfrei Telefon","robots":{"index":"index","follow":"follow","max-snippet":"max-snippet:-1","max-image-preview":"max-image-preview:large","max-video-preview":"max-video-preview:-1"},"canonical":"https:\/\/rauchfrei.at\/2013-rauchfrei\/","og_locale":"en_US","og_type":"article","og_title":"2013 rauchfrei - Rauchfrei Telefon","og_description":"F\u00fcr den Rauchstopp ist immer und \u00fcberall ein guter Zeitpunkt, um nicht zu sagen \u201eder beste Zeitpunkt\u201c. Gerade das Ende des Jahres bzw. der Beginn des Neuen Jahres ist f\u00fcr viele Raucher\/innen Anlass, rauchfrei zu werden. Damit das \u201eRauchfrei werden\u201c zum \u201eRauchfrei bleiben\u201c wird, geben wir Tipps f\u00fcr eine gute Vorbereitung des Rauchstopps.","og_url":"https:\/\/rauchfrei.at\/2013-rauchfrei\/","og_site_name":"Rauchfrei Telefon","article_published_time":"2012-12-28T18:30:56+00:00","author":"Nina Heumayer","twitter_card":"summary_large_image","twitter_misc":{"Written by":"Nina Heumayer","Est. reading time":"2 minutes"},"schema":{"@context":"https:\/\/schema.org","@graph":[{"@type":"WebPage","@id":"https:\/\/rauchfrei.at\/2013-rauchfrei\/","url":"https:\/\/rauchfrei.at\/2013-rauchfrei\/","name":"2013 rauchfrei - Rauchfrei Telefon","isPartOf":{"@id":"https:\/\/rauchfrei.at\/#website"},"datePublished":"2012-12-28T18:30:56+00:00","author":{"@id":"https:\/\/rauchfrei.at\/#\/schema\/person\/6ba3adad8eb872b334787c24357473aa"},"inLanguage":"en-US","potentialAction":[{"@type":"ReadAction","target":["https:\/\/rauchfrei.at\/2013-rauchfrei\/"]}]},{"@type":"WebSite","@id":"https:\/\/rauchfrei.at\/#website","url":"https:\/\/rauchfrei.at\/","name":"Rauchfrei Telefon","description":"Eine \u00f6sterreichweite Initiative der Sozialversicherungen.","potentialAction":[{"@type":"SearchAction","target":{"@type":"EntryPoint","urlTemplate":"https:\/\/rauchfrei.at\/?s={search_term_string}"},"query-input":{"@type":"PropertyValueSpecification","valueRequired":true,"valueName":"search_term_string"}}],"inLanguage":"en-US"},{"@type":"Person","@id":"https:\/\/rauchfrei.at\/#\/schema\/person\/6ba3adad8eb872b334787c24357473aa","name":"Nina Heumayer","image":{"@type":"ImageObject","inLanguage":"en-US","@id":"https:\/\/rauchfrei.at\/#\/schema\/person\/image\/","url":"https:\/\/secure.gravatar.com\/avatar\/0980a970ceeb24db5798b86faac2035236ffa2f49daf0e59474baef797676711?s=96&d=mm&r=g","contentUrl":"https:\/\/secure.gravatar.com\/avatar\/0980a970ceeb24db5798b86faac2035236ffa2f49daf0e59474baef797676711?s=96&d=mm&r=g","caption":"Nina Heumayer"},"url":"https:\/\/rauchfrei.at\/en\/author\/heumayer\/"}]}},"_links":{"self":[{"href":"https:\/\/rauchfrei.at\/en\/wp-json\/wp\/v2\/posts\/4041","targetHints":{"allow":["GET"]}}],"collection":[{"href":"https:\/\/rauchfrei.at\/en\/wp-json\/wp\/v2\/posts"}],"about":[{"href":"https:\/\/rauchfrei.at\/en\/wp-json\/wp\/v2\/types\/post"}],"author":[{"embeddable":true,"href":"https:\/\/rauchfrei.at\/en\/wp-json\/wp\/v2\/users\/7"}],"replies":[{"embeddable":true,"href":"https:\/\/rauchfrei.at\/en\/wp-json\/wp\/v2\/comments?post=4041"}],"version-history":[{"count":5,"href":"https:\/\/rauchfrei.at\/en\/wp-json\/wp\/v2\/posts\/4041\/revisions"}],"predecessor-version":[{"id":4054,"href":"https:\/\/rauchfrei.at\/en\/wp-json\/wp\/v2\/posts\/4041\/revisions\/4054"}],"wp:attachment":[{"href":"https:\/\/rauchfrei.at\/en\/wp-json\/wp\/v2\/media?parent=4041"}],"wp:term":[{"taxonomy":"category","embeddable":true,"href":"https:\/\/rauchfrei.at\/en\/wp-json\/wp\/v2\/categories?post=4041"},{"taxonomy":"post_tag","embeddable":true,"href":"https:\/\/rauchfrei.at\/en\/wp-json\/wp\/v2\/tags?post=4041"}],"curies":[{"name":"wp","href":"https:\/\/api.w.org\/{rel}","templated":true}]}}