
{"id":4181,"date":"2013-02-25T10:10:49","date_gmt":"2013-02-25T08:10:49","guid":{"rendered":"http:\/\/rauchfrei.ipax.hosting\/?p=4181"},"modified":"2014-05-22T10:21:27","modified_gmt":"2014-05-22T08:21:27","slug":"die-fastenzeit-als-gute-gelegenheit-das-rauchen-aufzugeben-und-das-gewicht-zu-halten","status":"publish","type":"post","link":"https:\/\/rauchfrei.at\/en\/die-fastenzeit-als-gute-gelegenheit-das-rauchen-aufzugeben-und-das-gewicht-zu-halten\/","title":{"rendered":"Die Fastenzeit als gute Gelegenheit das Rauchen aufzugeben und das Gewicht zu halten!"},"content":{"rendered":"<p>&nbsp;<\/p>\n<p>Der Fasching ist vorbei- die Fastenzeit hat begonnen. Der Fr\u00fchling ist auch nicht mehr allzu weit weg &#8211; und das Bed\u00fcrfnis nach Licht und Frischluft wird immer gr\u00f6\u00dfer.<\/p>\n<p>&nbsp;<\/p>\n<p>Der Rauchstopp ist die beste M\u00f6glichkeit, das Verlangen nach frischer Luft zu erf\u00fcllen.<\/p>\n<p>&nbsp;<\/p>\n<p>Viele nehmen sich die Fastenzeit zum Anlass um ges\u00fcnder\/bewusster zu leben. Auf \u201eGeliebte S\u00fcnden\u201c wie Alkohol, Zigaretten oder S\u00fc\u00dfigkeiten zu verzichten steht am Programm.<\/p>\n<p>&nbsp;<\/p>\n<p>Haben auch Sie sich vorgenommen, in der Fastenzeit weniger zu rauchen oder \u2013 im Idealfall \u2013 die Zigaretten ganz wegzulassen?<\/p>\n<p>&nbsp;<\/p>\n<p><strong>Gute Motive<\/strong> und eine <strong>gute Vorbereitung<\/strong> k\u00f6nnen die Umsetzung des Rauchstopps wesentlich erleichtern. Viele hilfreiche Informationen finden Sie\u00a0hier: <a title=\"Schritte zum Rauchstopp\" href=\"https:\/\/rauchfrei.at\/aufhoeren\/schritte-zum-rauchstopp\" target=\"_blank\">Schritte zum Rauchstopp<\/a><\/p>\n<p>&nbsp;<\/p>\n<p>Sie sind bereits rauchfrei? Gratulation!<\/p>\n<p>&nbsp;<\/p>\n<p>Gestalten Sie Ihre erste rauchfreie Zeit so angenehm wie m\u00f6glich, um einem R\u00fcckfall vorzubeugen. Machen Sie lange Spazierg\u00e4nge, bewegen Sie sich! Unternehmen Sie Aktivit\u00e4ten mit nichtrauchenden Freunden und Freundinnen, achten Sie auf eine rauchfreie Umgebung und vermeiden Sie Situationen, die Sie noch stark mit dem Rauchen verbinden.<\/p>\n<p>&nbsp;<\/p>\n<p>Genie\u00dfen Sie jeden Tag im vollen Bewusstsein, dass Sie frei sind und Zigaretten nicht mehr n\u00f6tig haben. Jeder einzelne Tag tut Ihrer Gesundheit, Ihren Mitmenschen und Ihrem Geldbeutel gut.<\/p>\n<p>&nbsp;<\/p>\n<p>Haben Sie dabei die Sorge vor einer Gewichtszunahme durch den Rauchstopp?<\/p>\n<p>&nbsp;<\/p>\n<p>Vorweg gesagt: die Vorteile durch den Rauchstopp f\u00fcr die Gesundheit \u00fcberwiegen, auch wenn ein paar Kilo mehr auf die Waage kommen. Es muss aber gar nicht so weit kommen: Wenn Sie ein paar Dinge beachten, behalten Sie Ihr Gewicht beim Rauchstopp oder verlieren sogar ein paar l\u00e4stige Kilos und starten so leicht und unbeschwert in den Fr\u00fchling.<\/p>\n<p><strong><\/strong>\u00a0<\/p>\n<p><strong>Achten Sie darauf, ob Sie wirklich hungrig sind!<\/strong> Der Blutzuckerspiegel, der durch das Nikotin beeinflusst wurde, ben\u00f6tigt einige Zeit, sich wieder neu einzupendeln. Schwankungen im Blutzuckerspiegel werden auch als Hunger interpretiert.<\/p>\n<p><strong><\/strong>\u00a0<\/p>\n<p><strong>Halten Sie Obst- &amp; Gem\u00fcsesticks zum Knabbern bereit<\/strong>! Die gewohnte Bewegung der Hand zum Mund und das Gef\u00fchl, etwas zwischen den Lippen zu haben, wird statt mit der Zigarette nun mit Essen erf\u00fcllt. So kommt es \u2013 oft unbemerkt \u2013 zu einer viel h\u00f6heren Kalorienaufnahme.<\/p>\n<p><strong><\/strong>\u00a0<\/p>\n<p><strong>Bewegen Sie sich viel! <\/strong>Nach dem Rauchstopp werden durch die Stoffwechselumstellung 200 \u2013 300 kcal pro Tag weniger umgesetzt. Bei gleicher Kalorienaufnahme werden nun weniger Kalorien vom K\u00f6rper verbraucht.<\/p>\n<p><strong><\/strong>\u00a0<\/p>\n<p><strong>Essen Sie nicht mehr als bisher!<\/strong> Nikotin wirkt appetithemmend. Nach dem Rauchstopp kommt es daher oft zu mehr Appetit und Gusto. Auch der Geschmacks- und Geruchssinn verbessern sich, das Essen schmeckt als Nichtraucher\/in besser.<\/p>\n<p><strong><\/strong>\u00a0<\/p>\n<p><strong>Trinken Sie kohlens\u00e4urehaltiges Mineralwasser! <\/strong>Das Prickeln der Kohlens\u00e4ure reizt die Mundschleimhaut und hilft so bei Verlangen nach einer Zigarette.<\/p>\n<p>&nbsp;<\/p>\n<p>&nbsp;<\/p>\n","protected":false},"excerpt":{"rendered":"<p>&nbsp; Der Fasching ist vorbei- die Fastenzeit hat begonnen. Der Fr\u00fchling ist auch nicht mehr allzu weit weg &#8211; und das Bed\u00fcrfnis nach Licht und Frischluft wird immer gr\u00f6\u00dfer. &nbsp; Der Rauchstopp ist die beste M\u00f6glichkeit, das Verlangen nach frischer Luft zu erf\u00fcllen. &nbsp; Viele nehmen sich die Fastenzeit zum Anlass um ges\u00fcnder\/bewusster zu leben. [&hellip;]<\/p>\n","protected":false},"author":11,"featured_media":0,"comment_status":"open","ping_status":"open","sticky":false,"template":"","format":"standard","meta":{"_et_pb_use_builder":"","_et_pb_old_content":"","_et_gb_content_width":"","footnotes":""},"categories":[236],"tags":[82,33,83,84],"class_list":["post-4181","post","type-post","status-publish","format-standard","hentry","category-nicht-kategorisiert","tag-fastenzeit","tag-gewicht","tag-gewichtszunahme","tag-rauchstopp"],"yoast_head":"<!-- This site is optimized with the Yoast SEO plugin v26.2 - https:\/\/yoast.com\/wordpress\/plugins\/seo\/ -->\n<title>Die Fastenzeit als gute Gelegenheit das Rauchen aufzugeben und das Gewicht zu halten! - Rauchfrei Telefon<\/title>\n<meta name=\"robots\" content=\"index, follow, max-snippet:-1, max-image-preview:large, max-video-preview:-1\" \/>\n<link rel=\"canonical\" href=\"https:\/\/rauchfrei.at\/die-fastenzeit-als-gute-gelegenheit-das-rauchen-aufzugeben-und-das-gewicht-zu-halten\/\" \/>\n<meta property=\"og:locale\" content=\"en_US\" \/>\n<meta property=\"og:type\" content=\"article\" \/>\n<meta property=\"og:title\" content=\"Die Fastenzeit als gute Gelegenheit das Rauchen aufzugeben und das Gewicht zu halten! - Rauchfrei Telefon\" \/>\n<meta property=\"og:description\" content=\"&nbsp; Der Fasching ist vorbei- die Fastenzeit hat begonnen. Der Fr\u00fchling ist auch nicht mehr allzu weit weg &#8211; und das Bed\u00fcrfnis nach Licht und Frischluft wird immer gr\u00f6\u00dfer. &nbsp; Der Rauchstopp ist die beste M\u00f6glichkeit, das Verlangen nach frischer Luft zu erf\u00fcllen. &nbsp; Viele nehmen sich die Fastenzeit zum Anlass um ges\u00fcnder\/bewusster zu leben. [&hellip;]\" \/>\n<meta property=\"og:url\" content=\"https:\/\/rauchfrei.at\/die-fastenzeit-als-gute-gelegenheit-das-rauchen-aufzugeben-und-das-gewicht-zu-halten\/\" \/>\n<meta property=\"og:site_name\" content=\"Rauchfrei Telefon\" \/>\n<meta property=\"article:published_time\" content=\"2013-02-25T08:10:49+00:00\" \/>\n<meta property=\"article:modified_time\" content=\"2014-05-22T08:21:27+00:00\" \/>\n<meta name=\"author\" content=\"Andrea B\u00fcttner\" \/>\n<meta name=\"twitter:card\" content=\"summary_large_image\" \/>\n<meta name=\"twitter:label1\" content=\"Written by\" \/>\n\t<meta name=\"twitter:data1\" content=\"Andrea B\u00fcttner\" \/>\n\t<meta name=\"twitter:label2\" content=\"Est. reading time\" \/>\n\t<meta name=\"twitter:data2\" content=\"2 minutes\" \/>\n<script type=\"application\/ld+json\" class=\"yoast-schema-graph\">{\"@context\":\"https:\/\/schema.org\",\"@graph\":[{\"@type\":\"WebPage\",\"@id\":\"https:\/\/rauchfrei.at\/die-fastenzeit-als-gute-gelegenheit-das-rauchen-aufzugeben-und-das-gewicht-zu-halten\/\",\"url\":\"https:\/\/rauchfrei.at\/die-fastenzeit-als-gute-gelegenheit-das-rauchen-aufzugeben-und-das-gewicht-zu-halten\/\",\"name\":\"Die Fastenzeit als gute Gelegenheit das Rauchen aufzugeben und das Gewicht zu halten! - Rauchfrei Telefon\",\"isPartOf\":{\"@id\":\"https:\/\/rauchfrei.at\/#website\"},\"datePublished\":\"2013-02-25T08:10:49+00:00\",\"dateModified\":\"2014-05-22T08:21:27+00:00\",\"author\":{\"@id\":\"https:\/\/rauchfrei.at\/#\/schema\/person\/7993cb8bdf02ba65fd4ec8ec38b2dbbf\"},\"inLanguage\":\"en-US\",\"potentialAction\":[{\"@type\":\"ReadAction\",\"target\":[\"https:\/\/rauchfrei.at\/die-fastenzeit-als-gute-gelegenheit-das-rauchen-aufzugeben-und-das-gewicht-zu-halten\/\"]}]},{\"@type\":\"WebSite\",\"@id\":\"https:\/\/rauchfrei.at\/#website\",\"url\":\"https:\/\/rauchfrei.at\/\",\"name\":\"Rauchfrei Telefon\",\"description\":\"Eine \u00f6sterreichweite Initiative der Sozialversicherungen.\",\"potentialAction\":[{\"@type\":\"SearchAction\",\"target\":{\"@type\":\"EntryPoint\",\"urlTemplate\":\"https:\/\/rauchfrei.at\/?s={search_term_string}\"},\"query-input\":{\"@type\":\"PropertyValueSpecification\",\"valueRequired\":true,\"valueName\":\"search_term_string\"}}],\"inLanguage\":\"en-US\"},{\"@type\":\"Person\",\"@id\":\"https:\/\/rauchfrei.at\/#\/schema\/person\/7993cb8bdf02ba65fd4ec8ec38b2dbbf\",\"name\":\"Andrea B\u00fcttner\",\"image\":{\"@type\":\"ImageObject\",\"inLanguage\":\"en-US\",\"@id\":\"https:\/\/rauchfrei.at\/#\/schema\/person\/image\/\",\"url\":\"https:\/\/secure.gravatar.com\/avatar\/0f26ab1de0c83f37b101366a1244bf5de74c6d9c0641811dc6f7fc551dad1c7f?s=96&d=mm&r=g\",\"contentUrl\":\"https:\/\/secure.gravatar.com\/avatar\/0f26ab1de0c83f37b101366a1244bf5de74c6d9c0641811dc6f7fc551dad1c7f?s=96&d=mm&r=g\",\"caption\":\"Andrea B\u00fcttner\"},\"url\":\"https:\/\/rauchfrei.at\/en\/author\/buettner\/\"}]}<\/script>\n<!-- \/ Yoast SEO plugin. -->","yoast_head_json":{"title":"Die Fastenzeit als gute Gelegenheit das Rauchen aufzugeben und das Gewicht zu halten! - Rauchfrei Telefon","robots":{"index":"index","follow":"follow","max-snippet":"max-snippet:-1","max-image-preview":"max-image-preview:large","max-video-preview":"max-video-preview:-1"},"canonical":"https:\/\/rauchfrei.at\/die-fastenzeit-als-gute-gelegenheit-das-rauchen-aufzugeben-und-das-gewicht-zu-halten\/","og_locale":"en_US","og_type":"article","og_title":"Die Fastenzeit als gute Gelegenheit das Rauchen aufzugeben und das Gewicht zu halten! - Rauchfrei Telefon","og_description":"&nbsp; Der Fasching ist vorbei- die Fastenzeit hat begonnen. Der Fr\u00fchling ist auch nicht mehr allzu weit weg &#8211; und das Bed\u00fcrfnis nach Licht und Frischluft wird immer gr\u00f6\u00dfer. &nbsp; Der Rauchstopp ist die beste M\u00f6glichkeit, das Verlangen nach frischer Luft zu erf\u00fcllen. &nbsp; Viele nehmen sich die Fastenzeit zum Anlass um ges\u00fcnder\/bewusster zu leben. [&hellip;]","og_url":"https:\/\/rauchfrei.at\/die-fastenzeit-als-gute-gelegenheit-das-rauchen-aufzugeben-und-das-gewicht-zu-halten\/","og_site_name":"Rauchfrei Telefon","article_published_time":"2013-02-25T08:10:49+00:00","article_modified_time":"2014-05-22T08:21:27+00:00","author":"Andrea B\u00fcttner","twitter_card":"summary_large_image","twitter_misc":{"Written by":"Andrea B\u00fcttner","Est. reading time":"2 minutes"},"schema":{"@context":"https:\/\/schema.org","@graph":[{"@type":"WebPage","@id":"https:\/\/rauchfrei.at\/die-fastenzeit-als-gute-gelegenheit-das-rauchen-aufzugeben-und-das-gewicht-zu-halten\/","url":"https:\/\/rauchfrei.at\/die-fastenzeit-als-gute-gelegenheit-das-rauchen-aufzugeben-und-das-gewicht-zu-halten\/","name":"Die Fastenzeit als gute Gelegenheit das Rauchen aufzugeben und das Gewicht zu halten! - Rauchfrei Telefon","isPartOf":{"@id":"https:\/\/rauchfrei.at\/#website"},"datePublished":"2013-02-25T08:10:49+00:00","dateModified":"2014-05-22T08:21:27+00:00","author":{"@id":"https:\/\/rauchfrei.at\/#\/schema\/person\/7993cb8bdf02ba65fd4ec8ec38b2dbbf"},"inLanguage":"en-US","potentialAction":[{"@type":"ReadAction","target":["https:\/\/rauchfrei.at\/die-fastenzeit-als-gute-gelegenheit-das-rauchen-aufzugeben-und-das-gewicht-zu-halten\/"]}]},{"@type":"WebSite","@id":"https:\/\/rauchfrei.at\/#website","url":"https:\/\/rauchfrei.at\/","name":"Rauchfrei Telefon","description":"Eine \u00f6sterreichweite Initiative der Sozialversicherungen.","potentialAction":[{"@type":"SearchAction","target":{"@type":"EntryPoint","urlTemplate":"https:\/\/rauchfrei.at\/?s={search_term_string}"},"query-input":{"@type":"PropertyValueSpecification","valueRequired":true,"valueName":"search_term_string"}}],"inLanguage":"en-US"},{"@type":"Person","@id":"https:\/\/rauchfrei.at\/#\/schema\/person\/7993cb8bdf02ba65fd4ec8ec38b2dbbf","name":"Andrea B\u00fcttner","image":{"@type":"ImageObject","inLanguage":"en-US","@id":"https:\/\/rauchfrei.at\/#\/schema\/person\/image\/","url":"https:\/\/secure.gravatar.com\/avatar\/0f26ab1de0c83f37b101366a1244bf5de74c6d9c0641811dc6f7fc551dad1c7f?s=96&d=mm&r=g","contentUrl":"https:\/\/secure.gravatar.com\/avatar\/0f26ab1de0c83f37b101366a1244bf5de74c6d9c0641811dc6f7fc551dad1c7f?s=96&d=mm&r=g","caption":"Andrea B\u00fcttner"},"url":"https:\/\/rauchfrei.at\/en\/author\/buettner\/"}]}},"_links":{"self":[{"href":"https:\/\/rauchfrei.at\/en\/wp-json\/wp\/v2\/posts\/4181","targetHints":{"allow":["GET"]}}],"collection":[{"href":"https:\/\/rauchfrei.at\/en\/wp-json\/wp\/v2\/posts"}],"about":[{"href":"https:\/\/rauchfrei.at\/en\/wp-json\/wp\/v2\/types\/post"}],"author":[{"embeddable":true,"href":"https:\/\/rauchfrei.at\/en\/wp-json\/wp\/v2\/users\/11"}],"replies":[{"embeddable":true,"href":"https:\/\/rauchfrei.at\/en\/wp-json\/wp\/v2\/comments?post=4181"}],"version-history":[{"count":5,"href":"https:\/\/rauchfrei.at\/en\/wp-json\/wp\/v2\/posts\/4181\/revisions"}],"predecessor-version":[{"id":5733,"href":"https:\/\/rauchfrei.at\/en\/wp-json\/wp\/v2\/posts\/4181\/revisions\/5733"}],"wp:attachment":[{"href":"https:\/\/rauchfrei.at\/en\/wp-json\/wp\/v2\/media?parent=4181"}],"wp:term":[{"taxonomy":"category","embeddable":true,"href":"https:\/\/rauchfrei.at\/en\/wp-json\/wp\/v2\/categories?post=4181"},{"taxonomy":"post_tag","embeddable":true,"href":"https:\/\/rauchfrei.at\/en\/wp-json\/wp\/v2\/tags?post=4181"}],"curies":[{"name":"wp","href":"https:\/\/api.w.org\/{rel}","templated":true}]}}