
{"id":4192,"date":"2013-03-08T10:49:02","date_gmt":"2013-03-08T08:49:02","guid":{"rendered":"http:\/\/rauchfrei.ipax.hosting\/?p=4192"},"modified":"2013-03-08T10:49:02","modified_gmt":"2013-03-08T08:49:02","slug":"presseaussendung-anlaesslich-des-internationalen-weltfrauentages","status":"publish","type":"post","link":"https:\/\/rauchfrei.at\/en\/presseaussendung-anlaesslich-des-internationalen-weltfrauentages\/","title":{"rendered":"Presseaussendung anl\u00e4sslich des internationalen Weltfrauentages"},"content":{"rendered":"<p align=\"left\">\u00a0<\/p>\n<p align=\"left\">Anl\u00e4sslich des heutigen Internationalen Weltfrauentages meldet sich die Nieder\u00f6sterreichisches Gebietskrankenkasse mit folgender Presseaussendung zu Wort:<\/p>\n<p>&nbsp;<br \/>\n\u00a0<\/p>\n<p>N\u00d6GKK: Rauchen schadet Frauen mehr als M\u00e4nnern<br \/>\n\u00a0<\/p>\n<p>\u00a0&#8220;Dein Tipp f\u00fcr Julia&#8221;: Neue Internet-Kampagne gibt jungen<\/p>\n<p>Raucherinnen praktische Hilfestellung, um von der Zigarette<\/p>\n<p>loszukommen =<\/p>\n<p>&nbsp;<\/p>\n<p>&nbsp;<\/p>\n<p>St. P\u00f6lten &#8211; Rauchen erh\u00f6ht das Risiko f\u00fcr schwere Erkrankungen &#8211; und bei Frauen ist dieses Risiko um ein Vielfaches gr\u00f6\u00dfer als bei M\u00e4nnern. 34 Prozent aller \u00d6sterreicherinnen und \u00d6sterreicher sind Raucher, 27 Prozent der Frauen greifen regelm\u00e4\u00dfig zur Zigarette. In der Altersgruppe der 15-J\u00e4hrigen rauchen mittlerweile mehr M\u00e4dchen als Burschen. Anl\u00e4sslich des Internationalen Frauentages am 8. M\u00e4rz weist die N\u00d6 Gebietskrankenkasse darauf hin, dass Frauen empfindlicher gegen\u00fcber den gesundheitssch\u00e4dlichen Auswirkungen des Nikotinkonsums sind als M\u00e4nner und deshalb st\u00e4rker unter den negativen Auswirkungen des Rauchens zu leiden haben. Die Internet-Kampagne &#8220;Dein Tipp f\u00fcr Julia&#8221; richtet sich vor allem an junge Frauen und soll ihnen wichtige Tipps zur Entw\u00f6hnung liefern.<\/p>\n<p>&nbsp;<\/p>\n<p>Frauen reagieren anders auf die Zigarette: &#8220;Die Lungenkrebssterblichkeit steigt bei Frauen seit Jahrzehnten an&#8221;, erkl\u00e4rt der Obmann der N\u00d6 Gebietskrankenkasse, KR Gerhard Hutter. Der Zigarettenkonsum erh\u00f6ht das Risiko f\u00fcr chronisch obstruktive Lungenerkrankungen wie chronische Bronchitis oder das Lungenemphysem und wirkt sich besonders schlecht auf das Herz-Kreislaufsystem aus. Rauchen ist oft Schuld an Typ-2-Diabetes und spielt eine wesentliche Rolle bei der Entstehung von Arteriosklerose, bei der Ablagerungen die Blutgef\u00e4\u00dfe verengen. Dies f\u00fchrt zu Durchblutungsst\u00f6rungen, in deren Folge es zu Herzinfarkt oder Schlaganfall kommen kann. &#8220;Nimmt eine Frau auch noch die Pille, erh\u00f6ht sich das Risiko zus\u00e4tzlich&#8221;, warnt Hutter.<\/p>\n<p>&nbsp;<\/p>\n<p>Die Sucht nach der Zigarette ist f\u00fcr 25 bis 30 Prozent aller Krebserkrankungen verantwortlich. Im Durchschnitt b\u00fc\u00dfen Raucherinnen und Raucher im Vergleich zu Nichtrauchern zehn Lebensjahre ein.<\/p>\n<p>&nbsp;<\/p>\n<p>Aber Rauchen beeintr\u00e4chtigt auch den Menstruationszyklus und die Fruchtbarkeit. Bei Raucherinnen treten Schwangerschaftskomplikationen h\u00e4ufiger auf als bei werdenden M\u00fcttern, die Nein zum Tabak sagen. &#8220;Ein Rauchstopp vermindert das Risiko einer Fr\u00fch- oder Fehlgeburt und verringert die Wahrscheinlichkeit eines pl\u00f6tzlichen Kindstods&#8221;, sagt Hutter. Greift eine junge Mutter zum Glimmst\u00e4ngel, ist zudem das Baby betroffen. Hutter: &#8220;Neben den bekannten sch\u00e4dlichen Auswirkungen des Passivrauchens ist vor allem darauf hinzuweisen, dass die Schadstoffe aus dem Tabakrauch mit der Muttermilch in den K\u00f6rper des S\u00e4uglings gelangen.&#8221;<\/p>\n<p>&nbsp;<\/p>\n<p>Der Zigarettenkonsum beg\u00fcnstigt die Entstehung der Knochenkrankheit Osteoporose. Studien zeigen, dass es Frauen schwerer f\u00e4llt, vom Nikotin wieder loszukommen und mit dem Rauchen aufzuh\u00f6ren als M\u00e4nnern. Auch beim Passivrauchen sind Frauen benachteiligt: &#8220;Untersuchungen demonstrieren, dass Frauen gegen\u00fcber dem Passivrauchen sensibler zu sein schienen als M\u00e4nner&#8221;, sagt der N\u00d6GKK-Obmann.<\/p>\n<p>&nbsp;<\/p>\n<p>Die neue Infokampagne &#8220;Dein Tipp f\u00fcr Julia&#8221; richtet sich verst\u00e4rkt an Frauen bis 34, die klassische Beratung und Information erfahrungsgem\u00e4\u00df weniger gut annehmen. Auf humorvolle Weise erfahren junge Raucherinnen unter www.juliarauchfrei.at alles \u00fcber Tabakpr\u00e4vention und Rauchentw\u00f6hnung. Interaktiv kommt man mit Julia ins Gespr\u00e4ch, die erst vor kurzem mit dem Rauchen aufgeh\u00f6rt hat und Lust auf eine Zigarette hat. Mittels Videos gibt man ihr Tipps, wie man sich am besten vom Rauchen abh\u00e4lt. Dabei erlebt man laufend, wie Julia diese Tipps in die Tat umsetzt. Die Informationen werden mit hohem Unterhaltungswert unterbreitet, gleichzeitig wird ein Bewusstsein f\u00fcr ein Leben ohne Rauchen geschaffen.<\/p>\n<p>&nbsp;<\/p>\n<p>N\u00e4here Infos:<\/p>\n<p>Rauchertelefon<\/p>\n<p>0810 810 013<\/p>\n<p>Montag bis Freitag von 10 bis 18 Uhr<\/p>\n<p>\u00f6sterreichweit max. 10 Cent\/Min<\/p>\n","protected":false},"excerpt":{"rendered":"<p>\u00a0 Anl\u00e4sslich des heutigen Internationalen Weltfrauentages meldet sich die Nieder\u00f6sterreichisches Gebietskrankenkasse mit folgender Presseaussendung zu Wort: &nbsp; \u00a0 N\u00d6GKK: Rauchen schadet Frauen mehr als M\u00e4nnern \u00a0 \u00a0&#8220;Dein Tipp f\u00fcr Julia&#8221;: Neue Internet-Kampagne gibt jungen Raucherinnen praktische Hilfestellung, um von der Zigarette loszukommen = &nbsp; &nbsp; St. P\u00f6lten &#8211; Rauchen erh\u00f6ht das Risiko f\u00fcr schwere Erkrankungen [&hellip;]<\/p>\n","protected":false},"author":11,"featured_media":0,"comment_status":"open","ping_status":"open","sticky":false,"template":"","format":"standard","meta":{"_et_pb_use_builder":"","_et_pb_old_content":"","_et_gb_content_width":"","footnotes":""},"categories":[236],"tags":[85,87,86,57],"class_list":["post-4192","post","type-post","status-publish","format-standard","hentry","category-nicht-kategorisiert","tag-frauen","tag-maedchen","tag-rauchen-schadet-frauen","tag-schwangerschaft"],"yoast_head":"<!-- This site is optimized with the Yoast SEO plugin v26.2 - https:\/\/yoast.com\/wordpress\/plugins\/seo\/ -->\n<title>Presseaussendung anl\u00e4sslich des internationalen Weltfrauentages - Rauchfrei Telefon<\/title>\n<meta name=\"robots\" content=\"index, follow, max-snippet:-1, max-image-preview:large, max-video-preview:-1\" \/>\n<link rel=\"canonical\" href=\"https:\/\/rauchfrei.at\/presseaussendung-anlaesslich-des-internationalen-weltfrauentages\/\" \/>\n<meta property=\"og:locale\" content=\"en_US\" \/>\n<meta property=\"og:type\" content=\"article\" \/>\n<meta property=\"og:title\" content=\"Presseaussendung anl\u00e4sslich des internationalen Weltfrauentages - Rauchfrei Telefon\" \/>\n<meta property=\"og:description\" content=\"\u00a0 Anl\u00e4sslich des heutigen Internationalen Weltfrauentages meldet sich die Nieder\u00f6sterreichisches Gebietskrankenkasse mit folgender Presseaussendung zu Wort: &nbsp; \u00a0 N\u00d6GKK: Rauchen schadet Frauen mehr als M\u00e4nnern \u00a0 \u00a0&#8220;Dein Tipp f\u00fcr Julia&#8221;: Neue Internet-Kampagne gibt jungen Raucherinnen praktische Hilfestellung, um von der Zigarette loszukommen = &nbsp; &nbsp; St. P\u00f6lten &#8211; Rauchen erh\u00f6ht das Risiko f\u00fcr schwere Erkrankungen [&hellip;]\" \/>\n<meta property=\"og:url\" content=\"https:\/\/rauchfrei.at\/presseaussendung-anlaesslich-des-internationalen-weltfrauentages\/\" \/>\n<meta property=\"og:site_name\" content=\"Rauchfrei Telefon\" \/>\n<meta property=\"article:published_time\" content=\"2013-03-08T08:49:02+00:00\" \/>\n<meta name=\"author\" content=\"Andrea B\u00fcttner\" \/>\n<meta name=\"twitter:card\" content=\"summary_large_image\" \/>\n<meta name=\"twitter:label1\" content=\"Written by\" \/>\n\t<meta name=\"twitter:data1\" content=\"Andrea B\u00fcttner\" \/>\n\t<meta name=\"twitter:label2\" content=\"Est. reading time\" \/>\n\t<meta name=\"twitter:data2\" content=\"3 minutes\" \/>\n<script type=\"application\/ld+json\" class=\"yoast-schema-graph\">{\"@context\":\"https:\/\/schema.org\",\"@graph\":[{\"@type\":\"WebPage\",\"@id\":\"https:\/\/rauchfrei.at\/presseaussendung-anlaesslich-des-internationalen-weltfrauentages\/\",\"url\":\"https:\/\/rauchfrei.at\/presseaussendung-anlaesslich-des-internationalen-weltfrauentages\/\",\"name\":\"Presseaussendung anl\u00e4sslich des internationalen Weltfrauentages - Rauchfrei Telefon\",\"isPartOf\":{\"@id\":\"https:\/\/rauchfrei.at\/#website\"},\"datePublished\":\"2013-03-08T08:49:02+00:00\",\"author\":{\"@id\":\"https:\/\/rauchfrei.at\/#\/schema\/person\/7993cb8bdf02ba65fd4ec8ec38b2dbbf\"},\"inLanguage\":\"en-US\",\"potentialAction\":[{\"@type\":\"ReadAction\",\"target\":[\"https:\/\/rauchfrei.at\/presseaussendung-anlaesslich-des-internationalen-weltfrauentages\/\"]}]},{\"@type\":\"WebSite\",\"@id\":\"https:\/\/rauchfrei.at\/#website\",\"url\":\"https:\/\/rauchfrei.at\/\",\"name\":\"Rauchfrei Telefon\",\"description\":\"Eine \u00f6sterreichweite Initiative der Sozialversicherungen.\",\"potentialAction\":[{\"@type\":\"SearchAction\",\"target\":{\"@type\":\"EntryPoint\",\"urlTemplate\":\"https:\/\/rauchfrei.at\/?s={search_term_string}\"},\"query-input\":{\"@type\":\"PropertyValueSpecification\",\"valueRequired\":true,\"valueName\":\"search_term_string\"}}],\"inLanguage\":\"en-US\"},{\"@type\":\"Person\",\"@id\":\"https:\/\/rauchfrei.at\/#\/schema\/person\/7993cb8bdf02ba65fd4ec8ec38b2dbbf\",\"name\":\"Andrea B\u00fcttner\",\"image\":{\"@type\":\"ImageObject\",\"inLanguage\":\"en-US\",\"@id\":\"https:\/\/rauchfrei.at\/#\/schema\/person\/image\/\",\"url\":\"https:\/\/secure.gravatar.com\/avatar\/0f26ab1de0c83f37b101366a1244bf5de74c6d9c0641811dc6f7fc551dad1c7f?s=96&d=mm&r=g\",\"contentUrl\":\"https:\/\/secure.gravatar.com\/avatar\/0f26ab1de0c83f37b101366a1244bf5de74c6d9c0641811dc6f7fc551dad1c7f?s=96&d=mm&r=g\",\"caption\":\"Andrea B\u00fcttner\"},\"url\":\"https:\/\/rauchfrei.at\/en\/author\/buettner\/\"}]}<\/script>\n<!-- \/ Yoast SEO plugin. -->","yoast_head_json":{"title":"Presseaussendung anl\u00e4sslich des internationalen Weltfrauentages - Rauchfrei Telefon","robots":{"index":"index","follow":"follow","max-snippet":"max-snippet:-1","max-image-preview":"max-image-preview:large","max-video-preview":"max-video-preview:-1"},"canonical":"https:\/\/rauchfrei.at\/presseaussendung-anlaesslich-des-internationalen-weltfrauentages\/","og_locale":"en_US","og_type":"article","og_title":"Presseaussendung anl\u00e4sslich des internationalen Weltfrauentages - Rauchfrei Telefon","og_description":"\u00a0 Anl\u00e4sslich des heutigen Internationalen Weltfrauentages meldet sich die Nieder\u00f6sterreichisches Gebietskrankenkasse mit folgender Presseaussendung zu Wort: &nbsp; \u00a0 N\u00d6GKK: Rauchen schadet Frauen mehr als M\u00e4nnern \u00a0 \u00a0&#8220;Dein Tipp f\u00fcr Julia&#8221;: Neue Internet-Kampagne gibt jungen Raucherinnen praktische Hilfestellung, um von der Zigarette loszukommen = &nbsp; &nbsp; St. P\u00f6lten &#8211; Rauchen erh\u00f6ht das Risiko f\u00fcr schwere Erkrankungen [&hellip;]","og_url":"https:\/\/rauchfrei.at\/presseaussendung-anlaesslich-des-internationalen-weltfrauentages\/","og_site_name":"Rauchfrei Telefon","article_published_time":"2013-03-08T08:49:02+00:00","author":"Andrea B\u00fcttner","twitter_card":"summary_large_image","twitter_misc":{"Written by":"Andrea B\u00fcttner","Est. reading time":"3 minutes"},"schema":{"@context":"https:\/\/schema.org","@graph":[{"@type":"WebPage","@id":"https:\/\/rauchfrei.at\/presseaussendung-anlaesslich-des-internationalen-weltfrauentages\/","url":"https:\/\/rauchfrei.at\/presseaussendung-anlaesslich-des-internationalen-weltfrauentages\/","name":"Presseaussendung anl\u00e4sslich des internationalen Weltfrauentages - Rauchfrei Telefon","isPartOf":{"@id":"https:\/\/rauchfrei.at\/#website"},"datePublished":"2013-03-08T08:49:02+00:00","author":{"@id":"https:\/\/rauchfrei.at\/#\/schema\/person\/7993cb8bdf02ba65fd4ec8ec38b2dbbf"},"inLanguage":"en-US","potentialAction":[{"@type":"ReadAction","target":["https:\/\/rauchfrei.at\/presseaussendung-anlaesslich-des-internationalen-weltfrauentages\/"]}]},{"@type":"WebSite","@id":"https:\/\/rauchfrei.at\/#website","url":"https:\/\/rauchfrei.at\/","name":"Rauchfrei Telefon","description":"Eine \u00f6sterreichweite Initiative der Sozialversicherungen.","potentialAction":[{"@type":"SearchAction","target":{"@type":"EntryPoint","urlTemplate":"https:\/\/rauchfrei.at\/?s={search_term_string}"},"query-input":{"@type":"PropertyValueSpecification","valueRequired":true,"valueName":"search_term_string"}}],"inLanguage":"en-US"},{"@type":"Person","@id":"https:\/\/rauchfrei.at\/#\/schema\/person\/7993cb8bdf02ba65fd4ec8ec38b2dbbf","name":"Andrea B\u00fcttner","image":{"@type":"ImageObject","inLanguage":"en-US","@id":"https:\/\/rauchfrei.at\/#\/schema\/person\/image\/","url":"https:\/\/secure.gravatar.com\/avatar\/0f26ab1de0c83f37b101366a1244bf5de74c6d9c0641811dc6f7fc551dad1c7f?s=96&d=mm&r=g","contentUrl":"https:\/\/secure.gravatar.com\/avatar\/0f26ab1de0c83f37b101366a1244bf5de74c6d9c0641811dc6f7fc551dad1c7f?s=96&d=mm&r=g","caption":"Andrea B\u00fcttner"},"url":"https:\/\/rauchfrei.at\/en\/author\/buettner\/"}]}},"_links":{"self":[{"href":"https:\/\/rauchfrei.at\/en\/wp-json\/wp\/v2\/posts\/4192","targetHints":{"allow":["GET"]}}],"collection":[{"href":"https:\/\/rauchfrei.at\/en\/wp-json\/wp\/v2\/posts"}],"about":[{"href":"https:\/\/rauchfrei.at\/en\/wp-json\/wp\/v2\/types\/post"}],"author":[{"embeddable":true,"href":"https:\/\/rauchfrei.at\/en\/wp-json\/wp\/v2\/users\/11"}],"replies":[{"embeddable":true,"href":"https:\/\/rauchfrei.at\/en\/wp-json\/wp\/v2\/comments?post=4192"}],"version-history":[{"count":4,"href":"https:\/\/rauchfrei.at\/en\/wp-json\/wp\/v2\/posts\/4192\/revisions"}],"predecessor-version":[{"id":4196,"href":"https:\/\/rauchfrei.at\/en\/wp-json\/wp\/v2\/posts\/4192\/revisions\/4196"}],"wp:attachment":[{"href":"https:\/\/rauchfrei.at\/en\/wp-json\/wp\/v2\/media?parent=4192"}],"wp:term":[{"taxonomy":"category","embeddable":true,"href":"https:\/\/rauchfrei.at\/en\/wp-json\/wp\/v2\/categories?post=4192"},{"taxonomy":"post_tag","embeddable":true,"href":"https:\/\/rauchfrei.at\/en\/wp-json\/wp\/v2\/tags?post=4192"}],"curies":[{"name":"wp","href":"https:\/\/api.w.org\/{rel}","templated":true}]}}