
{"id":4213,"date":"2013-03-20T12:43:29","date_gmt":"2013-03-20T10:43:29","guid":{"rendered":"http:\/\/rauchfrei.ipax.hosting\/?p=4213"},"modified":"2013-03-20T12:43:29","modified_gmt":"2013-03-20T10:43:29","slug":"atmen-statt-husten","status":"publish","type":"post","link":"https:\/\/rauchfrei.at\/en\/atmen-statt-husten\/","title":{"rendered":"Atmen statt Husten"},"content":{"rendered":"<p><strong><\/strong>\u00a0<\/p>\n<p>so hei\u00dft die neue Kampagne der \u00f6sterreichischen Gesellschaft f\u00fcr Pneumologie zur <strong>Fr\u00fcherkennung von COPD<\/strong>.<\/p>\n<p>&nbsp;<\/p>\n<p>Auf der Homepage zur Kampagne <a href=\"http:\/\/www.atmenstatthusten.at\/\">www.atmenstatthusten.at<\/a> finden Sie umfassende, aufkl\u00e4rende Informationen zu dieser leider weit verbreiteten <strong>Lungenerkrankung<\/strong>.<\/p>\n<p>&nbsp;<\/p>\n<p>Auch einen <strong>Selbsttest<\/strong> zur Einsch\u00e4tzung des eigenen Risikos steht zur Verf\u00fcgung.<\/p>\n<p>&nbsp;<\/p>\n<p>Weiter gibt es die M\u00f6glichkeit \u00fcber ein <strong>Kontaktformular<\/strong> individuell angepasste Informationen anzufordern. Auch auf einen \u00c4rztefinder wird verlinkt!<\/p>\n<p>&nbsp;<\/p>\n<p>Schauen Sie selbst: <a title=\"Atmen statt Husten\" href=\"http:\/\/www.atmenstatthusten.at\" target=\"_blank\">www.atmenstatthusten.at<\/a><\/p>\n<p>&nbsp;<\/p>\n<p>&nbsp;<\/p>\n<p>&nbsp;<\/p>\n","protected":false},"excerpt":{"rendered":"<p>\u00a0 so hei\u00dft die neue Kampagne der \u00f6sterreichischen Gesellschaft f\u00fcr Pneumologie zur Fr\u00fcherkennung von COPD. &nbsp; Auf der Homepage zur Kampagne www.atmenstatthusten.at finden Sie umfassende, aufkl\u00e4rende Informationen zu dieser leider weit verbreiteten Lungenerkrankung. &nbsp; Auch einen Selbsttest zur Einsch\u00e4tzung des eigenen Risikos steht zur Verf\u00fcgung. &nbsp; Weiter gibt es die M\u00f6glichkeit \u00fcber ein Kontaktformular individuell [&hellip;]<\/p>\n","protected":false},"author":11,"featured_media":0,"comment_status":"open","ping_status":"open","sticky":false,"template":"","format":"standard","meta":{"_et_pb_use_builder":"","_et_pb_old_content":"","_et_gb_content_width":"","footnotes":""},"categories":[236],"tags":[61,95,93,94,28],"class_list":["post-4213","post","type-post","status-publish","format-standard","hentry","category-nicht-kategorisiert","tag-copd","tag-frueherkennung","tag-lungenerkrankung","tag-selbsttest","tag-test"],"yoast_head":"<!-- This site is optimized with the Yoast SEO plugin v26.2 - https:\/\/yoast.com\/wordpress\/plugins\/seo\/ -->\n<title>Atmen statt Husten - Rauchfrei Telefon<\/title>\n<meta name=\"robots\" content=\"index, follow, max-snippet:-1, max-image-preview:large, max-video-preview:-1\" \/>\n<link rel=\"canonical\" href=\"https:\/\/rauchfrei.at\/atmen-statt-husten\/\" \/>\n<meta property=\"og:locale\" content=\"en_US\" \/>\n<meta property=\"og:type\" content=\"article\" \/>\n<meta property=\"og:title\" content=\"Atmen statt Husten - Rauchfrei Telefon\" \/>\n<meta property=\"og:description\" content=\"\u00a0 so hei\u00dft die neue Kampagne der \u00f6sterreichischen Gesellschaft f\u00fcr Pneumologie zur Fr\u00fcherkennung von COPD. &nbsp; Auf der Homepage zur Kampagne www.atmenstatthusten.at finden Sie umfassende, aufkl\u00e4rende Informationen zu dieser leider weit verbreiteten Lungenerkrankung. &nbsp; Auch einen Selbsttest zur Einsch\u00e4tzung des eigenen Risikos steht zur Verf\u00fcgung. &nbsp; Weiter gibt es die M\u00f6glichkeit \u00fcber ein Kontaktformular individuell [&hellip;]\" \/>\n<meta property=\"og:url\" content=\"https:\/\/rauchfrei.at\/atmen-statt-husten\/\" \/>\n<meta property=\"og:site_name\" content=\"Rauchfrei Telefon\" \/>\n<meta property=\"article:published_time\" content=\"2013-03-20T10:43:29+00:00\" \/>\n<meta name=\"author\" content=\"Andrea B\u00fcttner\" \/>\n<meta name=\"twitter:card\" content=\"summary_large_image\" \/>\n<meta name=\"twitter:label1\" content=\"Written by\" \/>\n\t<meta name=\"twitter:data1\" content=\"Andrea B\u00fcttner\" \/>\n<script type=\"application\/ld+json\" class=\"yoast-schema-graph\">{\"@context\":\"https:\/\/schema.org\",\"@graph\":[{\"@type\":\"WebPage\",\"@id\":\"https:\/\/rauchfrei.at\/atmen-statt-husten\/\",\"url\":\"https:\/\/rauchfrei.at\/atmen-statt-husten\/\",\"name\":\"Atmen statt Husten - Rauchfrei Telefon\",\"isPartOf\":{\"@id\":\"https:\/\/rauchfrei.at\/#website\"},\"datePublished\":\"2013-03-20T10:43:29+00:00\",\"author\":{\"@id\":\"https:\/\/rauchfrei.at\/#\/schema\/person\/7993cb8bdf02ba65fd4ec8ec38b2dbbf\"},\"inLanguage\":\"en-US\",\"potentialAction\":[{\"@type\":\"ReadAction\",\"target\":[\"https:\/\/rauchfrei.at\/atmen-statt-husten\/\"]}]},{\"@type\":\"WebSite\",\"@id\":\"https:\/\/rauchfrei.at\/#website\",\"url\":\"https:\/\/rauchfrei.at\/\",\"name\":\"Rauchfrei Telefon\",\"description\":\"Eine \u00f6sterreichweite Initiative der Sozialversicherungen.\",\"potentialAction\":[{\"@type\":\"SearchAction\",\"target\":{\"@type\":\"EntryPoint\",\"urlTemplate\":\"https:\/\/rauchfrei.at\/?s={search_term_string}\"},\"query-input\":{\"@type\":\"PropertyValueSpecification\",\"valueRequired\":true,\"valueName\":\"search_term_string\"}}],\"inLanguage\":\"en-US\"},{\"@type\":\"Person\",\"@id\":\"https:\/\/rauchfrei.at\/#\/schema\/person\/7993cb8bdf02ba65fd4ec8ec38b2dbbf\",\"name\":\"Andrea B\u00fcttner\",\"image\":{\"@type\":\"ImageObject\",\"inLanguage\":\"en-US\",\"@id\":\"https:\/\/rauchfrei.at\/#\/schema\/person\/image\/\",\"url\":\"https:\/\/secure.gravatar.com\/avatar\/0f26ab1de0c83f37b101366a1244bf5de74c6d9c0641811dc6f7fc551dad1c7f?s=96&d=mm&r=g\",\"contentUrl\":\"https:\/\/secure.gravatar.com\/avatar\/0f26ab1de0c83f37b101366a1244bf5de74c6d9c0641811dc6f7fc551dad1c7f?s=96&d=mm&r=g\",\"caption\":\"Andrea B\u00fcttner\"},\"url\":\"https:\/\/rauchfrei.at\/en\/author\/buettner\/\"}]}<\/script>\n<!-- \/ Yoast SEO plugin. -->","yoast_head_json":{"title":"Atmen statt Husten - Rauchfrei Telefon","robots":{"index":"index","follow":"follow","max-snippet":"max-snippet:-1","max-image-preview":"max-image-preview:large","max-video-preview":"max-video-preview:-1"},"canonical":"https:\/\/rauchfrei.at\/atmen-statt-husten\/","og_locale":"en_US","og_type":"article","og_title":"Atmen statt Husten - Rauchfrei Telefon","og_description":"\u00a0 so hei\u00dft die neue Kampagne der \u00f6sterreichischen Gesellschaft f\u00fcr Pneumologie zur Fr\u00fcherkennung von COPD. &nbsp; Auf der Homepage zur Kampagne www.atmenstatthusten.at finden Sie umfassende, aufkl\u00e4rende Informationen zu dieser leider weit verbreiteten Lungenerkrankung. &nbsp; Auch einen Selbsttest zur Einsch\u00e4tzung des eigenen Risikos steht zur Verf\u00fcgung. &nbsp; Weiter gibt es die M\u00f6glichkeit \u00fcber ein Kontaktformular individuell [&hellip;]","og_url":"https:\/\/rauchfrei.at\/atmen-statt-husten\/","og_site_name":"Rauchfrei Telefon","article_published_time":"2013-03-20T10:43:29+00:00","author":"Andrea B\u00fcttner","twitter_card":"summary_large_image","twitter_misc":{"Written by":"Andrea B\u00fcttner"},"schema":{"@context":"https:\/\/schema.org","@graph":[{"@type":"WebPage","@id":"https:\/\/rauchfrei.at\/atmen-statt-husten\/","url":"https:\/\/rauchfrei.at\/atmen-statt-husten\/","name":"Atmen statt Husten - Rauchfrei Telefon","isPartOf":{"@id":"https:\/\/rauchfrei.at\/#website"},"datePublished":"2013-03-20T10:43:29+00:00","author":{"@id":"https:\/\/rauchfrei.at\/#\/schema\/person\/7993cb8bdf02ba65fd4ec8ec38b2dbbf"},"inLanguage":"en-US","potentialAction":[{"@type":"ReadAction","target":["https:\/\/rauchfrei.at\/atmen-statt-husten\/"]}]},{"@type":"WebSite","@id":"https:\/\/rauchfrei.at\/#website","url":"https:\/\/rauchfrei.at\/","name":"Rauchfrei Telefon","description":"Eine \u00f6sterreichweite Initiative der Sozialversicherungen.","potentialAction":[{"@type":"SearchAction","target":{"@type":"EntryPoint","urlTemplate":"https:\/\/rauchfrei.at\/?s={search_term_string}"},"query-input":{"@type":"PropertyValueSpecification","valueRequired":true,"valueName":"search_term_string"}}],"inLanguage":"en-US"},{"@type":"Person","@id":"https:\/\/rauchfrei.at\/#\/schema\/person\/7993cb8bdf02ba65fd4ec8ec38b2dbbf","name":"Andrea B\u00fcttner","image":{"@type":"ImageObject","inLanguage":"en-US","@id":"https:\/\/rauchfrei.at\/#\/schema\/person\/image\/","url":"https:\/\/secure.gravatar.com\/avatar\/0f26ab1de0c83f37b101366a1244bf5de74c6d9c0641811dc6f7fc551dad1c7f?s=96&d=mm&r=g","contentUrl":"https:\/\/secure.gravatar.com\/avatar\/0f26ab1de0c83f37b101366a1244bf5de74c6d9c0641811dc6f7fc551dad1c7f?s=96&d=mm&r=g","caption":"Andrea B\u00fcttner"},"url":"https:\/\/rauchfrei.at\/en\/author\/buettner\/"}]}},"_links":{"self":[{"href":"https:\/\/rauchfrei.at\/en\/wp-json\/wp\/v2\/posts\/4213","targetHints":{"allow":["GET"]}}],"collection":[{"href":"https:\/\/rauchfrei.at\/en\/wp-json\/wp\/v2\/posts"}],"about":[{"href":"https:\/\/rauchfrei.at\/en\/wp-json\/wp\/v2\/types\/post"}],"author":[{"embeddable":true,"href":"https:\/\/rauchfrei.at\/en\/wp-json\/wp\/v2\/users\/11"}],"replies":[{"embeddable":true,"href":"https:\/\/rauchfrei.at\/en\/wp-json\/wp\/v2\/comments?post=4213"}],"version-history":[{"count":4,"href":"https:\/\/rauchfrei.at\/en\/wp-json\/wp\/v2\/posts\/4213\/revisions"}],"predecessor-version":[{"id":4217,"href":"https:\/\/rauchfrei.at\/en\/wp-json\/wp\/v2\/posts\/4213\/revisions\/4217"}],"wp:attachment":[{"href":"https:\/\/rauchfrei.at\/en\/wp-json\/wp\/v2\/media?parent=4213"}],"wp:term":[{"taxonomy":"category","embeddable":true,"href":"https:\/\/rauchfrei.at\/en\/wp-json\/wp\/v2\/categories?post=4213"},{"taxonomy":"post_tag","embeddable":true,"href":"https:\/\/rauchfrei.at\/en\/wp-json\/wp\/v2\/tags?post=4213"}],"curies":[{"name":"wp","href":"https:\/\/api.w.org\/{rel}","templated":true}]}}