
{"id":4248,"date":"2013-04-03T11:39:52","date_gmt":"2013-04-03T09:39:52","guid":{"rendered":"http:\/\/rauchfrei.ipax.hosting\/?p=4248"},"modified":"2017-05-02T13:26:52","modified_gmt":"2017-05-02T11:26:52","slug":"wirkt-sich-das-tabakgesetz-zum-nichtraucherschutz-auf-die-fruehgeburtenrate-aus","status":"publish","type":"post","link":"https:\/\/rauchfrei.at\/en\/wirkt-sich-das-tabakgesetz-zum-nichtraucherschutz-auf-die-fruehgeburtenrate-aus\/","title":{"rendered":"Wirkt sich das Tabakgesetz zum NichtraucherInnenschutz auf die Fr\u00fchgeburtenrate aus?"},"content":{"rendered":"<p>&nbsp;<\/p>\n<p>Die Ergebnisse einer \u00a0<b>belgischen Studie<\/b> die im Februar dieses Jahres in der britischen \u00c4rztezeitung BMJ ver\u00f6ffentlicht wurde, zeigen:<\/p>\n<p>&nbsp;<\/p>\n<p>Ja, das tut es!<\/p>\n<p>&nbsp;<\/p>\n<p>In Belgien kam es in den letzten Jahren zu einer sukzessiven <b>Versch\u00e4rfung<\/b> des Tabakgesetzes und des <b>NichtraucherInnenschutz<\/b>es, so wurde 2006 das Rauchen am Arbeitsplatz verboten. Ein Jahr darauf folgte der Rauchstopp in Restaurants und seit Anfang 2010 herrscht auch in Bars striktes Rauchverbot.<\/p>\n<p>&nbsp;<\/p>\n<p>Schon lange bekannt sind die <b>negativen Auswirkungen<\/b> des aktiven Rauchens von schwangeren Frauen auf das ungeborene Baby. Die Schadstoffe die durchs Rauchen aufgenommen werden f\u00fchren zu Verz\u00f6gerungen im Wachstum, weiter kommt es zu einer verk\u00fcrzten Schwangerschaft.<\/p>\n<p>&nbsp;<\/p>\n<p>Auch konnten fr\u00fchere Studien schon den negativen Einfluss von Passivrauch auf das Geburtsgewicht\u00a0 zeigen.<\/p>\n<p>&nbsp;<\/p>\n<p>Die belgischen Forscher und Forscherinnen\u00a0konnten nun in Ihrer Untersuchung von schwangeren Frauen den Zusammenhang zwischen der Einf\u00fchrung der verschiedenen Rauchverbote (am Arbeitsplatz, in Restaurants und Bars) und einer <b>Reduktion der Fr\u00fchgeburtenzahl<\/b> aufzeigen.<\/p>\n<p>&nbsp;<\/p>\n<p>In den Jahren vor Einf\u00fchrung dieser Gesetze konnte kein Trend in diese Richtung festgestellt werden.<\/p>\n<p>&nbsp;<\/p>\n<p>Mit diesen Ergebnissen werden ein weiteres Mal die <b>Gewinne<\/b> durch den NichtraucherInnenschutz aufgezeigt. Besonders sch\u00f6n, schon die J\u00fcngsten unter uns profitieren!<\/p>\n<p>&nbsp;<\/p>\n<p>&nbsp;<\/p>\n<p>Quelle: <a title=\"Belgische Studie die den Zusammenhang des gesetzlich verankerten Nichtraucherinnenschutzes und der Fr\u00fchgeburtenrate aufzeigt\" href=\"https:\/\/www.ncbi.nlm.nih.gov\/pubmed\/24386708\" target=\"_blank\">Cox B., etal., (2013) Impact of a stepwise introduction of smoke-free legislation on the rate of preterm births: analysis of routinely collected birth data. BMJ 2013 346-441<\/a><\/p>\n<p>&nbsp;<\/p>\n<p>&nbsp;<\/p>\n","protected":false},"excerpt":{"rendered":"<p>&nbsp; Die Ergebnisse einer \u00a0belgischen Studie die im Februar dieses Jahres in der britischen \u00c4rztezeitung BMJ ver\u00f6ffentlicht wurde, zeigen: &nbsp; Ja, das tut es! &nbsp; In Belgien kam es in den letzten Jahren zu einer sukzessiven Versch\u00e4rfung des Tabakgesetzes und des NichtraucherInnenschutzes, so wurde 2006 das Rauchen am Arbeitsplatz verboten. Ein Jahr darauf folgte der [&hellip;]<\/p>\n","protected":false},"author":11,"featured_media":0,"comment_status":"open","ping_status":"open","sticky":false,"template":"","format":"standard","meta":{"_et_pb_use_builder":"","_et_pb_old_content":"","_et_gb_content_width":"","footnotes":""},"categories":[236],"tags":[52,57],"class_list":["post-4248","post","type-post","status-publish","format-standard","hentry","category-nicht-kategorisiert","tag-nichtraucherschutz","tag-schwangerschaft"],"yoast_head":"<!-- This site is optimized with the Yoast SEO plugin v26.2 - https:\/\/yoast.com\/wordpress\/plugins\/seo\/ -->\n<title>Wirkt sich das Tabakgesetz zum NichtraucherInnenschutz auf die Fr\u00fchgeburtenrate aus? - Rauchfrei Telefon<\/title>\n<meta name=\"robots\" content=\"index, follow, max-snippet:-1, max-image-preview:large, max-video-preview:-1\" \/>\n<link rel=\"canonical\" href=\"https:\/\/rauchfrei.at\/wirkt-sich-das-tabakgesetz-zum-nichtraucherschutz-auf-die-fruehgeburtenrate-aus\/\" \/>\n<meta property=\"og:locale\" content=\"en_US\" \/>\n<meta property=\"og:type\" content=\"article\" \/>\n<meta property=\"og:title\" content=\"Wirkt sich das Tabakgesetz zum NichtraucherInnenschutz auf die Fr\u00fchgeburtenrate aus? - Rauchfrei Telefon\" \/>\n<meta property=\"og:description\" content=\"&nbsp; Die Ergebnisse einer \u00a0belgischen Studie die im Februar dieses Jahres in der britischen \u00c4rztezeitung BMJ ver\u00f6ffentlicht wurde, zeigen: &nbsp; Ja, das tut es! &nbsp; In Belgien kam es in den letzten Jahren zu einer sukzessiven Versch\u00e4rfung des Tabakgesetzes und des NichtraucherInnenschutzes, so wurde 2006 das Rauchen am Arbeitsplatz verboten. Ein Jahr darauf folgte der [&hellip;]\" \/>\n<meta property=\"og:url\" content=\"https:\/\/rauchfrei.at\/wirkt-sich-das-tabakgesetz-zum-nichtraucherschutz-auf-die-fruehgeburtenrate-aus\/\" \/>\n<meta property=\"og:site_name\" content=\"Rauchfrei Telefon\" \/>\n<meta property=\"article:published_time\" content=\"2013-04-03T09:39:52+00:00\" \/>\n<meta property=\"article:modified_time\" content=\"2017-05-02T11:26:52+00:00\" \/>\n<meta name=\"author\" content=\"Andrea B\u00fcttner\" \/>\n<meta name=\"twitter:card\" content=\"summary_large_image\" \/>\n<meta name=\"twitter:label1\" content=\"Written by\" \/>\n\t<meta name=\"twitter:data1\" content=\"Andrea B\u00fcttner\" \/>\n\t<meta name=\"twitter:label2\" content=\"Est. reading time\" \/>\n\t<meta name=\"twitter:data2\" content=\"1 minute\" \/>\n<script type=\"application\/ld+json\" class=\"yoast-schema-graph\">{\"@context\":\"https:\/\/schema.org\",\"@graph\":[{\"@type\":\"WebPage\",\"@id\":\"https:\/\/rauchfrei.at\/wirkt-sich-das-tabakgesetz-zum-nichtraucherschutz-auf-die-fruehgeburtenrate-aus\/\",\"url\":\"https:\/\/rauchfrei.at\/wirkt-sich-das-tabakgesetz-zum-nichtraucherschutz-auf-die-fruehgeburtenrate-aus\/\",\"name\":\"Wirkt sich das Tabakgesetz zum NichtraucherInnenschutz auf die Fr\u00fchgeburtenrate aus? - Rauchfrei Telefon\",\"isPartOf\":{\"@id\":\"https:\/\/rauchfrei.at\/#website\"},\"datePublished\":\"2013-04-03T09:39:52+00:00\",\"dateModified\":\"2017-05-02T11:26:52+00:00\",\"author\":{\"@id\":\"https:\/\/rauchfrei.at\/#\/schema\/person\/7993cb8bdf02ba65fd4ec8ec38b2dbbf\"},\"inLanguage\":\"en-US\",\"potentialAction\":[{\"@type\":\"ReadAction\",\"target\":[\"https:\/\/rauchfrei.at\/wirkt-sich-das-tabakgesetz-zum-nichtraucherschutz-auf-die-fruehgeburtenrate-aus\/\"]}]},{\"@type\":\"WebSite\",\"@id\":\"https:\/\/rauchfrei.at\/#website\",\"url\":\"https:\/\/rauchfrei.at\/\",\"name\":\"Rauchfrei Telefon\",\"description\":\"Eine \u00f6sterreichweite Initiative der Sozialversicherungen.\",\"potentialAction\":[{\"@type\":\"SearchAction\",\"target\":{\"@type\":\"EntryPoint\",\"urlTemplate\":\"https:\/\/rauchfrei.at\/?s={search_term_string}\"},\"query-input\":{\"@type\":\"PropertyValueSpecification\",\"valueRequired\":true,\"valueName\":\"search_term_string\"}}],\"inLanguage\":\"en-US\"},{\"@type\":\"Person\",\"@id\":\"https:\/\/rauchfrei.at\/#\/schema\/person\/7993cb8bdf02ba65fd4ec8ec38b2dbbf\",\"name\":\"Andrea B\u00fcttner\",\"image\":{\"@type\":\"ImageObject\",\"inLanguage\":\"en-US\",\"@id\":\"https:\/\/rauchfrei.at\/#\/schema\/person\/image\/\",\"url\":\"https:\/\/secure.gravatar.com\/avatar\/0f26ab1de0c83f37b101366a1244bf5de74c6d9c0641811dc6f7fc551dad1c7f?s=96&d=mm&r=g\",\"contentUrl\":\"https:\/\/secure.gravatar.com\/avatar\/0f26ab1de0c83f37b101366a1244bf5de74c6d9c0641811dc6f7fc551dad1c7f?s=96&d=mm&r=g\",\"caption\":\"Andrea B\u00fcttner\"},\"url\":\"https:\/\/rauchfrei.at\/en\/author\/buettner\/\"}]}<\/script>\n<!-- \/ Yoast SEO plugin. -->","yoast_head_json":{"title":"Wirkt sich das Tabakgesetz zum NichtraucherInnenschutz auf die Fr\u00fchgeburtenrate aus? - Rauchfrei Telefon","robots":{"index":"index","follow":"follow","max-snippet":"max-snippet:-1","max-image-preview":"max-image-preview:large","max-video-preview":"max-video-preview:-1"},"canonical":"https:\/\/rauchfrei.at\/wirkt-sich-das-tabakgesetz-zum-nichtraucherschutz-auf-die-fruehgeburtenrate-aus\/","og_locale":"en_US","og_type":"article","og_title":"Wirkt sich das Tabakgesetz zum NichtraucherInnenschutz auf die Fr\u00fchgeburtenrate aus? - Rauchfrei Telefon","og_description":"&nbsp; Die Ergebnisse einer \u00a0belgischen Studie die im Februar dieses Jahres in der britischen \u00c4rztezeitung BMJ ver\u00f6ffentlicht wurde, zeigen: &nbsp; Ja, das tut es! &nbsp; In Belgien kam es in den letzten Jahren zu einer sukzessiven Versch\u00e4rfung des Tabakgesetzes und des NichtraucherInnenschutzes, so wurde 2006 das Rauchen am Arbeitsplatz verboten. Ein Jahr darauf folgte der [&hellip;]","og_url":"https:\/\/rauchfrei.at\/wirkt-sich-das-tabakgesetz-zum-nichtraucherschutz-auf-die-fruehgeburtenrate-aus\/","og_site_name":"Rauchfrei Telefon","article_published_time":"2013-04-03T09:39:52+00:00","article_modified_time":"2017-05-02T11:26:52+00:00","author":"Andrea B\u00fcttner","twitter_card":"summary_large_image","twitter_misc":{"Written by":"Andrea B\u00fcttner","Est. reading time":"1 minute"},"schema":{"@context":"https:\/\/schema.org","@graph":[{"@type":"WebPage","@id":"https:\/\/rauchfrei.at\/wirkt-sich-das-tabakgesetz-zum-nichtraucherschutz-auf-die-fruehgeburtenrate-aus\/","url":"https:\/\/rauchfrei.at\/wirkt-sich-das-tabakgesetz-zum-nichtraucherschutz-auf-die-fruehgeburtenrate-aus\/","name":"Wirkt sich das Tabakgesetz zum NichtraucherInnenschutz auf die Fr\u00fchgeburtenrate aus? - Rauchfrei Telefon","isPartOf":{"@id":"https:\/\/rauchfrei.at\/#website"},"datePublished":"2013-04-03T09:39:52+00:00","dateModified":"2017-05-02T11:26:52+00:00","author":{"@id":"https:\/\/rauchfrei.at\/#\/schema\/person\/7993cb8bdf02ba65fd4ec8ec38b2dbbf"},"inLanguage":"en-US","potentialAction":[{"@type":"ReadAction","target":["https:\/\/rauchfrei.at\/wirkt-sich-das-tabakgesetz-zum-nichtraucherschutz-auf-die-fruehgeburtenrate-aus\/"]}]},{"@type":"WebSite","@id":"https:\/\/rauchfrei.at\/#website","url":"https:\/\/rauchfrei.at\/","name":"Rauchfrei Telefon","description":"Eine \u00f6sterreichweite Initiative der Sozialversicherungen.","potentialAction":[{"@type":"SearchAction","target":{"@type":"EntryPoint","urlTemplate":"https:\/\/rauchfrei.at\/?s={search_term_string}"},"query-input":{"@type":"PropertyValueSpecification","valueRequired":true,"valueName":"search_term_string"}}],"inLanguage":"en-US"},{"@type":"Person","@id":"https:\/\/rauchfrei.at\/#\/schema\/person\/7993cb8bdf02ba65fd4ec8ec38b2dbbf","name":"Andrea B\u00fcttner","image":{"@type":"ImageObject","inLanguage":"en-US","@id":"https:\/\/rauchfrei.at\/#\/schema\/person\/image\/","url":"https:\/\/secure.gravatar.com\/avatar\/0f26ab1de0c83f37b101366a1244bf5de74c6d9c0641811dc6f7fc551dad1c7f?s=96&d=mm&r=g","contentUrl":"https:\/\/secure.gravatar.com\/avatar\/0f26ab1de0c83f37b101366a1244bf5de74c6d9c0641811dc6f7fc551dad1c7f?s=96&d=mm&r=g","caption":"Andrea B\u00fcttner"},"url":"https:\/\/rauchfrei.at\/en\/author\/buettner\/"}]}},"_links":{"self":[{"href":"https:\/\/rauchfrei.at\/en\/wp-json\/wp\/v2\/posts\/4248","targetHints":{"allow":["GET"]}}],"collection":[{"href":"https:\/\/rauchfrei.at\/en\/wp-json\/wp\/v2\/posts"}],"about":[{"href":"https:\/\/rauchfrei.at\/en\/wp-json\/wp\/v2\/types\/post"}],"author":[{"embeddable":true,"href":"https:\/\/rauchfrei.at\/en\/wp-json\/wp\/v2\/users\/11"}],"replies":[{"embeddable":true,"href":"https:\/\/rauchfrei.at\/en\/wp-json\/wp\/v2\/comments?post=4248"}],"version-history":[{"count":5,"href":"https:\/\/rauchfrei.at\/en\/wp-json\/wp\/v2\/posts\/4248\/revisions"}],"predecessor-version":[{"id":9275,"href":"https:\/\/rauchfrei.at\/en\/wp-json\/wp\/v2\/posts\/4248\/revisions\/9275"}],"wp:attachment":[{"href":"https:\/\/rauchfrei.at\/en\/wp-json\/wp\/v2\/media?parent=4248"}],"wp:term":[{"taxonomy":"category","embeddable":true,"href":"https:\/\/rauchfrei.at\/en\/wp-json\/wp\/v2\/categories?post=4248"},{"taxonomy":"post_tag","embeddable":true,"href":"https:\/\/rauchfrei.at\/en\/wp-json\/wp\/v2\/tags?post=4248"}],"curies":[{"name":"wp","href":"https:\/\/api.w.org\/{rel}","templated":true}]}}