
{"id":4263,"date":"2013-04-08T17:57:52","date_gmt":"2013-04-08T15:57:52","guid":{"rendered":"http:\/\/rauchfrei.ipax.hosting\/?p=4263"},"modified":"2020-03-31T23:20:52","modified_gmt":"2020-03-31T21:20:52","slug":"weltgesundheitstag-2013","status":"publish","type":"post","link":"https:\/\/rauchfrei.at\/en\/weltgesundheitstag-2013\/","title":{"rendered":"Weltgesundheitstag 2013"},"content":{"rendered":"<p>&nbsp;<\/p>\n<p>Jedes Jahr am 7.April erinnert die WHO (Weltgesundheitsorganisation) an ihre Gr\u00fcndung im Jahr 1948 und zu diesem Anlass findet j\u00e4hrlich der <strong>WELTGESUNDHEITSTAG<\/strong> statt. Jedes Jahr widmet sich dieser Tag einem neuen Gesundheitsthema, welches mehr Pr\u00e4senz im Bewusstsein der Welt\u00f6ffentlichkeit finden sollte, der heurige Weltgesundheitstag dem Thema Bluthochdruck.<\/p>\n<p>&nbsp;<\/p>\n<p><strong>Bluthochdruck<\/strong> ist eine ernstzunehmende Erkrankung und kann gravierende Folgen haben. Da steckt schon einiges hinter dem Motto des heurigen Weltgesundheitstages \u201eKontrolliere deinen Blutdruck und reduziere dein Risiko f\u00fcr Herzinfarkte und Schlaganf\u00e4lle\u201c.<\/p>\n<p>&nbsp;<\/p>\n<p><strong>Tabakkonsum<\/strong> ist f\u00fcr 16% aller Todesursachen im westlichen Europa verantwortlich, Tabak ist klarer <strong>Risikofaktor<\/strong> f\u00fcr kardiovaskul\u00e4re Erkrankungen, welche wiederum mit unbehandeltem Bluthochdruck in Verbindung stehen. Dies ist nur ein Grund warum die WHO sich um die Reduktion des Tabakkonsums in der Bev\u00f6lkerung bem\u00fcht. Schon wenige Minuten nach dem Rauchstopp sinken Blutdruckwerte ab,\u00a0welche Vorteile der\u00a0Rauchstopp\u00a0im\u00a0K\u00f6rper noch\u00a0<a title=\"K\u00f6rperliche Verbesserungen nach dem Rauchstopp\" href=\"https:\/\/rauchfrei.at\/aufhoeren\/koerperliche-verbesserungen\/\" target=\"_blank\" rel=\"noopener noreferrer\">bringt:<\/a><\/p>\n<p>&nbsp;<\/p>\n<p>Der <strong>Rauchstopp<\/strong> zahlt sich immer aus, nicht nur am Weltgesundheitstag!<\/p>\n<p>&nbsp;<\/p>\n<p>&nbsp;<\/p>\n<p>Quelle:<\/p>\n<p>WHO Regional Office for Europe: High blood pressure &#8211; country experiences and effective interventions utilized across the European Region<\/p>\n<p>&nbsp;<\/p>\n<p>&nbsp;<\/p>\n","protected":false},"excerpt":{"rendered":"<p>&nbsp; Jedes Jahr am 7.April erinnert die WHO (Weltgesundheitsorganisation) an ihre Gr\u00fcndung im Jahr 1948 und zu diesem Anlass findet j\u00e4hrlich der WELTGESUNDHEITSTAG statt. Jedes Jahr widmet sich dieser Tag einem neuen Gesundheitsthema, welches mehr Pr\u00e4senz im Bewusstsein der Welt\u00f6ffentlichkeit finden sollte, der heurige Weltgesundheitstag dem Thema Bluthochdruck. &nbsp; Bluthochdruck ist eine ernstzunehmende Erkrankung und [&hellip;]<\/p>\n","protected":false},"author":25,"featured_media":0,"comment_status":"open","ping_status":"open","sticky":false,"template":"","format":"standard","meta":{"_et_pb_use_builder":"","_et_pb_old_content":"","_et_gb_content_width":"","footnotes":""},"categories":[236],"tags":[98,84,99],"class_list":["post-4263","post","type-post","status-publish","format-standard","hentry","category-nicht-kategorisiert","tag-bluthochdruck","tag-rauchstopp","tag-who"],"yoast_head":"<!-- This site is optimized with the Yoast SEO plugin v26.2 - https:\/\/yoast.com\/wordpress\/plugins\/seo\/ -->\n<title>Weltgesundheitstag 2013 - Rauchfrei Telefon<\/title>\n<meta name=\"robots\" content=\"index, follow, max-snippet:-1, max-image-preview:large, max-video-preview:-1\" \/>\n<link rel=\"canonical\" href=\"https:\/\/rauchfrei.at\/weltgesundheitstag-2013\/\" \/>\n<meta property=\"og:locale\" content=\"en_US\" \/>\n<meta property=\"og:type\" content=\"article\" \/>\n<meta property=\"og:title\" content=\"Weltgesundheitstag 2013 - Rauchfrei Telefon\" \/>\n<meta property=\"og:description\" content=\"&nbsp; Jedes Jahr am 7.April erinnert die WHO (Weltgesundheitsorganisation) an ihre Gr\u00fcndung im Jahr 1948 und zu diesem Anlass findet j\u00e4hrlich der WELTGESUNDHEITSTAG statt. Jedes Jahr widmet sich dieser Tag einem neuen Gesundheitsthema, welches mehr Pr\u00e4senz im Bewusstsein der Welt\u00f6ffentlichkeit finden sollte, der heurige Weltgesundheitstag dem Thema Bluthochdruck. &nbsp; Bluthochdruck ist eine ernstzunehmende Erkrankung und [&hellip;]\" \/>\n<meta property=\"og:url\" content=\"https:\/\/rauchfrei.at\/weltgesundheitstag-2013\/\" \/>\n<meta property=\"og:site_name\" content=\"Rauchfrei Telefon\" \/>\n<meta property=\"article:published_time\" content=\"2013-04-08T15:57:52+00:00\" \/>\n<meta property=\"article:modified_time\" content=\"2020-03-31T21:20:52+00:00\" \/>\n<meta name=\"author\" content=\"Rauchfrei Team\" \/>\n<meta name=\"twitter:card\" content=\"summary_large_image\" \/>\n<meta name=\"twitter:label1\" content=\"Written by\" \/>\n\t<meta name=\"twitter:data1\" content=\"Rauchfrei Team\" \/>\n\t<meta name=\"twitter:label2\" content=\"Est. reading time\" \/>\n\t<meta name=\"twitter:data2\" content=\"1 minute\" \/>\n<script type=\"application\/ld+json\" class=\"yoast-schema-graph\">{\"@context\":\"https:\/\/schema.org\",\"@graph\":[{\"@type\":\"WebPage\",\"@id\":\"https:\/\/rauchfrei.at\/weltgesundheitstag-2013\/\",\"url\":\"https:\/\/rauchfrei.at\/weltgesundheitstag-2013\/\",\"name\":\"Weltgesundheitstag 2013 - Rauchfrei Telefon\",\"isPartOf\":{\"@id\":\"https:\/\/rauchfrei.at\/#website\"},\"datePublished\":\"2013-04-08T15:57:52+00:00\",\"dateModified\":\"2020-03-31T21:20:52+00:00\",\"author\":{\"@id\":\"https:\/\/rauchfrei.at\/#\/schema\/person\/504bbf90c5482004fc09aef6de7f9277\"},\"inLanguage\":\"en-US\",\"potentialAction\":[{\"@type\":\"ReadAction\",\"target\":[\"https:\/\/rauchfrei.at\/weltgesundheitstag-2013\/\"]}]},{\"@type\":\"WebSite\",\"@id\":\"https:\/\/rauchfrei.at\/#website\",\"url\":\"https:\/\/rauchfrei.at\/\",\"name\":\"Rauchfrei Telefon\",\"description\":\"Eine \u00f6sterreichweite Initiative der Sozialversicherungen.\",\"potentialAction\":[{\"@type\":\"SearchAction\",\"target\":{\"@type\":\"EntryPoint\",\"urlTemplate\":\"https:\/\/rauchfrei.at\/?s={search_term_string}\"},\"query-input\":{\"@type\":\"PropertyValueSpecification\",\"valueRequired\":true,\"valueName\":\"search_term_string\"}}],\"inLanguage\":\"en-US\"},{\"@type\":\"Person\",\"@id\":\"https:\/\/rauchfrei.at\/#\/schema\/person\/504bbf90c5482004fc09aef6de7f9277\",\"name\":\"Rauchfrei Team\",\"image\":{\"@type\":\"ImageObject\",\"inLanguage\":\"en-US\",\"@id\":\"https:\/\/rauchfrei.at\/#\/schema\/person\/image\/\",\"url\":\"https:\/\/secure.gravatar.com\/avatar\/2115b79a00800516fa1523bb5a329611f90e73e89be559131fc7e82b4fdc95ff?s=96&d=mm&r=g\",\"contentUrl\":\"https:\/\/secure.gravatar.com\/avatar\/2115b79a00800516fa1523bb5a329611f90e73e89be559131fc7e82b4fdc95ff?s=96&d=mm&r=g\",\"caption\":\"Rauchfrei Team\"},\"url\":\"https:\/\/rauchfrei.at\/en\/author\/rauchfrei-team\/\"}]}<\/script>\n<!-- \/ Yoast SEO plugin. -->","yoast_head_json":{"title":"Weltgesundheitstag 2013 - Rauchfrei Telefon","robots":{"index":"index","follow":"follow","max-snippet":"max-snippet:-1","max-image-preview":"max-image-preview:large","max-video-preview":"max-video-preview:-1"},"canonical":"https:\/\/rauchfrei.at\/weltgesundheitstag-2013\/","og_locale":"en_US","og_type":"article","og_title":"Weltgesundheitstag 2013 - Rauchfrei Telefon","og_description":"&nbsp; Jedes Jahr am 7.April erinnert die WHO (Weltgesundheitsorganisation) an ihre Gr\u00fcndung im Jahr 1948 und zu diesem Anlass findet j\u00e4hrlich der WELTGESUNDHEITSTAG statt. Jedes Jahr widmet sich dieser Tag einem neuen Gesundheitsthema, welches mehr Pr\u00e4senz im Bewusstsein der Welt\u00f6ffentlichkeit finden sollte, der heurige Weltgesundheitstag dem Thema Bluthochdruck. &nbsp; Bluthochdruck ist eine ernstzunehmende Erkrankung und [&hellip;]","og_url":"https:\/\/rauchfrei.at\/weltgesundheitstag-2013\/","og_site_name":"Rauchfrei Telefon","article_published_time":"2013-04-08T15:57:52+00:00","article_modified_time":"2020-03-31T21:20:52+00:00","author":"Rauchfrei Team","twitter_card":"summary_large_image","twitter_misc":{"Written by":"Rauchfrei Team","Est. reading time":"1 minute"},"schema":{"@context":"https:\/\/schema.org","@graph":[{"@type":"WebPage","@id":"https:\/\/rauchfrei.at\/weltgesundheitstag-2013\/","url":"https:\/\/rauchfrei.at\/weltgesundheitstag-2013\/","name":"Weltgesundheitstag 2013 - Rauchfrei Telefon","isPartOf":{"@id":"https:\/\/rauchfrei.at\/#website"},"datePublished":"2013-04-08T15:57:52+00:00","dateModified":"2020-03-31T21:20:52+00:00","author":{"@id":"https:\/\/rauchfrei.at\/#\/schema\/person\/504bbf90c5482004fc09aef6de7f9277"},"inLanguage":"en-US","potentialAction":[{"@type":"ReadAction","target":["https:\/\/rauchfrei.at\/weltgesundheitstag-2013\/"]}]},{"@type":"WebSite","@id":"https:\/\/rauchfrei.at\/#website","url":"https:\/\/rauchfrei.at\/","name":"Rauchfrei Telefon","description":"Eine \u00f6sterreichweite Initiative der Sozialversicherungen.","potentialAction":[{"@type":"SearchAction","target":{"@type":"EntryPoint","urlTemplate":"https:\/\/rauchfrei.at\/?s={search_term_string}"},"query-input":{"@type":"PropertyValueSpecification","valueRequired":true,"valueName":"search_term_string"}}],"inLanguage":"en-US"},{"@type":"Person","@id":"https:\/\/rauchfrei.at\/#\/schema\/person\/504bbf90c5482004fc09aef6de7f9277","name":"Rauchfrei Team","image":{"@type":"ImageObject","inLanguage":"en-US","@id":"https:\/\/rauchfrei.at\/#\/schema\/person\/image\/","url":"https:\/\/secure.gravatar.com\/avatar\/2115b79a00800516fa1523bb5a329611f90e73e89be559131fc7e82b4fdc95ff?s=96&d=mm&r=g","contentUrl":"https:\/\/secure.gravatar.com\/avatar\/2115b79a00800516fa1523bb5a329611f90e73e89be559131fc7e82b4fdc95ff?s=96&d=mm&r=g","caption":"Rauchfrei Team"},"url":"https:\/\/rauchfrei.at\/en\/author\/rauchfrei-team\/"}]}},"_links":{"self":[{"href":"https:\/\/rauchfrei.at\/en\/wp-json\/wp\/v2\/posts\/4263","targetHints":{"allow":["GET"]}}],"collection":[{"href":"https:\/\/rauchfrei.at\/en\/wp-json\/wp\/v2\/posts"}],"about":[{"href":"https:\/\/rauchfrei.at\/en\/wp-json\/wp\/v2\/types\/post"}],"author":[{"embeddable":true,"href":"https:\/\/rauchfrei.at\/en\/wp-json\/wp\/v2\/users\/25"}],"replies":[{"embeddable":true,"href":"https:\/\/rauchfrei.at\/en\/wp-json\/wp\/v2\/comments?post=4263"}],"version-history":[{"count":5,"href":"https:\/\/rauchfrei.at\/en\/wp-json\/wp\/v2\/posts\/4263\/revisions"}],"predecessor-version":[{"id":18500,"href":"https:\/\/rauchfrei.at\/en\/wp-json\/wp\/v2\/posts\/4263\/revisions\/18500"}],"wp:attachment":[{"href":"https:\/\/rauchfrei.at\/en\/wp-json\/wp\/v2\/media?parent=4263"}],"wp:term":[{"taxonomy":"category","embeddable":true,"href":"https:\/\/rauchfrei.at\/en\/wp-json\/wp\/v2\/categories?post=4263"},{"taxonomy":"post_tag","embeddable":true,"href":"https:\/\/rauchfrei.at\/en\/wp-json\/wp\/v2\/tags?post=4263"}],"curies":[{"name":"wp","href":"https:\/\/api.w.org\/{rel}","templated":true}]}}