
{"id":4277,"date":"2013-04-24T12:38:01","date_gmt":"2013-04-24T10:38:01","guid":{"rendered":"http:\/\/rauchfrei.ipax.hosting\/?p=4277"},"modified":"2013-04-24T12:38:01","modified_gmt":"2013-04-24T10:38:01","slug":"was-ist-eigentlich-ein-plain-pack","status":"publish","type":"post","link":"https:\/\/rauchfrei.at\/en\/was-ist-eigentlich-ein-plain-pack\/","title":{"rendered":"Was ist eigentlich ein &#8220;plain pack&#8221;?"},"content":{"rendered":"<p>&nbsp;<\/p>\n<p>Plain packaging, <strong>Einheitsschachteln f\u00fcr Zigaretten<\/strong> k\u00f6nnten bald Standard werden, zumindest in Gro\u00dfbritannien.<\/p>\n<p>In Australien ist das schon der Fall, dort n\u00e4mlich findet man Zigarettenschachteln nur noch in der Farbe \u201eoliv\u201c mit dem Markennamen sehr klein, daf\u00fcr aber mit \u201eSchreckensbildern\u201c sehr gro\u00df aufgedruckt. Das <strong>Ziel<\/strong> hinter dem Entfernen von Farbe, Design und Logo auf den Tabakprodukten ist es ihr Auftreten weniger attraktiv f\u00fcr markenbewusste Jugendliche zu machen.<\/p>\n<p>&nbsp;<\/p>\n<p>Beobachtungen zeigen, dass junge Menschen h\u00e4ufig durch eine bestimmte Markenvorliebe mit dem Rauchen beginnen. Die <a title=\"Bericht aus &quot;The Guardian&quot; \u00fcber m\u00f6gliche Gesetzes\u00e4nderung zur Zigarettenschachtel in Gro\u00dfbritanien\" href=\"http:\/\/www.guardian.co.uk\/society\/2013\/mar\/05\/government-legislate-plain-cigarette-packaging\/print\" target=\"_blank\">britische Regierung <\/a>nahm ihre, im Vergleich zum Rest der EU, schlechten Ergebnisse, was Lebenserwartung und \u00f6ffentliche Gesundheit betrifft zum Anlass f\u00fcr die genannten Gesetzes\u00e4nderungen, welche bereits im Mai von Queen Elisabeth II in Gro\u00dfbritannien angek\u00fcndigt werden sollen.<\/p>\n<p>&nbsp;<\/p>\n<p>Was den Nutzen, die Wirksamkeit dieser Ma\u00dfnahme betrifft liegen auch einige <a title=\"Blog zum Thema &quot;Plain packaging&quot;\" href=\"http:\/\/www.thirdforcenews.org.uk\/2013\/04\/plain-packs-will-work\/\" target=\"_blank\">Belege<\/a> vor.<\/p>\n<p>&nbsp;<\/p>\n<p>Dies w\u00e4re auch f\u00fcr \u00d6sterreich ein wichtiger und <strong>w\u00fcnschenswert<\/strong>er Schritt in der Tabakpr\u00e4vention.<\/p>\n<p>&nbsp;<\/p>\n<p>&nbsp;<\/p>\n","protected":false},"excerpt":{"rendered":"<p>&nbsp; Plain packaging, Einheitsschachteln f\u00fcr Zigaretten k\u00f6nnten bald Standard werden, zumindest in Gro\u00dfbritannien. In Australien ist das schon der Fall, dort n\u00e4mlich findet man Zigarettenschachteln nur noch in der Farbe \u201eoliv\u201c mit dem Markennamen sehr klein, daf\u00fcr aber mit \u201eSchreckensbildern\u201c sehr gro\u00df aufgedruckt. Das Ziel hinter dem Entfernen von Farbe, Design und Logo auf den [&hellip;]<\/p>\n","protected":false},"author":11,"featured_media":0,"comment_status":"open","ping_status":"open","sticky":false,"template":"","format":"standard","meta":{"_et_pb_use_builder":"","_et_pb_old_content":"","_et_gb_content_width":"","footnotes":""},"categories":[236],"tags":[100],"class_list":["post-4277","post","type-post","status-publish","format-standard","hentry","category-nicht-kategorisiert","tag-zigarettenschachtel"],"yoast_head":"<!-- This site is optimized with the Yoast SEO plugin v26.2 - https:\/\/yoast.com\/wordpress\/plugins\/seo\/ -->\n<title>Was ist eigentlich ein &quot;plain pack&quot;?  - Rauchfrei Telefon<\/title>\n<meta name=\"robots\" content=\"index, follow, max-snippet:-1, max-image-preview:large, max-video-preview:-1\" \/>\n<link rel=\"canonical\" href=\"https:\/\/rauchfrei.at\/was-ist-eigentlich-ein-plain-pack\/\" \/>\n<meta property=\"og:locale\" content=\"en_US\" \/>\n<meta property=\"og:type\" content=\"article\" \/>\n<meta property=\"og:title\" content=\"Was ist eigentlich ein &quot;plain pack&quot;?  - Rauchfrei Telefon\" \/>\n<meta property=\"og:description\" content=\"&nbsp; Plain packaging, Einheitsschachteln f\u00fcr Zigaretten k\u00f6nnten bald Standard werden, zumindest in Gro\u00dfbritannien. In Australien ist das schon der Fall, dort n\u00e4mlich findet man Zigarettenschachteln nur noch in der Farbe \u201eoliv\u201c mit dem Markennamen sehr klein, daf\u00fcr aber mit \u201eSchreckensbildern\u201c sehr gro\u00df aufgedruckt. Das Ziel hinter dem Entfernen von Farbe, Design und Logo auf den [&hellip;]\" \/>\n<meta property=\"og:url\" content=\"https:\/\/rauchfrei.at\/was-ist-eigentlich-ein-plain-pack\/\" \/>\n<meta property=\"og:site_name\" content=\"Rauchfrei Telefon\" \/>\n<meta property=\"article:published_time\" content=\"2013-04-24T10:38:01+00:00\" \/>\n<meta name=\"author\" content=\"Andrea B\u00fcttner\" \/>\n<meta name=\"twitter:card\" content=\"summary_large_image\" \/>\n<meta name=\"twitter:label1\" content=\"Written by\" \/>\n\t<meta name=\"twitter:data1\" content=\"Andrea B\u00fcttner\" \/>\n\t<meta name=\"twitter:label2\" content=\"Est. reading time\" \/>\n\t<meta name=\"twitter:data2\" content=\"1 minute\" \/>\n<script type=\"application\/ld+json\" class=\"yoast-schema-graph\">{\"@context\":\"https:\/\/schema.org\",\"@graph\":[{\"@type\":\"WebPage\",\"@id\":\"https:\/\/rauchfrei.at\/was-ist-eigentlich-ein-plain-pack\/\",\"url\":\"https:\/\/rauchfrei.at\/was-ist-eigentlich-ein-plain-pack\/\",\"name\":\"Was ist eigentlich ein \\\"plain pack\\\"? - Rauchfrei Telefon\",\"isPartOf\":{\"@id\":\"https:\/\/rauchfrei.at\/#website\"},\"datePublished\":\"2013-04-24T10:38:01+00:00\",\"author\":{\"@id\":\"https:\/\/rauchfrei.at\/#\/schema\/person\/7993cb8bdf02ba65fd4ec8ec38b2dbbf\"},\"inLanguage\":\"en-US\",\"potentialAction\":[{\"@type\":\"ReadAction\",\"target\":[\"https:\/\/rauchfrei.at\/was-ist-eigentlich-ein-plain-pack\/\"]}]},{\"@type\":\"WebSite\",\"@id\":\"https:\/\/rauchfrei.at\/#website\",\"url\":\"https:\/\/rauchfrei.at\/\",\"name\":\"Rauchfrei Telefon\",\"description\":\"Eine \u00f6sterreichweite Initiative der Sozialversicherungen.\",\"potentialAction\":[{\"@type\":\"SearchAction\",\"target\":{\"@type\":\"EntryPoint\",\"urlTemplate\":\"https:\/\/rauchfrei.at\/?s={search_term_string}\"},\"query-input\":{\"@type\":\"PropertyValueSpecification\",\"valueRequired\":true,\"valueName\":\"search_term_string\"}}],\"inLanguage\":\"en-US\"},{\"@type\":\"Person\",\"@id\":\"https:\/\/rauchfrei.at\/#\/schema\/person\/7993cb8bdf02ba65fd4ec8ec38b2dbbf\",\"name\":\"Andrea B\u00fcttner\",\"image\":{\"@type\":\"ImageObject\",\"inLanguage\":\"en-US\",\"@id\":\"https:\/\/rauchfrei.at\/#\/schema\/person\/image\/\",\"url\":\"https:\/\/secure.gravatar.com\/avatar\/0f26ab1de0c83f37b101366a1244bf5de74c6d9c0641811dc6f7fc551dad1c7f?s=96&d=mm&r=g\",\"contentUrl\":\"https:\/\/secure.gravatar.com\/avatar\/0f26ab1de0c83f37b101366a1244bf5de74c6d9c0641811dc6f7fc551dad1c7f?s=96&d=mm&r=g\",\"caption\":\"Andrea B\u00fcttner\"},\"url\":\"https:\/\/rauchfrei.at\/en\/author\/buettner\/\"}]}<\/script>\n<!-- \/ Yoast SEO plugin. -->","yoast_head_json":{"title":"Was ist eigentlich ein \"plain pack\"?  - Rauchfrei Telefon","robots":{"index":"index","follow":"follow","max-snippet":"max-snippet:-1","max-image-preview":"max-image-preview:large","max-video-preview":"max-video-preview:-1"},"canonical":"https:\/\/rauchfrei.at\/was-ist-eigentlich-ein-plain-pack\/","og_locale":"en_US","og_type":"article","og_title":"Was ist eigentlich ein \"plain pack\"?  - Rauchfrei Telefon","og_description":"&nbsp; Plain packaging, Einheitsschachteln f\u00fcr Zigaretten k\u00f6nnten bald Standard werden, zumindest in Gro\u00dfbritannien. In Australien ist das schon der Fall, dort n\u00e4mlich findet man Zigarettenschachteln nur noch in der Farbe \u201eoliv\u201c mit dem Markennamen sehr klein, daf\u00fcr aber mit \u201eSchreckensbildern\u201c sehr gro\u00df aufgedruckt. Das Ziel hinter dem Entfernen von Farbe, Design und Logo auf den [&hellip;]","og_url":"https:\/\/rauchfrei.at\/was-ist-eigentlich-ein-plain-pack\/","og_site_name":"Rauchfrei Telefon","article_published_time":"2013-04-24T10:38:01+00:00","author":"Andrea B\u00fcttner","twitter_card":"summary_large_image","twitter_misc":{"Written by":"Andrea B\u00fcttner","Est. reading time":"1 minute"},"schema":{"@context":"https:\/\/schema.org","@graph":[{"@type":"WebPage","@id":"https:\/\/rauchfrei.at\/was-ist-eigentlich-ein-plain-pack\/","url":"https:\/\/rauchfrei.at\/was-ist-eigentlich-ein-plain-pack\/","name":"Was ist eigentlich ein \"plain pack\"? - Rauchfrei Telefon","isPartOf":{"@id":"https:\/\/rauchfrei.at\/#website"},"datePublished":"2013-04-24T10:38:01+00:00","author":{"@id":"https:\/\/rauchfrei.at\/#\/schema\/person\/7993cb8bdf02ba65fd4ec8ec38b2dbbf"},"inLanguage":"en-US","potentialAction":[{"@type":"ReadAction","target":["https:\/\/rauchfrei.at\/was-ist-eigentlich-ein-plain-pack\/"]}]},{"@type":"WebSite","@id":"https:\/\/rauchfrei.at\/#website","url":"https:\/\/rauchfrei.at\/","name":"Rauchfrei Telefon","description":"Eine \u00f6sterreichweite Initiative der Sozialversicherungen.","potentialAction":[{"@type":"SearchAction","target":{"@type":"EntryPoint","urlTemplate":"https:\/\/rauchfrei.at\/?s={search_term_string}"},"query-input":{"@type":"PropertyValueSpecification","valueRequired":true,"valueName":"search_term_string"}}],"inLanguage":"en-US"},{"@type":"Person","@id":"https:\/\/rauchfrei.at\/#\/schema\/person\/7993cb8bdf02ba65fd4ec8ec38b2dbbf","name":"Andrea B\u00fcttner","image":{"@type":"ImageObject","inLanguage":"en-US","@id":"https:\/\/rauchfrei.at\/#\/schema\/person\/image\/","url":"https:\/\/secure.gravatar.com\/avatar\/0f26ab1de0c83f37b101366a1244bf5de74c6d9c0641811dc6f7fc551dad1c7f?s=96&d=mm&r=g","contentUrl":"https:\/\/secure.gravatar.com\/avatar\/0f26ab1de0c83f37b101366a1244bf5de74c6d9c0641811dc6f7fc551dad1c7f?s=96&d=mm&r=g","caption":"Andrea B\u00fcttner"},"url":"https:\/\/rauchfrei.at\/en\/author\/buettner\/"}]}},"_links":{"self":[{"href":"https:\/\/rauchfrei.at\/en\/wp-json\/wp\/v2\/posts\/4277","targetHints":{"allow":["GET"]}}],"collection":[{"href":"https:\/\/rauchfrei.at\/en\/wp-json\/wp\/v2\/posts"}],"about":[{"href":"https:\/\/rauchfrei.at\/en\/wp-json\/wp\/v2\/types\/post"}],"author":[{"embeddable":true,"href":"https:\/\/rauchfrei.at\/en\/wp-json\/wp\/v2\/users\/11"}],"replies":[{"embeddable":true,"href":"https:\/\/rauchfrei.at\/en\/wp-json\/wp\/v2\/comments?post=4277"}],"version-history":[{"count":3,"href":"https:\/\/rauchfrei.at\/en\/wp-json\/wp\/v2\/posts\/4277\/revisions"}],"predecessor-version":[{"id":4280,"href":"https:\/\/rauchfrei.at\/en\/wp-json\/wp\/v2\/posts\/4277\/revisions\/4280"}],"wp:attachment":[{"href":"https:\/\/rauchfrei.at\/en\/wp-json\/wp\/v2\/media?parent=4277"}],"wp:term":[{"taxonomy":"category","embeddable":true,"href":"https:\/\/rauchfrei.at\/en\/wp-json\/wp\/v2\/categories?post=4277"},{"taxonomy":"post_tag","embeddable":true,"href":"https:\/\/rauchfrei.at\/en\/wp-json\/wp\/v2\/tags?post=4277"}],"curies":[{"name":"wp","href":"https:\/\/api.w.org\/{rel}","templated":true}]}}