
{"id":4298,"date":"2013-05-07T12:52:48","date_gmt":"2013-05-07T10:52:48","guid":{"rendered":"http:\/\/rauchfrei.ipax.hosting\/?p=4298"},"modified":"2017-05-02T13:54:06","modified_gmt":"2017-05-02T11:54:06","slug":"weltasthmatag","status":"publish","type":"post","link":"https:\/\/rauchfrei.at\/en\/weltasthmatag\/","title":{"rendered":"Weltasthmatag"},"content":{"rendered":"<p>&nbsp;<\/p>\n<p>Asthma hat viele Gesichter, immer ist es Folge einer Atemwegsentz\u00fcndung. In den letzten Jahren verzeichnet sich weltweit ein Anstieg dieser chronischen Erkrankung der Atemwege.<\/p>\n<p>&nbsp;<\/p>\n<p>In \u00d6sterreich leiden ca. 7% der Bev\u00f6lkerung an Asthma, das sind mehr als einen halbe Million Menschen. Viele der erkrankten Personen sind Kinder.<\/p>\n<p>&nbsp;<\/p>\n<p>&nbsp;<\/p>\n<p>Bei Asthma kommt es zu folgenden<strong> Beschwerden<\/strong>:<\/p>\n<p>&nbsp;<\/p>\n<p>&nbsp;<\/p>\n<p><strong>Atemnot<\/strong> &#8211; oft tritt diese anfallsartig auf, h\u00e4ufig auch in der Nacht oder nach dem Aufwachen<\/p>\n<p>&nbsp;<\/p>\n<p><strong>Engegef\u00fchl im Brustraum<\/strong><\/p>\n<p>&nbsp;<\/p>\n<p><strong>Husten<\/strong><\/p>\n<p>&nbsp;<\/p>\n<p>&nbsp;<\/p>\n<p>Die <strong>Ursachen von Asthma<\/strong> sind vielf\u00e4ltig -Eine davon ist der Tabakkonsum.<\/p>\n<p>&nbsp;<\/p>\n<p>&nbsp;<\/p>\n<p><strong>Aktives Rauchen<\/strong> erh\u00f6ht die Auftretenswahrscheinlichkeit von Asthma und kann auch einen akuten Asthmaanfall ausl\u00f6sen. Aber auch <strong>Passivrauch<\/strong> erh\u00f6ht das Risiko an Asthma zu erkranken um 40-60 %.<\/p>\n<p>&nbsp;<\/p>\n<p>Kinder von Raucherinnen und Rauchern erkranken h\u00e4ufiger an dieser Lungenerkrankung. Auch das Rauchen in der Schwangerschaft ist mit dem Auftreten von Asthma beim Kind verbunden.<\/p>\n<p>&nbsp;<\/p>\n<p>&nbsp;<\/p>\n<p><strong>Der Rauchstopp zahlt sich immer aus und ist gerade bei vorhandenem Asthma sehr sinnvoll und hilfreich f\u00fcr die Gesundheit.<\/strong><\/p>\n<p>&nbsp;<\/p>\n<p>So konnte sogar nachgewiesen werden, dass nach dem Rauchstopp bereits vorhandene Sch\u00e4den der Lunge teilweise revidiert werden k\u00f6nnen.<\/p>\n<p>&nbsp;<\/p>\n<p>Wollen Sie auch was f\u00fcr Ihre Lunge tun?<strong> Alle F\u00e4higkeiten, die Sie f\u00fcr den Rauchstopp ben\u00f6tigen, besitzen Sie<\/strong>, auch wenn Sie es gar nicht ahnen. . .<\/p>\n<p>&nbsp;<\/p>\n<p>&nbsp;<\/p>\n<p><strong>Wir unterst\u00fctzen Sie gerne beim Rauchstopp!<\/strong><\/p>\n<p>&nbsp;<\/p>\n<p>&nbsp;<\/p>\n<p>&nbsp;<\/p>\n<p>Quellen und weiterf\u00fchrende Informationen:<\/p>\n<p>&nbsp;<\/p>\n<p>Statistik Austria<\/p>\n<p>Deutsches Krebsforschungszentrum<\/p>\n<p><a href=\"http:\/\/thorax.bmj.com\/content\/53\/3\/204.full.pdf+html\" target=\"_blank\">http:\/\/thorax.bmj.com\/content\/53\/3\/204.full.pdf+html<\/a><\/p>\n<p><a href=\"https:\/\/www.gesundheit.gv.at\/krankheiten\/atemwege\/asthma\/ursachen-ausloeser\" target=\"_blank\">https:\/\/www.gesundheit.gv.at\/krankheiten\/atemwege\/asthma\/ursachen-ausloeser<\/a><\/p>\n<p><a href=\"http:\/\/www.atemwegsliga.de\/asthma.html\" target=\"_blank\">http:\/\/www.atemwegsliga.de\/asthma.html<\/a><\/p>\n<p>&nbsp;<\/p>\n<p>&nbsp;<\/p>\n","protected":false},"excerpt":{"rendered":"<p>Das Motto des heutiges Weltasthmatages  lautet &#8220;You Can Control Your Asthma&#8221; &#8211; &#8220;Du kannst Dein Asthma kontrollieren&#8221;<\/p>\n","protected":false},"author":11,"featured_media":0,"comment_status":"open","ping_status":"open","sticky":false,"template":"","format":"standard","meta":{"_et_pb_use_builder":"","_et_pb_old_content":"","_et_gb_content_width":"","footnotes":""},"categories":[236],"tags":[102],"class_list":["post-4298","post","type-post","status-publish","format-standard","hentry","category-nicht-kategorisiert","tag-asthma"],"yoast_head":"<!-- This site is optimized with the Yoast SEO plugin v26.2 - https:\/\/yoast.com\/wordpress\/plugins\/seo\/ -->\n<title>Weltasthmatag - Rauchfrei Telefon<\/title>\n<meta name=\"robots\" content=\"index, follow, max-snippet:-1, max-image-preview:large, max-video-preview:-1\" \/>\n<link rel=\"canonical\" href=\"https:\/\/rauchfrei.at\/weltasthmatag\/\" \/>\n<meta property=\"og:locale\" content=\"en_US\" \/>\n<meta property=\"og:type\" content=\"article\" \/>\n<meta property=\"og:title\" content=\"Weltasthmatag - Rauchfrei Telefon\" \/>\n<meta property=\"og:description\" content=\"Das Motto des heutiges Weltasthmatages lautet &quot;You Can Control Your Asthma&quot; - &quot;Du kannst Dein Asthma kontrollieren&quot;\" \/>\n<meta property=\"og:url\" content=\"https:\/\/rauchfrei.at\/weltasthmatag\/\" \/>\n<meta property=\"og:site_name\" content=\"Rauchfrei Telefon\" \/>\n<meta property=\"article:published_time\" content=\"2013-05-07T10:52:48+00:00\" \/>\n<meta property=\"article:modified_time\" content=\"2017-05-02T11:54:06+00:00\" \/>\n<meta name=\"author\" content=\"Andrea B\u00fcttner\" \/>\n<meta name=\"twitter:card\" content=\"summary_large_image\" \/>\n<meta name=\"twitter:label1\" content=\"Written by\" \/>\n\t<meta name=\"twitter:data1\" content=\"Andrea B\u00fcttner\" \/>\n\t<meta name=\"twitter:label2\" content=\"Est. reading time\" \/>\n\t<meta name=\"twitter:data2\" content=\"1 minute\" \/>\n<script type=\"application\/ld+json\" class=\"yoast-schema-graph\">{\"@context\":\"https:\/\/schema.org\",\"@graph\":[{\"@type\":\"WebPage\",\"@id\":\"https:\/\/rauchfrei.at\/weltasthmatag\/\",\"url\":\"https:\/\/rauchfrei.at\/weltasthmatag\/\",\"name\":\"Weltasthmatag - Rauchfrei Telefon\",\"isPartOf\":{\"@id\":\"https:\/\/rauchfrei.at\/#website\"},\"datePublished\":\"2013-05-07T10:52:48+00:00\",\"dateModified\":\"2017-05-02T11:54:06+00:00\",\"author\":{\"@id\":\"https:\/\/rauchfrei.at\/#\/schema\/person\/7993cb8bdf02ba65fd4ec8ec38b2dbbf\"},\"inLanguage\":\"en-US\",\"potentialAction\":[{\"@type\":\"ReadAction\",\"target\":[\"https:\/\/rauchfrei.at\/weltasthmatag\/\"]}]},{\"@type\":\"WebSite\",\"@id\":\"https:\/\/rauchfrei.at\/#website\",\"url\":\"https:\/\/rauchfrei.at\/\",\"name\":\"Rauchfrei Telefon\",\"description\":\"Eine \u00f6sterreichweite Initiative der Sozialversicherungen.\",\"potentialAction\":[{\"@type\":\"SearchAction\",\"target\":{\"@type\":\"EntryPoint\",\"urlTemplate\":\"https:\/\/rauchfrei.at\/?s={search_term_string}\"},\"query-input\":{\"@type\":\"PropertyValueSpecification\",\"valueRequired\":true,\"valueName\":\"search_term_string\"}}],\"inLanguage\":\"en-US\"},{\"@type\":\"Person\",\"@id\":\"https:\/\/rauchfrei.at\/#\/schema\/person\/7993cb8bdf02ba65fd4ec8ec38b2dbbf\",\"name\":\"Andrea B\u00fcttner\",\"image\":{\"@type\":\"ImageObject\",\"inLanguage\":\"en-US\",\"@id\":\"https:\/\/rauchfrei.at\/#\/schema\/person\/image\/\",\"url\":\"https:\/\/secure.gravatar.com\/avatar\/0f26ab1de0c83f37b101366a1244bf5de74c6d9c0641811dc6f7fc551dad1c7f?s=96&d=mm&r=g\",\"contentUrl\":\"https:\/\/secure.gravatar.com\/avatar\/0f26ab1de0c83f37b101366a1244bf5de74c6d9c0641811dc6f7fc551dad1c7f?s=96&d=mm&r=g\",\"caption\":\"Andrea B\u00fcttner\"},\"url\":\"https:\/\/rauchfrei.at\/en\/author\/buettner\/\"}]}<\/script>\n<!-- \/ Yoast SEO plugin. -->","yoast_head_json":{"title":"Weltasthmatag - Rauchfrei Telefon","robots":{"index":"index","follow":"follow","max-snippet":"max-snippet:-1","max-image-preview":"max-image-preview:large","max-video-preview":"max-video-preview:-1"},"canonical":"https:\/\/rauchfrei.at\/weltasthmatag\/","og_locale":"en_US","og_type":"article","og_title":"Weltasthmatag - Rauchfrei Telefon","og_description":"Das Motto des heutiges Weltasthmatages lautet \"You Can Control Your Asthma\" - \"Du kannst Dein Asthma kontrollieren\"","og_url":"https:\/\/rauchfrei.at\/weltasthmatag\/","og_site_name":"Rauchfrei Telefon","article_published_time":"2013-05-07T10:52:48+00:00","article_modified_time":"2017-05-02T11:54:06+00:00","author":"Andrea B\u00fcttner","twitter_card":"summary_large_image","twitter_misc":{"Written by":"Andrea B\u00fcttner","Est. reading time":"1 minute"},"schema":{"@context":"https:\/\/schema.org","@graph":[{"@type":"WebPage","@id":"https:\/\/rauchfrei.at\/weltasthmatag\/","url":"https:\/\/rauchfrei.at\/weltasthmatag\/","name":"Weltasthmatag - Rauchfrei Telefon","isPartOf":{"@id":"https:\/\/rauchfrei.at\/#website"},"datePublished":"2013-05-07T10:52:48+00:00","dateModified":"2017-05-02T11:54:06+00:00","author":{"@id":"https:\/\/rauchfrei.at\/#\/schema\/person\/7993cb8bdf02ba65fd4ec8ec38b2dbbf"},"inLanguage":"en-US","potentialAction":[{"@type":"ReadAction","target":["https:\/\/rauchfrei.at\/weltasthmatag\/"]}]},{"@type":"WebSite","@id":"https:\/\/rauchfrei.at\/#website","url":"https:\/\/rauchfrei.at\/","name":"Rauchfrei Telefon","description":"Eine \u00f6sterreichweite Initiative der Sozialversicherungen.","potentialAction":[{"@type":"SearchAction","target":{"@type":"EntryPoint","urlTemplate":"https:\/\/rauchfrei.at\/?s={search_term_string}"},"query-input":{"@type":"PropertyValueSpecification","valueRequired":true,"valueName":"search_term_string"}}],"inLanguage":"en-US"},{"@type":"Person","@id":"https:\/\/rauchfrei.at\/#\/schema\/person\/7993cb8bdf02ba65fd4ec8ec38b2dbbf","name":"Andrea B\u00fcttner","image":{"@type":"ImageObject","inLanguage":"en-US","@id":"https:\/\/rauchfrei.at\/#\/schema\/person\/image\/","url":"https:\/\/secure.gravatar.com\/avatar\/0f26ab1de0c83f37b101366a1244bf5de74c6d9c0641811dc6f7fc551dad1c7f?s=96&d=mm&r=g","contentUrl":"https:\/\/secure.gravatar.com\/avatar\/0f26ab1de0c83f37b101366a1244bf5de74c6d9c0641811dc6f7fc551dad1c7f?s=96&d=mm&r=g","caption":"Andrea B\u00fcttner"},"url":"https:\/\/rauchfrei.at\/en\/author\/buettner\/"}]}},"_links":{"self":[{"href":"https:\/\/rauchfrei.at\/en\/wp-json\/wp\/v2\/posts\/4298","targetHints":{"allow":["GET"]}}],"collection":[{"href":"https:\/\/rauchfrei.at\/en\/wp-json\/wp\/v2\/posts"}],"about":[{"href":"https:\/\/rauchfrei.at\/en\/wp-json\/wp\/v2\/types\/post"}],"author":[{"embeddable":true,"href":"https:\/\/rauchfrei.at\/en\/wp-json\/wp\/v2\/users\/11"}],"replies":[{"embeddable":true,"href":"https:\/\/rauchfrei.at\/en\/wp-json\/wp\/v2\/comments?post=4298"}],"version-history":[{"count":6,"href":"https:\/\/rauchfrei.at\/en\/wp-json\/wp\/v2\/posts\/4298\/revisions"}],"predecessor-version":[{"id":25188,"href":"https:\/\/rauchfrei.at\/en\/wp-json\/wp\/v2\/posts\/4298\/revisions\/25188"}],"wp:attachment":[{"href":"https:\/\/rauchfrei.at\/en\/wp-json\/wp\/v2\/media?parent=4298"}],"wp:term":[{"taxonomy":"category","embeddable":true,"href":"https:\/\/rauchfrei.at\/en\/wp-json\/wp\/v2\/categories?post=4298"},{"taxonomy":"post_tag","embeddable":true,"href":"https:\/\/rauchfrei.at\/en\/wp-json\/wp\/v2\/tags?post=4298"}],"curies":[{"name":"wp","href":"https:\/\/api.w.org\/{rel}","templated":true}]}}