
{"id":4313,"date":"2013-05-14T11:07:05","date_gmt":"2013-05-14T09:07:05","guid":{"rendered":"http:\/\/rauchfrei.ipax.hosting\/?p=4313"},"modified":"2013-05-14T11:22:37","modified_gmt":"2013-05-14T09:22:37","slug":"aerzteinitiative-gegen-raucherschaeden","status":"publish","type":"post","link":"https:\/\/rauchfrei.at\/en\/aerzteinitiative-gegen-raucherschaeden\/","title":{"rendered":"\u00c4rzteinitiative gegen Rauchersch\u00e4den"},"content":{"rendered":"<p>&nbsp;<\/p>\n<p>Im heutigen Blog m\u00f6chten wir Ihnen die <b>\u00c4rzteinitiative gegen Rauchersch\u00e4den<\/b> vorstellen.<\/p>\n<p>&nbsp;<\/p>\n<p>Die \u00c4rzteinitiative gegen Rauchersch\u00e4den ist eine gemeinsame Initiative der \u00d6sterreichischen Gesellschaft f\u00fcr Pneumologie (\u00d6GP), des Instituts f\u00fcr Umwelthygiene der Medizinischen Universit\u00e4t Wien, des Instituts f\u00fcr Sozialmedizin der Medizinischen Universit\u00e4t Wien und der \u00d6sterreichischen \u00c4rztekammer mit einem breiten wissenschaftlichen Beirat aus allen betroffenen medizinischen Fachdisziplinen.<\/p>\n<p>&nbsp;<\/p>\n<p>Auf der Homepage sind zahlreiche Informationen rund um das Thema \u201eTabak und Rauchen\u201c aufbereitet, die Seite wird regelm\u00e4\u00dfig mit <b>aktuellen Beitr\u00e4gen<\/b> \u201eupgedatet\u201c.<\/p>\n<p>&nbsp;<\/p>\n<p>&nbsp;<\/p>\n<p>Sie finden eigene Rubriken mit zahlreichen Informationen rund ums Rauchen und Nichtrauchen, zur <strong>Tabakkontrolle in \u00d6sterreich<\/strong>, viele Hinweise zur Raucher\/innenentw\u00f6hnung sowie eine Kategorie mit zahlreichen Informationen rund um die Gesundheitsrisiken von Kindern, die durch Tabakkonsum auftreten. Besonders die Aufbereitung der Informationen f\u00fcr Jugendliche ist den Betreibern ein Anliegen.<\/p>\n<p>&nbsp;<\/p>\n<p>Die M\u00f6glichkeit<strong> Antworten auf<\/strong> die an die \u00c4rzte\/innen gerichtete<strong> Fragen<\/strong> zu bekommen ist besonders erw\u00e4hnenswert, genauso wie die Gelegenheit, <strong>Erfahrungsberichte<\/strong> von Exrauchern\/innen zu lesen, oder &#8211; wenn Sie selbst (vielleicht bald) zu diesen z\u00e4hlen- einen solchen auf der Homepage zu ver\u00f6ffentlichen.<\/p>\n<p>&nbsp;<\/p>\n<p>Klicken Sie sich durch:<a title=\"Homepage der \u00c4rzteinitiative gegen Rauchersch\u00e4den\" href=\"http:\/\/www.aerzteinitiative.at\/\" target=\"_blank\"> www.aerzteinitiative.at<\/a><\/p>\n<p>&nbsp;<\/p>\n<p>&nbsp;<\/p>\n","protected":false},"excerpt":{"rendered":"<p>Die \u00c4rzteinitiative gegen Rauchersch\u00e4den ist eine gemeinsame Initiative der \u00d6sterreichischen Gesellschaft f\u00fcr Pneumologie (\u00d6GP), des Instituts f\u00fcr Umwelthygiene der Medizinischen Universit\u00e4t Wien, des Instituts f\u00fcr Sozialmedizin der Medizinischen Universit\u00e4t Wien und der \u00d6sterreichischen \u00c4rztekammer mit einem breiten wissenschaftlichen Beirat aus allen betroffenen medizinischen Fachdisziplinen.<\/p>\n","protected":false},"author":11,"featured_media":0,"comment_status":"open","ping_status":"open","sticky":false,"template":"","format":"standard","meta":{"_et_pb_use_builder":"","_et_pb_old_content":"","_et_gb_content_width":"","footnotes":""},"categories":[236],"tags":[],"class_list":["post-4313","post","type-post","status-publish","format-standard","hentry","category-nicht-kategorisiert"],"yoast_head":"<!-- This site is optimized with the Yoast SEO plugin v26.2 - https:\/\/yoast.com\/wordpress\/plugins\/seo\/ -->\n<title>\u00c4rzteinitiative gegen Rauchersch\u00e4den - Rauchfrei Telefon<\/title>\n<meta name=\"robots\" content=\"index, follow, max-snippet:-1, max-image-preview:large, max-video-preview:-1\" \/>\n<link rel=\"canonical\" href=\"https:\/\/rauchfrei.at\/aerzteinitiative-gegen-raucherschaeden\/\" \/>\n<meta property=\"og:locale\" content=\"en_US\" \/>\n<meta property=\"og:type\" content=\"article\" \/>\n<meta property=\"og:title\" content=\"\u00c4rzteinitiative gegen Rauchersch\u00e4den - Rauchfrei Telefon\" \/>\n<meta property=\"og:description\" content=\"Die \u00c4rzteinitiative gegen Rauchersch\u00e4den ist eine gemeinsame Initiative der \u00d6sterreichischen Gesellschaft f\u00fcr Pneumologie (\u00d6GP), des Instituts f\u00fcr Umwelthygiene der Medizinischen Universit\u00e4t Wien, des Instituts f\u00fcr Sozialmedizin der Medizinischen Universit\u00e4t Wien und der \u00d6sterreichischen \u00c4rztekammer mit einem breiten wissenschaftlichen Beirat aus allen betroffenen medizinischen Fachdisziplinen.\" \/>\n<meta property=\"og:url\" content=\"https:\/\/rauchfrei.at\/aerzteinitiative-gegen-raucherschaeden\/\" \/>\n<meta property=\"og:site_name\" content=\"Rauchfrei Telefon\" \/>\n<meta property=\"article:published_time\" content=\"2013-05-14T09:07:05+00:00\" \/>\n<meta property=\"article:modified_time\" content=\"2013-05-14T09:22:37+00:00\" \/>\n<meta name=\"author\" content=\"Andrea B\u00fcttner\" \/>\n<meta name=\"twitter:card\" content=\"summary_large_image\" \/>\n<meta name=\"twitter:label1\" content=\"Written by\" \/>\n\t<meta name=\"twitter:data1\" content=\"Andrea B\u00fcttner\" \/>\n\t<meta name=\"twitter:label2\" content=\"Est. reading time\" \/>\n\t<meta name=\"twitter:data2\" content=\"1 minute\" \/>\n<script type=\"application\/ld+json\" class=\"yoast-schema-graph\">{\"@context\":\"https:\/\/schema.org\",\"@graph\":[{\"@type\":\"WebPage\",\"@id\":\"https:\/\/rauchfrei.at\/aerzteinitiative-gegen-raucherschaeden\/\",\"url\":\"https:\/\/rauchfrei.at\/aerzteinitiative-gegen-raucherschaeden\/\",\"name\":\"\u00c4rzteinitiative gegen Rauchersch\u00e4den - Rauchfrei Telefon\",\"isPartOf\":{\"@id\":\"https:\/\/rauchfrei.at\/#website\"},\"datePublished\":\"2013-05-14T09:07:05+00:00\",\"dateModified\":\"2013-05-14T09:22:37+00:00\",\"author\":{\"@id\":\"https:\/\/rauchfrei.at\/#\/schema\/person\/7993cb8bdf02ba65fd4ec8ec38b2dbbf\"},\"inLanguage\":\"en-US\",\"potentialAction\":[{\"@type\":\"ReadAction\",\"target\":[\"https:\/\/rauchfrei.at\/aerzteinitiative-gegen-raucherschaeden\/\"]}]},{\"@type\":\"WebSite\",\"@id\":\"https:\/\/rauchfrei.at\/#website\",\"url\":\"https:\/\/rauchfrei.at\/\",\"name\":\"Rauchfrei Telefon\",\"description\":\"Eine \u00f6sterreichweite Initiative der Sozialversicherungen.\",\"potentialAction\":[{\"@type\":\"SearchAction\",\"target\":{\"@type\":\"EntryPoint\",\"urlTemplate\":\"https:\/\/rauchfrei.at\/?s={search_term_string}\"},\"query-input\":{\"@type\":\"PropertyValueSpecification\",\"valueRequired\":true,\"valueName\":\"search_term_string\"}}],\"inLanguage\":\"en-US\"},{\"@type\":\"Person\",\"@id\":\"https:\/\/rauchfrei.at\/#\/schema\/person\/7993cb8bdf02ba65fd4ec8ec38b2dbbf\",\"name\":\"Andrea B\u00fcttner\",\"image\":{\"@type\":\"ImageObject\",\"inLanguage\":\"en-US\",\"@id\":\"https:\/\/rauchfrei.at\/#\/schema\/person\/image\/\",\"url\":\"https:\/\/secure.gravatar.com\/avatar\/0f26ab1de0c83f37b101366a1244bf5de74c6d9c0641811dc6f7fc551dad1c7f?s=96&d=mm&r=g\",\"contentUrl\":\"https:\/\/secure.gravatar.com\/avatar\/0f26ab1de0c83f37b101366a1244bf5de74c6d9c0641811dc6f7fc551dad1c7f?s=96&d=mm&r=g\",\"caption\":\"Andrea B\u00fcttner\"},\"url\":\"https:\/\/rauchfrei.at\/en\/author\/buettner\/\"}]}<\/script>\n<!-- \/ Yoast SEO plugin. -->","yoast_head_json":{"title":"\u00c4rzteinitiative gegen Rauchersch\u00e4den - Rauchfrei Telefon","robots":{"index":"index","follow":"follow","max-snippet":"max-snippet:-1","max-image-preview":"max-image-preview:large","max-video-preview":"max-video-preview:-1"},"canonical":"https:\/\/rauchfrei.at\/aerzteinitiative-gegen-raucherschaeden\/","og_locale":"en_US","og_type":"article","og_title":"\u00c4rzteinitiative gegen Rauchersch\u00e4den - Rauchfrei Telefon","og_description":"Die \u00c4rzteinitiative gegen Rauchersch\u00e4den ist eine gemeinsame Initiative der \u00d6sterreichischen Gesellschaft f\u00fcr Pneumologie (\u00d6GP), des Instituts f\u00fcr Umwelthygiene der Medizinischen Universit\u00e4t Wien, des Instituts f\u00fcr Sozialmedizin der Medizinischen Universit\u00e4t Wien und der \u00d6sterreichischen \u00c4rztekammer mit einem breiten wissenschaftlichen Beirat aus allen betroffenen medizinischen Fachdisziplinen.","og_url":"https:\/\/rauchfrei.at\/aerzteinitiative-gegen-raucherschaeden\/","og_site_name":"Rauchfrei Telefon","article_published_time":"2013-05-14T09:07:05+00:00","article_modified_time":"2013-05-14T09:22:37+00:00","author":"Andrea B\u00fcttner","twitter_card":"summary_large_image","twitter_misc":{"Written by":"Andrea B\u00fcttner","Est. reading time":"1 minute"},"schema":{"@context":"https:\/\/schema.org","@graph":[{"@type":"WebPage","@id":"https:\/\/rauchfrei.at\/aerzteinitiative-gegen-raucherschaeden\/","url":"https:\/\/rauchfrei.at\/aerzteinitiative-gegen-raucherschaeden\/","name":"\u00c4rzteinitiative gegen Rauchersch\u00e4den - Rauchfrei Telefon","isPartOf":{"@id":"https:\/\/rauchfrei.at\/#website"},"datePublished":"2013-05-14T09:07:05+00:00","dateModified":"2013-05-14T09:22:37+00:00","author":{"@id":"https:\/\/rauchfrei.at\/#\/schema\/person\/7993cb8bdf02ba65fd4ec8ec38b2dbbf"},"inLanguage":"en-US","potentialAction":[{"@type":"ReadAction","target":["https:\/\/rauchfrei.at\/aerzteinitiative-gegen-raucherschaeden\/"]}]},{"@type":"WebSite","@id":"https:\/\/rauchfrei.at\/#website","url":"https:\/\/rauchfrei.at\/","name":"Rauchfrei Telefon","description":"Eine \u00f6sterreichweite Initiative der Sozialversicherungen.","potentialAction":[{"@type":"SearchAction","target":{"@type":"EntryPoint","urlTemplate":"https:\/\/rauchfrei.at\/?s={search_term_string}"},"query-input":{"@type":"PropertyValueSpecification","valueRequired":true,"valueName":"search_term_string"}}],"inLanguage":"en-US"},{"@type":"Person","@id":"https:\/\/rauchfrei.at\/#\/schema\/person\/7993cb8bdf02ba65fd4ec8ec38b2dbbf","name":"Andrea B\u00fcttner","image":{"@type":"ImageObject","inLanguage":"en-US","@id":"https:\/\/rauchfrei.at\/#\/schema\/person\/image\/","url":"https:\/\/secure.gravatar.com\/avatar\/0f26ab1de0c83f37b101366a1244bf5de74c6d9c0641811dc6f7fc551dad1c7f?s=96&d=mm&r=g","contentUrl":"https:\/\/secure.gravatar.com\/avatar\/0f26ab1de0c83f37b101366a1244bf5de74c6d9c0641811dc6f7fc551dad1c7f?s=96&d=mm&r=g","caption":"Andrea B\u00fcttner"},"url":"https:\/\/rauchfrei.at\/en\/author\/buettner\/"}]}},"_links":{"self":[{"href":"https:\/\/rauchfrei.at\/en\/wp-json\/wp\/v2\/posts\/4313","targetHints":{"allow":["GET"]}}],"collection":[{"href":"https:\/\/rauchfrei.at\/en\/wp-json\/wp\/v2\/posts"}],"about":[{"href":"https:\/\/rauchfrei.at\/en\/wp-json\/wp\/v2\/types\/post"}],"author":[{"embeddable":true,"href":"https:\/\/rauchfrei.at\/en\/wp-json\/wp\/v2\/users\/11"}],"replies":[{"embeddable":true,"href":"https:\/\/rauchfrei.at\/en\/wp-json\/wp\/v2\/comments?post=4313"}],"version-history":[{"count":4,"href":"https:\/\/rauchfrei.at\/en\/wp-json\/wp\/v2\/posts\/4313\/revisions"}],"predecessor-version":[{"id":4316,"href":"https:\/\/rauchfrei.at\/en\/wp-json\/wp\/v2\/posts\/4313\/revisions\/4316"}],"wp:attachment":[{"href":"https:\/\/rauchfrei.at\/en\/wp-json\/wp\/v2\/media?parent=4313"}],"wp:term":[{"taxonomy":"category","embeddable":true,"href":"https:\/\/rauchfrei.at\/en\/wp-json\/wp\/v2\/categories?post=4313"},{"taxonomy":"post_tag","embeddable":true,"href":"https:\/\/rauchfrei.at\/en\/wp-json\/wp\/v2\/tags?post=4313"}],"curies":[{"name":"wp","href":"https:\/\/api.w.org\/{rel}","templated":true}]}}