
{"id":4348,"date":"2013-06-07T12:04:38","date_gmt":"2013-06-07T10:04:38","guid":{"rendered":"http:\/\/rauchfrei.ipax.hosting\/?p=4348"},"modified":"2013-06-07T12:04:38","modified_gmt":"2013-06-07T10:04:38","slug":"streetbranding-und-julia-rauchfrei","status":"publish","type":"post","link":"https:\/\/rauchfrei.at\/en\/streetbranding-und-julia-rauchfrei\/","title":{"rendered":"Streetbranding und Julia rauchfrei"},"content":{"rendered":"<p>&nbsp;<\/p>\n<p>Weltnichtrauchertag &#8211; R\u00fcckblick<\/p>\n<p>&nbsp;<\/p>\n<p><strong>Streetbranding in St. P\u00f6lten<\/strong><\/p>\n<p>&nbsp;<\/p>\n<p>\u00a0<img loading=\"lazy\" decoding=\"async\" class=\"alignnone size-large wp-image-4358\" alt=\"Streetbranding\" src=\"https:\/\/rauchfrei.at\/wp-content\/uploads\/Streetbranding1-480x321.jpg\" width=\"480\" height=\"321\" srcset=\"https:\/\/rauchfrei.at\/wp-content\/uploads\/Streetbranding1-480x321.jpg 480w, https:\/\/rauchfrei.at\/wp-content\/uploads\/Streetbranding1-225x150.jpg 225w, https:\/\/rauchfrei.at\/wp-content\/uploads\/Streetbranding1.jpg 968w\" sizes=\"(max-width: 480px) 100vw, 480px\" \/><\/p>\n<p>&nbsp;<\/p>\n<p>Anl\u00e4sslich des Weltnichtrauchertages, der jedes Jahr am 31. Mai gefeiert wird, setzte das \u00d6sterreichweiter Rauchertelefon \u2013 im wahrsten Sinne des Wortes \u2013 Zeichen: mit Hochdruckreiniger und Rauchertelefon-Schablonen ging es bei eisigen Temperaturen in die St. P\u00f6ltner Innenstadt, um mit den Slogans <strong>\u201eRauchstopp? 0810 810 013\u201c<\/strong> und <strong>\u201eRauchfrei! Jetzt! 0810 810 013\u201c<\/strong> den Asphalt zu reinigen. Auch Gesundheitslandesrat Ing. Maurice Androsch und B\u00fcrgermeister Mag. Matthias Stadler setzen sich daf\u00fcr ein, dass rauchfrei sein und bleiben noch mehr \u201een vogue\u201c kommt. Gemeinsam mit Obmann KR Gerhard Hutter und Generaldirektor Mag. Jan Pazourek von der N\u00d6GKK s\u00e4uberten sie am Vormittag die Stra\u00dfen St. P\u00f6ltens mit der Rauchertelefonnummer. Die 0810 810 013 wird nun f\u00fcr einige Wochen den St. P\u00f6ltner Asphalt schm\u00fccken.<\/p>\n<p>&nbsp;<\/p>\n<p><strong>Julia rauchfrei<\/strong><\/p>\n<p>&nbsp;<\/p>\n<p>\u00a0<img loading=\"lazy\" decoding=\"async\" class=\"alignnone size-large wp-image-4366\" alt=\"Pressedinner_Julia_rauchfrei\" src=\"https:\/\/rauchfrei.at\/wp-content\/uploads\/Pressedinner_Julia_rauchfrei-480x321.jpg\" width=\"480\" height=\"321\" srcset=\"https:\/\/rauchfrei.at\/wp-content\/uploads\/Pressedinner_Julia_rauchfrei-480x321.jpg 480w, https:\/\/rauchfrei.at\/wp-content\/uploads\/Pressedinner_Julia_rauchfrei-225x150.jpg 225w, https:\/\/rauchfrei.at\/wp-content\/uploads\/Pressedinner_Julia_rauchfrei.jpg 968w\" sizes=\"(max-width: 480px) 100vw, 480px\" \/><\/p>\n<p>&nbsp;<\/p>\n<p>Bereits im J\u00e4nner 2013 lief die Kampagne <a href=\"http:\/\/www.juliarauchfrei.at\/\" target=\"_blank\">\u201eJulia rauchfrei\u201c<\/a> an, die anl\u00e4sslich des Weltnichtrauchertages bei einem Pressedinner im Mittelpunkt stand.<\/p>\n<p>&nbsp;<\/p>\n<p>Die interaktive Kampagne richtet sich vor allem an junge Frauen, eine Zielgruppe, in der sehr viele Raucherinnen zu finden sind. Julia \u2013 die Hauptperson der Kampagne \u2013 tauchte \u201evom Bildschirm heraus\u201c bei der Pressekonferenz auf und \u00fcberraschte die Anwesenden mit den Fakten zur Kampagne.<\/p>\n<p>&nbsp;<\/p>\n<p><strong>\u201eJulia rauchfrei\u201c m\u00f6chte auch \u00fcber den Weltnichtrauchertag hinaus weiter zur Rauchfreiheit animieren.<\/strong><\/p>\n","protected":false},"excerpt":{"rendered":"<p>Unter dem Motto \u201eDas war der Weltnichtrauchertag 2013\u201c m\u00f6chten wir in einem R\u00fcckblick die Aktionen des \u00d6sterreichweiten Rauchertelefons anl\u00e4sslich des Weltnichtrauchertages Revue passieren lassen.<\/p>\n","protected":false},"author":7,"featured_media":0,"comment_status":"open","ping_status":"open","sticky":false,"template":"","format":"standard","meta":{"_et_pb_use_builder":"","_et_pb_old_content":"","_et_gb_content_width":"","footnotes":""},"categories":[236],"tags":[104],"class_list":["post-4348","post","type-post","status-publish","format-standard","hentry","category-nicht-kategorisiert","tag-weltnichtrauchertag"],"yoast_head":"<!-- This site is optimized with the Yoast SEO plugin v26.2 - https:\/\/yoast.com\/wordpress\/plugins\/seo\/ -->\n<title>Streetbranding und Julia rauchfrei - Rauchfrei Telefon<\/title>\n<meta name=\"robots\" content=\"index, follow, max-snippet:-1, max-image-preview:large, max-video-preview:-1\" \/>\n<link rel=\"canonical\" href=\"https:\/\/rauchfrei.at\/streetbranding-und-julia-rauchfrei\/\" \/>\n<meta property=\"og:locale\" content=\"en_US\" \/>\n<meta property=\"og:type\" content=\"article\" \/>\n<meta property=\"og:title\" content=\"Streetbranding und Julia rauchfrei - Rauchfrei Telefon\" \/>\n<meta property=\"og:description\" content=\"Unter dem Motto \u201eDas war der Weltnichtrauchertag 2013\u201c m\u00f6chten wir in einem R\u00fcckblick die Aktionen des \u00d6sterreichweiten Rauchertelefons anl\u00e4sslich des Weltnichtrauchertages Revue passieren lassen.\" \/>\n<meta property=\"og:url\" content=\"https:\/\/rauchfrei.at\/streetbranding-und-julia-rauchfrei\/\" \/>\n<meta property=\"og:site_name\" content=\"Rauchfrei Telefon\" \/>\n<meta property=\"article:published_time\" content=\"2013-06-07T10:04:38+00:00\" \/>\n<meta property=\"og:image\" content=\"https:\/\/rauchfrei.at\/wp-content\/uploads\/Streetbranding1-480x321.jpg\" \/>\n<meta name=\"author\" content=\"Nina Heumayer\" \/>\n<meta name=\"twitter:card\" content=\"summary_large_image\" \/>\n<meta name=\"twitter:label1\" content=\"Written by\" \/>\n\t<meta name=\"twitter:data1\" content=\"Nina Heumayer\" \/>\n\t<meta name=\"twitter:label2\" content=\"Est. reading time\" \/>\n\t<meta name=\"twitter:data2\" content=\"1 minute\" \/>\n<script type=\"application\/ld+json\" class=\"yoast-schema-graph\">{\"@context\":\"https:\/\/schema.org\",\"@graph\":[{\"@type\":\"WebPage\",\"@id\":\"https:\/\/rauchfrei.at\/streetbranding-und-julia-rauchfrei\/\",\"url\":\"https:\/\/rauchfrei.at\/streetbranding-und-julia-rauchfrei\/\",\"name\":\"Streetbranding und Julia rauchfrei - Rauchfrei Telefon\",\"isPartOf\":{\"@id\":\"https:\/\/rauchfrei.at\/#website\"},\"primaryImageOfPage\":{\"@id\":\"https:\/\/rauchfrei.at\/streetbranding-und-julia-rauchfrei\/#primaryimage\"},\"image\":{\"@id\":\"https:\/\/rauchfrei.at\/streetbranding-und-julia-rauchfrei\/#primaryimage\"},\"thumbnailUrl\":\"https:\/\/rauchfrei.at\/wp-content\/uploads\/Streetbranding1-480x321.jpg\",\"datePublished\":\"2013-06-07T10:04:38+00:00\",\"author\":{\"@id\":\"https:\/\/rauchfrei.at\/#\/schema\/person\/6ba3adad8eb872b334787c24357473aa\"},\"inLanguage\":\"en-US\",\"potentialAction\":[{\"@type\":\"ReadAction\",\"target\":[\"https:\/\/rauchfrei.at\/streetbranding-und-julia-rauchfrei\/\"]}]},{\"@type\":\"ImageObject\",\"inLanguage\":\"en-US\",\"@id\":\"https:\/\/rauchfrei.at\/streetbranding-und-julia-rauchfrei\/#primaryimage\",\"url\":\"https:\/\/rauchfrei.at\/wp-content\/uploads\/Streetbranding1-480x321.jpg\",\"contentUrl\":\"https:\/\/rauchfrei.at\/wp-content\/uploads\/Streetbranding1-480x321.jpg\"},{\"@type\":\"WebSite\",\"@id\":\"https:\/\/rauchfrei.at\/#website\",\"url\":\"https:\/\/rauchfrei.at\/\",\"name\":\"Rauchfrei Telefon\",\"description\":\"Eine \u00f6sterreichweite Initiative der Sozialversicherungen.\",\"potentialAction\":[{\"@type\":\"SearchAction\",\"target\":{\"@type\":\"EntryPoint\",\"urlTemplate\":\"https:\/\/rauchfrei.at\/?s={search_term_string}\"},\"query-input\":{\"@type\":\"PropertyValueSpecification\",\"valueRequired\":true,\"valueName\":\"search_term_string\"}}],\"inLanguage\":\"en-US\"},{\"@type\":\"Person\",\"@id\":\"https:\/\/rauchfrei.at\/#\/schema\/person\/6ba3adad8eb872b334787c24357473aa\",\"name\":\"Nina Heumayer\",\"image\":{\"@type\":\"ImageObject\",\"inLanguage\":\"en-US\",\"@id\":\"https:\/\/rauchfrei.at\/#\/schema\/person\/image\/\",\"url\":\"https:\/\/secure.gravatar.com\/avatar\/0980a970ceeb24db5798b86faac2035236ffa2f49daf0e59474baef797676711?s=96&d=mm&r=g\",\"contentUrl\":\"https:\/\/secure.gravatar.com\/avatar\/0980a970ceeb24db5798b86faac2035236ffa2f49daf0e59474baef797676711?s=96&d=mm&r=g\",\"caption\":\"Nina Heumayer\"},\"url\":\"https:\/\/rauchfrei.at\/en\/author\/heumayer\/\"}]}<\/script>\n<!-- \/ Yoast SEO plugin. -->","yoast_head_json":{"title":"Streetbranding und Julia rauchfrei - Rauchfrei Telefon","robots":{"index":"index","follow":"follow","max-snippet":"max-snippet:-1","max-image-preview":"max-image-preview:large","max-video-preview":"max-video-preview:-1"},"canonical":"https:\/\/rauchfrei.at\/streetbranding-und-julia-rauchfrei\/","og_locale":"en_US","og_type":"article","og_title":"Streetbranding und Julia rauchfrei - Rauchfrei Telefon","og_description":"Unter dem Motto \u201eDas war der Weltnichtrauchertag 2013\u201c m\u00f6chten wir in einem R\u00fcckblick die Aktionen des \u00d6sterreichweiten Rauchertelefons anl\u00e4sslich des Weltnichtrauchertages Revue passieren lassen.","og_url":"https:\/\/rauchfrei.at\/streetbranding-und-julia-rauchfrei\/","og_site_name":"Rauchfrei Telefon","article_published_time":"2013-06-07T10:04:38+00:00","og_image":[{"url":"https:\/\/rauchfrei.at\/wp-content\/uploads\/Streetbranding1-480x321.jpg","type":"","width":"","height":""}],"author":"Nina Heumayer","twitter_card":"summary_large_image","twitter_misc":{"Written by":"Nina Heumayer","Est. reading time":"1 minute"},"schema":{"@context":"https:\/\/schema.org","@graph":[{"@type":"WebPage","@id":"https:\/\/rauchfrei.at\/streetbranding-und-julia-rauchfrei\/","url":"https:\/\/rauchfrei.at\/streetbranding-und-julia-rauchfrei\/","name":"Streetbranding und Julia rauchfrei - Rauchfrei Telefon","isPartOf":{"@id":"https:\/\/rauchfrei.at\/#website"},"primaryImageOfPage":{"@id":"https:\/\/rauchfrei.at\/streetbranding-und-julia-rauchfrei\/#primaryimage"},"image":{"@id":"https:\/\/rauchfrei.at\/streetbranding-und-julia-rauchfrei\/#primaryimage"},"thumbnailUrl":"https:\/\/rauchfrei.at\/wp-content\/uploads\/Streetbranding1-480x321.jpg","datePublished":"2013-06-07T10:04:38+00:00","author":{"@id":"https:\/\/rauchfrei.at\/#\/schema\/person\/6ba3adad8eb872b334787c24357473aa"},"inLanguage":"en-US","potentialAction":[{"@type":"ReadAction","target":["https:\/\/rauchfrei.at\/streetbranding-und-julia-rauchfrei\/"]}]},{"@type":"ImageObject","inLanguage":"en-US","@id":"https:\/\/rauchfrei.at\/streetbranding-und-julia-rauchfrei\/#primaryimage","url":"https:\/\/rauchfrei.at\/wp-content\/uploads\/Streetbranding1-480x321.jpg","contentUrl":"https:\/\/rauchfrei.at\/wp-content\/uploads\/Streetbranding1-480x321.jpg"},{"@type":"WebSite","@id":"https:\/\/rauchfrei.at\/#website","url":"https:\/\/rauchfrei.at\/","name":"Rauchfrei Telefon","description":"Eine \u00f6sterreichweite Initiative der Sozialversicherungen.","potentialAction":[{"@type":"SearchAction","target":{"@type":"EntryPoint","urlTemplate":"https:\/\/rauchfrei.at\/?s={search_term_string}"},"query-input":{"@type":"PropertyValueSpecification","valueRequired":true,"valueName":"search_term_string"}}],"inLanguage":"en-US"},{"@type":"Person","@id":"https:\/\/rauchfrei.at\/#\/schema\/person\/6ba3adad8eb872b334787c24357473aa","name":"Nina Heumayer","image":{"@type":"ImageObject","inLanguage":"en-US","@id":"https:\/\/rauchfrei.at\/#\/schema\/person\/image\/","url":"https:\/\/secure.gravatar.com\/avatar\/0980a970ceeb24db5798b86faac2035236ffa2f49daf0e59474baef797676711?s=96&d=mm&r=g","contentUrl":"https:\/\/secure.gravatar.com\/avatar\/0980a970ceeb24db5798b86faac2035236ffa2f49daf0e59474baef797676711?s=96&d=mm&r=g","caption":"Nina Heumayer"},"url":"https:\/\/rauchfrei.at\/en\/author\/heumayer\/"}]}},"_links":{"self":[{"href":"https:\/\/rauchfrei.at\/en\/wp-json\/wp\/v2\/posts\/4348","targetHints":{"allow":["GET"]}}],"collection":[{"href":"https:\/\/rauchfrei.at\/en\/wp-json\/wp\/v2\/posts"}],"about":[{"href":"https:\/\/rauchfrei.at\/en\/wp-json\/wp\/v2\/types\/post"}],"author":[{"embeddable":true,"href":"https:\/\/rauchfrei.at\/en\/wp-json\/wp\/v2\/users\/7"}],"replies":[{"embeddable":true,"href":"https:\/\/rauchfrei.at\/en\/wp-json\/wp\/v2\/comments?post=4348"}],"version-history":[{"count":5,"href":"https:\/\/rauchfrei.at\/en\/wp-json\/wp\/v2\/posts\/4348\/revisions"}],"predecessor-version":[{"id":4376,"href":"https:\/\/rauchfrei.at\/en\/wp-json\/wp\/v2\/posts\/4348\/revisions\/4376"}],"wp:attachment":[{"href":"https:\/\/rauchfrei.at\/en\/wp-json\/wp\/v2\/media?parent=4348"}],"wp:term":[{"taxonomy":"category","embeddable":true,"href":"https:\/\/rauchfrei.at\/en\/wp-json\/wp\/v2\/categories?post=4348"},{"taxonomy":"post_tag","embeddable":true,"href":"https:\/\/rauchfrei.at\/en\/wp-json\/wp\/v2\/tags?post=4348"}],"curies":[{"name":"wp","href":"https:\/\/api.w.org\/{rel}","templated":true}]}}