
{"id":4402,"date":"2013-06-21T17:47:59","date_gmt":"2013-06-21T15:47:59","guid":{"rendered":"http:\/\/rauchfrei.ipax.hosting\/?p=4402"},"modified":"2013-06-21T17:47:59","modified_gmt":"2013-06-21T15:47:59","slug":"rauchfrei-im-sommer","status":"publish","type":"post","link":"https:\/\/rauchfrei.at\/en\/rauchfrei-im-sommer\/","title":{"rendered":"Rauchfrei im Sommer"},"content":{"rendered":"<p>&nbsp;<\/p>\n<p>Die Sommerzeit, die warmen Temperaturen, frisches Obst und Gem\u00fcse, Urlaube, im Freien sein k\u00f6nnen \u2026 der Sommer ist f\u00fcr viele Menschen Zeit f\u00fcr Erholung und Zeit f\u00fcr Genuss. <strong>Mit einem Rauchstopp im Sommer k\u00f6nnen Sie Ihrem K\u00f6rper die lang ersehnte Erholung von Gift- und Schadstoffen langfristig schenken<\/strong>. Die Regeneration setzt gleich nach der letzten gerauchten Zigarette ein &#8211; innerhalb weniger Tage k\u00f6nnen Sie die positiven Auswirkungen des Rauchstopps sp\u00fcren. Und im Sommer macht das besonders viel Freude \u00a0\ud83d\ude09<\/p>\n<p>&nbsp;<\/p>\n<p><strong>Radfahren, Schwimmen, Spazierg\u00e4nge<\/strong> in lauen Sommern\u00e4chten und andere Sport- und Bewegungsarten bieten die M\u00f6glichkeit, die <strong>verbesserte Kondition<\/strong> nach dem Rauchstopp und das <strong>\u201eMehr an Luft\u201c<\/strong> gleich auszutesten und zu <strong>genie\u00dfen<\/strong>.<\/p>\n<p>&nbsp;<\/p>\n<p>Gerade im Sommer ist die <strong>Haut<\/strong> durch die Sonneneinstrahlung ohnehin schon sehr belastet und <strong>wird sehr dankbar \u00fcber den Rauchstopp sein<\/strong>. Sie kann nach dem Rauchstopp wieder optimal mit N\u00e4hrstoffen und Sauerstoff versorgt werden und erstrahlt in neuem Glanz.<\/p>\n<p>&nbsp;<\/p>\n<p><strong>Speziell im Sommer ist das Angebot an <strong>frischen Nahrungsmitteln<\/strong> gro\u00df. Sommerliche Gerichte<\/strong> und nat\u00fcrlich auch Eis werden dank des sich regenerierenden Geschmacks- und Geruchssinns zum neuen Sinneserlebnis.\u00a0<\/p>\n<p>&nbsp;<\/p>\n<p>Der <strong>Urlaub und die Distanz zum Alltag<\/strong> k\u00f6nnen sehr hilfreich sein, um alte <strong>Gewohnheiten hinter <\/strong>sich zu<strong> lassen <\/strong>und neue Rituale auszuprobieren. Im Alltag zur\u00fcck, k\u00f6nnen Sie mit mehr Sicherheit und Vertrauen in die eigenen F\u00e4higkeiten weiterhin rauchfrei bleiben.<\/p>\n<p>&nbsp;<\/p>\n<p><strong>Also &#8220;nichts wie ran&#8221;: n\u00fctzen Sie die Sommerzeit f\u00fcr Ihren Rauchstopp!<\/strong><\/p>\n","protected":false},"excerpt":{"rendered":"<p>Der Sommer ist da! Und mit ihm Sonne, W\u00e4rme, Erholung \u2026 Eine ganz besondere Art der Erholung schenken Sie sich und ihrem K\u00f6rper, wenn Sie rauchfrei werden! Lesen Sie hier, wie Ihnen der Sommer bei Ihrem Rauchstopp helfen kann.<\/p>\n","protected":false},"author":7,"featured_media":0,"comment_status":"open","ping_status":"open","sticky":false,"template":"","format":"standard","meta":{"_et_pb_use_builder":"","_et_pb_old_content":"","_et_gb_content_width":"","footnotes":""},"categories":[236],"tags":[105],"class_list":["post-4402","post","type-post","status-publish","format-standard","hentry","category-nicht-kategorisiert","tag-rauchfrei-im-sommer"],"yoast_head":"<!-- This site is optimized with the Yoast SEO plugin v26.2 - https:\/\/yoast.com\/wordpress\/plugins\/seo\/ -->\n<title>Rauchfrei im Sommer - Rauchfrei Telefon<\/title>\n<meta name=\"robots\" content=\"index, follow, max-snippet:-1, max-image-preview:large, max-video-preview:-1\" \/>\n<link rel=\"canonical\" href=\"https:\/\/rauchfrei.at\/rauchfrei-im-sommer\/\" \/>\n<meta property=\"og:locale\" content=\"en_US\" \/>\n<meta property=\"og:type\" content=\"article\" \/>\n<meta property=\"og:title\" content=\"Rauchfrei im Sommer - Rauchfrei Telefon\" \/>\n<meta property=\"og:description\" content=\"Der Sommer ist da! Und mit ihm Sonne, W\u00e4rme, Erholung \u2026 Eine ganz besondere Art der Erholung schenken Sie sich und ihrem K\u00f6rper, wenn Sie rauchfrei werden! Lesen Sie hier, wie Ihnen der Sommer bei Ihrem Rauchstopp helfen kann.\" \/>\n<meta property=\"og:url\" content=\"https:\/\/rauchfrei.at\/rauchfrei-im-sommer\/\" \/>\n<meta property=\"og:site_name\" content=\"Rauchfrei Telefon\" \/>\n<meta property=\"article:published_time\" content=\"2013-06-21T15:47:59+00:00\" \/>\n<meta name=\"author\" content=\"Nina Heumayer\" \/>\n<meta name=\"twitter:card\" content=\"summary_large_image\" \/>\n<meta name=\"twitter:label1\" content=\"Written by\" \/>\n\t<meta name=\"twitter:data1\" content=\"Nina Heumayer\" \/>\n\t<meta name=\"twitter:label2\" content=\"Est. reading time\" \/>\n\t<meta name=\"twitter:data2\" content=\"1 minute\" \/>\n<script type=\"application\/ld+json\" class=\"yoast-schema-graph\">{\"@context\":\"https:\/\/schema.org\",\"@graph\":[{\"@type\":\"WebPage\",\"@id\":\"https:\/\/rauchfrei.at\/rauchfrei-im-sommer\/\",\"url\":\"https:\/\/rauchfrei.at\/rauchfrei-im-sommer\/\",\"name\":\"Rauchfrei im Sommer - Rauchfrei Telefon\",\"isPartOf\":{\"@id\":\"https:\/\/rauchfrei.at\/#website\"},\"datePublished\":\"2013-06-21T15:47:59+00:00\",\"author\":{\"@id\":\"https:\/\/rauchfrei.at\/#\/schema\/person\/6ba3adad8eb872b334787c24357473aa\"},\"inLanguage\":\"en-US\",\"potentialAction\":[{\"@type\":\"ReadAction\",\"target\":[\"https:\/\/rauchfrei.at\/rauchfrei-im-sommer\/\"]}]},{\"@type\":\"WebSite\",\"@id\":\"https:\/\/rauchfrei.at\/#website\",\"url\":\"https:\/\/rauchfrei.at\/\",\"name\":\"Rauchfrei Telefon\",\"description\":\"Eine \u00f6sterreichweite Initiative der Sozialversicherungen.\",\"potentialAction\":[{\"@type\":\"SearchAction\",\"target\":{\"@type\":\"EntryPoint\",\"urlTemplate\":\"https:\/\/rauchfrei.at\/?s={search_term_string}\"},\"query-input\":{\"@type\":\"PropertyValueSpecification\",\"valueRequired\":true,\"valueName\":\"search_term_string\"}}],\"inLanguage\":\"en-US\"},{\"@type\":\"Person\",\"@id\":\"https:\/\/rauchfrei.at\/#\/schema\/person\/6ba3adad8eb872b334787c24357473aa\",\"name\":\"Nina Heumayer\",\"image\":{\"@type\":\"ImageObject\",\"inLanguage\":\"en-US\",\"@id\":\"https:\/\/rauchfrei.at\/#\/schema\/person\/image\/\",\"url\":\"https:\/\/secure.gravatar.com\/avatar\/0980a970ceeb24db5798b86faac2035236ffa2f49daf0e59474baef797676711?s=96&d=mm&r=g\",\"contentUrl\":\"https:\/\/secure.gravatar.com\/avatar\/0980a970ceeb24db5798b86faac2035236ffa2f49daf0e59474baef797676711?s=96&d=mm&r=g\",\"caption\":\"Nina Heumayer\"},\"url\":\"https:\/\/rauchfrei.at\/en\/author\/heumayer\/\"}]}<\/script>\n<!-- \/ Yoast SEO plugin. -->","yoast_head_json":{"title":"Rauchfrei im Sommer - Rauchfrei Telefon","robots":{"index":"index","follow":"follow","max-snippet":"max-snippet:-1","max-image-preview":"max-image-preview:large","max-video-preview":"max-video-preview:-1"},"canonical":"https:\/\/rauchfrei.at\/rauchfrei-im-sommer\/","og_locale":"en_US","og_type":"article","og_title":"Rauchfrei im Sommer - Rauchfrei Telefon","og_description":"Der Sommer ist da! Und mit ihm Sonne, W\u00e4rme, Erholung \u2026 Eine ganz besondere Art der Erholung schenken Sie sich und ihrem K\u00f6rper, wenn Sie rauchfrei werden! Lesen Sie hier, wie Ihnen der Sommer bei Ihrem Rauchstopp helfen kann.","og_url":"https:\/\/rauchfrei.at\/rauchfrei-im-sommer\/","og_site_name":"Rauchfrei Telefon","article_published_time":"2013-06-21T15:47:59+00:00","author":"Nina Heumayer","twitter_card":"summary_large_image","twitter_misc":{"Written by":"Nina Heumayer","Est. reading time":"1 minute"},"schema":{"@context":"https:\/\/schema.org","@graph":[{"@type":"WebPage","@id":"https:\/\/rauchfrei.at\/rauchfrei-im-sommer\/","url":"https:\/\/rauchfrei.at\/rauchfrei-im-sommer\/","name":"Rauchfrei im Sommer - Rauchfrei Telefon","isPartOf":{"@id":"https:\/\/rauchfrei.at\/#website"},"datePublished":"2013-06-21T15:47:59+00:00","author":{"@id":"https:\/\/rauchfrei.at\/#\/schema\/person\/6ba3adad8eb872b334787c24357473aa"},"inLanguage":"en-US","potentialAction":[{"@type":"ReadAction","target":["https:\/\/rauchfrei.at\/rauchfrei-im-sommer\/"]}]},{"@type":"WebSite","@id":"https:\/\/rauchfrei.at\/#website","url":"https:\/\/rauchfrei.at\/","name":"Rauchfrei Telefon","description":"Eine \u00f6sterreichweite Initiative der Sozialversicherungen.","potentialAction":[{"@type":"SearchAction","target":{"@type":"EntryPoint","urlTemplate":"https:\/\/rauchfrei.at\/?s={search_term_string}"},"query-input":{"@type":"PropertyValueSpecification","valueRequired":true,"valueName":"search_term_string"}}],"inLanguage":"en-US"},{"@type":"Person","@id":"https:\/\/rauchfrei.at\/#\/schema\/person\/6ba3adad8eb872b334787c24357473aa","name":"Nina Heumayer","image":{"@type":"ImageObject","inLanguage":"en-US","@id":"https:\/\/rauchfrei.at\/#\/schema\/person\/image\/","url":"https:\/\/secure.gravatar.com\/avatar\/0980a970ceeb24db5798b86faac2035236ffa2f49daf0e59474baef797676711?s=96&d=mm&r=g","contentUrl":"https:\/\/secure.gravatar.com\/avatar\/0980a970ceeb24db5798b86faac2035236ffa2f49daf0e59474baef797676711?s=96&d=mm&r=g","caption":"Nina Heumayer"},"url":"https:\/\/rauchfrei.at\/en\/author\/heumayer\/"}]}},"_links":{"self":[{"href":"https:\/\/rauchfrei.at\/en\/wp-json\/wp\/v2\/posts\/4402","targetHints":{"allow":["GET"]}}],"collection":[{"href":"https:\/\/rauchfrei.at\/en\/wp-json\/wp\/v2\/posts"}],"about":[{"href":"https:\/\/rauchfrei.at\/en\/wp-json\/wp\/v2\/types\/post"}],"author":[{"embeddable":true,"href":"https:\/\/rauchfrei.at\/en\/wp-json\/wp\/v2\/users\/7"}],"replies":[{"embeddable":true,"href":"https:\/\/rauchfrei.at\/en\/wp-json\/wp\/v2\/comments?post=4402"}],"version-history":[{"count":5,"href":"https:\/\/rauchfrei.at\/en\/wp-json\/wp\/v2\/posts\/4402\/revisions"}],"predecessor-version":[{"id":4423,"href":"https:\/\/rauchfrei.at\/en\/wp-json\/wp\/v2\/posts\/4402\/revisions\/4423"}],"wp:attachment":[{"href":"https:\/\/rauchfrei.at\/en\/wp-json\/wp\/v2\/media?parent=4402"}],"wp:term":[{"taxonomy":"category","embeddable":true,"href":"https:\/\/rauchfrei.at\/en\/wp-json\/wp\/v2\/categories?post=4402"},{"taxonomy":"post_tag","embeddable":true,"href":"https:\/\/rauchfrei.at\/en\/wp-json\/wp\/v2\/tags?post=4402"}],"curies":[{"name":"wp","href":"https:\/\/api.w.org\/{rel}","templated":true}]}}