
{"id":4438,"date":"2013-07-05T12:22:39","date_gmt":"2013-07-05T10:22:39","guid":{"rendered":"http:\/\/rauchfrei.ipax.hosting\/?p=4438"},"modified":"2013-07-05T12:22:39","modified_gmt":"2013-07-05T10:22:39","slug":"jugendlich-rauchfrei-in-den-sommerferien","status":"publish","type":"post","link":"https:\/\/rauchfrei.at\/en\/jugendlich-rauchfrei-in-den-sommerferien\/","title":{"rendered":"Jugendlich rauchfrei in den Sommerferien"},"content":{"rendered":"<p>&nbsp;<\/p>\n<p>Die Schulferien haben begonnen und damit viel freie Zeit f\u00fcr unsere\u00a0Sch\u00fcler\/innen. Zeit, die im Frei- oder Strandbad, am See, auf Ferienlager, in den Bergen, auf Festivals, diversen Veranstaltungen etc. verbracht wird. Zeit, die auch von Raucher\/innen und Gelegenheitsraucher\/innen\u00a0gut gen\u00fctzt werden kann, um rauchfrei zu werden, denn der <strong>Alltags- und Schulstress entf\u00e4llt<\/strong> gr\u00f6\u00dftenteils f\u00fcr zwei Monate.<\/p>\n<p>&nbsp;<\/p>\n<p>Au\u00dferdem bietet der Sommer <strong>viele M\u00f6glichkeiten, sich abzulenken.<\/strong><\/p>\n<p>&nbsp;<\/p>\n<p>Hier das <strong>\u201ebest of\u201c<\/strong> unserer jugendlichen Anrufer\/innen, um sich abzulenken:<\/p>\n<p>&nbsp;<\/p>\n<ul>\n<li>Musik h\u00f6ren<\/li>\n<li>Spiele-App aufs Handy laden<\/li>\n<li>Freunde treffen<\/li>\n<li>Chillen<\/li>\n<li>Social Media nutzen<\/li>\n<li>N\u00e4gel lackieren<\/li>\n<li>Jonglieren<\/li>\n<li>Skateboarden<\/li>\n<li>Gewicht heben<\/li>\n<li>Laufen<\/li>\n<li>lange schlafen<\/li>\n<li>Radfahren<\/li>\n<li>Waveboarden<\/li>\n<\/ul>\n<p>&nbsp;<\/p>\n<p>Wenn auch Du einen Tipp f\u00fcr andere Jugendliche hast, die rauchfrei werden wollen, poste ihn hier oder ruf uns unter 0810 810 013 an!<\/p>\n<p>&nbsp;<\/p>\n<p>Rauchfrei unterwegs hast Du auf jeden Fall jede Menge <a href=\"https:\/\/rauchfrei.at\/jung-und-rauchfrei\/deine-gewinne\/\">Vorteile<\/a>.<\/p>\n","protected":false},"excerpt":{"rendered":"<p>F\u00fcr einen Teil der \u00f6sterreichischen Jugendlichen hat die Ferienzeit bereits begonnen. Bald folgen auch alle weiteren Bundesl\u00e4nder. Beim Rauchertelefon merken wir den Beginn der Ferien durch viele jugendliche Anruferinnen und Anrufer, die sich erste Infos f\u00fcr ihren Rauchstopp holen. \u00dcberlegst auch du, rauchfrei zu werden? Hier einige Tipps&#8230;<\/p>\n","protected":false},"author":7,"featured_media":0,"comment_status":"open","ping_status":"open","sticky":false,"template":"","format":"standard","meta":{"_et_pb_use_builder":"","_et_pb_old_content":"","_et_gb_content_width":"","footnotes":""},"categories":[236],"tags":[],"class_list":["post-4438","post","type-post","status-publish","format-standard","hentry","category-nicht-kategorisiert"],"yoast_head":"<!-- This site is optimized with the Yoast SEO plugin v26.2 - https:\/\/yoast.com\/wordpress\/plugins\/seo\/ -->\n<title>Jugendlich rauchfrei in den Sommerferien - Rauchfrei Telefon<\/title>\n<meta name=\"robots\" content=\"index, follow, max-snippet:-1, max-image-preview:large, max-video-preview:-1\" \/>\n<link rel=\"canonical\" href=\"https:\/\/rauchfrei.at\/jugendlich-rauchfrei-in-den-sommerferien\/\" \/>\n<meta property=\"og:locale\" content=\"en_US\" \/>\n<meta property=\"og:type\" content=\"article\" \/>\n<meta property=\"og:title\" content=\"Jugendlich rauchfrei in den Sommerferien - Rauchfrei Telefon\" \/>\n<meta property=\"og:description\" content=\"F\u00fcr einen Teil der \u00f6sterreichischen Jugendlichen hat die Ferienzeit bereits begonnen. Bald folgen auch alle weiteren Bundesl\u00e4nder. Beim Rauchertelefon merken wir den Beginn der Ferien durch viele jugendliche Anruferinnen und Anrufer, die sich erste Infos f\u00fcr ihren Rauchstopp holen. \u00dcberlegst auch du, rauchfrei zu werden? Hier einige Tipps...\" \/>\n<meta property=\"og:url\" content=\"https:\/\/rauchfrei.at\/jugendlich-rauchfrei-in-den-sommerferien\/\" \/>\n<meta property=\"og:site_name\" content=\"Rauchfrei Telefon\" \/>\n<meta property=\"article:published_time\" content=\"2013-07-05T10:22:39+00:00\" \/>\n<meta name=\"author\" content=\"Nina Heumayer\" \/>\n<meta name=\"twitter:card\" content=\"summary_large_image\" \/>\n<meta name=\"twitter:label1\" content=\"Written by\" \/>\n\t<meta name=\"twitter:data1\" content=\"Nina Heumayer\" \/>\n\t<meta name=\"twitter:label2\" content=\"Est. reading time\" \/>\n\t<meta name=\"twitter:data2\" content=\"1 minute\" \/>\n<script type=\"application\/ld+json\" class=\"yoast-schema-graph\">{\"@context\":\"https:\/\/schema.org\",\"@graph\":[{\"@type\":\"WebPage\",\"@id\":\"https:\/\/rauchfrei.at\/jugendlich-rauchfrei-in-den-sommerferien\/\",\"url\":\"https:\/\/rauchfrei.at\/jugendlich-rauchfrei-in-den-sommerferien\/\",\"name\":\"Jugendlich rauchfrei in den Sommerferien - Rauchfrei Telefon\",\"isPartOf\":{\"@id\":\"https:\/\/rauchfrei.at\/#website\"},\"datePublished\":\"2013-07-05T10:22:39+00:00\",\"author\":{\"@id\":\"https:\/\/rauchfrei.at\/#\/schema\/person\/6ba3adad8eb872b334787c24357473aa\"},\"inLanguage\":\"en-US\",\"potentialAction\":[{\"@type\":\"ReadAction\",\"target\":[\"https:\/\/rauchfrei.at\/jugendlich-rauchfrei-in-den-sommerferien\/\"]}]},{\"@type\":\"WebSite\",\"@id\":\"https:\/\/rauchfrei.at\/#website\",\"url\":\"https:\/\/rauchfrei.at\/\",\"name\":\"Rauchfrei Telefon\",\"description\":\"Eine \u00f6sterreichweite Initiative der Sozialversicherungen.\",\"potentialAction\":[{\"@type\":\"SearchAction\",\"target\":{\"@type\":\"EntryPoint\",\"urlTemplate\":\"https:\/\/rauchfrei.at\/?s={search_term_string}\"},\"query-input\":{\"@type\":\"PropertyValueSpecification\",\"valueRequired\":true,\"valueName\":\"search_term_string\"}}],\"inLanguage\":\"en-US\"},{\"@type\":\"Person\",\"@id\":\"https:\/\/rauchfrei.at\/#\/schema\/person\/6ba3adad8eb872b334787c24357473aa\",\"name\":\"Nina Heumayer\",\"image\":{\"@type\":\"ImageObject\",\"inLanguage\":\"en-US\",\"@id\":\"https:\/\/rauchfrei.at\/#\/schema\/person\/image\/\",\"url\":\"https:\/\/secure.gravatar.com\/avatar\/0980a970ceeb24db5798b86faac2035236ffa2f49daf0e59474baef797676711?s=96&d=mm&r=g\",\"contentUrl\":\"https:\/\/secure.gravatar.com\/avatar\/0980a970ceeb24db5798b86faac2035236ffa2f49daf0e59474baef797676711?s=96&d=mm&r=g\",\"caption\":\"Nina Heumayer\"},\"url\":\"https:\/\/rauchfrei.at\/en\/author\/heumayer\/\"}]}<\/script>\n<!-- \/ Yoast SEO plugin. -->","yoast_head_json":{"title":"Jugendlich rauchfrei in den Sommerferien - Rauchfrei Telefon","robots":{"index":"index","follow":"follow","max-snippet":"max-snippet:-1","max-image-preview":"max-image-preview:large","max-video-preview":"max-video-preview:-1"},"canonical":"https:\/\/rauchfrei.at\/jugendlich-rauchfrei-in-den-sommerferien\/","og_locale":"en_US","og_type":"article","og_title":"Jugendlich rauchfrei in den Sommerferien - Rauchfrei Telefon","og_description":"F\u00fcr einen Teil der \u00f6sterreichischen Jugendlichen hat die Ferienzeit bereits begonnen. Bald folgen auch alle weiteren Bundesl\u00e4nder. Beim Rauchertelefon merken wir den Beginn der Ferien durch viele jugendliche Anruferinnen und Anrufer, die sich erste Infos f\u00fcr ihren Rauchstopp holen. \u00dcberlegst auch du, rauchfrei zu werden? Hier einige Tipps...","og_url":"https:\/\/rauchfrei.at\/jugendlich-rauchfrei-in-den-sommerferien\/","og_site_name":"Rauchfrei Telefon","article_published_time":"2013-07-05T10:22:39+00:00","author":"Nina Heumayer","twitter_card":"summary_large_image","twitter_misc":{"Written by":"Nina Heumayer","Est. reading time":"1 minute"},"schema":{"@context":"https:\/\/schema.org","@graph":[{"@type":"WebPage","@id":"https:\/\/rauchfrei.at\/jugendlich-rauchfrei-in-den-sommerferien\/","url":"https:\/\/rauchfrei.at\/jugendlich-rauchfrei-in-den-sommerferien\/","name":"Jugendlich rauchfrei in den Sommerferien - Rauchfrei Telefon","isPartOf":{"@id":"https:\/\/rauchfrei.at\/#website"},"datePublished":"2013-07-05T10:22:39+00:00","author":{"@id":"https:\/\/rauchfrei.at\/#\/schema\/person\/6ba3adad8eb872b334787c24357473aa"},"inLanguage":"en-US","potentialAction":[{"@type":"ReadAction","target":["https:\/\/rauchfrei.at\/jugendlich-rauchfrei-in-den-sommerferien\/"]}]},{"@type":"WebSite","@id":"https:\/\/rauchfrei.at\/#website","url":"https:\/\/rauchfrei.at\/","name":"Rauchfrei Telefon","description":"Eine \u00f6sterreichweite Initiative der Sozialversicherungen.","potentialAction":[{"@type":"SearchAction","target":{"@type":"EntryPoint","urlTemplate":"https:\/\/rauchfrei.at\/?s={search_term_string}"},"query-input":{"@type":"PropertyValueSpecification","valueRequired":true,"valueName":"search_term_string"}}],"inLanguage":"en-US"},{"@type":"Person","@id":"https:\/\/rauchfrei.at\/#\/schema\/person\/6ba3adad8eb872b334787c24357473aa","name":"Nina Heumayer","image":{"@type":"ImageObject","inLanguage":"en-US","@id":"https:\/\/rauchfrei.at\/#\/schema\/person\/image\/","url":"https:\/\/secure.gravatar.com\/avatar\/0980a970ceeb24db5798b86faac2035236ffa2f49daf0e59474baef797676711?s=96&d=mm&r=g","contentUrl":"https:\/\/secure.gravatar.com\/avatar\/0980a970ceeb24db5798b86faac2035236ffa2f49daf0e59474baef797676711?s=96&d=mm&r=g","caption":"Nina Heumayer"},"url":"https:\/\/rauchfrei.at\/en\/author\/heumayer\/"}]}},"_links":{"self":[{"href":"https:\/\/rauchfrei.at\/en\/wp-json\/wp\/v2\/posts\/4438","targetHints":{"allow":["GET"]}}],"collection":[{"href":"https:\/\/rauchfrei.at\/en\/wp-json\/wp\/v2\/posts"}],"about":[{"href":"https:\/\/rauchfrei.at\/en\/wp-json\/wp\/v2\/types\/post"}],"author":[{"embeddable":true,"href":"https:\/\/rauchfrei.at\/en\/wp-json\/wp\/v2\/users\/7"}],"replies":[{"embeddable":true,"href":"https:\/\/rauchfrei.at\/en\/wp-json\/wp\/v2\/comments?post=4438"}],"version-history":[{"count":5,"href":"https:\/\/rauchfrei.at\/en\/wp-json\/wp\/v2\/posts\/4438\/revisions"}],"predecessor-version":[{"id":4452,"href":"https:\/\/rauchfrei.at\/en\/wp-json\/wp\/v2\/posts\/4438\/revisions\/4452"}],"wp:attachment":[{"href":"https:\/\/rauchfrei.at\/en\/wp-json\/wp\/v2\/media?parent=4438"}],"wp:term":[{"taxonomy":"category","embeddable":true,"href":"https:\/\/rauchfrei.at\/en\/wp-json\/wp\/v2\/categories?post=4438"},{"taxonomy":"post_tag","embeddable":true,"href":"https:\/\/rauchfrei.at\/en\/wp-json\/wp\/v2\/tags?post=4438"}],"curies":[{"name":"wp","href":"https:\/\/api.w.org\/{rel}","templated":true}]}}