
{"id":4487,"date":"2013-07-26T15:09:42","date_gmt":"2013-07-26T13:09:42","guid":{"rendered":"http:\/\/rauchfrei.ipax.hosting\/?p=4487"},"modified":"2013-07-26T15:09:42","modified_gmt":"2013-07-26T13:09:42","slug":"wieder-frei-atmen-in-vorarlberg","status":"publish","type":"post","link":"https:\/\/rauchfrei.at\/en\/wieder-frei-atmen-in-vorarlberg\/","title":{"rendered":"\u201eWieder frei atmen\u201c in Vorarlberg"},"content":{"rendered":"<h1>\u201eWieder frei atmen\u201c \u2026 Auf dem Weg zum Nichtraucher \u2026\u201c<\/h1>\n<p>&nbsp;<\/p>\n<p>Die <strong>neue Initiative zur Raucherentw\u00f6hnung<\/strong> der Vorarlberger Gebietskrankenkasse, des Landes Vorarlberg sowie der Stiftung Maria Ebene<strong> in Vorarlberg<\/strong>, richtet sich an alle entw\u00f6hnungsinteressierten Raucher\/innen, die bei der VGKK, der SVA, der SVB oder der BVA versichert sind.<\/p>\n<p>&nbsp;<\/p>\n<p>Neu ist die Einrichtung einer<strong> zentralen Anlaufstelle bei der Vorarlberger Gebietskrankenkasse<\/strong>. Diese wird von Frau Carolin Amann betreut (<strong>Erreichbarkeit<\/strong>: telefonisch unter 050 8455-1655 oder per Email unter <a href=\"mailto:nichtrauchen@vgkk.at\">nichtrauchen@vgkk.at<\/a>).<\/p>\n<p>&nbsp;<\/p>\n<p>Eine wichtige Rolle nimmt die <strong>Raucherberatung direkt in den Krankenh\u00e4usern<\/strong> ein (Landeskrankenh\u00e4user Feldkirch, Hohenems, Bludenz und Bregenz sowie Krankenhaus Dornbirn), wo entw\u00f6hnungsinteressierte Raucher\/innen unkompliziert \u00fcber passende Angebote informiert werden.<\/p>\n<p>&nbsp;<\/p>\n<p>Neu geschaffen wurde die M\u00f6glichkeit einer<strong> station\u00e4ren Entw\u00f6hnung f\u00fcr stark abh\u00e4ngige Raucher\/innen<\/strong>. Au\u00dferdem gibt es Angebote sowohl f\u00fcr <strong>ambulante Einzel- als auch Gruppenentw\u00f6hnung<\/strong>.<\/p>\n<p>&nbsp;<\/p>\n<p>Nach einem ausf\u00fchrlichen <strong>Erstberatungsgespr\u00e4ch<\/strong> bei einem \u00e4rztlichen Psychotherapeuten\/einer \u00e4rztlichen Psychotherapeutin wird ein individueller Therapieplan erstellt und an das jeweils passende Angebot vermittelt. Das Erstgespr\u00e4ch ist kostenlos \u2013 f\u00fcr weitere Therapiema\u00dfnahmen ist von den Teilnehmern und Teilnehmerinnen ein Selbstbehalt zu entrichten.<\/p>\n","protected":false},"excerpt":{"rendered":"<p>Mit Juli 2013 startete in Vorarlberg eine neue Raucherentw\u00f6hnungs-Initiative der Vorarlberger Gebietskrankenkasse, des Landes Vorarlberg und der Stiftung Maria Ebene. Das bereits bestehende Entw\u00f6hnangebot in Vorarlberg wird damit erweitert.<\/p>\n","protected":false},"author":7,"featured_media":0,"comment_status":"open","ping_status":"open","sticky":false,"template":"","format":"standard","meta":{"_et_pb_use_builder":"","_et_pb_old_content":"","_et_gb_content_width":"","footnotes":""},"categories":[236],"tags":[109],"class_list":["post-4487","post","type-post","status-publish","format-standard","hentry","category-nicht-kategorisiert","tag-tabakentwoehnung-in-vorarlberg"],"yoast_head":"<!-- This site is optimized with the Yoast SEO plugin v26.2 - https:\/\/yoast.com\/wordpress\/plugins\/seo\/ -->\n<title>\u201eWieder frei atmen\u201c in Vorarlberg - Rauchfrei Telefon<\/title>\n<meta name=\"robots\" content=\"index, follow, max-snippet:-1, max-image-preview:large, max-video-preview:-1\" \/>\n<link rel=\"canonical\" href=\"https:\/\/rauchfrei.at\/wieder-frei-atmen-in-vorarlberg\/\" \/>\n<meta property=\"og:locale\" content=\"en_US\" \/>\n<meta property=\"og:type\" content=\"article\" \/>\n<meta property=\"og:title\" content=\"\u201eWieder frei atmen\u201c in Vorarlberg - Rauchfrei Telefon\" \/>\n<meta property=\"og:description\" content=\"Mit Juli 2013 startete in Vorarlberg eine neue Raucherentw\u00f6hnungs-Initiative der Vorarlberger Gebietskrankenkasse, des Landes Vorarlberg und der Stiftung Maria Ebene. Das bereits bestehende Entw\u00f6hnangebot in Vorarlberg wird damit erweitert.\" \/>\n<meta property=\"og:url\" content=\"https:\/\/rauchfrei.at\/wieder-frei-atmen-in-vorarlberg\/\" \/>\n<meta property=\"og:site_name\" content=\"Rauchfrei Telefon\" \/>\n<meta property=\"article:published_time\" content=\"2013-07-26T13:09:42+00:00\" \/>\n<meta name=\"author\" content=\"Nina Heumayer\" \/>\n<meta name=\"twitter:card\" content=\"summary_large_image\" \/>\n<meta name=\"twitter:label1\" content=\"Written by\" \/>\n\t<meta name=\"twitter:data1\" content=\"Nina Heumayer\" \/>\n\t<meta name=\"twitter:label2\" content=\"Est. reading time\" \/>\n\t<meta name=\"twitter:data2\" content=\"1 minute\" \/>\n<script type=\"application\/ld+json\" class=\"yoast-schema-graph\">{\"@context\":\"https:\/\/schema.org\",\"@graph\":[{\"@type\":\"WebPage\",\"@id\":\"https:\/\/rauchfrei.at\/wieder-frei-atmen-in-vorarlberg\/\",\"url\":\"https:\/\/rauchfrei.at\/wieder-frei-atmen-in-vorarlberg\/\",\"name\":\"\u201eWieder frei atmen\u201c in Vorarlberg - Rauchfrei Telefon\",\"isPartOf\":{\"@id\":\"https:\/\/rauchfrei.at\/#website\"},\"datePublished\":\"2013-07-26T13:09:42+00:00\",\"author\":{\"@id\":\"https:\/\/rauchfrei.at\/#\/schema\/person\/6ba3adad8eb872b334787c24357473aa\"},\"inLanguage\":\"en-US\",\"potentialAction\":[{\"@type\":\"ReadAction\",\"target\":[\"https:\/\/rauchfrei.at\/wieder-frei-atmen-in-vorarlberg\/\"]}]},{\"@type\":\"WebSite\",\"@id\":\"https:\/\/rauchfrei.at\/#website\",\"url\":\"https:\/\/rauchfrei.at\/\",\"name\":\"Rauchfrei Telefon\",\"description\":\"Eine \u00f6sterreichweite Initiative der Sozialversicherungen.\",\"potentialAction\":[{\"@type\":\"SearchAction\",\"target\":{\"@type\":\"EntryPoint\",\"urlTemplate\":\"https:\/\/rauchfrei.at\/?s={search_term_string}\"},\"query-input\":{\"@type\":\"PropertyValueSpecification\",\"valueRequired\":true,\"valueName\":\"search_term_string\"}}],\"inLanguage\":\"en-US\"},{\"@type\":\"Person\",\"@id\":\"https:\/\/rauchfrei.at\/#\/schema\/person\/6ba3adad8eb872b334787c24357473aa\",\"name\":\"Nina Heumayer\",\"image\":{\"@type\":\"ImageObject\",\"inLanguage\":\"en-US\",\"@id\":\"https:\/\/rauchfrei.at\/#\/schema\/person\/image\/\",\"url\":\"https:\/\/secure.gravatar.com\/avatar\/0980a970ceeb24db5798b86faac2035236ffa2f49daf0e59474baef797676711?s=96&d=mm&r=g\",\"contentUrl\":\"https:\/\/secure.gravatar.com\/avatar\/0980a970ceeb24db5798b86faac2035236ffa2f49daf0e59474baef797676711?s=96&d=mm&r=g\",\"caption\":\"Nina Heumayer\"},\"url\":\"https:\/\/rauchfrei.at\/en\/author\/heumayer\/\"}]}<\/script>\n<!-- \/ Yoast SEO plugin. -->","yoast_head_json":{"title":"\u201eWieder frei atmen\u201c in Vorarlberg - Rauchfrei Telefon","robots":{"index":"index","follow":"follow","max-snippet":"max-snippet:-1","max-image-preview":"max-image-preview:large","max-video-preview":"max-video-preview:-1"},"canonical":"https:\/\/rauchfrei.at\/wieder-frei-atmen-in-vorarlberg\/","og_locale":"en_US","og_type":"article","og_title":"\u201eWieder frei atmen\u201c in Vorarlberg - Rauchfrei Telefon","og_description":"Mit Juli 2013 startete in Vorarlberg eine neue Raucherentw\u00f6hnungs-Initiative der Vorarlberger Gebietskrankenkasse, des Landes Vorarlberg und der Stiftung Maria Ebene. Das bereits bestehende Entw\u00f6hnangebot in Vorarlberg wird damit erweitert.","og_url":"https:\/\/rauchfrei.at\/wieder-frei-atmen-in-vorarlberg\/","og_site_name":"Rauchfrei Telefon","article_published_time":"2013-07-26T13:09:42+00:00","author":"Nina Heumayer","twitter_card":"summary_large_image","twitter_misc":{"Written by":"Nina Heumayer","Est. reading time":"1 minute"},"schema":{"@context":"https:\/\/schema.org","@graph":[{"@type":"WebPage","@id":"https:\/\/rauchfrei.at\/wieder-frei-atmen-in-vorarlberg\/","url":"https:\/\/rauchfrei.at\/wieder-frei-atmen-in-vorarlberg\/","name":"\u201eWieder frei atmen\u201c in Vorarlberg - Rauchfrei Telefon","isPartOf":{"@id":"https:\/\/rauchfrei.at\/#website"},"datePublished":"2013-07-26T13:09:42+00:00","author":{"@id":"https:\/\/rauchfrei.at\/#\/schema\/person\/6ba3adad8eb872b334787c24357473aa"},"inLanguage":"en-US","potentialAction":[{"@type":"ReadAction","target":["https:\/\/rauchfrei.at\/wieder-frei-atmen-in-vorarlberg\/"]}]},{"@type":"WebSite","@id":"https:\/\/rauchfrei.at\/#website","url":"https:\/\/rauchfrei.at\/","name":"Rauchfrei Telefon","description":"Eine \u00f6sterreichweite Initiative der Sozialversicherungen.","potentialAction":[{"@type":"SearchAction","target":{"@type":"EntryPoint","urlTemplate":"https:\/\/rauchfrei.at\/?s={search_term_string}"},"query-input":{"@type":"PropertyValueSpecification","valueRequired":true,"valueName":"search_term_string"}}],"inLanguage":"en-US"},{"@type":"Person","@id":"https:\/\/rauchfrei.at\/#\/schema\/person\/6ba3adad8eb872b334787c24357473aa","name":"Nina Heumayer","image":{"@type":"ImageObject","inLanguage":"en-US","@id":"https:\/\/rauchfrei.at\/#\/schema\/person\/image\/","url":"https:\/\/secure.gravatar.com\/avatar\/0980a970ceeb24db5798b86faac2035236ffa2f49daf0e59474baef797676711?s=96&d=mm&r=g","contentUrl":"https:\/\/secure.gravatar.com\/avatar\/0980a970ceeb24db5798b86faac2035236ffa2f49daf0e59474baef797676711?s=96&d=mm&r=g","caption":"Nina Heumayer"},"url":"https:\/\/rauchfrei.at\/en\/author\/heumayer\/"}]}},"_links":{"self":[{"href":"https:\/\/rauchfrei.at\/en\/wp-json\/wp\/v2\/posts\/4487","targetHints":{"allow":["GET"]}}],"collection":[{"href":"https:\/\/rauchfrei.at\/en\/wp-json\/wp\/v2\/posts"}],"about":[{"href":"https:\/\/rauchfrei.at\/en\/wp-json\/wp\/v2\/types\/post"}],"author":[{"embeddable":true,"href":"https:\/\/rauchfrei.at\/en\/wp-json\/wp\/v2\/users\/7"}],"replies":[{"embeddable":true,"href":"https:\/\/rauchfrei.at\/en\/wp-json\/wp\/v2\/comments?post=4487"}],"version-history":[{"count":5,"href":"https:\/\/rauchfrei.at\/en\/wp-json\/wp\/v2\/posts\/4487\/revisions"}],"predecessor-version":[{"id":4502,"href":"https:\/\/rauchfrei.at\/en\/wp-json\/wp\/v2\/posts\/4487\/revisions\/4502"}],"wp:attachment":[{"href":"https:\/\/rauchfrei.at\/en\/wp-json\/wp\/v2\/media?parent=4487"}],"wp:term":[{"taxonomy":"category","embeddable":true,"href":"https:\/\/rauchfrei.at\/en\/wp-json\/wp\/v2\/categories?post=4487"},{"taxonomy":"post_tag","embeddable":true,"href":"https:\/\/rauchfrei.at\/en\/wp-json\/wp\/v2\/tags?post=4487"}],"curies":[{"name":"wp","href":"https:\/\/api.w.org\/{rel}","templated":true}]}}