
{"id":4555,"date":"2013-08-23T11:57:52","date_gmt":"2013-08-23T09:57:52","guid":{"rendered":"http:\/\/rauchfrei.ipax.hosting\/?p=4555"},"modified":"2013-08-23T12:00:58","modified_gmt":"2013-08-23T10:00:58","slug":"schutz-von-kinder-und-jugendlichen","status":"publish","type":"post","link":"https:\/\/rauchfrei.at\/en\/schutz-von-kinder-und-jugendlichen\/","title":{"rendered":"Schutz von Kindern und Jugendlichen"},"content":{"rendered":"<p>&nbsp;<\/p>\n<p>Der Anteil jugendlicher Raucher\/innen in \u00d6sterreich ist erschreckend hoch: <strong>24 % der 15-j\u00e4hrigen Burschen<\/strong> und <strong>30% der 15-j\u00e4hrigen M\u00e4dchen<\/strong> greifen <strong>regelm\u00e4\u00dfig<\/strong> zur<strong> Zigarette<\/strong> (OECD Studie 2009). Das<strong> Einstiegsalter<\/strong> ist mit <strong>11 Jahren<\/strong> besonders gering.<\/p>\n<p>&nbsp;<\/p>\n<p>Auch die <strong>hohe Passivrauchbelastung<\/strong>, der viele Kinder (und auch Erwachsene)\u00a0immer noch ausgesetzt sind, tr\u00e4gt zum erh\u00f6hten Gesundheitsrisiko bei.<\/p>\n<p>&nbsp;<\/p>\n<p><strong>Es braucht daher\u00a0dringend gesetzliche Rahmenbedingungen<\/strong>, die Kinder und Jugendliche vor Passivrauch und dem Einstieg in die Abh\u00e4ngigkeitsfalle sch\u00fctzen.<\/p>\n<p>&nbsp;<\/p>\n<p><strong>Unterst\u00fctzen Sie<\/strong> die<a href=\"http:\/\/www.avaaz.org\/de\/petition\/Schutz_von_Kindern_und_Jugendlichen_in_Oesterreich_vor_der_Tabakindustrie\/?awercfb\" target=\"_blank\"> Petition der \u00c4rzteinitiative gegen Rauchersch\u00e4den <\/a>f\u00fcr einen besseren Schutz der Kinder und Jugendlichen in \u00d6sterreich.<\/p>\n","protected":false},"excerpt":{"rendered":"<p>OECD und UNICEF sind sich einig: Jugendliche in \u00d6sterreich zeigen ein vergleichsweise hohes Risikoverhalten, was ihre Gesundheit betrifft. Immer mehr Kinder und Jugendliche tappen immer fr\u00fcher in die Falle der Nikotinabh\u00e4ngigkeit. Eine Petition setzt sich f\u00fcr einen besseren Schutz Kinder und Jugendlicher ein.<\/p>\n","protected":false},"author":7,"featured_media":0,"comment_status":"open","ping_status":"open","sticky":false,"template":"","format":"standard","meta":{"_et_pb_use_builder":"","_et_pb_old_content":"","_et_gb_content_width":"","footnotes":""},"categories":[236],"tags":[112],"class_list":["post-4555","post","type-post","status-publish","format-standard","hentry","category-nicht-kategorisiert","tag-kinder-und-jugendliche"],"yoast_head":"<!-- This site is optimized with the Yoast SEO plugin v26.2 - https:\/\/yoast.com\/wordpress\/plugins\/seo\/ -->\n<title>Schutz von Kindern und Jugendlichen - Rauchfrei Telefon<\/title>\n<meta name=\"robots\" content=\"index, follow, max-snippet:-1, max-image-preview:large, max-video-preview:-1\" \/>\n<link rel=\"canonical\" href=\"https:\/\/rauchfrei.at\/schutz-von-kinder-und-jugendlichen\/\" \/>\n<meta property=\"og:locale\" content=\"en_US\" \/>\n<meta property=\"og:type\" content=\"article\" \/>\n<meta property=\"og:title\" content=\"Schutz von Kindern und Jugendlichen - Rauchfrei Telefon\" \/>\n<meta property=\"og:description\" content=\"OECD und UNICEF sind sich einig: Jugendliche in \u00d6sterreich zeigen ein vergleichsweise hohes Risikoverhalten, was ihre Gesundheit betrifft. Immer mehr Kinder und Jugendliche tappen immer fr\u00fcher in die Falle der Nikotinabh\u00e4ngigkeit. Eine Petition setzt sich f\u00fcr einen besseren Schutz Kinder und Jugendlicher ein.\" \/>\n<meta property=\"og:url\" content=\"https:\/\/rauchfrei.at\/schutz-von-kinder-und-jugendlichen\/\" \/>\n<meta property=\"og:site_name\" content=\"Rauchfrei Telefon\" \/>\n<meta property=\"article:published_time\" content=\"2013-08-23T09:57:52+00:00\" \/>\n<meta property=\"article:modified_time\" content=\"2013-08-23T10:00:58+00:00\" \/>\n<meta name=\"author\" content=\"Nina Heumayer\" \/>\n<meta name=\"twitter:card\" content=\"summary_large_image\" \/>\n<meta name=\"twitter:label1\" content=\"Written by\" \/>\n\t<meta name=\"twitter:data1\" content=\"Nina Heumayer\" \/>\n\t<meta name=\"twitter:label2\" content=\"Est. reading time\" \/>\n\t<meta name=\"twitter:data2\" content=\"1 minute\" \/>\n<script type=\"application\/ld+json\" class=\"yoast-schema-graph\">{\"@context\":\"https:\/\/schema.org\",\"@graph\":[{\"@type\":\"WebPage\",\"@id\":\"https:\/\/rauchfrei.at\/schutz-von-kinder-und-jugendlichen\/\",\"url\":\"https:\/\/rauchfrei.at\/schutz-von-kinder-und-jugendlichen\/\",\"name\":\"Schutz von Kindern und Jugendlichen - Rauchfrei Telefon\",\"isPartOf\":{\"@id\":\"https:\/\/rauchfrei.at\/#website\"},\"datePublished\":\"2013-08-23T09:57:52+00:00\",\"dateModified\":\"2013-08-23T10:00:58+00:00\",\"author\":{\"@id\":\"https:\/\/rauchfrei.at\/#\/schema\/person\/6ba3adad8eb872b334787c24357473aa\"},\"inLanguage\":\"en-US\",\"potentialAction\":[{\"@type\":\"ReadAction\",\"target\":[\"https:\/\/rauchfrei.at\/schutz-von-kinder-und-jugendlichen\/\"]}]},{\"@type\":\"WebSite\",\"@id\":\"https:\/\/rauchfrei.at\/#website\",\"url\":\"https:\/\/rauchfrei.at\/\",\"name\":\"Rauchfrei Telefon\",\"description\":\"Eine \u00f6sterreichweite Initiative der Sozialversicherungen.\",\"potentialAction\":[{\"@type\":\"SearchAction\",\"target\":{\"@type\":\"EntryPoint\",\"urlTemplate\":\"https:\/\/rauchfrei.at\/?s={search_term_string}\"},\"query-input\":{\"@type\":\"PropertyValueSpecification\",\"valueRequired\":true,\"valueName\":\"search_term_string\"}}],\"inLanguage\":\"en-US\"},{\"@type\":\"Person\",\"@id\":\"https:\/\/rauchfrei.at\/#\/schema\/person\/6ba3adad8eb872b334787c24357473aa\",\"name\":\"Nina Heumayer\",\"image\":{\"@type\":\"ImageObject\",\"inLanguage\":\"en-US\",\"@id\":\"https:\/\/rauchfrei.at\/#\/schema\/person\/image\/\",\"url\":\"https:\/\/secure.gravatar.com\/avatar\/0980a970ceeb24db5798b86faac2035236ffa2f49daf0e59474baef797676711?s=96&d=mm&r=g\",\"contentUrl\":\"https:\/\/secure.gravatar.com\/avatar\/0980a970ceeb24db5798b86faac2035236ffa2f49daf0e59474baef797676711?s=96&d=mm&r=g\",\"caption\":\"Nina Heumayer\"},\"url\":\"https:\/\/rauchfrei.at\/en\/author\/heumayer\/\"}]}<\/script>\n<!-- \/ Yoast SEO plugin. -->","yoast_head_json":{"title":"Schutz von Kindern und Jugendlichen - Rauchfrei Telefon","robots":{"index":"index","follow":"follow","max-snippet":"max-snippet:-1","max-image-preview":"max-image-preview:large","max-video-preview":"max-video-preview:-1"},"canonical":"https:\/\/rauchfrei.at\/schutz-von-kinder-und-jugendlichen\/","og_locale":"en_US","og_type":"article","og_title":"Schutz von Kindern und Jugendlichen - Rauchfrei Telefon","og_description":"OECD und UNICEF sind sich einig: Jugendliche in \u00d6sterreich zeigen ein vergleichsweise hohes Risikoverhalten, was ihre Gesundheit betrifft. Immer mehr Kinder und Jugendliche tappen immer fr\u00fcher in die Falle der Nikotinabh\u00e4ngigkeit. Eine Petition setzt sich f\u00fcr einen besseren Schutz Kinder und Jugendlicher ein.","og_url":"https:\/\/rauchfrei.at\/schutz-von-kinder-und-jugendlichen\/","og_site_name":"Rauchfrei Telefon","article_published_time":"2013-08-23T09:57:52+00:00","article_modified_time":"2013-08-23T10:00:58+00:00","author":"Nina Heumayer","twitter_card":"summary_large_image","twitter_misc":{"Written by":"Nina Heumayer","Est. reading time":"1 minute"},"schema":{"@context":"https:\/\/schema.org","@graph":[{"@type":"WebPage","@id":"https:\/\/rauchfrei.at\/schutz-von-kinder-und-jugendlichen\/","url":"https:\/\/rauchfrei.at\/schutz-von-kinder-und-jugendlichen\/","name":"Schutz von Kindern und Jugendlichen - Rauchfrei Telefon","isPartOf":{"@id":"https:\/\/rauchfrei.at\/#website"},"datePublished":"2013-08-23T09:57:52+00:00","dateModified":"2013-08-23T10:00:58+00:00","author":{"@id":"https:\/\/rauchfrei.at\/#\/schema\/person\/6ba3adad8eb872b334787c24357473aa"},"inLanguage":"en-US","potentialAction":[{"@type":"ReadAction","target":["https:\/\/rauchfrei.at\/schutz-von-kinder-und-jugendlichen\/"]}]},{"@type":"WebSite","@id":"https:\/\/rauchfrei.at\/#website","url":"https:\/\/rauchfrei.at\/","name":"Rauchfrei Telefon","description":"Eine \u00f6sterreichweite Initiative der Sozialversicherungen.","potentialAction":[{"@type":"SearchAction","target":{"@type":"EntryPoint","urlTemplate":"https:\/\/rauchfrei.at\/?s={search_term_string}"},"query-input":{"@type":"PropertyValueSpecification","valueRequired":true,"valueName":"search_term_string"}}],"inLanguage":"en-US"},{"@type":"Person","@id":"https:\/\/rauchfrei.at\/#\/schema\/person\/6ba3adad8eb872b334787c24357473aa","name":"Nina Heumayer","image":{"@type":"ImageObject","inLanguage":"en-US","@id":"https:\/\/rauchfrei.at\/#\/schema\/person\/image\/","url":"https:\/\/secure.gravatar.com\/avatar\/0980a970ceeb24db5798b86faac2035236ffa2f49daf0e59474baef797676711?s=96&d=mm&r=g","contentUrl":"https:\/\/secure.gravatar.com\/avatar\/0980a970ceeb24db5798b86faac2035236ffa2f49daf0e59474baef797676711?s=96&d=mm&r=g","caption":"Nina Heumayer"},"url":"https:\/\/rauchfrei.at\/en\/author\/heumayer\/"}]}},"_links":{"self":[{"href":"https:\/\/rauchfrei.at\/en\/wp-json\/wp\/v2\/posts\/4555","targetHints":{"allow":["GET"]}}],"collection":[{"href":"https:\/\/rauchfrei.at\/en\/wp-json\/wp\/v2\/posts"}],"about":[{"href":"https:\/\/rauchfrei.at\/en\/wp-json\/wp\/v2\/types\/post"}],"author":[{"embeddable":true,"href":"https:\/\/rauchfrei.at\/en\/wp-json\/wp\/v2\/users\/7"}],"replies":[{"embeddable":true,"href":"https:\/\/rauchfrei.at\/en\/wp-json\/wp\/v2\/comments?post=4555"}],"version-history":[{"count":5,"href":"https:\/\/rauchfrei.at\/en\/wp-json\/wp\/v2\/posts\/4555\/revisions"}],"predecessor-version":[{"id":4570,"href":"https:\/\/rauchfrei.at\/en\/wp-json\/wp\/v2\/posts\/4555\/revisions\/4570"}],"wp:attachment":[{"href":"https:\/\/rauchfrei.at\/en\/wp-json\/wp\/v2\/media?parent=4555"}],"wp:term":[{"taxonomy":"category","embeddable":true,"href":"https:\/\/rauchfrei.at\/en\/wp-json\/wp\/v2\/categories?post=4555"},{"taxonomy":"post_tag","embeddable":true,"href":"https:\/\/rauchfrei.at\/en\/wp-json\/wp\/v2\/tags?post=4555"}],"curies":[{"name":"wp","href":"https:\/\/api.w.org\/{rel}","templated":true}]}}