
{"id":4571,"date":"2013-08-30T14:00:23","date_gmt":"2013-08-30T12:00:23","guid":{"rendered":"http:\/\/rauchfrei.ipax.hosting\/?p=4571"},"modified":"2013-08-30T14:00:23","modified_gmt":"2013-08-30T12:00:23","slug":"rauchfrei-ins-neue-schuljahr","status":"publish","type":"post","link":"https:\/\/rauchfrei.at\/en\/rauchfrei-ins-neue-schuljahr\/","title":{"rendered":"Rauchfrei ins neue Schuljahr"},"content":{"rendered":"<p>&nbsp;<\/p>\n<h2>Ein gutes Zeugnis f\u00fcr die Gesundheit im neuen Schuljahr!<\/h2>\n<p>&nbsp;<\/p>\n<p><strong>Das neue Schuljahr ist jedes Jahr ein kleiner Neubeginn<\/strong>, die Hefte sind noch leer, die Schulb\u00fccher noch ohne Eselsohren, die Bleistifte noch nicht angeknabbert \u2026<\/p>\n<p>&nbsp;<\/p>\n<p>W\u00e4re das nicht eine gute Gelegenheit, <strong>auch der Lunge einen Neubeginn<\/strong> zu <strong>g\u00f6nnen<\/strong>? Ein Leben in Freiheit sozusagen? Frei von vielen Schadstoffen, Teer und Rauch. Frei von schlechtem Gewissen, weil man ja eh wei\u00df, dass Rauchen schadet. Frei von dem Zwang zur n\u00e4chsten Zigarette.<\/p>\n<p>&nbsp;<\/p>\n<p>F\u00fcr viele Sch\u00fcler\/innen und deren Eltern bzw. Lehrer\/innen geh\u00f6ren Zigaretten immer noch zum Alltag.<\/p>\n<p>&nbsp;<\/p>\n<p>Aber nicht nur f\u00fcr die <strong>Gesundheit<\/strong> ist es sinnvoll, das Rauchen zu beenden. Neben den<strong> finanziellen Ersparnissen<\/strong>, die den Rauchstopp rentabel machen, kommt auch dazu, dass man als Nichtraucher\/in <strong>besser arbeiten und lernen kann<\/strong>. Der K\u00f6rper braucht weniger Energie, um die Schadstoffbelastung zu bew\u00e4ltigen, und er ist besser durchblutet. Die <strong>Atmung<\/strong> geht leichter und die <strong>Fitness<\/strong> ist besser.<\/p>\n<p>&nbsp;<\/p>\n<p>Auch die Vorbildwirkung f\u00fcr andere ist ein wichtiger Aspekt. Sch\u00fcler\/innen bzw. die eigenen <strong>Kinder nehmen das Rauchverhalten der Umgebung sehr aufmerksam zur Kenntnis<\/strong>!<\/p>\n<p>&nbsp;<\/p>\n<h2>Den Rauchstopp in Angriff nehmen!<\/h2>\n<p>&nbsp;<\/p>\n<p><strong>Haben Sie auch schon mal \u00fcberlegt, rauchfrei zu werden?<\/strong> Dann <strong>n\u00fctzen Sie die Gelegenheit<\/strong> und treffen Sie die Entscheidung! Planen Sie Ihren Rauchstopptag, bereiten Sie ihn gut vor und los geht\u2019s! Hilfreiche Strategien finden Sie <a href=\"https:\/\/rauchfrei.at\/aufhoeren\/\">hier<\/a>.<\/p>\n<p>&nbsp;<\/p>\n<p><strong>Haben Sie noch nie daran gedacht, der Zigarette \u201eBye-Bye\u201c zu sagen?<\/strong> Oder meinen Sie, Sie k\u00f6nnten sowieso jederzeit aufh\u00f6ren?<strong> Dann probieren Sie es doch mal mit einem Experimenttag<\/strong>: Bleiben Sie vom Aufwachen bis zum Schlafengehen rauchfrei! Beobachten Sie, wie es Ihnen dabei geht. Geht es leicht oder ist es gar nicht so einfach?<\/p>\n<p>&nbsp;<\/p>\n<p><strong>Wichtig ist es, sich nicht entmutigen zu lassen und den Rauchstopp einfach\u00a0zu versuchen. Manchmal braucht es mehrere Anl\u00e4ufe, aber es zahlt sich auf alle F\u00e4lle aus: Rauchfreiheit bekommt immer eine gute Note!<\/strong><\/p>\n","protected":false},"excerpt":{"rendered":"<p>Jedes Jahr im Herbst herrscht Aufbruchsstimmung: Das neue Schuljahr f\u00e4ngt an, mit neuen Herausforderungen und M\u00f6glichkeiten. Warum die Gelegenheit f\u00fcr Sch\u00fcler\/innen, Lehrer\/innen und Eltern nicht nutzen, um die Rauchfreiheit in Angriff zu nehmen?<\/p>\n","protected":false},"author":7,"featured_media":0,"comment_status":"open","ping_status":"open","sticky":false,"template":"","format":"standard","meta":{"_et_pb_use_builder":"","_et_pb_old_content":"","_et_gb_content_width":"","footnotes":""},"categories":[236],"tags":[84],"class_list":["post-4571","post","type-post","status-publish","format-standard","hentry","category-nicht-kategorisiert","tag-rauchstopp"],"yoast_head":"<!-- This site is optimized with the Yoast SEO plugin v26.2 - https:\/\/yoast.com\/wordpress\/plugins\/seo\/ -->\n<title>Rauchfrei ins neue Schuljahr - Rauchfrei Telefon<\/title>\n<meta name=\"robots\" content=\"index, follow, max-snippet:-1, max-image-preview:large, max-video-preview:-1\" \/>\n<link rel=\"canonical\" href=\"https:\/\/rauchfrei.at\/rauchfrei-ins-neue-schuljahr\/\" \/>\n<meta property=\"og:locale\" content=\"en_US\" \/>\n<meta property=\"og:type\" content=\"article\" \/>\n<meta property=\"og:title\" content=\"Rauchfrei ins neue Schuljahr - Rauchfrei Telefon\" \/>\n<meta property=\"og:description\" content=\"Jedes Jahr im Herbst herrscht Aufbruchsstimmung: Das neue Schuljahr f\u00e4ngt an, mit neuen Herausforderungen und M\u00f6glichkeiten. Warum die Gelegenheit f\u00fcr Sch\u00fcler\/innen, Lehrer\/innen und Eltern nicht nutzen, um die Rauchfreiheit in Angriff zu nehmen?\" \/>\n<meta property=\"og:url\" content=\"https:\/\/rauchfrei.at\/rauchfrei-ins-neue-schuljahr\/\" \/>\n<meta property=\"og:site_name\" content=\"Rauchfrei Telefon\" \/>\n<meta property=\"article:published_time\" content=\"2013-08-30T12:00:23+00:00\" \/>\n<meta name=\"author\" content=\"Nina Heumayer\" \/>\n<meta name=\"twitter:card\" content=\"summary_large_image\" \/>\n<meta name=\"twitter:label1\" content=\"Written by\" \/>\n\t<meta name=\"twitter:data1\" content=\"Nina Heumayer\" \/>\n\t<meta name=\"twitter:label2\" content=\"Est. reading time\" \/>\n\t<meta name=\"twitter:data2\" content=\"2 minutes\" \/>\n<script type=\"application\/ld+json\" class=\"yoast-schema-graph\">{\"@context\":\"https:\/\/schema.org\",\"@graph\":[{\"@type\":\"WebPage\",\"@id\":\"https:\/\/rauchfrei.at\/rauchfrei-ins-neue-schuljahr\/\",\"url\":\"https:\/\/rauchfrei.at\/rauchfrei-ins-neue-schuljahr\/\",\"name\":\"Rauchfrei ins neue Schuljahr - Rauchfrei Telefon\",\"isPartOf\":{\"@id\":\"https:\/\/rauchfrei.at\/#website\"},\"datePublished\":\"2013-08-30T12:00:23+00:00\",\"author\":{\"@id\":\"https:\/\/rauchfrei.at\/#\/schema\/person\/6ba3adad8eb872b334787c24357473aa\"},\"inLanguage\":\"en-US\",\"potentialAction\":[{\"@type\":\"ReadAction\",\"target\":[\"https:\/\/rauchfrei.at\/rauchfrei-ins-neue-schuljahr\/\"]}]},{\"@type\":\"WebSite\",\"@id\":\"https:\/\/rauchfrei.at\/#website\",\"url\":\"https:\/\/rauchfrei.at\/\",\"name\":\"Rauchfrei Telefon\",\"description\":\"Eine \u00f6sterreichweite Initiative der Sozialversicherungen.\",\"potentialAction\":[{\"@type\":\"SearchAction\",\"target\":{\"@type\":\"EntryPoint\",\"urlTemplate\":\"https:\/\/rauchfrei.at\/?s={search_term_string}\"},\"query-input\":{\"@type\":\"PropertyValueSpecification\",\"valueRequired\":true,\"valueName\":\"search_term_string\"}}],\"inLanguage\":\"en-US\"},{\"@type\":\"Person\",\"@id\":\"https:\/\/rauchfrei.at\/#\/schema\/person\/6ba3adad8eb872b334787c24357473aa\",\"name\":\"Nina Heumayer\",\"image\":{\"@type\":\"ImageObject\",\"inLanguage\":\"en-US\",\"@id\":\"https:\/\/rauchfrei.at\/#\/schema\/person\/image\/\",\"url\":\"https:\/\/secure.gravatar.com\/avatar\/0980a970ceeb24db5798b86faac2035236ffa2f49daf0e59474baef797676711?s=96&d=mm&r=g\",\"contentUrl\":\"https:\/\/secure.gravatar.com\/avatar\/0980a970ceeb24db5798b86faac2035236ffa2f49daf0e59474baef797676711?s=96&d=mm&r=g\",\"caption\":\"Nina Heumayer\"},\"url\":\"https:\/\/rauchfrei.at\/en\/author\/heumayer\/\"}]}<\/script>\n<!-- \/ Yoast SEO plugin. -->","yoast_head_json":{"title":"Rauchfrei ins neue Schuljahr - Rauchfrei Telefon","robots":{"index":"index","follow":"follow","max-snippet":"max-snippet:-1","max-image-preview":"max-image-preview:large","max-video-preview":"max-video-preview:-1"},"canonical":"https:\/\/rauchfrei.at\/rauchfrei-ins-neue-schuljahr\/","og_locale":"en_US","og_type":"article","og_title":"Rauchfrei ins neue Schuljahr - Rauchfrei Telefon","og_description":"Jedes Jahr im Herbst herrscht Aufbruchsstimmung: Das neue Schuljahr f\u00e4ngt an, mit neuen Herausforderungen und M\u00f6glichkeiten. Warum die Gelegenheit f\u00fcr Sch\u00fcler\/innen, Lehrer\/innen und Eltern nicht nutzen, um die Rauchfreiheit in Angriff zu nehmen?","og_url":"https:\/\/rauchfrei.at\/rauchfrei-ins-neue-schuljahr\/","og_site_name":"Rauchfrei Telefon","article_published_time":"2013-08-30T12:00:23+00:00","author":"Nina Heumayer","twitter_card":"summary_large_image","twitter_misc":{"Written by":"Nina Heumayer","Est. reading time":"2 minutes"},"schema":{"@context":"https:\/\/schema.org","@graph":[{"@type":"WebPage","@id":"https:\/\/rauchfrei.at\/rauchfrei-ins-neue-schuljahr\/","url":"https:\/\/rauchfrei.at\/rauchfrei-ins-neue-schuljahr\/","name":"Rauchfrei ins neue Schuljahr - Rauchfrei Telefon","isPartOf":{"@id":"https:\/\/rauchfrei.at\/#website"},"datePublished":"2013-08-30T12:00:23+00:00","author":{"@id":"https:\/\/rauchfrei.at\/#\/schema\/person\/6ba3adad8eb872b334787c24357473aa"},"inLanguage":"en-US","potentialAction":[{"@type":"ReadAction","target":["https:\/\/rauchfrei.at\/rauchfrei-ins-neue-schuljahr\/"]}]},{"@type":"WebSite","@id":"https:\/\/rauchfrei.at\/#website","url":"https:\/\/rauchfrei.at\/","name":"Rauchfrei Telefon","description":"Eine \u00f6sterreichweite Initiative der Sozialversicherungen.","potentialAction":[{"@type":"SearchAction","target":{"@type":"EntryPoint","urlTemplate":"https:\/\/rauchfrei.at\/?s={search_term_string}"},"query-input":{"@type":"PropertyValueSpecification","valueRequired":true,"valueName":"search_term_string"}}],"inLanguage":"en-US"},{"@type":"Person","@id":"https:\/\/rauchfrei.at\/#\/schema\/person\/6ba3adad8eb872b334787c24357473aa","name":"Nina Heumayer","image":{"@type":"ImageObject","inLanguage":"en-US","@id":"https:\/\/rauchfrei.at\/#\/schema\/person\/image\/","url":"https:\/\/secure.gravatar.com\/avatar\/0980a970ceeb24db5798b86faac2035236ffa2f49daf0e59474baef797676711?s=96&d=mm&r=g","contentUrl":"https:\/\/secure.gravatar.com\/avatar\/0980a970ceeb24db5798b86faac2035236ffa2f49daf0e59474baef797676711?s=96&d=mm&r=g","caption":"Nina Heumayer"},"url":"https:\/\/rauchfrei.at\/en\/author\/heumayer\/"}]}},"_links":{"self":[{"href":"https:\/\/rauchfrei.at\/en\/wp-json\/wp\/v2\/posts\/4571","targetHints":{"allow":["GET"]}}],"collection":[{"href":"https:\/\/rauchfrei.at\/en\/wp-json\/wp\/v2\/posts"}],"about":[{"href":"https:\/\/rauchfrei.at\/en\/wp-json\/wp\/v2\/types\/post"}],"author":[{"embeddable":true,"href":"https:\/\/rauchfrei.at\/en\/wp-json\/wp\/v2\/users\/7"}],"replies":[{"embeddable":true,"href":"https:\/\/rauchfrei.at\/en\/wp-json\/wp\/v2\/comments?post=4571"}],"version-history":[{"count":5,"href":"https:\/\/rauchfrei.at\/en\/wp-json\/wp\/v2\/posts\/4571\/revisions"}],"predecessor-version":[{"id":4587,"href":"https:\/\/rauchfrei.at\/en\/wp-json\/wp\/v2\/posts\/4571\/revisions\/4587"}],"wp:attachment":[{"href":"https:\/\/rauchfrei.at\/en\/wp-json\/wp\/v2\/media?parent=4571"}],"wp:term":[{"taxonomy":"category","embeddable":true,"href":"https:\/\/rauchfrei.at\/en\/wp-json\/wp\/v2\/categories?post=4571"},{"taxonomy":"post_tag","embeddable":true,"href":"https:\/\/rauchfrei.at\/en\/wp-json\/wp\/v2\/tags?post=4571"}],"curies":[{"name":"wp","href":"https:\/\/api.w.org\/{rel}","templated":true}]}}