
{"id":4612,"date":"2013-09-13T14:48:02","date_gmt":"2013-09-13T12:48:02","guid":{"rendered":"http:\/\/rauchfrei.ipax.hosting\/?p=4612"},"modified":"2025-03-19T12:07:06","modified_gmt":"2025-03-19T10:07:06","slug":"erste-erfahrungsberichte-von-exraucherinnen-eingetroffen","status":"publish","type":"post","link":"https:\/\/rauchfrei.at\/en\/erste-erfahrungsberichte-von-exraucherinnen-eingetroffen\/","title":{"rendered":"Erste Erfahrungsberichte von Exraucher\/innen eingetroffen"},"content":{"rendered":"<p>[et_pb_section fb_built=&#8221;1&#8243; _builder_version=&#8221;4.16&#8243; global_colors_info=&#8221;{}&#8221;][et_pb_row _builder_version=&#8221;4.16&#8243; background_size=&#8221;initial&#8221; background_position=&#8221;top_left&#8221; background_repeat=&#8221;repeat&#8221; global_colors_info=&#8221;{}&#8221;][et_pb_column type=&#8221;4_4&#8243; _builder_version=&#8221;4.16&#8243; custom_padding=&#8221;|||&#8221; global_colors_info=&#8221;{}&#8221; custom_padding__hover=&#8221;|||&#8221;][et_pb_text _builder_version=&#8221;4.27.4&#8243; background_size=&#8221;initial&#8221; background_position=&#8221;top_left&#8221; background_repeat=&#8221;repeat&#8221; hover_enabled=&#8221;0&#8243; global_colors_info=&#8221;{}&#8221; sticky_enabled=&#8221;0&#8243;]<\/p>\n<p>&nbsp;<\/p>\n<p>Diese Woche m\u00f6chten wir Ihnen zwei der beeindruckenden Erfahrungsberichte vorstellen. Vielleicht ist ja auch der eine oder andere Tipp f\u00fcr Sie dabei!<\/p>\n<p>&nbsp;<\/p>\n<blockquote>\n<p>&#8220;Bereits im jungen Alter von 14 Jahren z\u00e4hlte ich zu den Raucherinnen unserer Gesellschaft &#8211; und ich fand das damals unschlagbar cool. Mit 18 Jahren habe ich das erste Mal f\u00fcr einen l\u00e4ngeren Zeitraum mit dem Rauchen aufgeh\u00f6rt. Bis zu meinem 29 Lebensjahr sollte das dann auch so weitergehen &#8211; immer wieder f\u00fcr ein paar Monate aufh\u00f6ren, wieder anfangen, wieder aufh\u00f6ren &#8230;<\/p>\n<p>Nun bin ich seit \u00fcber 2 Jahren rauchfrei, und was fr\u00fcher f\u00fcr mich unvorstellbar war, ist heute ganz normal: ein Glas Wein ohne Zigarette, ein Kaffee ohne Zigarette, etc. Wie ich es geschafft habe? Mein Mann und ich haben uns dazu entschieden, Kinder in die Welt zu setzen. Da ich von vielen M\u00fcttern und Ex-Raucherinnen geh\u00f6rt habe, wie sehr es seelisch stresst, schwanger zu sein und gleichzeitig mit dem Rauchen aufzuh\u00f6ren, wollte ich das Thema Rauchen vor der Schwangerschaft abschlie\u00dfen: Gleichzeitig mit dem Absetzen der Pille habe ich auch das Rauchen beendet. Ich habe mir vorgestellt, dass ich jederzeit schwanger werden k\u00f6nnte, und jede Zigarette meinem Baby enorm schaden k\u00f6nnte.<\/p>\n<p>Als zus\u00e4tzlichen Ansporn habe ich f\u00fcr die Dauer eines Jahres jeden Tag das Zigarettengeld in eine Spardose geworfen. Ich war da wirklich sehr konsequent. In der Regel habe ich auf einen Moment am Tag gewartet, an dem ich am meisten Lust darauf hatte, eine zu rauchen, um die M\u00fcnzen in die Spardose rasseln zu lassen. Einmal im Quartal habe ich diese Spardose entleert und das Geld auf mein Sparkonto gelegt.<\/p>\n<p>Der Gedanke daran, dass bald ein Baby in mir wachsen w\u00fcrde gekoppelt mit der Genugtuung, die mir das Entleeren der Spardose verschaffte, haben es mir r\u00fcckblickend sehr einfach gemacht, die l\u00e4stige Zigarette loszuwerden.<\/p>\n<p>Nachdem ich mich pers\u00f6nlich lange mit dem Thema auseinandergesetzt habe glaube ich heute, dass es f\u00fcr Raucherinnen in \u00d6sterreich im Vergleich zu anderen L\u00e4ndern viel schwieriger ist, dieses Laster loszuwerden. Es gibt wahnsinnig viele Raucherinnen in \u00d6sterreich, und auf den Bahnsteigen, in den Restaurants und Bars, vor den \u00f6ffentlichen Einrichtungen &#8230; \u00fcberall ist man mit Zigarettenrauch konfrontiert. In anderen L\u00e4ndern sind die Gesetze in dieser Hinsicht etwas strikter. In Irland muss man schon seit Ewigkeiten vor die T\u00fcr einer Bar gehen, um rauchen zu k\u00f6nnen, und in Ecuador w\u00fcrde sich niemals jemand neben einem Kind eine Zigarette anz\u00fcnden. Da muss wohl in den \u00f6sterreichischen K\u00f6pfen noch einiges geschehen in Zukunft, denn im Grunde genommen wissen wir ja alle, dass Rauchen nur Nachteile mit sich bringt.&#8221;<strong>\u00a0<\/strong><\/p>\n<p>&nbsp;<\/p>\n<p>Marianne<\/p>\n<p>&nbsp;<\/p>\n<p>&nbsp;<\/p>\n<p>&#8220;Im J\u00e4nner 2003 habe ich mit elf weiteren Leidgenossen im Linzerheim in Bad Schallerbach die station\u00e4re Raucherentw\u00f6hnung absolviert.<\/p>\n<p>Nach diesen drei Wochen waren 100% der Kursteilnehmer rauchfrei!!!<\/p>\n<p>Auf unserem Weg des \u201eRauch-frei\u201c bleiben wurden wir weitere sechs Monate von unserem Therapeuten und Berater, Herrn MBA, MSc, BSc Bernhard Starzer-Eidenberger, bei den monatlichen Treffen in der O\u00d6 GKK in Linz, psychologisch betreut. Bei der \u00bd-Jahres Untersuchung stellte sich leider heraus dass nicht alle Teilnehmer sogenannte \u201eNicht-mehr-Raucher\u201c geblieben sind. [&#8230;]<\/p>\n<p>Danach waren wir auf uns selbst gestellt. Keine Schulter mehr zum Anlehnen, niemand mehr greifbar den man um Hilfe bitten k\u00f6nnte usw. usw.\u2026. Nun war der Gedanke eine Selbsthilfegruppe zu gr\u00fcnden geboren&#8230;Seither sind wir unter dem Namen Nr-Stammtisch zu finden!!!&#8221;<\/p>\n<p>&nbsp;<\/p>\n<p>Helmuth<\/p>\n<p>&nbsp;<\/p>\n<\/blockquote>\n<p>Mehrere\u00a0<a href=\"http:\/\/www.nr-stammtisch.com\/die-geschichte-eines-unbelehrbaren.htm\" target=\"_blank\" rel=\"noopener\"><strong>pers\u00f6nliche Erfahrungsberichte<\/strong><\/a> auf der NR-Homepage unter &#8220;Schicksale&#8221;.<\/p>\n<p>&nbsp;<\/p>\n<p>&nbsp;<\/p>\n<p>[\/et_pb_text][\/et_pb_column][\/et_pb_row][\/et_pb_section]<\/p>\n","protected":false},"excerpt":{"rendered":"<p>Einige Exraucher\/innen sind unserem Aufruf der Vorwoche bereits gefolgt und haben uns ihre pers\u00f6nlichen Erfahrungen, Gedanken und Ideen im Zusammenhang mit ihrem Rauchstopp berichtet. Lesen Sie hier von den verschiedenen Wegen in die Rauchfreiheit.<\/p>\n","protected":false},"author":7,"featured_media":0,"comment_status":"open","ping_status":"open","sticky":false,"template":"","format":"standard","meta":{"_et_pb_use_builder":"on","_et_pb_old_content":"&nbsp;\r\n\r\nDiese Woche m\u00f6chten wir Ihnen zwei der beeindruckenden Erfahrungsberichte vorstellen. Vielleicht ist ja auch der eine oder andere Tipp f\u00fcr Sie dabei!\r\n\r\n&nbsp;\r\n<blockquote>\"Bereits im jungen Alter von 14 Jahren z\u00e4hlte ich zu den Raucherinnen unserer Gesellschaft - und ich fand das damals unschlagbar cool. Mit 18 Jahren habe ich das erste Mal f\u00fcr einen l\u00e4ngeren Zeitraum mit dem Rauchen aufgeh\u00f6rt. Bis zu meinem 29 Lebensjahr sollte das dann auch so weitergehen - immer wieder f\u00fcr ein paar Monate aufh\u00f6ren, wieder anfangen, wieder aufh\u00f6ren ...\r\n\r\nNun bin ich seit \u00fcber 2 Jahren rauchfrei, und was fr\u00fcher f\u00fcr mich unvorstellbar war, ist heute ganz normal: ein Glas Wein ohne Zigarette, ein Kaffee ohne Zigarette, etc. Wie ich es geschafft habe? Mein Mann und ich haben uns dazu entschieden, Kinder in die Welt zu setzen. Da ich von vielen M\u00fcttern und Ex-Raucherinnen geh\u00f6rt habe, wie sehr es seelisch stresst, schwanger zu sein und gleichzeitig mit dem Rauchen aufzuh\u00f6ren, wollte ich das Thema Rauchen vor der Schwangerschaft abschlie\u00dfen: Gleichzeitig mit dem Absetzen der Pille habe ich auch das Rauchen beendet. Ich habe mir vorgestellt, dass ich jederzeit schwanger werden k\u00f6nnte, und jede Zigarette meinem Baby enorm schaden k\u00f6nnte.\r\n\r\nAls zus\u00e4tzlichen Ansporn habe ich f\u00fcr die Dauer eines Jahres jeden Tag das Zigarettengeld in eine Spardose geworfen. Ich war da wirklich sehr konsequent. In der Regel habe ich auf einen Moment am Tag gewartet, an dem ich am meisten Lust darauf hatte, eine zu rauchen, um die M\u00fcnzen in die Spardose rasseln zu lassen. Einmal im Quartal habe ich diese Spardose entleert und das Geld auf mein Sparkonto gelegt.\r\n\r\nDer Gedanke daran, dass bald ein Baby in mir wachsen w\u00fcrde gekoppelt mit der Genugtuung, die mir das Entleeren der Spardose verschaffte, haben es mir r\u00fcckblickend sehr einfach gemacht, die l\u00e4stige Zigarette loszuwerden.\r\n\r\nNachdem ich mich pers\u00f6nlich lange mit dem Thema auseinandergesetzt habe glaube ich heute, dass es f\u00fcr Raucherinnen in \u00d6sterreich im Vergleich zu anderen L\u00e4ndern viel schwieriger ist, dieses Laster loszuwerden. Es gibt wahnsinnig viele Raucherinnen in \u00d6sterreich, und auf den Bahnsteigen, in den Restaurants und Bars, vor den \u00f6ffentlichen Einrichtungen ... \u00fcberall ist man mit Zigarettenrauch konfrontiert. In anderen L\u00e4ndern sind die Gesetze in dieser Hinsicht etwas strikter. In Irland muss man schon seit Ewigkeiten vor die T\u00fcr einer Bar gehen, um rauchen zu k\u00f6nnen, und in Ecuador w\u00fcrde sich niemals jemand neben einem Kind eine Zigarette anz\u00fcnden. Da muss wohl in den \u00f6sterreichischen K\u00f6pfen noch einiges geschehen in Zukunft, denn im Grunde genommen wissen wir ja alle, dass Rauchen nur Nachteile mit sich bringt.\"<strong>\u00a0<\/strong>\r\n\r\n&nbsp;\r\n\r\nMarianne\r\n\r\n&nbsp;\r\n\r\n&nbsp;\r\n\r\n\"Im J\u00e4nner 2003 habe ich mit elf weiteren Leidgenossen im Linzerheim in Bad Schallerbach die station\u00e4re Raucherentw\u00f6hnung absolviert.\r\n\r\nNach diesen drei Wochen waren 100% der Kursteilnehmer rauchfrei!!!\r\n\r\nAuf unserem Weg des \u201eRauch-frei\u201c bleiben wurden wir weitere sechs Monate von unserem Therapeuten und Berater, Herrn MBA, MSc, BSc Bernhard Starzer-Eidenberger, bei den monatlichen Treffen in der O\u00d6 GKK in Linz, psychologisch betreut. Bei der \u00bd-Jahres Untersuchung stellte sich leider heraus dass nicht alle Teilnehmer sogenannte \u201eNicht-mehr-Raucher\u201c geblieben sind. [...]\r\n\r\nDanach waren wir auf uns selbst gestellt. Keine Schulter mehr zum Anlehnen, niemand mehr greifbar den man um Hilfe bitten k\u00f6nnte usw. usw.\u2026. Nun war der Gedanke eine Selbsthilfegruppe zu gr\u00fcnden geboren...Seither sind wir unter dem Namen Nr-Stammtisch zu finden!!!\"\r\n\r\n&nbsp;\r\n\r\nHelmuth\r\n\r\n&nbsp;<\/blockquote>\r\nMehr zum <a href=\"http:\/\/www.nr-stammtisch.com\/nichtraucher---nr-stammtisch.htm\" target=\"_blank\"><strong>Nichtraucher-Stammtisch<\/strong><\/a> und <a href=\"http:\/\/www.nr-stammtisch.com\/die-geschichte-eines-unbelehrbaren.htm\" target=\"_blank\"><strong>pers\u00f6nliche Erfahrungsberichte<\/strong><\/a> auf der NR-Homepage unter \"Schicksale\".\r\n\r\n&nbsp;\r\n\r\n&nbsp;","_et_gb_content_width":"","footnotes":""},"categories":[236],"tags":[],"class_list":["post-4612","post","type-post","status-publish","format-standard","hentry","category-nicht-kategorisiert"],"yoast_head":"<!-- This site is optimized with the Yoast SEO plugin v26.2 - https:\/\/yoast.com\/wordpress\/plugins\/seo\/ -->\n<title>Erste Erfahrungsberichte von Exraucher\/innen eingetroffen - Rauchfrei Telefon<\/title>\n<meta name=\"robots\" content=\"index, follow, max-snippet:-1, max-image-preview:large, max-video-preview:-1\" \/>\n<link rel=\"canonical\" href=\"https:\/\/rauchfrei.at\/erste-erfahrungsberichte-von-exraucherinnen-eingetroffen\/\" \/>\n<meta property=\"og:locale\" content=\"en_US\" \/>\n<meta property=\"og:type\" content=\"article\" \/>\n<meta property=\"og:title\" content=\"Erste Erfahrungsberichte von Exraucher\/innen eingetroffen - Rauchfrei Telefon\" \/>\n<meta property=\"og:description\" content=\"Einige Exraucher\/innen sind unserem Aufruf der Vorwoche bereits gefolgt und haben uns ihre pers\u00f6nlichen Erfahrungen, Gedanken und Ideen im Zusammenhang mit ihrem Rauchstopp berichtet. Lesen Sie hier von den verschiedenen Wegen in die Rauchfreiheit.\" \/>\n<meta property=\"og:url\" content=\"https:\/\/rauchfrei.at\/erste-erfahrungsberichte-von-exraucherinnen-eingetroffen\/\" \/>\n<meta property=\"og:site_name\" content=\"Rauchfrei Telefon\" \/>\n<meta property=\"article:published_time\" content=\"2013-09-13T12:48:02+00:00\" \/>\n<meta property=\"article:modified_time\" content=\"2025-03-19T10:07:06+00:00\" \/>\n<meta name=\"author\" content=\"Nina Heumayer\" \/>\n<meta name=\"twitter:card\" content=\"summary_large_image\" \/>\n<meta name=\"twitter:label1\" content=\"Written by\" \/>\n\t<meta name=\"twitter:data1\" content=\"Nina Heumayer\" \/>\n\t<meta name=\"twitter:label2\" content=\"Est. reading time\" \/>\n\t<meta name=\"twitter:data2\" content=\"1 minute\" \/>\n<script type=\"application\/ld+json\" class=\"yoast-schema-graph\">{\"@context\":\"https:\/\/schema.org\",\"@graph\":[{\"@type\":\"WebPage\",\"@id\":\"https:\/\/rauchfrei.at\/erste-erfahrungsberichte-von-exraucherinnen-eingetroffen\/\",\"url\":\"https:\/\/rauchfrei.at\/erste-erfahrungsberichte-von-exraucherinnen-eingetroffen\/\",\"name\":\"Erste Erfahrungsberichte von Exraucher\/innen eingetroffen - Rauchfrei Telefon\",\"isPartOf\":{\"@id\":\"https:\/\/rauchfrei.at\/#website\"},\"datePublished\":\"2013-09-13T12:48:02+00:00\",\"dateModified\":\"2025-03-19T10:07:06+00:00\",\"author\":{\"@id\":\"https:\/\/rauchfrei.at\/#\/schema\/person\/6ba3adad8eb872b334787c24357473aa\"},\"inLanguage\":\"en-US\",\"potentialAction\":[{\"@type\":\"ReadAction\",\"target\":[\"https:\/\/rauchfrei.at\/erste-erfahrungsberichte-von-exraucherinnen-eingetroffen\/\"]}]},{\"@type\":\"WebSite\",\"@id\":\"https:\/\/rauchfrei.at\/#website\",\"url\":\"https:\/\/rauchfrei.at\/\",\"name\":\"Rauchfrei Telefon\",\"description\":\"Eine \u00f6sterreichweite Initiative der Sozialversicherungen.\",\"potentialAction\":[{\"@type\":\"SearchAction\",\"target\":{\"@type\":\"EntryPoint\",\"urlTemplate\":\"https:\/\/rauchfrei.at\/?s={search_term_string}\"},\"query-input\":{\"@type\":\"PropertyValueSpecification\",\"valueRequired\":true,\"valueName\":\"search_term_string\"}}],\"inLanguage\":\"en-US\"},{\"@type\":\"Person\",\"@id\":\"https:\/\/rauchfrei.at\/#\/schema\/person\/6ba3adad8eb872b334787c24357473aa\",\"name\":\"Nina Heumayer\",\"image\":{\"@type\":\"ImageObject\",\"inLanguage\":\"en-US\",\"@id\":\"https:\/\/rauchfrei.at\/#\/schema\/person\/image\/\",\"url\":\"https:\/\/secure.gravatar.com\/avatar\/0980a970ceeb24db5798b86faac2035236ffa2f49daf0e59474baef797676711?s=96&d=mm&r=g\",\"contentUrl\":\"https:\/\/secure.gravatar.com\/avatar\/0980a970ceeb24db5798b86faac2035236ffa2f49daf0e59474baef797676711?s=96&d=mm&r=g\",\"caption\":\"Nina Heumayer\"},\"url\":\"https:\/\/rauchfrei.at\/en\/author\/heumayer\/\"}]}<\/script>\n<!-- \/ Yoast SEO plugin. -->","yoast_head_json":{"title":"Erste Erfahrungsberichte von Exraucher\/innen eingetroffen - Rauchfrei Telefon","robots":{"index":"index","follow":"follow","max-snippet":"max-snippet:-1","max-image-preview":"max-image-preview:large","max-video-preview":"max-video-preview:-1"},"canonical":"https:\/\/rauchfrei.at\/erste-erfahrungsberichte-von-exraucherinnen-eingetroffen\/","og_locale":"en_US","og_type":"article","og_title":"Erste Erfahrungsberichte von Exraucher\/innen eingetroffen - Rauchfrei Telefon","og_description":"Einige Exraucher\/innen sind unserem Aufruf der Vorwoche bereits gefolgt und haben uns ihre pers\u00f6nlichen Erfahrungen, Gedanken und Ideen im Zusammenhang mit ihrem Rauchstopp berichtet. Lesen Sie hier von den verschiedenen Wegen in die Rauchfreiheit.","og_url":"https:\/\/rauchfrei.at\/erste-erfahrungsberichte-von-exraucherinnen-eingetroffen\/","og_site_name":"Rauchfrei Telefon","article_published_time":"2013-09-13T12:48:02+00:00","article_modified_time":"2025-03-19T10:07:06+00:00","author":"Nina Heumayer","twitter_card":"summary_large_image","twitter_misc":{"Written by":"Nina Heumayer","Est. reading time":"1 minute"},"schema":{"@context":"https:\/\/schema.org","@graph":[{"@type":"WebPage","@id":"https:\/\/rauchfrei.at\/erste-erfahrungsberichte-von-exraucherinnen-eingetroffen\/","url":"https:\/\/rauchfrei.at\/erste-erfahrungsberichte-von-exraucherinnen-eingetroffen\/","name":"Erste Erfahrungsberichte von Exraucher\/innen eingetroffen - Rauchfrei Telefon","isPartOf":{"@id":"https:\/\/rauchfrei.at\/#website"},"datePublished":"2013-09-13T12:48:02+00:00","dateModified":"2025-03-19T10:07:06+00:00","author":{"@id":"https:\/\/rauchfrei.at\/#\/schema\/person\/6ba3adad8eb872b334787c24357473aa"},"inLanguage":"en-US","potentialAction":[{"@type":"ReadAction","target":["https:\/\/rauchfrei.at\/erste-erfahrungsberichte-von-exraucherinnen-eingetroffen\/"]}]},{"@type":"WebSite","@id":"https:\/\/rauchfrei.at\/#website","url":"https:\/\/rauchfrei.at\/","name":"Rauchfrei Telefon","description":"Eine \u00f6sterreichweite Initiative der Sozialversicherungen.","potentialAction":[{"@type":"SearchAction","target":{"@type":"EntryPoint","urlTemplate":"https:\/\/rauchfrei.at\/?s={search_term_string}"},"query-input":{"@type":"PropertyValueSpecification","valueRequired":true,"valueName":"search_term_string"}}],"inLanguage":"en-US"},{"@type":"Person","@id":"https:\/\/rauchfrei.at\/#\/schema\/person\/6ba3adad8eb872b334787c24357473aa","name":"Nina Heumayer","image":{"@type":"ImageObject","inLanguage":"en-US","@id":"https:\/\/rauchfrei.at\/#\/schema\/person\/image\/","url":"https:\/\/secure.gravatar.com\/avatar\/0980a970ceeb24db5798b86faac2035236ffa2f49daf0e59474baef797676711?s=96&d=mm&r=g","contentUrl":"https:\/\/secure.gravatar.com\/avatar\/0980a970ceeb24db5798b86faac2035236ffa2f49daf0e59474baef797676711?s=96&d=mm&r=g","caption":"Nina Heumayer"},"url":"https:\/\/rauchfrei.at\/en\/author\/heumayer\/"}]}},"_links":{"self":[{"href":"https:\/\/rauchfrei.at\/en\/wp-json\/wp\/v2\/posts\/4612","targetHints":{"allow":["GET"]}}],"collection":[{"href":"https:\/\/rauchfrei.at\/en\/wp-json\/wp\/v2\/posts"}],"about":[{"href":"https:\/\/rauchfrei.at\/en\/wp-json\/wp\/v2\/types\/post"}],"author":[{"embeddable":true,"href":"https:\/\/rauchfrei.at\/en\/wp-json\/wp\/v2\/users\/7"}],"replies":[{"embeddable":true,"href":"https:\/\/rauchfrei.at\/en\/wp-json\/wp\/v2\/comments?post=4612"}],"version-history":[{"count":7,"href":"https:\/\/rauchfrei.at\/en\/wp-json\/wp\/v2\/posts\/4612\/revisions"}],"predecessor-version":[{"id":30567,"href":"https:\/\/rauchfrei.at\/en\/wp-json\/wp\/v2\/posts\/4612\/revisions\/30567"}],"wp:attachment":[{"href":"https:\/\/rauchfrei.at\/en\/wp-json\/wp\/v2\/media?parent=4612"}],"wp:term":[{"taxonomy":"category","embeddable":true,"href":"https:\/\/rauchfrei.at\/en\/wp-json\/wp\/v2\/categories?post=4612"},{"taxonomy":"post_tag","embeddable":true,"href":"https:\/\/rauchfrei.at\/en\/wp-json\/wp\/v2\/tags?post=4612"}],"curies":[{"name":"wp","href":"https:\/\/api.w.org\/{rel}","templated":true}]}}