
{"id":4629,"date":"2013-09-20T13:34:51","date_gmt":"2013-09-20T11:34:51","guid":{"rendered":"http:\/\/rauchfrei.ipax.hosting\/?p=4629"},"modified":"2013-09-20T13:34:51","modified_gmt":"2013-09-20T11:34:51","slug":"herbstluft-besser-geniessen","status":"publish","type":"post","link":"https:\/\/rauchfrei.at\/en\/herbstluft-besser-geniessen\/","title":{"rendered":"Herbstluft besser genie\u00dfen"},"content":{"rendered":"<p>&nbsp;<\/p>\n<p>Vielen Raucherinnen und Rauchern f\u00e4llt es im Sommer besonders schwer, das Rauchen zu beenden. Sommerurlaube, Grillfeiern und andere Veranstaltungen sind ohne Zigarette oft nicht vorstellbar. Mit Beginn der herbstlichen Temperaturen erh\u00f6ht sich meist auch die Motivation zum Rauchstopp und der Wunsch, wieder so richtig befreit atmen zu k\u00f6nnen.<\/p>\n<p>&nbsp;<\/p>\n<p>Sie wollen die Waldluft auch besser riechen und genie\u00dfen k\u00f6nnen?<\/p>\n<p>Sie w\u00fcnschen sich mehr Ausdauer f\u00fcr Wanderungen oder Herbstspazierg\u00e4nge?<\/p>\n<p>Sie m\u00f6chten mehr Geld f\u00fcr die Herbst\/Winter-Kollektion zur Verf\u00fcgung haben?<\/p>\n<p>&nbsp;<\/p>\n<p>Dann ist jetzt die Gelegenheit, um rauchfrei in den Herbst zu starten!<\/p>\n<p>Denn schon nach einigen Stunden steht Ihrem K\u00f6rper mehr Sauerstoff zur Verf\u00fcgung und nach den ersten rauchfreien Wochen bessert sich die Lungenfunktion deutlich. So l\u00e4sst sich die frische Herbstluft viel besser genie\u00dfen!<\/p>\n<p>&nbsp;<\/p>\n<p><b>Herbstliche Strategien f\u00fcr Verlangensattacken:<\/b><\/p>\n<p>Waldspazierg\u00e4nge, Bergwanderungen, Pilze suchen, Rad fahren, Wohnungsputz, Garage\/Keller aufr\u00e4umen und entr\u00fcmpeln, Herbstdekoration basteln bzw. anbringen, Wohnr\u00e4ume rauchfrei halten<\/p>\n<p>&nbsp;<\/p>\n<p><b>Tipps f\u00fcr den Arbeitsplatz oder zuhause:<\/b><\/p>\n<p>Rauchfrei neue Geschmackserlebnisse erfahren, saisonale Fr\u00fcchte (z.B. Zwetschken, Apfel) und Gem\u00fcse (z.B. K\u00fcrbis) essen und verkochen,\u00a0Teepausen, Mineralwasser\u00a0trinken, Dehnungs\u00fcbungen\u00a0oder Kurzentspannung<\/p>\n<p>&nbsp;<\/p>\n<p><b>Was bringt ein rauchfreies Leben? <\/b><b><\/b><\/p>\n<p>Positive Ver\u00e4nderungen zeigen sich bereits kurze Zeit nach der letzten Zigarette:<\/p>\n<p>&nbsp;<\/p>\n<ul>\n<li>Nach 20 Minuten sinkt der Blutdruck nahezu auf einen Wert wie vor der letzten Zigarette.<\/li>\n<li>Nach 8 Stunden sinkt der Kohlenmonoxidspiegel im Blut auf Normalwerte und der K\u00f6per ist wieder mit mehr Sauerstoff versorgt.<\/li>\n<li>Nach 24 Stunden verringert sich das Risiko f\u00fcr einen Herzanfall.<\/li>\n<li>Nach 2 Wochen bis 3 Monaten verbessern sich die Kreislaufsituation und die Lungenfunktion.<\/li>\n<li>Nach 1 bis 9 Monaten wird wieder eine normale Lungenfunktion erreicht und die Infektanf\u00e4lligkeit verringert.<\/li>\n<li>Nach 1 Jahr sinkt das Risiko einer koronaren Herzkrankheit auf die H\u00e4lfte des Risikos von RaucherInnen.<\/li>\n<li>Nach 5 Jahren ist das Schlaganfallrisiko nur noch halb so gro\u00df wie bei RaucherInnen, die weiterrauchen.<\/li>\n<\/ul>\n<p>&nbsp;<\/p>\n<p>Sowohl kurz- als auch langfristig verbessern Sie durch einen Rauchstopp Ihre Lebensqualit\u00e4t! Wagen Sie jetzt im Herbst den Rauchstopp und atmen Sie wieder so richtig durch!<\/p>\n<p>&nbsp;<\/p>\n<p>&nbsp;<\/p>\n<p>&nbsp;<\/p>\n","protected":false},"excerpt":{"rendered":"<p>Gerade der Herbst bringt viele Vorteile f\u00fcr den Rauchstopp mit sich: Das Rauchen im Freien wird ohnehin immer ungem\u00fctlicher, die Temperaturen sind ideal f\u00fcr Bewegung an der frischen Luft und saisonales Obst und Gem\u00fcse stehen f\u00fcr Gustoattacken bereit. Nutzen Sie diese Jahreszeit und starten Sie im Herbst rauchfrei durch! Mehr herbstliche Tipps in unserem Blog.<\/p>\n","protected":false},"author":16,"featured_media":0,"comment_status":"open","ping_status":"open","sticky":false,"template":"","format":"standard","meta":{"_et_pb_use_builder":"","_et_pb_old_content":"","_et_gb_content_width":"","footnotes":""},"categories":[236],"tags":[],"class_list":["post-4629","post","type-post","status-publish","format-standard","hentry","category-nicht-kategorisiert"],"yoast_head":"<!-- This site is optimized with the Yoast SEO plugin v26.2 - https:\/\/yoast.com\/wordpress\/plugins\/seo\/ -->\n<title>Herbstluft besser genie\u00dfen - Rauchfrei Telefon<\/title>\n<meta name=\"robots\" content=\"index, follow, max-snippet:-1, max-image-preview:large, max-video-preview:-1\" \/>\n<link rel=\"canonical\" href=\"https:\/\/rauchfrei.at\/herbstluft-besser-geniessen\/\" \/>\n<meta property=\"og:locale\" content=\"en_US\" \/>\n<meta property=\"og:type\" content=\"article\" \/>\n<meta property=\"og:title\" content=\"Herbstluft besser genie\u00dfen - Rauchfrei Telefon\" \/>\n<meta property=\"og:description\" content=\"Gerade der Herbst bringt viele Vorteile f\u00fcr den Rauchstopp mit sich: Das Rauchen im Freien wird ohnehin immer ungem\u00fctlicher, die Temperaturen sind ideal f\u00fcr Bewegung an der frischen Luft und saisonales Obst und Gem\u00fcse stehen f\u00fcr Gustoattacken bereit. Nutzen Sie diese Jahreszeit und starten Sie im Herbst rauchfrei durch! Mehr herbstliche Tipps in unserem Blog.\" \/>\n<meta property=\"og:url\" content=\"https:\/\/rauchfrei.at\/herbstluft-besser-geniessen\/\" \/>\n<meta property=\"og:site_name\" content=\"Rauchfrei Telefon\" \/>\n<meta property=\"article:published_time\" content=\"2013-09-20T11:34:51+00:00\" \/>\n<meta name=\"author\" content=\"Melanie Stulik\" \/>\n<meta name=\"twitter:card\" content=\"summary_large_image\" \/>\n<meta name=\"twitter:label1\" content=\"Written by\" \/>\n\t<meta name=\"twitter:data1\" content=\"Melanie Stulik\" \/>\n\t<meta name=\"twitter:label2\" content=\"Est. reading time\" \/>\n\t<meta name=\"twitter:data2\" content=\"2 minutes\" \/>\n<script type=\"application\/ld+json\" class=\"yoast-schema-graph\">{\"@context\":\"https:\/\/schema.org\",\"@graph\":[{\"@type\":\"WebPage\",\"@id\":\"https:\/\/rauchfrei.at\/herbstluft-besser-geniessen\/\",\"url\":\"https:\/\/rauchfrei.at\/herbstluft-besser-geniessen\/\",\"name\":\"Herbstluft besser genie\u00dfen - Rauchfrei Telefon\",\"isPartOf\":{\"@id\":\"https:\/\/rauchfrei.at\/#website\"},\"datePublished\":\"2013-09-20T11:34:51+00:00\",\"author\":{\"@id\":\"https:\/\/rauchfrei.at\/#\/schema\/person\/91493cc00c3601c46943b77e7ebc0075\"},\"inLanguage\":\"en-US\",\"potentialAction\":[{\"@type\":\"ReadAction\",\"target\":[\"https:\/\/rauchfrei.at\/herbstluft-besser-geniessen\/\"]}]},{\"@type\":\"WebSite\",\"@id\":\"https:\/\/rauchfrei.at\/#website\",\"url\":\"https:\/\/rauchfrei.at\/\",\"name\":\"Rauchfrei Telefon\",\"description\":\"Eine \u00f6sterreichweite Initiative der Sozialversicherungen.\",\"potentialAction\":[{\"@type\":\"SearchAction\",\"target\":{\"@type\":\"EntryPoint\",\"urlTemplate\":\"https:\/\/rauchfrei.at\/?s={search_term_string}\"},\"query-input\":{\"@type\":\"PropertyValueSpecification\",\"valueRequired\":true,\"valueName\":\"search_term_string\"}}],\"inLanguage\":\"en-US\"},{\"@type\":\"Person\",\"@id\":\"https:\/\/rauchfrei.at\/#\/schema\/person\/91493cc00c3601c46943b77e7ebc0075\",\"name\":\"Melanie Stulik\",\"image\":{\"@type\":\"ImageObject\",\"inLanguage\":\"en-US\",\"@id\":\"https:\/\/rauchfrei.at\/#\/schema\/person\/image\/\",\"url\":\"https:\/\/secure.gravatar.com\/avatar\/5ac3b6bb2b037bda3c21df97a4ee7e763aa9f84d8ffc3f86db3731b4c62ffb71?s=96&d=mm&r=g\",\"contentUrl\":\"https:\/\/secure.gravatar.com\/avatar\/5ac3b6bb2b037bda3c21df97a4ee7e763aa9f84d8ffc3f86db3731b4c62ffb71?s=96&d=mm&r=g\",\"caption\":\"Melanie Stulik\"},\"url\":\"https:\/\/rauchfrei.at\/en\/author\/melanie-stulik\/\"}]}<\/script>\n<!-- \/ Yoast SEO plugin. -->","yoast_head_json":{"title":"Herbstluft besser genie\u00dfen - Rauchfrei Telefon","robots":{"index":"index","follow":"follow","max-snippet":"max-snippet:-1","max-image-preview":"max-image-preview:large","max-video-preview":"max-video-preview:-1"},"canonical":"https:\/\/rauchfrei.at\/herbstluft-besser-geniessen\/","og_locale":"en_US","og_type":"article","og_title":"Herbstluft besser genie\u00dfen - Rauchfrei Telefon","og_description":"Gerade der Herbst bringt viele Vorteile f\u00fcr den Rauchstopp mit sich: Das Rauchen im Freien wird ohnehin immer ungem\u00fctlicher, die Temperaturen sind ideal f\u00fcr Bewegung an der frischen Luft und saisonales Obst und Gem\u00fcse stehen f\u00fcr Gustoattacken bereit. Nutzen Sie diese Jahreszeit und starten Sie im Herbst rauchfrei durch! Mehr herbstliche Tipps in unserem Blog.","og_url":"https:\/\/rauchfrei.at\/herbstluft-besser-geniessen\/","og_site_name":"Rauchfrei Telefon","article_published_time":"2013-09-20T11:34:51+00:00","author":"Melanie Stulik","twitter_card":"summary_large_image","twitter_misc":{"Written by":"Melanie Stulik","Est. reading time":"2 minutes"},"schema":{"@context":"https:\/\/schema.org","@graph":[{"@type":"WebPage","@id":"https:\/\/rauchfrei.at\/herbstluft-besser-geniessen\/","url":"https:\/\/rauchfrei.at\/herbstluft-besser-geniessen\/","name":"Herbstluft besser genie\u00dfen - Rauchfrei Telefon","isPartOf":{"@id":"https:\/\/rauchfrei.at\/#website"},"datePublished":"2013-09-20T11:34:51+00:00","author":{"@id":"https:\/\/rauchfrei.at\/#\/schema\/person\/91493cc00c3601c46943b77e7ebc0075"},"inLanguage":"en-US","potentialAction":[{"@type":"ReadAction","target":["https:\/\/rauchfrei.at\/herbstluft-besser-geniessen\/"]}]},{"@type":"WebSite","@id":"https:\/\/rauchfrei.at\/#website","url":"https:\/\/rauchfrei.at\/","name":"Rauchfrei Telefon","description":"Eine \u00f6sterreichweite Initiative der Sozialversicherungen.","potentialAction":[{"@type":"SearchAction","target":{"@type":"EntryPoint","urlTemplate":"https:\/\/rauchfrei.at\/?s={search_term_string}"},"query-input":{"@type":"PropertyValueSpecification","valueRequired":true,"valueName":"search_term_string"}}],"inLanguage":"en-US"},{"@type":"Person","@id":"https:\/\/rauchfrei.at\/#\/schema\/person\/91493cc00c3601c46943b77e7ebc0075","name":"Melanie Stulik","image":{"@type":"ImageObject","inLanguage":"en-US","@id":"https:\/\/rauchfrei.at\/#\/schema\/person\/image\/","url":"https:\/\/secure.gravatar.com\/avatar\/5ac3b6bb2b037bda3c21df97a4ee7e763aa9f84d8ffc3f86db3731b4c62ffb71?s=96&d=mm&r=g","contentUrl":"https:\/\/secure.gravatar.com\/avatar\/5ac3b6bb2b037bda3c21df97a4ee7e763aa9f84d8ffc3f86db3731b4c62ffb71?s=96&d=mm&r=g","caption":"Melanie Stulik"},"url":"https:\/\/rauchfrei.at\/en\/author\/melanie-stulik\/"}]}},"_links":{"self":[{"href":"https:\/\/rauchfrei.at\/en\/wp-json\/wp\/v2\/posts\/4629","targetHints":{"allow":["GET"]}}],"collection":[{"href":"https:\/\/rauchfrei.at\/en\/wp-json\/wp\/v2\/posts"}],"about":[{"href":"https:\/\/rauchfrei.at\/en\/wp-json\/wp\/v2\/types\/post"}],"author":[{"embeddable":true,"href":"https:\/\/rauchfrei.at\/en\/wp-json\/wp\/v2\/users\/16"}],"replies":[{"embeddable":true,"href":"https:\/\/rauchfrei.at\/en\/wp-json\/wp\/v2\/comments?post=4629"}],"version-history":[{"count":5,"href":"https:\/\/rauchfrei.at\/en\/wp-json\/wp\/v2\/posts\/4629\/revisions"}],"predecessor-version":[{"id":4637,"href":"https:\/\/rauchfrei.at\/en\/wp-json\/wp\/v2\/posts\/4629\/revisions\/4637"}],"wp:attachment":[{"href":"https:\/\/rauchfrei.at\/en\/wp-json\/wp\/v2\/media?parent=4629"}],"wp:term":[{"taxonomy":"category","embeddable":true,"href":"https:\/\/rauchfrei.at\/en\/wp-json\/wp\/v2\/categories?post=4629"},{"taxonomy":"post_tag","embeddable":true,"href":"https:\/\/rauchfrei.at\/en\/wp-json\/wp\/v2\/tags?post=4629"}],"curies":[{"name":"wp","href":"https:\/\/api.w.org\/{rel}","templated":true}]}}