
{"id":4688,"date":"2013-10-04T10:51:36","date_gmt":"2013-10-04T08:51:36","guid":{"rendered":"http:\/\/rauchfrei.ipax.hosting\/?p=4688"},"modified":"2024-03-21T13:54:06","modified_gmt":"2024-03-21T11:54:06","slug":"macht-rauchen-blind-augen-auf","status":"publish","type":"post","link":"https:\/\/rauchfrei.at\/en\/macht-rauchen-blind-augen-auf\/","title":{"rendered":"Macht Rauchen blind? Augen auf!"},"content":{"rendered":"<p>[et_pb_section fb_built=&#8221;1&#8243; _builder_version=&#8221;4.16&#8243; global_colors_info=&#8221;{}&#8221;][et_pb_row _builder_version=&#8221;4.16&#8243; background_size=&#8221;initial&#8221; background_position=&#8221;top_left&#8221; background_repeat=&#8221;repeat&#8221; global_colors_info=&#8221;{}&#8221;][et_pb_column type=&#8221;4_4&#8243; _builder_version=&#8221;4.16&#8243; custom_padding=&#8221;|||&#8221; global_colors_info=&#8221;{}&#8221; custom_padding__hover=&#8221;|||&#8221;][et_pb_text _builder_version=&#8221;4.23.1&#8243; background_size=&#8221;initial&#8221; background_position=&#8221;top_left&#8221; background_repeat=&#8221;repeat&#8221; hover_enabled=&#8221;0&#8243; global_colors_info=&#8221;{}&#8221; sticky_enabled=&#8221;0&#8243;]<\/p>\n<p>&nbsp;<\/p>\n<p>W\u00e4hrend Lungenkrebs als <strong>die<\/strong> Folgeerkrankung des Rauchens gilt,\u00a0sind die negativen Auswirkungen des Tabakkonsums auf die <strong>Augengesundheit<\/strong> relativ unbekannt. Die Rauchinhaltsstoffe (u.a. Kohlenmonoxid) bewirken eine verminderte Durchblutung des Auges und sch\u00e4digen die Netzhaut. So haben Raucher\/innen sowie Personen, die\u00a0regelm\u00e4\u00dfig Passivrauch ausgesetzt sind,\u00a0laut neuesten Studien ein doppelt\u00a0so hohes Risiko, an der altersbedingten <a title=\"Definition\" href=\"http:\/\/de.wikipedia.org\/wiki\/Makuladegeneration\" target=\"_blank\" rel=\"noopener\"><strong>Makuladegeneration<\/strong><\/a> zu erkranken.\u00a0Auch Grauer Star oder Erblindung durch\u00a0\u00a0pl\u00f6tzlichen Verschluss von Netzhautgef\u00e4\u00dfen k\u00f6nnen die Folge des (Passiv-)Rauchens sein. Noch gef\u00e4hrdeter sind rauchende Diabetiker\/innen, deren Erblindungsrisiko durch die Stoffwechselerkrankung ohnehin stark erh\u00f6ht ist.<\/p>\n<p>&nbsp;<\/p>\n<p><a title=\"Augensch\u00e4digung durchs Rauchen\" href=\"https:\/\/www.mdr.de\/wissen\/news\/Rauchen-kann-Netzhautabloesung-foerdern-100.html\" target=\"_blank\" rel=\"noopener\">Mehr dazu&#8230;<\/a><\/p>\n<p>&nbsp;<\/p>\n<p>Gerade Rauchen ist jedoch ein vermeidbarer Risikofaktor f\u00fcr die Augengesundheit. Neben Vitamin A, C, E, Kupfer und Zink empfehlen Augen\u00e4rztinnen und -\u00e4rzte den sofortigen Rauchstopp, um das Erkrankungsrisiko deutlich zu senken. So beugen Sie auch erh\u00f6htem Augeninnendruck, Farbsinnst\u00f6rungen, Augentrockenheit\u00a0und Sch\u00e4digungen der Sehnerven vor.<\/p>\n<p>&nbsp;<\/p>\n<p>Um die Bedeutung der Sehkraft zu unterstreichen, wird in Wien j\u00e4hrlich der Augentag veranstaltet, der heute unter dem Motto &#8220;Gut sehen &#8211; ein Leben lang!&#8221; steht. Auf dem Programm stehen zahlreiche Vortr\u00e4ge, Augenuntersuchungen und individuelle Beratung durch Expertinnen und Experten.<\/p>\n<p>&nbsp;<\/p>\n<p><a href=\"https:\/\/rauchfrei.at\/wp-content\/uploads\/Augentag-poster.png\"><img loading=\"lazy\" decoding=\"async\" class=\"alignnone size-medium wp-image-4691\" src=\"https:\/\/rauchfrei.at\/wp-content\/uploads\/Augentag-poster-225x98.png\" alt=\"Augentag-poster\" width=\"225\" height=\"98\" srcset=\"https:\/\/rauchfrei.at\/wp-content\/uploads\/Augentag-poster-225x98.png 225w, https:\/\/rauchfrei.at\/wp-content\/uploads\/Augentag-poster-480x209.png 480w, https:\/\/rauchfrei.at\/wp-content\/uploads\/Augentag-poster.png 1190w\" sizes=\"(max-width: 225px) 100vw, 225px\" \/><\/a><\/p>\n<p>&nbsp;<\/p>\n<p>&nbsp;<\/p>\n<p>[\/et_pb_text][\/et_pb_column][\/et_pb_row][\/et_pb_section]<\/p>\n","protected":false},"excerpt":{"rendered":"<p>Wenn es um die gesundheitlichen Auswirkungen des Tabakkonsums geht, verschlie\u00dfen viele Raucher\/innen gerne die Augen vor der Wahrheit. Erschreckend, aber wahr: (Passiv-)Rauchen ist Gift f\u00fcr die Augen &#8211; massive Sehminderungen aber auch Erblindung k\u00f6nnen die Folge sein! So erhalten Sie sich Ihre Sehkraft&#8230;<\/p>\n","protected":false},"author":16,"featured_media":0,"comment_status":"open","ping_status":"open","sticky":false,"template":"","format":"standard","meta":{"_et_pb_use_builder":"on","_et_pb_old_content":"&nbsp;\n\nW\u00e4hrend Lungenkrebs als <strong>die<\/strong> Folgeerkrankung des Rauchens gilt,&nbsp;sind die negativen Auswirkungen des Tabakkonsums auf die <strong>Augengesundheit<\/strong> relativ unbekannt. Die Rauchinhaltsstoffe (u.a. Kohlenmonoxid) bewirken eine verminderte Durchblutung des Auges und sch\u00e4digen die Netzhaut. So haben Raucher\/innen sowie Personen, die&nbsp;regelm\u00e4\u00dfig Passivrauch ausgesetzt sind,&nbsp;laut neuesten Studien ein doppelt&nbsp;so hohes Risiko, an der altersbedingten <a title=\"Definition\" href=\"http:\/\/de.wikipedia.org\/wiki\/Makuladegeneration\" target=\"_blank\"><strong>Makuladegeneration<\/strong><\/a> zu erkranken.&nbsp;Auch Grauer Star oder Erblindung durch&nbsp;&nbsp;pl\u00f6tzlichen Verschluss von Netzhautgef\u00e4\u00dfen k\u00f6nnen die Folge des (Passiv-)Rauchens sein. Noch gef\u00e4hrdeter sind rauchende Diabetiker\/innen, deren Erblindungsrisiko durch die Stoffwechselerkrankung ohnehin stark erh\u00f6ht ist.\n\n&nbsp;\n\n<a title=\"Augensch\u00e4digung durchs Rauchen\" href=\"http:\/\/www.makuladegeneration.org\/makuladegeneration-und-rauchen\/\" target=\"_blank\">Mehr dazu...<\/a>\n\n&nbsp;\n\nGerade Rauchen ist jedoch ein vermeidbarer Risikofaktor f\u00fcr die Augengesundheit. Neben Vitamin A, C, E, Kupfer und Zink empfehlen Augen\u00e4rztinnen und -\u00e4rzte den sofortigen Rauchstopp, um das Erkrankungsrisiko deutlich zu senken. So beugen Sie auch erh\u00f6htem Augeninnendruck, Farbsinnst\u00f6rungen, Augentrockenheit&nbsp;und Sch\u00e4digungen der Sehnerven vor.\n\n&nbsp;\n\nUm die Bedeutung der Sehkraft zu unterstreichen, wird in Wien j\u00e4hrlich der Augentag veranstaltet, der heute unter dem Motto \"Gut sehen - ein Leben lang!\" steht. Auf dem Programm stehen zahlreiche Vortr\u00e4ge, Augenuntersuchungen und individuelle Beratung durch Expertinnen und Experten.\n\n&nbsp;\n\n<a href=\"https:\/\/rauchfrei.at\/wp-content\/uploads\/Augentag-poster.png\"><img class=\"alignnone size-medium wp-image-4691\" src=\"https:\/\/rauchfrei.at\/wp-content\/uploads\/Augentag-poster-225x98.png\" alt=\"Augentag-poster\" width=\"225\" height=\"98\"><\/a>\n\n&nbsp;\n\n<a title=\"Programm zum 4. Wiener Augentag\" href=\"http:\/\/www.augentag.info\/\" target=\"_blank\">Programm zum Augentag<\/a>\n\n&nbsp;\n\n&nbsp;","_et_gb_content_width":"","footnotes":""},"categories":[236],"tags":[121,126,122,123,125,124,119],"class_list":["post-4688","post","type-post","status-publish","format-standard","hentry","category-nicht-kategorisiert","tag-augengesundheit","tag-durchblutung","tag-erblindung","tag-erkrankungen","tag-grauer-star","tag-makuladegeneration","tag-risikofaktor-rauchen"],"yoast_head":"<!-- This site is optimized with the Yoast SEO plugin v26.2 - https:\/\/yoast.com\/wordpress\/plugins\/seo\/ -->\n<title>Macht Rauchen blind? Augen auf! - Rauchfrei Telefon<\/title>\n<meta name=\"robots\" content=\"index, follow, max-snippet:-1, max-image-preview:large, max-video-preview:-1\" \/>\n<link rel=\"canonical\" href=\"https:\/\/rauchfrei.at\/macht-rauchen-blind-augen-auf\/\" \/>\n<meta property=\"og:locale\" content=\"en_US\" \/>\n<meta property=\"og:type\" content=\"article\" \/>\n<meta property=\"og:title\" content=\"Macht Rauchen blind? Augen auf! - Rauchfrei Telefon\" \/>\n<meta property=\"og:description\" content=\"Wenn es um die gesundheitlichen Auswirkungen des Tabakkonsums geht, verschlie\u00dfen viele Raucher\/innen gerne die Augen vor der Wahrheit. Erschreckend, aber wahr: (Passiv-)Rauchen ist Gift f\u00fcr die Augen - massive Sehminderungen aber auch Erblindung k\u00f6nnen die Folge sein! So erhalten Sie sich Ihre Sehkraft...\" \/>\n<meta property=\"og:url\" content=\"https:\/\/rauchfrei.at\/macht-rauchen-blind-augen-auf\/\" \/>\n<meta property=\"og:site_name\" content=\"Rauchfrei Telefon\" \/>\n<meta property=\"article:published_time\" content=\"2013-10-04T08:51:36+00:00\" \/>\n<meta property=\"article:modified_time\" content=\"2024-03-21T11:54:06+00:00\" \/>\n<meta property=\"og:image\" content=\"https:\/\/rauchfrei.at\/wp-content\/uploads\/Augentag-poster-225x98.png\" \/>\n<meta name=\"author\" content=\"Melanie Stulik\" \/>\n<meta name=\"twitter:card\" content=\"summary_large_image\" \/>\n<meta name=\"twitter:label1\" content=\"Written by\" \/>\n\t<meta name=\"twitter:data1\" content=\"Melanie Stulik\" \/>\n\t<meta name=\"twitter:label2\" content=\"Est. reading time\" \/>\n\t<meta name=\"twitter:data2\" content=\"1 minute\" \/>\n<script type=\"application\/ld+json\" class=\"yoast-schema-graph\">{\"@context\":\"https:\/\/schema.org\",\"@graph\":[{\"@type\":\"WebPage\",\"@id\":\"https:\/\/rauchfrei.at\/macht-rauchen-blind-augen-auf\/\",\"url\":\"https:\/\/rauchfrei.at\/macht-rauchen-blind-augen-auf\/\",\"name\":\"Macht Rauchen blind? Augen auf! - Rauchfrei Telefon\",\"isPartOf\":{\"@id\":\"https:\/\/rauchfrei.at\/#website\"},\"primaryImageOfPage\":{\"@id\":\"https:\/\/rauchfrei.at\/macht-rauchen-blind-augen-auf\/#primaryimage\"},\"image\":{\"@id\":\"https:\/\/rauchfrei.at\/macht-rauchen-blind-augen-auf\/#primaryimage\"},\"thumbnailUrl\":\"https:\/\/rauchfrei.at\/wp-content\/uploads\/Augentag-poster-225x98.png\",\"datePublished\":\"2013-10-04T08:51:36+00:00\",\"dateModified\":\"2024-03-21T11:54:06+00:00\",\"author\":{\"@id\":\"https:\/\/rauchfrei.at\/#\/schema\/person\/91493cc00c3601c46943b77e7ebc0075\"},\"inLanguage\":\"en-US\",\"potentialAction\":[{\"@type\":\"ReadAction\",\"target\":[\"https:\/\/rauchfrei.at\/macht-rauchen-blind-augen-auf\/\"]}]},{\"@type\":\"ImageObject\",\"inLanguage\":\"en-US\",\"@id\":\"https:\/\/rauchfrei.at\/macht-rauchen-blind-augen-auf\/#primaryimage\",\"url\":\"https:\/\/rauchfrei.at\/wp-content\/uploads\/Augentag-poster-225x98.png\",\"contentUrl\":\"https:\/\/rauchfrei.at\/wp-content\/uploads\/Augentag-poster-225x98.png\"},{\"@type\":\"WebSite\",\"@id\":\"https:\/\/rauchfrei.at\/#website\",\"url\":\"https:\/\/rauchfrei.at\/\",\"name\":\"Rauchfrei Telefon\",\"description\":\"Eine \u00f6sterreichweite Initiative der Sozialversicherungen.\",\"potentialAction\":[{\"@type\":\"SearchAction\",\"target\":{\"@type\":\"EntryPoint\",\"urlTemplate\":\"https:\/\/rauchfrei.at\/?s={search_term_string}\"},\"query-input\":{\"@type\":\"PropertyValueSpecification\",\"valueRequired\":true,\"valueName\":\"search_term_string\"}}],\"inLanguage\":\"en-US\"},{\"@type\":\"Person\",\"@id\":\"https:\/\/rauchfrei.at\/#\/schema\/person\/91493cc00c3601c46943b77e7ebc0075\",\"name\":\"Melanie Stulik\",\"image\":{\"@type\":\"ImageObject\",\"inLanguage\":\"en-US\",\"@id\":\"https:\/\/rauchfrei.at\/#\/schema\/person\/image\/\",\"url\":\"https:\/\/secure.gravatar.com\/avatar\/5ac3b6bb2b037bda3c21df97a4ee7e763aa9f84d8ffc3f86db3731b4c62ffb71?s=96&d=mm&r=g\",\"contentUrl\":\"https:\/\/secure.gravatar.com\/avatar\/5ac3b6bb2b037bda3c21df97a4ee7e763aa9f84d8ffc3f86db3731b4c62ffb71?s=96&d=mm&r=g\",\"caption\":\"Melanie Stulik\"},\"url\":\"https:\/\/rauchfrei.at\/en\/author\/melanie-stulik\/\"}]}<\/script>\n<!-- \/ Yoast SEO plugin. -->","yoast_head_json":{"title":"Macht Rauchen blind? Augen auf! - Rauchfrei Telefon","robots":{"index":"index","follow":"follow","max-snippet":"max-snippet:-1","max-image-preview":"max-image-preview:large","max-video-preview":"max-video-preview:-1"},"canonical":"https:\/\/rauchfrei.at\/macht-rauchen-blind-augen-auf\/","og_locale":"en_US","og_type":"article","og_title":"Macht Rauchen blind? Augen auf! - Rauchfrei Telefon","og_description":"Wenn es um die gesundheitlichen Auswirkungen des Tabakkonsums geht, verschlie\u00dfen viele Raucher\/innen gerne die Augen vor der Wahrheit. Erschreckend, aber wahr: (Passiv-)Rauchen ist Gift f\u00fcr die Augen - massive Sehminderungen aber auch Erblindung k\u00f6nnen die Folge sein! So erhalten Sie sich Ihre Sehkraft...","og_url":"https:\/\/rauchfrei.at\/macht-rauchen-blind-augen-auf\/","og_site_name":"Rauchfrei Telefon","article_published_time":"2013-10-04T08:51:36+00:00","article_modified_time":"2024-03-21T11:54:06+00:00","og_image":[{"url":"https:\/\/rauchfrei.at\/wp-content\/uploads\/Augentag-poster-225x98.png","type":"","width":"","height":""}],"author":"Melanie Stulik","twitter_card":"summary_large_image","twitter_misc":{"Written by":"Melanie Stulik","Est. reading time":"1 minute"},"schema":{"@context":"https:\/\/schema.org","@graph":[{"@type":"WebPage","@id":"https:\/\/rauchfrei.at\/macht-rauchen-blind-augen-auf\/","url":"https:\/\/rauchfrei.at\/macht-rauchen-blind-augen-auf\/","name":"Macht Rauchen blind? Augen auf! - Rauchfrei Telefon","isPartOf":{"@id":"https:\/\/rauchfrei.at\/#website"},"primaryImageOfPage":{"@id":"https:\/\/rauchfrei.at\/macht-rauchen-blind-augen-auf\/#primaryimage"},"image":{"@id":"https:\/\/rauchfrei.at\/macht-rauchen-blind-augen-auf\/#primaryimage"},"thumbnailUrl":"https:\/\/rauchfrei.at\/wp-content\/uploads\/Augentag-poster-225x98.png","datePublished":"2013-10-04T08:51:36+00:00","dateModified":"2024-03-21T11:54:06+00:00","author":{"@id":"https:\/\/rauchfrei.at\/#\/schema\/person\/91493cc00c3601c46943b77e7ebc0075"},"inLanguage":"en-US","potentialAction":[{"@type":"ReadAction","target":["https:\/\/rauchfrei.at\/macht-rauchen-blind-augen-auf\/"]}]},{"@type":"ImageObject","inLanguage":"en-US","@id":"https:\/\/rauchfrei.at\/macht-rauchen-blind-augen-auf\/#primaryimage","url":"https:\/\/rauchfrei.at\/wp-content\/uploads\/Augentag-poster-225x98.png","contentUrl":"https:\/\/rauchfrei.at\/wp-content\/uploads\/Augentag-poster-225x98.png"},{"@type":"WebSite","@id":"https:\/\/rauchfrei.at\/#website","url":"https:\/\/rauchfrei.at\/","name":"Rauchfrei Telefon","description":"Eine \u00f6sterreichweite Initiative der Sozialversicherungen.","potentialAction":[{"@type":"SearchAction","target":{"@type":"EntryPoint","urlTemplate":"https:\/\/rauchfrei.at\/?s={search_term_string}"},"query-input":{"@type":"PropertyValueSpecification","valueRequired":true,"valueName":"search_term_string"}}],"inLanguage":"en-US"},{"@type":"Person","@id":"https:\/\/rauchfrei.at\/#\/schema\/person\/91493cc00c3601c46943b77e7ebc0075","name":"Melanie Stulik","image":{"@type":"ImageObject","inLanguage":"en-US","@id":"https:\/\/rauchfrei.at\/#\/schema\/person\/image\/","url":"https:\/\/secure.gravatar.com\/avatar\/5ac3b6bb2b037bda3c21df97a4ee7e763aa9f84d8ffc3f86db3731b4c62ffb71?s=96&d=mm&r=g","contentUrl":"https:\/\/secure.gravatar.com\/avatar\/5ac3b6bb2b037bda3c21df97a4ee7e763aa9f84d8ffc3f86db3731b4c62ffb71?s=96&d=mm&r=g","caption":"Melanie Stulik"},"url":"https:\/\/rauchfrei.at\/en\/author\/melanie-stulik\/"}]}},"_links":{"self":[{"href":"https:\/\/rauchfrei.at\/en\/wp-json\/wp\/v2\/posts\/4688","targetHints":{"allow":["GET"]}}],"collection":[{"href":"https:\/\/rauchfrei.at\/en\/wp-json\/wp\/v2\/posts"}],"about":[{"href":"https:\/\/rauchfrei.at\/en\/wp-json\/wp\/v2\/types\/post"}],"author":[{"embeddable":true,"href":"https:\/\/rauchfrei.at\/en\/wp-json\/wp\/v2\/users\/16"}],"replies":[{"embeddable":true,"href":"https:\/\/rauchfrei.at\/en\/wp-json\/wp\/v2\/comments?post=4688"}],"version-history":[{"count":8,"href":"https:\/\/rauchfrei.at\/en\/wp-json\/wp\/v2\/posts\/4688\/revisions"}],"predecessor-version":[{"id":29329,"href":"https:\/\/rauchfrei.at\/en\/wp-json\/wp\/v2\/posts\/4688\/revisions\/29329"}],"wp:attachment":[{"href":"https:\/\/rauchfrei.at\/en\/wp-json\/wp\/v2\/media?parent=4688"}],"wp:term":[{"taxonomy":"category","embeddable":true,"href":"https:\/\/rauchfrei.at\/en\/wp-json\/wp\/v2\/categories?post=4688"},{"taxonomy":"post_tag","embeddable":true,"href":"https:\/\/rauchfrei.at\/en\/wp-json\/wp\/v2\/tags?post=4688"}],"curies":[{"name":"wp","href":"https:\/\/api.w.org\/{rel}","templated":true}]}}