
{"id":4713,"date":"2013-10-11T18:11:42","date_gmt":"2013-10-11T16:11:42","guid":{"rendered":"http:\/\/rauchfrei.ipax.hosting\/?p=4713"},"modified":"2013-10-11T18:11:42","modified_gmt":"2013-10-11T16:11:42","slug":"neue-eu-tabakrichtlinie-beschlossen","status":"publish","type":"post","link":"https:\/\/rauchfrei.at\/en\/neue-eu-tabakrichtlinie-beschlossen\/","title":{"rendered":"Neue EU-Tabakrichtlinie beschlossen"},"content":{"rendered":"<p>&nbsp;<\/p>\n<p>W\u00e4hrend manche die neue EU-Tabakrichtlinie als Erfolg sehen, sind andere entt\u00e4uscht \u00fcber die darin enthaltenen Abschw\u00e4chungen im Vergleich zum Gesetzesentwurf der EU-Kommission.<\/p>\n<p>&nbsp;<\/p>\n<p>Hier die wichtigsten Neuerungen im \u00dcberblick:<\/p>\n<p>&nbsp;<\/p>\n<p>K\u00fcnftig werden<strong> 65 % der Vorder- und R\u00fcckseite der Zigarettenpackungen<\/strong> mit Hilfe bildgest\u00fctzter Warnhinweise (sogenannte \u201eSchockbilder\u201c) Folgen des Tabakkonsums aufzeigen. Eine Ma\u00dfnahme, die sich in Studien als h\u00f6chsteffektiv herausgestellt hat, um Jugendliche vom Tabakkonsum abzuhalten. Die Kombination aus Bild und Text wird besser wahrgenommen und hat weit reichende Wirkung: auch\u00a0Ex-Raucher\/innen werden dabei unterst\u00fctzt, rauchfrei zu bleiben.<\/p>\n<p>&nbsp;<\/p>\n<p>Der <strong>Einsatz von Zusatzstoffen<\/strong> wird der neuen EU-Tabakrichtlinie zufolge in Zukunft <strong>eingeschr\u00e4nkt.<\/strong> Eine dreij\u00e4hrige \u00dcbergangsfrist bis zum Verbot erhalten Zusatzstoffe wie beispielsweise\u00a0Schokolade\u00a0oder Vanille, die gerade Kindern und Jugendlichen den Einstieg ins Rauchen \u201eerleichtern\u201c und den bitteren Tabakgeschmack &#8220;\u00fcbert\u00f6nen&#8221;.<\/p>\n<p>&nbsp;<\/p>\n<p><strong>Mentholzigaretten<\/strong> hingegen d\u00fcrfen bis zu ihrem Verbot noch <strong>weitere acht Jahre auf dem Markt<\/strong> bleiben und so \u201eNeueinsteiger\/innen\u201c den Beginn ihrer \u201eRauchkarriere\u201c erleichtern.<\/p>\n<p>&nbsp;<\/p>\n<p>Keine Ver\u00e4nderung gibt es bei sogenannten<strong> \u201eSlim\u201c-Zigaretten<\/strong>, die vor allem von Frauen geraucht werden: diese\u00a0bleiben <strong>auch zuk\u00fcnftig<\/strong> auf dem Markt.<\/p>\n<p>&nbsp;<\/p>\n<p><strong>E-Zigaretten<\/strong> d\u00fcrfen nach dem Beschluss des EU-Parlaments <strong>nicht mehr an unter 18-j\u00e4hrige<\/strong> verkauft werden.<\/p>\n<p>&nbsp;<\/p>\n<p>Ab wann die neue Tabakrichtlinie in Kraft tritt, ist noch offen.<\/p>\n<p>&nbsp;<\/p>\n<p>&nbsp;<\/p>\n","protected":false},"excerpt":{"rendered":"<p>Am 08.Oktober 2013 hat sich das Europaparlament auf die neue EU-Tabakrichtlinie geeinigt. Mithilfe der neuen Regelungen sollen Kinder und Jugendliche vor dem Einstieg in die Abh\u00e4ngigkeitsfalle bewahrt werden. Gehen die neuen Regelungen weit genug? Machen Sie sich ein Bild.<\/p>\n","protected":false},"author":7,"featured_media":0,"comment_status":"open","ping_status":"open","sticky":false,"template":"","format":"standard","meta":{"_et_pb_use_builder":"","_et_pb_old_content":"","_et_gb_content_width":"","footnotes":""},"categories":[236],"tags":[128,127],"class_list":["post-4713","post","type-post","status-publish","format-standard","hentry","category-nicht-kategorisiert","tag-bildgestuetzte-warnhinweise","tag-neue-eu-tabakrichtlinie"],"yoast_head":"<!-- This site is optimized with the Yoast SEO plugin v26.2 - https:\/\/yoast.com\/wordpress\/plugins\/seo\/ -->\n<title>Neue EU-Tabakrichtlinie beschlossen - Rauchfrei Telefon<\/title>\n<meta name=\"robots\" content=\"index, follow, max-snippet:-1, max-image-preview:large, max-video-preview:-1\" \/>\n<link rel=\"canonical\" href=\"https:\/\/rauchfrei.at\/neue-eu-tabakrichtlinie-beschlossen\/\" \/>\n<meta property=\"og:locale\" content=\"en_US\" \/>\n<meta property=\"og:type\" content=\"article\" \/>\n<meta property=\"og:title\" content=\"Neue EU-Tabakrichtlinie beschlossen - Rauchfrei Telefon\" \/>\n<meta property=\"og:description\" content=\"Am 08.Oktober 2013 hat sich das Europaparlament auf die neue EU-Tabakrichtlinie geeinigt. Mithilfe der neuen Regelungen sollen Kinder und Jugendliche vor dem Einstieg in die Abh\u00e4ngigkeitsfalle bewahrt werden. Gehen die neuen Regelungen weit genug? Machen Sie sich ein Bild.\" \/>\n<meta property=\"og:url\" content=\"https:\/\/rauchfrei.at\/neue-eu-tabakrichtlinie-beschlossen\/\" \/>\n<meta property=\"og:site_name\" content=\"Rauchfrei Telefon\" \/>\n<meta property=\"article:published_time\" content=\"2013-10-11T16:11:42+00:00\" \/>\n<meta name=\"author\" content=\"Nina Heumayer\" \/>\n<meta name=\"twitter:card\" content=\"summary_large_image\" \/>\n<meta name=\"twitter:label1\" content=\"Written by\" \/>\n\t<meta name=\"twitter:data1\" content=\"Nina Heumayer\" \/>\n\t<meta name=\"twitter:label2\" content=\"Est. reading time\" \/>\n\t<meta name=\"twitter:data2\" content=\"1 minute\" \/>\n<script type=\"application\/ld+json\" class=\"yoast-schema-graph\">{\"@context\":\"https:\/\/schema.org\",\"@graph\":[{\"@type\":\"WebPage\",\"@id\":\"https:\/\/rauchfrei.at\/neue-eu-tabakrichtlinie-beschlossen\/\",\"url\":\"https:\/\/rauchfrei.at\/neue-eu-tabakrichtlinie-beschlossen\/\",\"name\":\"Neue EU-Tabakrichtlinie beschlossen - Rauchfrei Telefon\",\"isPartOf\":{\"@id\":\"https:\/\/rauchfrei.at\/#website\"},\"datePublished\":\"2013-10-11T16:11:42+00:00\",\"author\":{\"@id\":\"https:\/\/rauchfrei.at\/#\/schema\/person\/6ba3adad8eb872b334787c24357473aa\"},\"inLanguage\":\"en-US\",\"potentialAction\":[{\"@type\":\"ReadAction\",\"target\":[\"https:\/\/rauchfrei.at\/neue-eu-tabakrichtlinie-beschlossen\/\"]}]},{\"@type\":\"WebSite\",\"@id\":\"https:\/\/rauchfrei.at\/#website\",\"url\":\"https:\/\/rauchfrei.at\/\",\"name\":\"Rauchfrei Telefon\",\"description\":\"Eine \u00f6sterreichweite Initiative der Sozialversicherungen.\",\"potentialAction\":[{\"@type\":\"SearchAction\",\"target\":{\"@type\":\"EntryPoint\",\"urlTemplate\":\"https:\/\/rauchfrei.at\/?s={search_term_string}\"},\"query-input\":{\"@type\":\"PropertyValueSpecification\",\"valueRequired\":true,\"valueName\":\"search_term_string\"}}],\"inLanguage\":\"en-US\"},{\"@type\":\"Person\",\"@id\":\"https:\/\/rauchfrei.at\/#\/schema\/person\/6ba3adad8eb872b334787c24357473aa\",\"name\":\"Nina Heumayer\",\"image\":{\"@type\":\"ImageObject\",\"inLanguage\":\"en-US\",\"@id\":\"https:\/\/rauchfrei.at\/#\/schema\/person\/image\/\",\"url\":\"https:\/\/secure.gravatar.com\/avatar\/0980a970ceeb24db5798b86faac2035236ffa2f49daf0e59474baef797676711?s=96&d=mm&r=g\",\"contentUrl\":\"https:\/\/secure.gravatar.com\/avatar\/0980a970ceeb24db5798b86faac2035236ffa2f49daf0e59474baef797676711?s=96&d=mm&r=g\",\"caption\":\"Nina Heumayer\"},\"url\":\"https:\/\/rauchfrei.at\/en\/author\/heumayer\/\"}]}<\/script>\n<!-- \/ Yoast SEO plugin. -->","yoast_head_json":{"title":"Neue EU-Tabakrichtlinie beschlossen - Rauchfrei Telefon","robots":{"index":"index","follow":"follow","max-snippet":"max-snippet:-1","max-image-preview":"max-image-preview:large","max-video-preview":"max-video-preview:-1"},"canonical":"https:\/\/rauchfrei.at\/neue-eu-tabakrichtlinie-beschlossen\/","og_locale":"en_US","og_type":"article","og_title":"Neue EU-Tabakrichtlinie beschlossen - Rauchfrei Telefon","og_description":"Am 08.Oktober 2013 hat sich das Europaparlament auf die neue EU-Tabakrichtlinie geeinigt. Mithilfe der neuen Regelungen sollen Kinder und Jugendliche vor dem Einstieg in die Abh\u00e4ngigkeitsfalle bewahrt werden. Gehen die neuen Regelungen weit genug? Machen Sie sich ein Bild.","og_url":"https:\/\/rauchfrei.at\/neue-eu-tabakrichtlinie-beschlossen\/","og_site_name":"Rauchfrei Telefon","article_published_time":"2013-10-11T16:11:42+00:00","author":"Nina Heumayer","twitter_card":"summary_large_image","twitter_misc":{"Written by":"Nina Heumayer","Est. reading time":"1 minute"},"schema":{"@context":"https:\/\/schema.org","@graph":[{"@type":"WebPage","@id":"https:\/\/rauchfrei.at\/neue-eu-tabakrichtlinie-beschlossen\/","url":"https:\/\/rauchfrei.at\/neue-eu-tabakrichtlinie-beschlossen\/","name":"Neue EU-Tabakrichtlinie beschlossen - Rauchfrei Telefon","isPartOf":{"@id":"https:\/\/rauchfrei.at\/#website"},"datePublished":"2013-10-11T16:11:42+00:00","author":{"@id":"https:\/\/rauchfrei.at\/#\/schema\/person\/6ba3adad8eb872b334787c24357473aa"},"inLanguage":"en-US","potentialAction":[{"@type":"ReadAction","target":["https:\/\/rauchfrei.at\/neue-eu-tabakrichtlinie-beschlossen\/"]}]},{"@type":"WebSite","@id":"https:\/\/rauchfrei.at\/#website","url":"https:\/\/rauchfrei.at\/","name":"Rauchfrei Telefon","description":"Eine \u00f6sterreichweite Initiative der Sozialversicherungen.","potentialAction":[{"@type":"SearchAction","target":{"@type":"EntryPoint","urlTemplate":"https:\/\/rauchfrei.at\/?s={search_term_string}"},"query-input":{"@type":"PropertyValueSpecification","valueRequired":true,"valueName":"search_term_string"}}],"inLanguage":"en-US"},{"@type":"Person","@id":"https:\/\/rauchfrei.at\/#\/schema\/person\/6ba3adad8eb872b334787c24357473aa","name":"Nina Heumayer","image":{"@type":"ImageObject","inLanguage":"en-US","@id":"https:\/\/rauchfrei.at\/#\/schema\/person\/image\/","url":"https:\/\/secure.gravatar.com\/avatar\/0980a970ceeb24db5798b86faac2035236ffa2f49daf0e59474baef797676711?s=96&d=mm&r=g","contentUrl":"https:\/\/secure.gravatar.com\/avatar\/0980a970ceeb24db5798b86faac2035236ffa2f49daf0e59474baef797676711?s=96&d=mm&r=g","caption":"Nina Heumayer"},"url":"https:\/\/rauchfrei.at\/en\/author\/heumayer\/"}]}},"_links":{"self":[{"href":"https:\/\/rauchfrei.at\/en\/wp-json\/wp\/v2\/posts\/4713","targetHints":{"allow":["GET"]}}],"collection":[{"href":"https:\/\/rauchfrei.at\/en\/wp-json\/wp\/v2\/posts"}],"about":[{"href":"https:\/\/rauchfrei.at\/en\/wp-json\/wp\/v2\/types\/post"}],"author":[{"embeddable":true,"href":"https:\/\/rauchfrei.at\/en\/wp-json\/wp\/v2\/users\/7"}],"replies":[{"embeddable":true,"href":"https:\/\/rauchfrei.at\/en\/wp-json\/wp\/v2\/comments?post=4713"}],"version-history":[{"count":5,"href":"https:\/\/rauchfrei.at\/en\/wp-json\/wp\/v2\/posts\/4713\/revisions"}],"predecessor-version":[{"id":4722,"href":"https:\/\/rauchfrei.at\/en\/wp-json\/wp\/v2\/posts\/4713\/revisions\/4722"}],"wp:attachment":[{"href":"https:\/\/rauchfrei.at\/en\/wp-json\/wp\/v2\/media?parent=4713"}],"wp:term":[{"taxonomy":"category","embeddable":true,"href":"https:\/\/rauchfrei.at\/en\/wp-json\/wp\/v2\/categories?post=4713"},{"taxonomy":"post_tag","embeddable":true,"href":"https:\/\/rauchfrei.at\/en\/wp-json\/wp\/v2\/tags?post=4713"}],"curies":[{"name":"wp","href":"https:\/\/api.w.org\/{rel}","templated":true}]}}