
{"id":4737,"date":"2013-10-24T17:22:04","date_gmt":"2013-10-24T15:22:04","guid":{"rendered":"http:\/\/rauchfrei.ipax.hosting\/?p=4737"},"modified":"2013-10-24T17:29:51","modified_gmt":"2013-10-24T15:29:51","slug":"wolfgang-vorteile-so-weit-man-blickt","status":"publish","type":"post","link":"https:\/\/rauchfrei.at\/en\/wolfgang-vorteile-so-weit-man-blickt\/","title":{"rendered":"Wolfgang &#8211; Vorteile so weit man blickt"},"content":{"rendered":"<p>&nbsp;<\/p>\n<p><strong>Wolfgang (60 Jahre)<\/strong><\/p>\n<p>&nbsp;<\/p>\n<blockquote><p><span style=\"font-family: Arial; font-size: medium;\">Ich habe fast <strong>40 Jahre geraucht<\/strong>, wobei der Zigarettenkonsum in den letzten Jahren bei <strong>35 St\u00fcck pro Tag<\/strong> lag.<\/span> <span style=\"font-family: Arial; font-size: medium;\">Ich habe unz\u00e4hlige Male ohne fremde Hilfe versucht, mit dem Rauchen aufzuh\u00f6ren, was nie gelang:<\/span> <span style=\"font-family: Arial; font-size: medium;\">Meist wurde ich schon am 2.Tag schwach, ich versuchte dann, den Zigarettenkonsum einzuschr\u00e4nken,<\/span> <span style=\"font-family: Arial; font-size: medium;\">aber auch das gelang nie wirklich, vielleicht ein paar Tage lang und dann war ich wieder auf dem alten Stand.<\/span><\/p>\n<p>&nbsp;<\/p>\n<p><span style=\"font-family: Arial; font-size: medium;\">Im Fr\u00fchjahr 2012 habe ich mich dann entschlossen, es wie <\/span><span style=\"font-family: Arial; font-size: medium;\">der einmal zu versuchen von den Zigaretten loszukommen.<\/span> <span style=\"font-family: Arial; font-size: medium;\">Ich dachte mir: jetzt bin ich fast 59 Jahre und ich m\u00f6chte schliesslich auf von meiner anstehenden Pension<\/span> <span style=\"font-family: Arial; font-size: medium;\">noch was haben. Und wenn ich jetzt nicht aufh\u00f6re, dann schaffe ich es gar nicht mehr.<\/span> <span style=\"font-family: Arial; font-size: medium;\">Ich hatte aber gewu\u00dft, <strong>ohne fremde Hilfe geht das nicht<\/strong> und so habe ich bei der <strong>GKK Ober\u00f6sterreich<\/strong> einen 6-w\u00f6chigen Entw\u00f6hnungskurs besucht. Obwohl ich wu\u00dfte, da\u00df die Erfolgsquote bei solchen Entw\u00f6hnungsseminaren sehr gering ist, wollte ich es dennoch versuchen. Die Kosten von EUR 35<\/span> <span style=\"font-family: Arial; font-size: medium;\">waren ja auch nicht h\u00f6her als eine Stange Zigaretten und so meldete ich mich kurz entschlossen f\u00fcr den<\/span> <span style=\"font-family: Arial; font-size: medium;\">n\u00e4chsten Kurs an.<\/span><br \/>\n<span style=\"font-family: Arial; font-size: medium;\">Um es vorweg zu nehmen: Von 14 Personen waren wir zuletzt in der 6. Woche nur mehr 4 Personen<\/span> <span style=\"font-family: Arial; font-size: medium;\">im Kurs (die anderen hatten schon aufgegeben), am Ende waren wir nur noch 2, die es durchgezogen hatten <\/span>\u00a0<span style=\"font-family: Arial; font-size: medium;\">(nach weiteren 6 Monaten war ich schon der Einzige). Ich muss dennoch sagen, die Vorbereitung im Kurs<\/span> <span style=\"font-family: Arial; font-size: medium;\">auf den &#8220;Tag X&#8221; (den jeder selbst bestimmen konnte) war wirklich optimal. <\/span><\/p>\n<p>\u00a0<br \/>\n<span style=\"font-family: Arial; font-size: medium;\">Die ersten 5 Tage waren dann die Schlimmsten: Am Tag 4 und Tag 5 war ich <strong>kurz vorm &#8220;Durchdrehen&#8221;,<\/strong><\/span> <span style=\"font-family: Arial; font-size: medium;\">ich lenkte mich an diesen schwierigen Tagen mit einer Trainingseinheit &#8220;Nordic Walking&#8221; \u00fcber jeweils 2-3 Stunden<\/span> <span style=\"font-family: Arial; font-size: medium;\">ab. Nach rund 10 Tagen war das Schlimmste (so dachte ich zumindest) vorbei. Ich hatte aber in den<\/span> <span style=\"font-family: Arial; font-size: medium;\">n\u00e4chsten Wochen und Monaten mit Entzugserscheinungen zu k\u00e4mpfen, wobei ich aber damals dachte,<\/span> <span style=\"font-family: Arial; font-size: medium;\">ich h\u00e4tte ein organisches Leiden. Ich besuchte dann verschiedenste Fach\u00e4rzte, die mir aber alle<\/span> <span style=\"font-family: Arial; font-size: medium;\">beste Gesundheit bescheinigten. Erst ein Besuch beim Lungenfacharzt brachte Klarheit: Mir wurde<\/span> <span style=\"font-family: Arial; font-size: medium;\">erkl\u00e4rt, ein Entzug kann bis zu einem Jahr dauern und macht sich mit allen m\u00f6glichen Symptomen <\/span><span style=\"font-family: Arial; font-size: medium;\">bemerkbar, wobei man glaubt, es w\u00fcrde sich um ein k\u00f6rperliches Leiden handeln.<\/span> <span style=\"font-family: Arial; font-size: medium;\">Ich hatte daraufhin versucht, diese Wehwechen nicht mehr allzu ernst zu nehmen und siehe da, <\/span><span style=\"font-family: Arial; font-size: medium;\">nach rund 10 Monaten verschwanden alle Symptome von selbst.<\/span><\/p>\n<p>&nbsp;<\/p>\n<p><span style=\"font-family: Arial; font-size: medium;\">Heute, nach <strong>18 Monaten &#8220;Rauchfrei&#8221;<\/strong> mu\u00df ich sagen, das <strong>Entw\u00f6hnungsseminar hat sich wirklich gelohnt<\/strong>!<\/span> <span style=\"font-family: Arial; font-size: medium;\">Endlich habe ich es geschafft, vom Nikotin loszukommen. Die Vorbereitung war echt gut und ich<\/span> <span style=\"font-family: Arial; font-size: medium;\">kann ein solches Seminar nur empfehlen. Vielleicht war aber der Erfolg auch nur dadurch m\u00f6glich,<\/span> <span style=\"font-family: Arial; font-size: medium;\">weil ich eben fest entschlossen war, das durchzuziehen. Dennoch: Nach ein paar Tagen kommt<\/span> <span style=\"font-family: Arial; font-size: medium;\">schon ein Ehrgeiz hinzu und man ist stolz auf sich selbst. <\/span><\/p>\n<p><span style=\"font-family: Arial; font-size: medium;\"><strong>K\u00f6rperliche Bewegung lenkt<\/strong><\/span> <span style=\"font-family: Arial; font-size: medium;\"><strong>vom Rauchen ab!<\/strong> Entsorgen Sie zu Hause alle Raucherutensilien &#8211; ich habe sogar die <\/span><span style=\"font-family: Arial; font-size: medium;\">Aschenbecher mit dem Hammer zerschlagen. Dann habe ich allen Leuten erz\u00e4hlt, ich habe mit<\/span> <span style=\"font-family: Arial; font-size: medium;\">dem Rauchen Schlu\u00df gemacht, das hat mir dann in den ersten Tagen geholfen: Somit<\/span> <span style=\"font-family: Arial; font-size: medium;\">konnte ich auch in einer schwachen Stunde nicht zu einer Zigarette greifen, ich wollte ja nicht als &#8220;Weichei&#8221; dastehen!<\/span><\/p>\n<p>&nbsp;<\/p>\n<p><span style=\"font-family: Arial; font-size: medium;\">Resumee bzw R\u00fcckblick: Es ist gar nicht schwer, sich vom Nikotin zu l\u00f6sen, nur die<\/span> <span style=\"font-family: Arial; font-size: medium;\">ersten paar Tage sind die H\u00f6lle, aber danach ist es <strong>halb so schlimm<\/strong>. Die Leistungsf\u00e4higkeit<\/span> <span style=\"font-family: Arial; font-size: medium;\">hat sich stark verbessert, kein l\u00e4stiger Husten mehr etc, nur <strong>Vorteile<\/strong> so weit man blickt!<\/span> <span style=\"font-family: Arial; font-size: medium;\">Die Entw\u00f6hnung mit Gruppendynamik w\u00fcrde ich allen empfehlen, die es nicht schaffen,<\/span> <span style=\"font-family: Arial; font-size: medium;\">alleine von der Sucht wegzukommen! Heute denke ich nicht einmal mehr daran zu rauchen,<\/span> <span style=\"font-family: Arial; font-size: medium;\">auch wenn um mich geraucht wird. Ich kann heute mit Gewissheit sagen: <strong>Endlich bin ich<\/strong><\/span><strong> <span style=\"font-family: Arial; font-size: medium;\">davon geheilt!<\/span> <\/strong><\/p>\n<p>&nbsp;<\/p>\n<p>&nbsp;<\/p><\/blockquote>\n","protected":false},"excerpt":{"rendered":"<p>40 Jahre Raucherkarriere und einige Selbstversuche, das Rauchen zu beenden. Heute ist Wolfgang 18 Monate rauchfrei und zieht Bilanz: &#8220;Das Entw\u00f6hnungsseminar hat sich wirklich gelohnt! Endlich habe ich es geschafft, vom Nikotin loszukommen&#8221;. <\/p>\n","protected":false},"author":16,"featured_media":0,"comment_status":"open","ping_status":"open","sticky":false,"template":"","format":"standard","meta":{"_et_pb_use_builder":"","_et_pb_old_content":"","_et_gb_content_width":"","footnotes":""},"categories":[236],"tags":[115,131,116],"class_list":["post-4737","post","type-post","status-publish","format-standard","hentry","category-nicht-kategorisiert","tag-erfahrungsberichte","tag-exraucher","tag-tipps"],"yoast_head":"<!-- This site is optimized with the Yoast SEO plugin v26.2 - https:\/\/yoast.com\/wordpress\/plugins\/seo\/ -->\n<title>Wolfgang - Vorteile so weit man blickt  - Rauchfrei Telefon<\/title>\n<meta name=\"robots\" content=\"index, follow, max-snippet:-1, max-image-preview:large, max-video-preview:-1\" \/>\n<link rel=\"canonical\" href=\"https:\/\/rauchfrei.at\/wolfgang-vorteile-so-weit-man-blickt\/\" \/>\n<meta property=\"og:locale\" content=\"en_US\" \/>\n<meta property=\"og:type\" content=\"article\" \/>\n<meta property=\"og:title\" content=\"Wolfgang - Vorteile so weit man blickt  - Rauchfrei Telefon\" \/>\n<meta property=\"og:description\" content=\"40 Jahre Raucherkarriere und einige Selbstversuche, das Rauchen zu beenden. Heute ist Wolfgang 18 Monate rauchfrei und zieht Bilanz: &quot;Das Entw\u00f6hnungsseminar hat sich wirklich gelohnt! Endlich habe ich es geschafft, vom Nikotin loszukommen&quot;.\" \/>\n<meta property=\"og:url\" content=\"https:\/\/rauchfrei.at\/wolfgang-vorteile-so-weit-man-blickt\/\" \/>\n<meta property=\"og:site_name\" content=\"Rauchfrei Telefon\" \/>\n<meta property=\"article:published_time\" content=\"2013-10-24T15:22:04+00:00\" \/>\n<meta property=\"article:modified_time\" content=\"2013-10-24T15:29:51+00:00\" \/>\n<meta name=\"author\" content=\"Melanie Stulik\" \/>\n<meta name=\"twitter:card\" content=\"summary_large_image\" \/>\n<meta name=\"twitter:label1\" content=\"Written by\" \/>\n\t<meta name=\"twitter:data1\" content=\"Melanie Stulik\" \/>\n\t<meta name=\"twitter:label2\" content=\"Est. reading time\" \/>\n\t<meta name=\"twitter:data2\" content=\"3 minutes\" \/>\n<script type=\"application\/ld+json\" class=\"yoast-schema-graph\">{\"@context\":\"https:\/\/schema.org\",\"@graph\":[{\"@type\":\"WebPage\",\"@id\":\"https:\/\/rauchfrei.at\/wolfgang-vorteile-so-weit-man-blickt\/\",\"url\":\"https:\/\/rauchfrei.at\/wolfgang-vorteile-so-weit-man-blickt\/\",\"name\":\"Wolfgang - Vorteile so weit man blickt - Rauchfrei Telefon\",\"isPartOf\":{\"@id\":\"https:\/\/rauchfrei.at\/#website\"},\"datePublished\":\"2013-10-24T15:22:04+00:00\",\"dateModified\":\"2013-10-24T15:29:51+00:00\",\"author\":{\"@id\":\"https:\/\/rauchfrei.at\/#\/schema\/person\/91493cc00c3601c46943b77e7ebc0075\"},\"inLanguage\":\"en-US\",\"potentialAction\":[{\"@type\":\"ReadAction\",\"target\":[\"https:\/\/rauchfrei.at\/wolfgang-vorteile-so-weit-man-blickt\/\"]}]},{\"@type\":\"WebSite\",\"@id\":\"https:\/\/rauchfrei.at\/#website\",\"url\":\"https:\/\/rauchfrei.at\/\",\"name\":\"Rauchfrei Telefon\",\"description\":\"Eine \u00f6sterreichweite Initiative der Sozialversicherungen.\",\"potentialAction\":[{\"@type\":\"SearchAction\",\"target\":{\"@type\":\"EntryPoint\",\"urlTemplate\":\"https:\/\/rauchfrei.at\/?s={search_term_string}\"},\"query-input\":{\"@type\":\"PropertyValueSpecification\",\"valueRequired\":true,\"valueName\":\"search_term_string\"}}],\"inLanguage\":\"en-US\"},{\"@type\":\"Person\",\"@id\":\"https:\/\/rauchfrei.at\/#\/schema\/person\/91493cc00c3601c46943b77e7ebc0075\",\"name\":\"Melanie Stulik\",\"image\":{\"@type\":\"ImageObject\",\"inLanguage\":\"en-US\",\"@id\":\"https:\/\/rauchfrei.at\/#\/schema\/person\/image\/\",\"url\":\"https:\/\/secure.gravatar.com\/avatar\/5ac3b6bb2b037bda3c21df97a4ee7e763aa9f84d8ffc3f86db3731b4c62ffb71?s=96&d=mm&r=g\",\"contentUrl\":\"https:\/\/secure.gravatar.com\/avatar\/5ac3b6bb2b037bda3c21df97a4ee7e763aa9f84d8ffc3f86db3731b4c62ffb71?s=96&d=mm&r=g\",\"caption\":\"Melanie Stulik\"},\"url\":\"https:\/\/rauchfrei.at\/en\/author\/melanie-stulik\/\"}]}<\/script>\n<!-- \/ Yoast SEO plugin. -->","yoast_head_json":{"title":"Wolfgang - Vorteile so weit man blickt  - Rauchfrei Telefon","robots":{"index":"index","follow":"follow","max-snippet":"max-snippet:-1","max-image-preview":"max-image-preview:large","max-video-preview":"max-video-preview:-1"},"canonical":"https:\/\/rauchfrei.at\/wolfgang-vorteile-so-weit-man-blickt\/","og_locale":"en_US","og_type":"article","og_title":"Wolfgang - Vorteile so weit man blickt  - Rauchfrei Telefon","og_description":"40 Jahre Raucherkarriere und einige Selbstversuche, das Rauchen zu beenden. Heute ist Wolfgang 18 Monate rauchfrei und zieht Bilanz: \"Das Entw\u00f6hnungsseminar hat sich wirklich gelohnt! Endlich habe ich es geschafft, vom Nikotin loszukommen\".","og_url":"https:\/\/rauchfrei.at\/wolfgang-vorteile-so-weit-man-blickt\/","og_site_name":"Rauchfrei Telefon","article_published_time":"2013-10-24T15:22:04+00:00","article_modified_time":"2013-10-24T15:29:51+00:00","author":"Melanie Stulik","twitter_card":"summary_large_image","twitter_misc":{"Written by":"Melanie Stulik","Est. reading time":"3 minutes"},"schema":{"@context":"https:\/\/schema.org","@graph":[{"@type":"WebPage","@id":"https:\/\/rauchfrei.at\/wolfgang-vorteile-so-weit-man-blickt\/","url":"https:\/\/rauchfrei.at\/wolfgang-vorteile-so-weit-man-blickt\/","name":"Wolfgang - Vorteile so weit man blickt - Rauchfrei Telefon","isPartOf":{"@id":"https:\/\/rauchfrei.at\/#website"},"datePublished":"2013-10-24T15:22:04+00:00","dateModified":"2013-10-24T15:29:51+00:00","author":{"@id":"https:\/\/rauchfrei.at\/#\/schema\/person\/91493cc00c3601c46943b77e7ebc0075"},"inLanguage":"en-US","potentialAction":[{"@type":"ReadAction","target":["https:\/\/rauchfrei.at\/wolfgang-vorteile-so-weit-man-blickt\/"]}]},{"@type":"WebSite","@id":"https:\/\/rauchfrei.at\/#website","url":"https:\/\/rauchfrei.at\/","name":"Rauchfrei Telefon","description":"Eine \u00f6sterreichweite Initiative der Sozialversicherungen.","potentialAction":[{"@type":"SearchAction","target":{"@type":"EntryPoint","urlTemplate":"https:\/\/rauchfrei.at\/?s={search_term_string}"},"query-input":{"@type":"PropertyValueSpecification","valueRequired":true,"valueName":"search_term_string"}}],"inLanguage":"en-US"},{"@type":"Person","@id":"https:\/\/rauchfrei.at\/#\/schema\/person\/91493cc00c3601c46943b77e7ebc0075","name":"Melanie Stulik","image":{"@type":"ImageObject","inLanguage":"en-US","@id":"https:\/\/rauchfrei.at\/#\/schema\/person\/image\/","url":"https:\/\/secure.gravatar.com\/avatar\/5ac3b6bb2b037bda3c21df97a4ee7e763aa9f84d8ffc3f86db3731b4c62ffb71?s=96&d=mm&r=g","contentUrl":"https:\/\/secure.gravatar.com\/avatar\/5ac3b6bb2b037bda3c21df97a4ee7e763aa9f84d8ffc3f86db3731b4c62ffb71?s=96&d=mm&r=g","caption":"Melanie Stulik"},"url":"https:\/\/rauchfrei.at\/en\/author\/melanie-stulik\/"}]}},"_links":{"self":[{"href":"https:\/\/rauchfrei.at\/en\/wp-json\/wp\/v2\/posts\/4737","targetHints":{"allow":["GET"]}}],"collection":[{"href":"https:\/\/rauchfrei.at\/en\/wp-json\/wp\/v2\/posts"}],"about":[{"href":"https:\/\/rauchfrei.at\/en\/wp-json\/wp\/v2\/types\/post"}],"author":[{"embeddable":true,"href":"https:\/\/rauchfrei.at\/en\/wp-json\/wp\/v2\/users\/16"}],"replies":[{"embeddable":true,"href":"https:\/\/rauchfrei.at\/en\/wp-json\/wp\/v2\/comments?post=4737"}],"version-history":[{"count":5,"href":"https:\/\/rauchfrei.at\/en\/wp-json\/wp\/v2\/posts\/4737\/revisions"}],"predecessor-version":[{"id":4747,"href":"https:\/\/rauchfrei.at\/en\/wp-json\/wp\/v2\/posts\/4737\/revisions\/4747"}],"wp:attachment":[{"href":"https:\/\/rauchfrei.at\/en\/wp-json\/wp\/v2\/media?parent=4737"}],"wp:term":[{"taxonomy":"category","embeddable":true,"href":"https:\/\/rauchfrei.at\/en\/wp-json\/wp\/v2\/categories?post=4737"},{"taxonomy":"post_tag","embeddable":true,"href":"https:\/\/rauchfrei.at\/en\/wp-json\/wp\/v2\/tags?post=4737"}],"curies":[{"name":"wp","href":"https:\/\/api.w.org\/{rel}","templated":true}]}}