
{"id":4750,"date":"2013-10-25T16:22:38","date_gmt":"2013-10-25T14:22:38","guid":{"rendered":"http:\/\/rauchfrei.ipax.hosting\/?p=4750"},"modified":"2013-10-25T16:27:46","modified_gmt":"2013-10-25T14:27:46","slug":"der-rauchstopp-und-die-zeitumstellung","status":"publish","type":"post","link":"https:\/\/rauchfrei.at\/en\/der-rauchstopp-und-die-zeitumstellung\/","title":{"rendered":"Der Rauchstopp und die Zeitumstellung"},"content":{"rendered":"<p>&nbsp;<\/p>\n<p>Die Bl\u00e4tter sind l\u00e4ngst wundersch\u00f6n verf\u00e4rbt \u2013 die B\u00e4ume und Str\u00e4ucher werden langsam \u201ekahl\u201c. Die Temperaturen sinken.<\/p>\n<p>&nbsp;<\/p>\n<p>Die Zeitumstellung am 27. Oktober l\u00e4sst uns mit gro\u00dfen Schritten sp\u00fcren, dass die Tage immer k\u00fcrzer werden. W\u00e4hrend bei warmen Temperaturen f\u00fcr viele Raucher\/innen die<strong> Zigarette im Freien<\/strong> eine willkommene Abwechslung ist, so wird diese bei zunehmender K\u00e4lte und Dunkelheit zum<strong> ungem\u00fctlichen \u201eMuss\u201c.<\/strong><\/p>\n<p>&nbsp;<\/p>\n<p>Auch jenen, die zur warmen Jahreszeit bei ge\u00f6ffneten Fenstern in ihrem trauten Heim rauchen, verschl\u00e4gt es bei Temperaturen, die in den einstelligen Bereich wandern, in<strong> <\/strong>ihrer Wohnung\u00a0im wahrsten Sinne des Wortes \u201edie Luft\u201c. Der <strong>Rauch bleibt<\/strong>\u00a0auch nach dem Erlischen der Zigarette in M\u00f6beln, P\u00f6lstern, Vorh\u00e4ngen, Decke und W\u00e4nden h\u00e4ngen, von wo aus er <strong>kontinuierlich weiter abgegeben <\/strong>wird. Das f\u00e4llt besonders in jener Jahreszeit unangenehm auf, wo die Fenster nicht mehr dauerge\u00f6ffnet sind.<\/p>\n<p>&nbsp;<\/p>\n<p>Der (kalte) Rauch(geruch) in Innenr\u00e4umen ist aber nicht nur unangenehm, sondern eine permanente <strong>Gef\u00e4hrdung durch tausende Giftstoffe<\/strong>, die st\u00e4ndig weiter abgegeben und eingeatmet werden.<\/p>\n<p>&nbsp;<\/p>\n<p>Die sinkenden Temperaturen, die k\u00fcrzeren Tage sind also ein <strong>willkommener Anlass<\/strong> f\u00fcr viele Raucher\/innen, ihren Rauchstopp in die Tat umzusetzen. So k\u00f6nnen die <strong>eigenen vier W\u00e4nde rauchfrei<\/strong> bei guter Luft genossen werden und dem Rauchen im Freien mit zitternden H\u00e4nden und schlotternden Knien ein Ende gesetzt werden.<strong> Trauen auch Sie sich!<\/strong><\/p>\n<p>&nbsp;<\/p>\n<p><strong>Weitere Informationen zu Passivrauch<\/strong> finden Sie <a href=\"https:\/\/rauchfrei.at\/fakten\/passivrauch\/\">hier <\/a><\/p>\n<p>&nbsp;<\/p>\n<p>&nbsp;<\/p>\n<p>&nbsp;<\/p>\n","protected":false},"excerpt":{"rendered":"<p>Am 27. Oktober ist es wieder so weit: die Uhren werden um eine Stunde zur\u00fcck gestellt, es wird fr\u00fcher dunkel, der Herbst ist nicht mehr zu \u201e\u00fcbersehen\u201c. F\u00fcr viele  Raucher\/innen ist die kalte Jahreszeit Anlass, den lang ersehnten Rauchstopp umzusetzen. <\/p>\n","protected":false},"author":7,"featured_media":0,"comment_status":"open","ping_status":"open","sticky":false,"template":"","format":"standard","meta":{"_et_pb_use_builder":"","_et_pb_old_content":"","_et_gb_content_width":"","footnotes":""},"categories":[236],"tags":[54],"class_list":["post-4750","post","type-post","status-publish","format-standard","hentry","category-nicht-kategorisiert","tag-passivrauch"],"yoast_head":"<!-- This site is optimized with the Yoast SEO plugin v26.2 - https:\/\/yoast.com\/wordpress\/plugins\/seo\/ -->\n<title>Der Rauchstopp und die Zeitumstellung - Rauchfrei Telefon<\/title>\n<meta name=\"robots\" content=\"index, follow, max-snippet:-1, max-image-preview:large, max-video-preview:-1\" \/>\n<link rel=\"canonical\" href=\"https:\/\/rauchfrei.at\/der-rauchstopp-und-die-zeitumstellung\/\" \/>\n<meta property=\"og:locale\" content=\"en_US\" \/>\n<meta property=\"og:type\" content=\"article\" \/>\n<meta property=\"og:title\" content=\"Der Rauchstopp und die Zeitumstellung - Rauchfrei Telefon\" \/>\n<meta property=\"og:description\" content=\"Am 27. Oktober ist es wieder so weit: die Uhren werden um eine Stunde zur\u00fcck gestellt, es wird fr\u00fcher dunkel, der Herbst ist nicht mehr zu \u201e\u00fcbersehen\u201c. F\u00fcr viele Raucher\/innen ist die kalte Jahreszeit Anlass, den lang ersehnten Rauchstopp umzusetzen.\" \/>\n<meta property=\"og:url\" content=\"https:\/\/rauchfrei.at\/der-rauchstopp-und-die-zeitumstellung\/\" \/>\n<meta property=\"og:site_name\" content=\"Rauchfrei Telefon\" \/>\n<meta property=\"article:published_time\" content=\"2013-10-25T14:22:38+00:00\" \/>\n<meta property=\"article:modified_time\" content=\"2013-10-25T14:27:46+00:00\" \/>\n<meta name=\"author\" content=\"Nina Heumayer\" \/>\n<meta name=\"twitter:card\" content=\"summary_large_image\" \/>\n<meta name=\"twitter:label1\" content=\"Written by\" \/>\n\t<meta name=\"twitter:data1\" content=\"Nina Heumayer\" \/>\n\t<meta name=\"twitter:label2\" content=\"Est. reading time\" \/>\n\t<meta name=\"twitter:data2\" content=\"1 minute\" \/>\n<script type=\"application\/ld+json\" class=\"yoast-schema-graph\">{\"@context\":\"https:\/\/schema.org\",\"@graph\":[{\"@type\":\"WebPage\",\"@id\":\"https:\/\/rauchfrei.at\/der-rauchstopp-und-die-zeitumstellung\/\",\"url\":\"https:\/\/rauchfrei.at\/der-rauchstopp-und-die-zeitumstellung\/\",\"name\":\"Der Rauchstopp und die Zeitumstellung - Rauchfrei Telefon\",\"isPartOf\":{\"@id\":\"https:\/\/rauchfrei.at\/#website\"},\"datePublished\":\"2013-10-25T14:22:38+00:00\",\"dateModified\":\"2013-10-25T14:27:46+00:00\",\"author\":{\"@id\":\"https:\/\/rauchfrei.at\/#\/schema\/person\/6ba3adad8eb872b334787c24357473aa\"},\"inLanguage\":\"en-US\",\"potentialAction\":[{\"@type\":\"ReadAction\",\"target\":[\"https:\/\/rauchfrei.at\/der-rauchstopp-und-die-zeitumstellung\/\"]}]},{\"@type\":\"WebSite\",\"@id\":\"https:\/\/rauchfrei.at\/#website\",\"url\":\"https:\/\/rauchfrei.at\/\",\"name\":\"Rauchfrei Telefon\",\"description\":\"Eine \u00f6sterreichweite Initiative der Sozialversicherungen.\",\"potentialAction\":[{\"@type\":\"SearchAction\",\"target\":{\"@type\":\"EntryPoint\",\"urlTemplate\":\"https:\/\/rauchfrei.at\/?s={search_term_string}\"},\"query-input\":{\"@type\":\"PropertyValueSpecification\",\"valueRequired\":true,\"valueName\":\"search_term_string\"}}],\"inLanguage\":\"en-US\"},{\"@type\":\"Person\",\"@id\":\"https:\/\/rauchfrei.at\/#\/schema\/person\/6ba3adad8eb872b334787c24357473aa\",\"name\":\"Nina Heumayer\",\"image\":{\"@type\":\"ImageObject\",\"inLanguage\":\"en-US\",\"@id\":\"https:\/\/rauchfrei.at\/#\/schema\/person\/image\/\",\"url\":\"https:\/\/secure.gravatar.com\/avatar\/0980a970ceeb24db5798b86faac2035236ffa2f49daf0e59474baef797676711?s=96&d=mm&r=g\",\"contentUrl\":\"https:\/\/secure.gravatar.com\/avatar\/0980a970ceeb24db5798b86faac2035236ffa2f49daf0e59474baef797676711?s=96&d=mm&r=g\",\"caption\":\"Nina Heumayer\"},\"url\":\"https:\/\/rauchfrei.at\/en\/author\/heumayer\/\"}]}<\/script>\n<!-- \/ Yoast SEO plugin. -->","yoast_head_json":{"title":"Der Rauchstopp und die Zeitumstellung - Rauchfrei Telefon","robots":{"index":"index","follow":"follow","max-snippet":"max-snippet:-1","max-image-preview":"max-image-preview:large","max-video-preview":"max-video-preview:-1"},"canonical":"https:\/\/rauchfrei.at\/der-rauchstopp-und-die-zeitumstellung\/","og_locale":"en_US","og_type":"article","og_title":"Der Rauchstopp und die Zeitumstellung - Rauchfrei Telefon","og_description":"Am 27. Oktober ist es wieder so weit: die Uhren werden um eine Stunde zur\u00fcck gestellt, es wird fr\u00fcher dunkel, der Herbst ist nicht mehr zu \u201e\u00fcbersehen\u201c. F\u00fcr viele Raucher\/innen ist die kalte Jahreszeit Anlass, den lang ersehnten Rauchstopp umzusetzen.","og_url":"https:\/\/rauchfrei.at\/der-rauchstopp-und-die-zeitumstellung\/","og_site_name":"Rauchfrei Telefon","article_published_time":"2013-10-25T14:22:38+00:00","article_modified_time":"2013-10-25T14:27:46+00:00","author":"Nina Heumayer","twitter_card":"summary_large_image","twitter_misc":{"Written by":"Nina Heumayer","Est. reading time":"1 minute"},"schema":{"@context":"https:\/\/schema.org","@graph":[{"@type":"WebPage","@id":"https:\/\/rauchfrei.at\/der-rauchstopp-und-die-zeitumstellung\/","url":"https:\/\/rauchfrei.at\/der-rauchstopp-und-die-zeitumstellung\/","name":"Der Rauchstopp und die Zeitumstellung - Rauchfrei Telefon","isPartOf":{"@id":"https:\/\/rauchfrei.at\/#website"},"datePublished":"2013-10-25T14:22:38+00:00","dateModified":"2013-10-25T14:27:46+00:00","author":{"@id":"https:\/\/rauchfrei.at\/#\/schema\/person\/6ba3adad8eb872b334787c24357473aa"},"inLanguage":"en-US","potentialAction":[{"@type":"ReadAction","target":["https:\/\/rauchfrei.at\/der-rauchstopp-und-die-zeitumstellung\/"]}]},{"@type":"WebSite","@id":"https:\/\/rauchfrei.at\/#website","url":"https:\/\/rauchfrei.at\/","name":"Rauchfrei Telefon","description":"Eine \u00f6sterreichweite Initiative der Sozialversicherungen.","potentialAction":[{"@type":"SearchAction","target":{"@type":"EntryPoint","urlTemplate":"https:\/\/rauchfrei.at\/?s={search_term_string}"},"query-input":{"@type":"PropertyValueSpecification","valueRequired":true,"valueName":"search_term_string"}}],"inLanguage":"en-US"},{"@type":"Person","@id":"https:\/\/rauchfrei.at\/#\/schema\/person\/6ba3adad8eb872b334787c24357473aa","name":"Nina Heumayer","image":{"@type":"ImageObject","inLanguage":"en-US","@id":"https:\/\/rauchfrei.at\/#\/schema\/person\/image\/","url":"https:\/\/secure.gravatar.com\/avatar\/0980a970ceeb24db5798b86faac2035236ffa2f49daf0e59474baef797676711?s=96&d=mm&r=g","contentUrl":"https:\/\/secure.gravatar.com\/avatar\/0980a970ceeb24db5798b86faac2035236ffa2f49daf0e59474baef797676711?s=96&d=mm&r=g","caption":"Nina Heumayer"},"url":"https:\/\/rauchfrei.at\/en\/author\/heumayer\/"}]}},"_links":{"self":[{"href":"https:\/\/rauchfrei.at\/en\/wp-json\/wp\/v2\/posts\/4750","targetHints":{"allow":["GET"]}}],"collection":[{"href":"https:\/\/rauchfrei.at\/en\/wp-json\/wp\/v2\/posts"}],"about":[{"href":"https:\/\/rauchfrei.at\/en\/wp-json\/wp\/v2\/types\/post"}],"author":[{"embeddable":true,"href":"https:\/\/rauchfrei.at\/en\/wp-json\/wp\/v2\/users\/7"}],"replies":[{"embeddable":true,"href":"https:\/\/rauchfrei.at\/en\/wp-json\/wp\/v2\/comments?post=4750"}],"version-history":[{"count":5,"href":"https:\/\/rauchfrei.at\/en\/wp-json\/wp\/v2\/posts\/4750\/revisions"}],"predecessor-version":[{"id":4763,"href":"https:\/\/rauchfrei.at\/en\/wp-json\/wp\/v2\/posts\/4750\/revisions\/4763"}],"wp:attachment":[{"href":"https:\/\/rauchfrei.at\/en\/wp-json\/wp\/v2\/media?parent=4750"}],"wp:term":[{"taxonomy":"category","embeddable":true,"href":"https:\/\/rauchfrei.at\/en\/wp-json\/wp\/v2\/categories?post=4750"},{"taxonomy":"post_tag","embeddable":true,"href":"https:\/\/rauchfrei.at\/en\/wp-json\/wp\/v2\/tags?post=4750"}],"curies":[{"name":"wp","href":"https:\/\/api.w.org\/{rel}","templated":true}]}}