
{"id":4764,"date":"2013-10-31T12:53:53","date_gmt":"2013-10-31T10:53:53","guid":{"rendered":"http:\/\/rauchfrei.ipax.hosting\/?p=4764"},"modified":"2013-10-31T12:53:53","modified_gmt":"2013-10-31T10:53:53","slug":"was-erspare-ich-mir-durch-den-rauchstopp","status":"publish","type":"post","link":"https:\/\/rauchfrei.at\/en\/was-erspare-ich-mir-durch-den-rauchstopp\/","title":{"rendered":"Was erspare ich mir durch den Rauchstopp?"},"content":{"rendered":"<p>&nbsp;<\/p>\n<p>F\u00fcr viele Raucher\/innen ist neben dem Wunsch, gesund zu werden\/bleiben, die<strong> Geldersparnis<\/strong> Hauptmotivation f\u00fcr den Rauchstopp. Bei einer Schachtel Zigaretten pro Tag l\u00f6sen sich\u00a0j\u00e4hrlich<strong> im Durchschnitt 1.700 Euro<\/strong> in Luft auf. Im Laufe einer Raucherkarriere verraucht man so einen <strong>Neuwagen<\/strong> oder bei starker Abh\u00e4ngigkeit sogar eine<strong> Eigentumswohnung<\/strong>. Viel Geld also, das in viele sch\u00f6ne Dinge investiert werden k\u00f6nnte.<\/p>\n<p>&nbsp;<\/p>\n<p>H\u00e4ufig berichten uns unsere Anrufer\/innen, dass sie nach dem Rauchstopp\u00a0jeden Tag das Geld, das sie sonst f\u00fcr Zigaretten ausgegeben h\u00e4tten, in eine Sparb\u00fcchse werfen. Andere bevorzugen eine monatliche \u00dcberweisung des ersparten Betrages auf ein Sparbuch. Es ist eine wunderbare Motivation, ein<strong> Ziel vor Augen<\/strong> zu haben, <strong>auf das man<\/strong> sozusagen<strong> \u201ehinspart\u201c:<\/strong> eine Reise, ein M\u00f6belst\u00fcck, ein sch\u00f6nes Kleidungsst\u00fcck \u2026 etwas, das man sich sonst nicht h\u00e4tte leisten k\u00f6nnen oder sich nicht geg\u00f6nnt h\u00e4tte.<\/p>\n<p>&nbsp;<\/p>\n<p>Aber es ist auch hilfreich, dar\u00fcber nach zu denken, <strong>wie viel Zigaretten<\/strong> man sich und seinem K\u00f6rper seit dem Rauchstopp bereits<strong> erspart<\/strong> hat, und <strong>wie viele Schad- und Giftstoffe<\/strong> <strong>nicht eingeatmet<\/strong> wurden. Auch die durch den Rauchstopp <strong>ersparte Zeit<\/strong> ist f\u00fcr viele \u00fcberraschend und f\u00fchrt zu einer v\u00f6llig neuen Lebensqualit\u00e4t: Es ist nicht mehr n\u00f6tig, schnell noch eine Zigarette zu rauchen, bevor man ins Auto einsteigt, in die Arbeit geht, in den Zug einsteigt \u2026 Sie gewinnen jede Menge Freiheit und Unabh\u00e4ngigkeit.<\/p>\n<p>&nbsp;<\/p>\n<p>Besuchen Sie unseren <a href=\"https:\/\/rauchfrei.at\/aufhoeren\/tests-tools\/kosten-rechner\/\">Kosten-Rechner<\/a> bzw. <a href=\"https:\/\/rauchfrei.at\/aufhoeren\/tests-tools\/rauchfrei-rechner\/\">Rauchfrei-Rechner<\/a> und sehen Sie, was Sie sich bereits erspart haben bzw. sich durch den Rauchstopp ersparen k\u00f6nnten!<\/p>\n<p>&nbsp;<\/p>\n<p>Nutzen Sie den Weltspartag und profitieren Sie vom Gewinn Ihrer Rauchfreiheit!\u00a0 Teilen Sie uns Ihre Erfahrungen mit! Wir freuen uns darauf!<\/p>\n<p>&nbsp;<\/p>\n<p>&nbsp;<\/p>\n","protected":false},"excerpt":{"rendered":"<p>Wir m\u00f6chten den heutigen Weltspartag zum Anlass nehmen, auf die vielen Ersparnisse aufmerksam zu machen, die ein rauchfreies Leben mit sich bringt \u2013 und das geht weit \u00fcber Materielles hinaus.<\/p>\n","protected":false},"author":7,"featured_media":0,"comment_status":"open","ping_status":"open","sticky":false,"template":"","format":"standard","meta":{"_et_pb_use_builder":"","_et_pb_old_content":"","_et_gb_content_width":"","footnotes":""},"categories":[236],"tags":[132],"class_list":["post-4764","post","type-post","status-publish","format-standard","hentry","category-nicht-kategorisiert","tag-ersparnisse-durch-den-rauchstopp"],"yoast_head":"<!-- This site is optimized with the Yoast SEO plugin v26.2 - https:\/\/yoast.com\/wordpress\/plugins\/seo\/ -->\n<title>Was erspare ich mir durch den Rauchstopp? - Rauchfrei Telefon<\/title>\n<meta name=\"robots\" content=\"index, follow, max-snippet:-1, max-image-preview:large, max-video-preview:-1\" \/>\n<link rel=\"canonical\" href=\"https:\/\/rauchfrei.at\/was-erspare-ich-mir-durch-den-rauchstopp\/\" \/>\n<meta property=\"og:locale\" content=\"en_US\" \/>\n<meta property=\"og:type\" content=\"article\" \/>\n<meta property=\"og:title\" content=\"Was erspare ich mir durch den Rauchstopp? - Rauchfrei Telefon\" \/>\n<meta property=\"og:description\" content=\"Wir m\u00f6chten den heutigen Weltspartag zum Anlass nehmen, auf die vielen Ersparnisse aufmerksam zu machen, die ein rauchfreies Leben mit sich bringt \u2013 und das geht weit \u00fcber Materielles hinaus.\" \/>\n<meta property=\"og:url\" content=\"https:\/\/rauchfrei.at\/was-erspare-ich-mir-durch-den-rauchstopp\/\" \/>\n<meta property=\"og:site_name\" content=\"Rauchfrei Telefon\" \/>\n<meta property=\"article:published_time\" content=\"2013-10-31T10:53:53+00:00\" \/>\n<meta name=\"author\" content=\"Nina Heumayer\" \/>\n<meta name=\"twitter:card\" content=\"summary_large_image\" \/>\n<meta name=\"twitter:label1\" content=\"Written by\" \/>\n\t<meta name=\"twitter:data1\" content=\"Nina Heumayer\" \/>\n\t<meta name=\"twitter:label2\" content=\"Est. reading time\" \/>\n\t<meta name=\"twitter:data2\" content=\"1 minute\" \/>\n<script type=\"application\/ld+json\" class=\"yoast-schema-graph\">{\"@context\":\"https:\/\/schema.org\",\"@graph\":[{\"@type\":\"WebPage\",\"@id\":\"https:\/\/rauchfrei.at\/was-erspare-ich-mir-durch-den-rauchstopp\/\",\"url\":\"https:\/\/rauchfrei.at\/was-erspare-ich-mir-durch-den-rauchstopp\/\",\"name\":\"Was erspare ich mir durch den Rauchstopp? - Rauchfrei Telefon\",\"isPartOf\":{\"@id\":\"https:\/\/rauchfrei.at\/#website\"},\"datePublished\":\"2013-10-31T10:53:53+00:00\",\"author\":{\"@id\":\"https:\/\/rauchfrei.at\/#\/schema\/person\/6ba3adad8eb872b334787c24357473aa\"},\"inLanguage\":\"en-US\",\"potentialAction\":[{\"@type\":\"ReadAction\",\"target\":[\"https:\/\/rauchfrei.at\/was-erspare-ich-mir-durch-den-rauchstopp\/\"]}]},{\"@type\":\"WebSite\",\"@id\":\"https:\/\/rauchfrei.at\/#website\",\"url\":\"https:\/\/rauchfrei.at\/\",\"name\":\"Rauchfrei Telefon\",\"description\":\"Eine \u00f6sterreichweite Initiative der Sozialversicherungen.\",\"potentialAction\":[{\"@type\":\"SearchAction\",\"target\":{\"@type\":\"EntryPoint\",\"urlTemplate\":\"https:\/\/rauchfrei.at\/?s={search_term_string}\"},\"query-input\":{\"@type\":\"PropertyValueSpecification\",\"valueRequired\":true,\"valueName\":\"search_term_string\"}}],\"inLanguage\":\"en-US\"},{\"@type\":\"Person\",\"@id\":\"https:\/\/rauchfrei.at\/#\/schema\/person\/6ba3adad8eb872b334787c24357473aa\",\"name\":\"Nina Heumayer\",\"image\":{\"@type\":\"ImageObject\",\"inLanguage\":\"en-US\",\"@id\":\"https:\/\/rauchfrei.at\/#\/schema\/person\/image\/\",\"url\":\"https:\/\/secure.gravatar.com\/avatar\/0980a970ceeb24db5798b86faac2035236ffa2f49daf0e59474baef797676711?s=96&d=mm&r=g\",\"contentUrl\":\"https:\/\/secure.gravatar.com\/avatar\/0980a970ceeb24db5798b86faac2035236ffa2f49daf0e59474baef797676711?s=96&d=mm&r=g\",\"caption\":\"Nina Heumayer\"},\"url\":\"https:\/\/rauchfrei.at\/en\/author\/heumayer\/\"}]}<\/script>\n<!-- \/ Yoast SEO plugin. -->","yoast_head_json":{"title":"Was erspare ich mir durch den Rauchstopp? - Rauchfrei Telefon","robots":{"index":"index","follow":"follow","max-snippet":"max-snippet:-1","max-image-preview":"max-image-preview:large","max-video-preview":"max-video-preview:-1"},"canonical":"https:\/\/rauchfrei.at\/was-erspare-ich-mir-durch-den-rauchstopp\/","og_locale":"en_US","og_type":"article","og_title":"Was erspare ich mir durch den Rauchstopp? - Rauchfrei Telefon","og_description":"Wir m\u00f6chten den heutigen Weltspartag zum Anlass nehmen, auf die vielen Ersparnisse aufmerksam zu machen, die ein rauchfreies Leben mit sich bringt \u2013 und das geht weit \u00fcber Materielles hinaus.","og_url":"https:\/\/rauchfrei.at\/was-erspare-ich-mir-durch-den-rauchstopp\/","og_site_name":"Rauchfrei Telefon","article_published_time":"2013-10-31T10:53:53+00:00","author":"Nina Heumayer","twitter_card":"summary_large_image","twitter_misc":{"Written by":"Nina Heumayer","Est. reading time":"1 minute"},"schema":{"@context":"https:\/\/schema.org","@graph":[{"@type":"WebPage","@id":"https:\/\/rauchfrei.at\/was-erspare-ich-mir-durch-den-rauchstopp\/","url":"https:\/\/rauchfrei.at\/was-erspare-ich-mir-durch-den-rauchstopp\/","name":"Was erspare ich mir durch den Rauchstopp? - Rauchfrei Telefon","isPartOf":{"@id":"https:\/\/rauchfrei.at\/#website"},"datePublished":"2013-10-31T10:53:53+00:00","author":{"@id":"https:\/\/rauchfrei.at\/#\/schema\/person\/6ba3adad8eb872b334787c24357473aa"},"inLanguage":"en-US","potentialAction":[{"@type":"ReadAction","target":["https:\/\/rauchfrei.at\/was-erspare-ich-mir-durch-den-rauchstopp\/"]}]},{"@type":"WebSite","@id":"https:\/\/rauchfrei.at\/#website","url":"https:\/\/rauchfrei.at\/","name":"Rauchfrei Telefon","description":"Eine \u00f6sterreichweite Initiative der Sozialversicherungen.","potentialAction":[{"@type":"SearchAction","target":{"@type":"EntryPoint","urlTemplate":"https:\/\/rauchfrei.at\/?s={search_term_string}"},"query-input":{"@type":"PropertyValueSpecification","valueRequired":true,"valueName":"search_term_string"}}],"inLanguage":"en-US"},{"@type":"Person","@id":"https:\/\/rauchfrei.at\/#\/schema\/person\/6ba3adad8eb872b334787c24357473aa","name":"Nina Heumayer","image":{"@type":"ImageObject","inLanguage":"en-US","@id":"https:\/\/rauchfrei.at\/#\/schema\/person\/image\/","url":"https:\/\/secure.gravatar.com\/avatar\/0980a970ceeb24db5798b86faac2035236ffa2f49daf0e59474baef797676711?s=96&d=mm&r=g","contentUrl":"https:\/\/secure.gravatar.com\/avatar\/0980a970ceeb24db5798b86faac2035236ffa2f49daf0e59474baef797676711?s=96&d=mm&r=g","caption":"Nina Heumayer"},"url":"https:\/\/rauchfrei.at\/en\/author\/heumayer\/"}]}},"_links":{"self":[{"href":"https:\/\/rauchfrei.at\/en\/wp-json\/wp\/v2\/posts\/4764","targetHints":{"allow":["GET"]}}],"collection":[{"href":"https:\/\/rauchfrei.at\/en\/wp-json\/wp\/v2\/posts"}],"about":[{"href":"https:\/\/rauchfrei.at\/en\/wp-json\/wp\/v2\/types\/post"}],"author":[{"embeddable":true,"href":"https:\/\/rauchfrei.at\/en\/wp-json\/wp\/v2\/users\/7"}],"replies":[{"embeddable":true,"href":"https:\/\/rauchfrei.at\/en\/wp-json\/wp\/v2\/comments?post=4764"}],"version-history":[{"count":4,"href":"https:\/\/rauchfrei.at\/en\/wp-json\/wp\/v2\/posts\/4764\/revisions"}],"predecessor-version":[{"id":4776,"href":"https:\/\/rauchfrei.at\/en\/wp-json\/wp\/v2\/posts\/4764\/revisions\/4776"}],"wp:attachment":[{"href":"https:\/\/rauchfrei.at\/en\/wp-json\/wp\/v2\/media?parent=4764"}],"wp:term":[{"taxonomy":"category","embeddable":true,"href":"https:\/\/rauchfrei.at\/en\/wp-json\/wp\/v2\/categories?post=4764"},{"taxonomy":"post_tag","embeddable":true,"href":"https:\/\/rauchfrei.at\/en\/wp-json\/wp\/v2\/tags?post=4764"}],"curies":[{"name":"wp","href":"https:\/\/api.w.org\/{rel}","templated":true}]}}