
{"id":4817,"date":"2013-11-18T06:00:06","date_gmt":"2013-11-18T04:00:06","guid":{"rendered":"http:\/\/rauchfrei.ipax.hosting\/?p=4817"},"modified":"2013-11-18T11:16:03","modified_gmt":"2013-11-18T09:16:03","slug":"haben-sie-schon-von-copd-gehoert","status":"publish","type":"post","link":"https:\/\/rauchfrei.at\/en\/haben-sie-schon-von-copd-gehoert\/","title":{"rendered":"Haben Sie schon von COPD geh\u00f6rt?"},"content":{"rendered":"<p>&nbsp;<\/p>\n<p>COPD \u2013 hinter dieser unscheinbaren Buchstabenkombination steckt eine <strong>schleichende Erkrankung<\/strong>, die zum \u00fcberwiegenden Gro\u00dfteil (85 Prozent) Raucher\/innen betrifft. Der heutige COPD-Tag soll diese Krankheit vermehrt ins Bewusstsein bringen.<\/p>\n<p>&nbsp;<\/p>\n<p>Die ersten Symptome der chronisch obstruktiven Lungenerkrankung (abgek\u00fcrzt: COPD) werden h\u00e4ufig \u00fcbersehen oder nicht ernst genommen: dazu z\u00e4hlen <strong>Husten, Auswurf und Kurzatmigkeit<\/strong>. In weiterer Folge wird immer mehr\u00a0Lungengewebe zerst\u00f6rt und die Atemwege verengen sich.<\/p>\n<p>&nbsp;<\/p>\n<p>Vor allem Raucher\/innen sollten <strong>unbedingt regelm\u00e4\u00dfige Kontrolluntersuchungen<\/strong> bei ihrem behandelnden Lungenfacharzt\/ihrer behandelnden Lungenfach\u00e4rztin durchf\u00fchren lassen, um eine eventuelle Erkrankung rechtzeitig erkennen und behandeln zu k\u00f6nnen.<\/p>\n<p>&nbsp;<\/p>\n<p>Die<strong> wichtigste<\/strong> vorbeugende <strong>Ma\u00dfnahme<\/strong> ist der <strong>Rauchstopp &#8211; <\/strong>aber auch Raucher\/innen, die bereits an COPD erkrankt sind, k\u00f6nnen durch einen Rauchstopp ein weiteres Voranschreiten der Erkrankung aufhalten. Die in der Lunge bereits entstandenen Sch\u00e4den sind allerdings leider nicht mehr r\u00fcckg\u00e4ngig zu machen.<\/p>\n<p>Sie rauchen? <strong>Nehmen Sie den heutigen Tag zum Anlass, Ihren lang ersehnten Rauchstopp umzusetzen<\/strong> und Ihrer Lunge sowie Ihrem ganzen K\u00f6rper Erholung und Regeneration zu g\u00f6nnen. Es kann Ihnen nichts passieren \u2013 <strong>Sie k\u00f6nnen<\/strong> durch Ihren Rauchstopp <strong>nur gewinnen<\/strong>!<\/p>\n<p>&nbsp;<\/p>\n<p>Die <strong>wichtigsten Tipps<\/strong> zur Vorbereitung Ihres Rauchstopps finden sie <a href=\"https:\/\/rauchfrei.at\/aufhoeren\/schritte-zum-rauchstopp\/vorbereitung-auf-den-tag-x\/\">hier.<\/a><\/p>\n<p>&nbsp;<\/p>\n<p>Gerne beraten wir Sie auch telefonisch! <strong>0810 810 013<\/strong> &#8211; rufen Sie uns an!<\/p>\n<p>&nbsp;<\/p>\n<p>&nbsp;<\/p>\n","protected":false},"excerpt":{"rendered":"<p>Heute ist Welt-COPD-Tag. Dieser Tag soll auf die vielen noch unbekannte Erkrankung aufmerksam machen und ein rechtzeitiges Erkennen und Behandeln der schleichend auftretenden Symptome erm\u00f6glichen. Der wichtigste Schritt bei COPD ist der Rauchstopp!<\/p>\n","protected":false},"author":7,"featured_media":0,"comment_status":"open","ping_status":"open","sticky":false,"template":"","format":"standard","meta":{"_et_pb_use_builder":"","_et_pb_old_content":"","_et_gb_content_width":"","footnotes":""},"categories":[236],"tags":[61,134,62,135,116],"class_list":["post-4817","post","type-post","status-publish","format-standard","hentry","category-nicht-kategorisiert","tag-copd","tag-erkrankung","tag-husten","tag-tag","tag-tipps"],"yoast_head":"<!-- This site is optimized with the Yoast SEO plugin v26.2 - https:\/\/yoast.com\/wordpress\/plugins\/seo\/ -->\n<title>Haben Sie schon von COPD geh\u00f6rt? - Rauchfrei Telefon<\/title>\n<meta name=\"robots\" content=\"index, follow, max-snippet:-1, max-image-preview:large, max-video-preview:-1\" \/>\n<link rel=\"canonical\" href=\"https:\/\/rauchfrei.at\/haben-sie-schon-von-copd-gehoert\/\" \/>\n<meta property=\"og:locale\" content=\"en_US\" \/>\n<meta property=\"og:type\" content=\"article\" \/>\n<meta property=\"og:title\" content=\"Haben Sie schon von COPD geh\u00f6rt? - Rauchfrei Telefon\" \/>\n<meta property=\"og:description\" content=\"Heute ist Welt-COPD-Tag. Dieser Tag soll auf die vielen noch unbekannte Erkrankung aufmerksam machen und ein rechtzeitiges Erkennen und Behandeln der schleichend auftretenden Symptome erm\u00f6glichen. Der wichtigste Schritt bei COPD ist der Rauchstopp!\" \/>\n<meta property=\"og:url\" content=\"https:\/\/rauchfrei.at\/haben-sie-schon-von-copd-gehoert\/\" \/>\n<meta property=\"og:site_name\" content=\"Rauchfrei Telefon\" \/>\n<meta property=\"article:published_time\" content=\"2013-11-18T04:00:06+00:00\" \/>\n<meta property=\"article:modified_time\" content=\"2013-11-18T09:16:03+00:00\" \/>\n<meta name=\"author\" content=\"Nina Heumayer\" \/>\n<meta name=\"twitter:card\" content=\"summary_large_image\" \/>\n<meta name=\"twitter:label1\" content=\"Written by\" \/>\n\t<meta name=\"twitter:data1\" content=\"Nina Heumayer\" \/>\n\t<meta name=\"twitter:label2\" content=\"Est. reading time\" \/>\n\t<meta name=\"twitter:data2\" content=\"1 minute\" \/>\n<script type=\"application\/ld+json\" class=\"yoast-schema-graph\">{\"@context\":\"https:\/\/schema.org\",\"@graph\":[{\"@type\":\"WebPage\",\"@id\":\"https:\/\/rauchfrei.at\/haben-sie-schon-von-copd-gehoert\/\",\"url\":\"https:\/\/rauchfrei.at\/haben-sie-schon-von-copd-gehoert\/\",\"name\":\"Haben Sie schon von COPD geh\u00f6rt? - Rauchfrei Telefon\",\"isPartOf\":{\"@id\":\"https:\/\/rauchfrei.at\/#website\"},\"datePublished\":\"2013-11-18T04:00:06+00:00\",\"dateModified\":\"2013-11-18T09:16:03+00:00\",\"author\":{\"@id\":\"https:\/\/rauchfrei.at\/#\/schema\/person\/6ba3adad8eb872b334787c24357473aa\"},\"inLanguage\":\"en-US\",\"potentialAction\":[{\"@type\":\"ReadAction\",\"target\":[\"https:\/\/rauchfrei.at\/haben-sie-schon-von-copd-gehoert\/\"]}]},{\"@type\":\"WebSite\",\"@id\":\"https:\/\/rauchfrei.at\/#website\",\"url\":\"https:\/\/rauchfrei.at\/\",\"name\":\"Rauchfrei Telefon\",\"description\":\"Eine \u00f6sterreichweite Initiative der Sozialversicherungen.\",\"potentialAction\":[{\"@type\":\"SearchAction\",\"target\":{\"@type\":\"EntryPoint\",\"urlTemplate\":\"https:\/\/rauchfrei.at\/?s={search_term_string}\"},\"query-input\":{\"@type\":\"PropertyValueSpecification\",\"valueRequired\":true,\"valueName\":\"search_term_string\"}}],\"inLanguage\":\"en-US\"},{\"@type\":\"Person\",\"@id\":\"https:\/\/rauchfrei.at\/#\/schema\/person\/6ba3adad8eb872b334787c24357473aa\",\"name\":\"Nina Heumayer\",\"image\":{\"@type\":\"ImageObject\",\"inLanguage\":\"en-US\",\"@id\":\"https:\/\/rauchfrei.at\/#\/schema\/person\/image\/\",\"url\":\"https:\/\/secure.gravatar.com\/avatar\/0980a970ceeb24db5798b86faac2035236ffa2f49daf0e59474baef797676711?s=96&d=mm&r=g\",\"contentUrl\":\"https:\/\/secure.gravatar.com\/avatar\/0980a970ceeb24db5798b86faac2035236ffa2f49daf0e59474baef797676711?s=96&d=mm&r=g\",\"caption\":\"Nina Heumayer\"},\"url\":\"https:\/\/rauchfrei.at\/en\/author\/heumayer\/\"}]}<\/script>\n<!-- \/ Yoast SEO plugin. -->","yoast_head_json":{"title":"Haben Sie schon von COPD geh\u00f6rt? - Rauchfrei Telefon","robots":{"index":"index","follow":"follow","max-snippet":"max-snippet:-1","max-image-preview":"max-image-preview:large","max-video-preview":"max-video-preview:-1"},"canonical":"https:\/\/rauchfrei.at\/haben-sie-schon-von-copd-gehoert\/","og_locale":"en_US","og_type":"article","og_title":"Haben Sie schon von COPD geh\u00f6rt? - Rauchfrei Telefon","og_description":"Heute ist Welt-COPD-Tag. Dieser Tag soll auf die vielen noch unbekannte Erkrankung aufmerksam machen und ein rechtzeitiges Erkennen und Behandeln der schleichend auftretenden Symptome erm\u00f6glichen. Der wichtigste Schritt bei COPD ist der Rauchstopp!","og_url":"https:\/\/rauchfrei.at\/haben-sie-schon-von-copd-gehoert\/","og_site_name":"Rauchfrei Telefon","article_published_time":"2013-11-18T04:00:06+00:00","article_modified_time":"2013-11-18T09:16:03+00:00","author":"Nina Heumayer","twitter_card":"summary_large_image","twitter_misc":{"Written by":"Nina Heumayer","Est. reading time":"1 minute"},"schema":{"@context":"https:\/\/schema.org","@graph":[{"@type":"WebPage","@id":"https:\/\/rauchfrei.at\/haben-sie-schon-von-copd-gehoert\/","url":"https:\/\/rauchfrei.at\/haben-sie-schon-von-copd-gehoert\/","name":"Haben Sie schon von COPD geh\u00f6rt? - Rauchfrei Telefon","isPartOf":{"@id":"https:\/\/rauchfrei.at\/#website"},"datePublished":"2013-11-18T04:00:06+00:00","dateModified":"2013-11-18T09:16:03+00:00","author":{"@id":"https:\/\/rauchfrei.at\/#\/schema\/person\/6ba3adad8eb872b334787c24357473aa"},"inLanguage":"en-US","potentialAction":[{"@type":"ReadAction","target":["https:\/\/rauchfrei.at\/haben-sie-schon-von-copd-gehoert\/"]}]},{"@type":"WebSite","@id":"https:\/\/rauchfrei.at\/#website","url":"https:\/\/rauchfrei.at\/","name":"Rauchfrei Telefon","description":"Eine \u00f6sterreichweite Initiative der Sozialversicherungen.","potentialAction":[{"@type":"SearchAction","target":{"@type":"EntryPoint","urlTemplate":"https:\/\/rauchfrei.at\/?s={search_term_string}"},"query-input":{"@type":"PropertyValueSpecification","valueRequired":true,"valueName":"search_term_string"}}],"inLanguage":"en-US"},{"@type":"Person","@id":"https:\/\/rauchfrei.at\/#\/schema\/person\/6ba3adad8eb872b334787c24357473aa","name":"Nina Heumayer","image":{"@type":"ImageObject","inLanguage":"en-US","@id":"https:\/\/rauchfrei.at\/#\/schema\/person\/image\/","url":"https:\/\/secure.gravatar.com\/avatar\/0980a970ceeb24db5798b86faac2035236ffa2f49daf0e59474baef797676711?s=96&d=mm&r=g","contentUrl":"https:\/\/secure.gravatar.com\/avatar\/0980a970ceeb24db5798b86faac2035236ffa2f49daf0e59474baef797676711?s=96&d=mm&r=g","caption":"Nina Heumayer"},"url":"https:\/\/rauchfrei.at\/en\/author\/heumayer\/"}]}},"_links":{"self":[{"href":"https:\/\/rauchfrei.at\/en\/wp-json\/wp\/v2\/posts\/4817","targetHints":{"allow":["GET"]}}],"collection":[{"href":"https:\/\/rauchfrei.at\/en\/wp-json\/wp\/v2\/posts"}],"about":[{"href":"https:\/\/rauchfrei.at\/en\/wp-json\/wp\/v2\/types\/post"}],"author":[{"embeddable":true,"href":"https:\/\/rauchfrei.at\/en\/wp-json\/wp\/v2\/users\/7"}],"replies":[{"embeddable":true,"href":"https:\/\/rauchfrei.at\/en\/wp-json\/wp\/v2\/comments?post=4817"}],"version-history":[{"count":5,"href":"https:\/\/rauchfrei.at\/en\/wp-json\/wp\/v2\/posts\/4817\/revisions"}],"predecessor-version":[{"id":4841,"href":"https:\/\/rauchfrei.at\/en\/wp-json\/wp\/v2\/posts\/4817\/revisions\/4841"}],"wp:attachment":[{"href":"https:\/\/rauchfrei.at\/en\/wp-json\/wp\/v2\/media?parent=4817"}],"wp:term":[{"taxonomy":"category","embeddable":true,"href":"https:\/\/rauchfrei.at\/en\/wp-json\/wp\/v2\/categories?post=4817"},{"taxonomy":"post_tag","embeddable":true,"href":"https:\/\/rauchfrei.at\/en\/wp-json\/wp\/v2\/tags?post=4817"}],"curies":[{"name":"wp","href":"https:\/\/api.w.org\/{rel}","templated":true}]}}