
{"id":4866,"date":"2013-12-02T10:00:18","date_gmt":"2013-12-02T08:00:18","guid":{"rendered":"http:\/\/rauchfrei.ipax.hosting\/?p=4866"},"modified":"2013-11-29T19:16:27","modified_gmt":"2013-11-29T17:16:27","slug":"heimat-bist-du-starker-raucherinnen","status":"publish","type":"post","link":"https:\/\/rauchfrei.at\/en\/heimat-bist-du-starker-raucherinnen\/","title":{"rendered":"Heimat bist du starker Raucher\/innen?"},"content":{"rendered":"<p>&nbsp;<\/p>\n<p>&#8220;Die Wirte h\u00e4tten ein besseres Gesetz verdient &#8230; ein Gesetz, das auch pr\u00e4ventiv schon etwas tun kann. Das derzeitige Gesetz f\u00fchrt zu Wettbewerbsverzerrung, zu mehr B\u00fcrokratie, zu Beh\u00f6rdenwillk\u00fcr, zu Ungleichbehandlung des Personals und v.a. zur Gesundheitsgef\u00e4hrdung.&#8221; (Manfred Neuberger)<\/p>\n<p>&nbsp;<\/p>\n<p>Dies ist nur eine der Stellungnahmen zum Diskussionsthema &#8211; Schauen Sie rein, es lohnt sich!<\/p>\n<p>&nbsp;<\/p>\n<p>Die Diskussion auf ATV leitet Sylvia Saringer mit\u00a0folgenden G\u00e4sten:<\/p>\n<p>&nbsp;<\/p>\n<p>Heinz Pollischansky, Wiener Gastronom (klagt die Republik \u00d6sterreich)<br \/>\nManfred Neuberger, Leiter der Abteilung f\u00fcr Allg. Pr\u00e4ventivmedizin am Institut f\u00fcr Umwelthygiene der Med.-Universit\u00e4t Wien<\/p>\n<p>Gerhard Aigner, Sektionschef im Gesundheitsministerium<br \/>\nKarin Kadenbach, EU-Abgeordnete der SP\u00d6<\/p>\n<p>Klaus W. Fischer, Pr\u00e4sident des VCP\u00d6 (Verband der Cigarren- &amp; Pfeifenfachh\u00e4ndler \u00d6sterreichs)<\/p>\n<p>&nbsp;<\/p>\n<p>Im Analysestudio bei Sophia Angelides war Conrad Seidl von der Tageszeitung \u201cDer Standard\u201d zu Gast.<\/p>\n<p>&nbsp;<\/p>\n<p>Hier geht\u00b4s zur\u00a0\u00a0Diskussionssendung <a title=\"Am Punkt\" href=\"http:\/\/atv.at\/contentset\/410627-am-punkt\" target=\"_blank\">&#8220;Heimat bist du starker Raucher \u2013 brauchen wir ein totales Verbot?&#8221;<\/a> auf ATV (Sendung vom 27.11.2013)<\/p>\n<p>&nbsp;<\/p>\n","protected":false},"excerpt":{"rendered":"<p>Auch die Sendung &#8220;Am Punkt&#8221; widmet sich diesmal dem generellen Rauchverbot in der Gastronomie und den Auswirkungen auf alle Beteiligten. Hochkar\u00e4tige Studiog\u00e4ste wie Dr. Neuberger diskutieren das brisante Thema.<\/p>\n","protected":false},"author":16,"featured_media":0,"comment_status":"open","ping_status":"open","sticky":false,"template":"","format":"standard","meta":{"_et_pb_use_builder":"","_et_pb_old_content":"","_et_gb_content_width":"","footnotes":""},"categories":[236],"tags":[137,139,138,136],"class_list":["post-4866","post","type-post","status-publish","format-standard","hentry","category-nicht-kategorisiert","tag-gastronomie","tag-neuberger","tag-rauchfreie-lokale","tag-rauchverbot"],"yoast_head":"<!-- This site is optimized with the Yoast SEO plugin v26.2 - https:\/\/yoast.com\/wordpress\/plugins\/seo\/ -->\n<title>Heimat bist du starker Raucher\/innen? - Rauchfrei Telefon<\/title>\n<meta name=\"robots\" content=\"index, follow, max-snippet:-1, max-image-preview:large, max-video-preview:-1\" \/>\n<link rel=\"canonical\" href=\"https:\/\/rauchfrei.at\/heimat-bist-du-starker-raucherinnen\/\" \/>\n<meta property=\"og:locale\" content=\"en_US\" \/>\n<meta property=\"og:type\" content=\"article\" \/>\n<meta property=\"og:title\" content=\"Heimat bist du starker Raucher\/innen? - Rauchfrei Telefon\" \/>\n<meta property=\"og:description\" content=\"Auch die Sendung &quot;Am Punkt&quot; widmet sich diesmal dem generellen Rauchverbot in der Gastronomie und den Auswirkungen auf alle Beteiligten. Hochkar\u00e4tige Studiog\u00e4ste wie Dr. Neuberger diskutieren das brisante Thema.\" \/>\n<meta property=\"og:url\" content=\"https:\/\/rauchfrei.at\/heimat-bist-du-starker-raucherinnen\/\" \/>\n<meta property=\"og:site_name\" content=\"Rauchfrei Telefon\" \/>\n<meta property=\"article:published_time\" content=\"2013-12-02T08:00:18+00:00\" \/>\n<meta name=\"author\" content=\"Melanie Stulik\" \/>\n<meta name=\"twitter:card\" content=\"summary_large_image\" \/>\n<meta name=\"twitter:label1\" content=\"Written by\" \/>\n\t<meta name=\"twitter:data1\" content=\"Melanie Stulik\" \/>\n\t<meta name=\"twitter:label2\" content=\"Est. reading time\" \/>\n\t<meta name=\"twitter:data2\" content=\"1 minute\" \/>\n<script type=\"application\/ld+json\" class=\"yoast-schema-graph\">{\"@context\":\"https:\/\/schema.org\",\"@graph\":[{\"@type\":\"WebPage\",\"@id\":\"https:\/\/rauchfrei.at\/heimat-bist-du-starker-raucherinnen\/\",\"url\":\"https:\/\/rauchfrei.at\/heimat-bist-du-starker-raucherinnen\/\",\"name\":\"Heimat bist du starker Raucher\/innen? - Rauchfrei Telefon\",\"isPartOf\":{\"@id\":\"https:\/\/rauchfrei.at\/#website\"},\"datePublished\":\"2013-12-02T08:00:18+00:00\",\"author\":{\"@id\":\"https:\/\/rauchfrei.at\/#\/schema\/person\/91493cc00c3601c46943b77e7ebc0075\"},\"inLanguage\":\"en-US\",\"potentialAction\":[{\"@type\":\"ReadAction\",\"target\":[\"https:\/\/rauchfrei.at\/heimat-bist-du-starker-raucherinnen\/\"]}]},{\"@type\":\"WebSite\",\"@id\":\"https:\/\/rauchfrei.at\/#website\",\"url\":\"https:\/\/rauchfrei.at\/\",\"name\":\"Rauchfrei Telefon\",\"description\":\"Eine \u00f6sterreichweite Initiative der Sozialversicherungen.\",\"potentialAction\":[{\"@type\":\"SearchAction\",\"target\":{\"@type\":\"EntryPoint\",\"urlTemplate\":\"https:\/\/rauchfrei.at\/?s={search_term_string}\"},\"query-input\":{\"@type\":\"PropertyValueSpecification\",\"valueRequired\":true,\"valueName\":\"search_term_string\"}}],\"inLanguage\":\"en-US\"},{\"@type\":\"Person\",\"@id\":\"https:\/\/rauchfrei.at\/#\/schema\/person\/91493cc00c3601c46943b77e7ebc0075\",\"name\":\"Melanie Stulik\",\"image\":{\"@type\":\"ImageObject\",\"inLanguage\":\"en-US\",\"@id\":\"https:\/\/rauchfrei.at\/#\/schema\/person\/image\/\",\"url\":\"https:\/\/secure.gravatar.com\/avatar\/5ac3b6bb2b037bda3c21df97a4ee7e763aa9f84d8ffc3f86db3731b4c62ffb71?s=96&d=mm&r=g\",\"contentUrl\":\"https:\/\/secure.gravatar.com\/avatar\/5ac3b6bb2b037bda3c21df97a4ee7e763aa9f84d8ffc3f86db3731b4c62ffb71?s=96&d=mm&r=g\",\"caption\":\"Melanie Stulik\"},\"url\":\"https:\/\/rauchfrei.at\/en\/author\/melanie-stulik\/\"}]}<\/script>\n<!-- \/ Yoast SEO plugin. -->","yoast_head_json":{"title":"Heimat bist du starker Raucher\/innen? - Rauchfrei Telefon","robots":{"index":"index","follow":"follow","max-snippet":"max-snippet:-1","max-image-preview":"max-image-preview:large","max-video-preview":"max-video-preview:-1"},"canonical":"https:\/\/rauchfrei.at\/heimat-bist-du-starker-raucherinnen\/","og_locale":"en_US","og_type":"article","og_title":"Heimat bist du starker Raucher\/innen? - Rauchfrei Telefon","og_description":"Auch die Sendung \"Am Punkt\" widmet sich diesmal dem generellen Rauchverbot in der Gastronomie und den Auswirkungen auf alle Beteiligten. Hochkar\u00e4tige Studiog\u00e4ste wie Dr. Neuberger diskutieren das brisante Thema.","og_url":"https:\/\/rauchfrei.at\/heimat-bist-du-starker-raucherinnen\/","og_site_name":"Rauchfrei Telefon","article_published_time":"2013-12-02T08:00:18+00:00","author":"Melanie Stulik","twitter_card":"summary_large_image","twitter_misc":{"Written by":"Melanie Stulik","Est. reading time":"1 minute"},"schema":{"@context":"https:\/\/schema.org","@graph":[{"@type":"WebPage","@id":"https:\/\/rauchfrei.at\/heimat-bist-du-starker-raucherinnen\/","url":"https:\/\/rauchfrei.at\/heimat-bist-du-starker-raucherinnen\/","name":"Heimat bist du starker Raucher\/innen? - Rauchfrei Telefon","isPartOf":{"@id":"https:\/\/rauchfrei.at\/#website"},"datePublished":"2013-12-02T08:00:18+00:00","author":{"@id":"https:\/\/rauchfrei.at\/#\/schema\/person\/91493cc00c3601c46943b77e7ebc0075"},"inLanguage":"en-US","potentialAction":[{"@type":"ReadAction","target":["https:\/\/rauchfrei.at\/heimat-bist-du-starker-raucherinnen\/"]}]},{"@type":"WebSite","@id":"https:\/\/rauchfrei.at\/#website","url":"https:\/\/rauchfrei.at\/","name":"Rauchfrei Telefon","description":"Eine \u00f6sterreichweite Initiative der Sozialversicherungen.","potentialAction":[{"@type":"SearchAction","target":{"@type":"EntryPoint","urlTemplate":"https:\/\/rauchfrei.at\/?s={search_term_string}"},"query-input":{"@type":"PropertyValueSpecification","valueRequired":true,"valueName":"search_term_string"}}],"inLanguage":"en-US"},{"@type":"Person","@id":"https:\/\/rauchfrei.at\/#\/schema\/person\/91493cc00c3601c46943b77e7ebc0075","name":"Melanie Stulik","image":{"@type":"ImageObject","inLanguage":"en-US","@id":"https:\/\/rauchfrei.at\/#\/schema\/person\/image\/","url":"https:\/\/secure.gravatar.com\/avatar\/5ac3b6bb2b037bda3c21df97a4ee7e763aa9f84d8ffc3f86db3731b4c62ffb71?s=96&d=mm&r=g","contentUrl":"https:\/\/secure.gravatar.com\/avatar\/5ac3b6bb2b037bda3c21df97a4ee7e763aa9f84d8ffc3f86db3731b4c62ffb71?s=96&d=mm&r=g","caption":"Melanie Stulik"},"url":"https:\/\/rauchfrei.at\/en\/author\/melanie-stulik\/"}]}},"_links":{"self":[{"href":"https:\/\/rauchfrei.at\/en\/wp-json\/wp\/v2\/posts\/4866","targetHints":{"allow":["GET"]}}],"collection":[{"href":"https:\/\/rauchfrei.at\/en\/wp-json\/wp\/v2\/posts"}],"about":[{"href":"https:\/\/rauchfrei.at\/en\/wp-json\/wp\/v2\/types\/post"}],"author":[{"embeddable":true,"href":"https:\/\/rauchfrei.at\/en\/wp-json\/wp\/v2\/users\/16"}],"replies":[{"embeddable":true,"href":"https:\/\/rauchfrei.at\/en\/wp-json\/wp\/v2\/comments?post=4866"}],"version-history":[{"count":5,"href":"https:\/\/rauchfrei.at\/en\/wp-json\/wp\/v2\/posts\/4866\/revisions"}],"predecessor-version":[{"id":4873,"href":"https:\/\/rauchfrei.at\/en\/wp-json\/wp\/v2\/posts\/4866\/revisions\/4873"}],"wp:attachment":[{"href":"https:\/\/rauchfrei.at\/en\/wp-json\/wp\/v2\/media?parent=4866"}],"wp:term":[{"taxonomy":"category","embeddable":true,"href":"https:\/\/rauchfrei.at\/en\/wp-json\/wp\/v2\/categories?post=4866"},{"taxonomy":"post_tag","embeddable":true,"href":"https:\/\/rauchfrei.at\/en\/wp-json\/wp\/v2\/tags?post=4866"}],"curies":[{"name":"wp","href":"https:\/\/api.w.org\/{rel}","templated":true}]}}