
{"id":4889,"date":"2013-12-09T06:00:44","date_gmt":"2013-12-09T04:00:44","guid":{"rendered":"http:\/\/rauchfrei.ipax.hosting\/?p=4889"},"modified":"2013-12-10T12:51:49","modified_gmt":"2013-12-10T10:51:49","slug":"infofilm-ueber-tabakentwoehnangebote-nun-auf-der-rauchertelefon-homepage","status":"publish","type":"post","link":"https:\/\/rauchfrei.at\/en\/infofilm-ueber-tabakentwoehnangebote-nun-auf-der-rauchertelefon-homepage\/","title":{"rendered":"Infofilm \u00fcber Tabakentw\u00f6hnangebote nun auf der Rauchertelefon Homepage"},"content":{"rendered":"<p>&nbsp;<\/p>\n<p>Welche Unterst\u00fctzungsangebote gibt es eigentlich, wenn man rauchfrei werden m\u00f6chte?<\/p>\n<p>&nbsp;<\/p>\n<p>Einen \u00dcberblick gibt ein <strong>Infofilm<\/strong>, der durch eine gemeinsame Initiative des \u00d6sterreichweiten Rauchertelefons sowie des Josefhofs (VAEB) entstanden ist. Der Film ist nun <a href=\"https:\/\/rauchfrei.at\/videos\/\">hier<\/a>\u00a0auf unserer Homepage abrufbar.<\/p>\n<p>&nbsp;<\/p>\n<p>&nbsp;<\/p>\n<p>&nbsp;<\/p>\n","protected":false},"excerpt":{"rendered":"<p>Am 12. November 2013 pr\u00e4sentierte der Privatsender W24 im Rahmen der Sendung &#8220;vielgesundheit &#8211;  das Wiener Gesundheitsmagazin&#8221; einen Infofilm \u00fcber Tabakentw\u00f6hnangebote. Dieser ist nun auf unserer Homepage abrufbar.<\/p>\n","protected":false},"author":7,"featured_media":0,"comment_status":"open","ping_status":"open","sticky":false,"template":"","format":"standard","meta":{"_et_pb_use_builder":"","_et_pb_old_content":"","_et_gb_content_width":"","footnotes":""},"categories":[236],"tags":[140],"class_list":["post-4889","post","type-post","status-publish","format-standard","hentry","category-nicht-kategorisiert","tag-infofilm"],"yoast_head":"<!-- This site is optimized with the Yoast SEO plugin v26.2 - https:\/\/yoast.com\/wordpress\/plugins\/seo\/ -->\n<title>Infofilm \u00fcber Tabakentw\u00f6hnangebote nun auf der Rauchertelefon Homepage - Rauchfrei Telefon<\/title>\n<meta name=\"robots\" content=\"index, follow, max-snippet:-1, max-image-preview:large, max-video-preview:-1\" \/>\n<link rel=\"canonical\" href=\"https:\/\/rauchfrei.at\/infofilm-ueber-tabakentwoehnangebote-nun-auf-der-rauchertelefon-homepage\/\" \/>\n<meta property=\"og:locale\" content=\"en_US\" \/>\n<meta property=\"og:type\" content=\"article\" \/>\n<meta property=\"og:title\" content=\"Infofilm \u00fcber Tabakentw\u00f6hnangebote nun auf der Rauchertelefon Homepage - Rauchfrei Telefon\" \/>\n<meta property=\"og:description\" content=\"Am 12. November 2013 pr\u00e4sentierte der Privatsender W24 im Rahmen der Sendung &quot;vielgesundheit - das Wiener Gesundheitsmagazin&quot; einen Infofilm \u00fcber Tabakentw\u00f6hnangebote. Dieser ist nun auf unserer Homepage abrufbar.\" \/>\n<meta property=\"og:url\" content=\"https:\/\/rauchfrei.at\/infofilm-ueber-tabakentwoehnangebote-nun-auf-der-rauchertelefon-homepage\/\" \/>\n<meta property=\"og:site_name\" content=\"Rauchfrei Telefon\" \/>\n<meta property=\"article:published_time\" content=\"2013-12-09T04:00:44+00:00\" \/>\n<meta property=\"article:modified_time\" content=\"2013-12-10T10:51:49+00:00\" \/>\n<meta name=\"author\" content=\"Nina Heumayer\" \/>\n<meta name=\"twitter:card\" content=\"summary_large_image\" \/>\n<meta name=\"twitter:label1\" content=\"Written by\" \/>\n\t<meta name=\"twitter:data1\" content=\"Nina Heumayer\" \/>\n<script type=\"application\/ld+json\" class=\"yoast-schema-graph\">{\"@context\":\"https:\/\/schema.org\",\"@graph\":[{\"@type\":\"WebPage\",\"@id\":\"https:\/\/rauchfrei.at\/infofilm-ueber-tabakentwoehnangebote-nun-auf-der-rauchertelefon-homepage\/\",\"url\":\"https:\/\/rauchfrei.at\/infofilm-ueber-tabakentwoehnangebote-nun-auf-der-rauchertelefon-homepage\/\",\"name\":\"Infofilm \u00fcber Tabakentw\u00f6hnangebote nun auf der Rauchertelefon Homepage - Rauchfrei Telefon\",\"isPartOf\":{\"@id\":\"https:\/\/rauchfrei.at\/#website\"},\"datePublished\":\"2013-12-09T04:00:44+00:00\",\"dateModified\":\"2013-12-10T10:51:49+00:00\",\"author\":{\"@id\":\"https:\/\/rauchfrei.at\/#\/schema\/person\/6ba3adad8eb872b334787c24357473aa\"},\"inLanguage\":\"en-US\",\"potentialAction\":[{\"@type\":\"ReadAction\",\"target\":[\"https:\/\/rauchfrei.at\/infofilm-ueber-tabakentwoehnangebote-nun-auf-der-rauchertelefon-homepage\/\"]}]},{\"@type\":\"WebSite\",\"@id\":\"https:\/\/rauchfrei.at\/#website\",\"url\":\"https:\/\/rauchfrei.at\/\",\"name\":\"Rauchfrei Telefon\",\"description\":\"Eine \u00f6sterreichweite Initiative der Sozialversicherungen.\",\"potentialAction\":[{\"@type\":\"SearchAction\",\"target\":{\"@type\":\"EntryPoint\",\"urlTemplate\":\"https:\/\/rauchfrei.at\/?s={search_term_string}\"},\"query-input\":{\"@type\":\"PropertyValueSpecification\",\"valueRequired\":true,\"valueName\":\"search_term_string\"}}],\"inLanguage\":\"en-US\"},{\"@type\":\"Person\",\"@id\":\"https:\/\/rauchfrei.at\/#\/schema\/person\/6ba3adad8eb872b334787c24357473aa\",\"name\":\"Nina Heumayer\",\"image\":{\"@type\":\"ImageObject\",\"inLanguage\":\"en-US\",\"@id\":\"https:\/\/rauchfrei.at\/#\/schema\/person\/image\/\",\"url\":\"https:\/\/secure.gravatar.com\/avatar\/0980a970ceeb24db5798b86faac2035236ffa2f49daf0e59474baef797676711?s=96&d=mm&r=g\",\"contentUrl\":\"https:\/\/secure.gravatar.com\/avatar\/0980a970ceeb24db5798b86faac2035236ffa2f49daf0e59474baef797676711?s=96&d=mm&r=g\",\"caption\":\"Nina Heumayer\"},\"url\":\"https:\/\/rauchfrei.at\/en\/author\/heumayer\/\"}]}<\/script>\n<!-- \/ Yoast SEO plugin. -->","yoast_head_json":{"title":"Infofilm \u00fcber Tabakentw\u00f6hnangebote nun auf der Rauchertelefon Homepage - Rauchfrei Telefon","robots":{"index":"index","follow":"follow","max-snippet":"max-snippet:-1","max-image-preview":"max-image-preview:large","max-video-preview":"max-video-preview:-1"},"canonical":"https:\/\/rauchfrei.at\/infofilm-ueber-tabakentwoehnangebote-nun-auf-der-rauchertelefon-homepage\/","og_locale":"en_US","og_type":"article","og_title":"Infofilm \u00fcber Tabakentw\u00f6hnangebote nun auf der Rauchertelefon Homepage - Rauchfrei Telefon","og_description":"Am 12. November 2013 pr\u00e4sentierte der Privatsender W24 im Rahmen der Sendung \"vielgesundheit - das Wiener Gesundheitsmagazin\" einen Infofilm \u00fcber Tabakentw\u00f6hnangebote. Dieser ist nun auf unserer Homepage abrufbar.","og_url":"https:\/\/rauchfrei.at\/infofilm-ueber-tabakentwoehnangebote-nun-auf-der-rauchertelefon-homepage\/","og_site_name":"Rauchfrei Telefon","article_published_time":"2013-12-09T04:00:44+00:00","article_modified_time":"2013-12-10T10:51:49+00:00","author":"Nina Heumayer","twitter_card":"summary_large_image","twitter_misc":{"Written by":"Nina Heumayer"},"schema":{"@context":"https:\/\/schema.org","@graph":[{"@type":"WebPage","@id":"https:\/\/rauchfrei.at\/infofilm-ueber-tabakentwoehnangebote-nun-auf-der-rauchertelefon-homepage\/","url":"https:\/\/rauchfrei.at\/infofilm-ueber-tabakentwoehnangebote-nun-auf-der-rauchertelefon-homepage\/","name":"Infofilm \u00fcber Tabakentw\u00f6hnangebote nun auf der Rauchertelefon Homepage - Rauchfrei Telefon","isPartOf":{"@id":"https:\/\/rauchfrei.at\/#website"},"datePublished":"2013-12-09T04:00:44+00:00","dateModified":"2013-12-10T10:51:49+00:00","author":{"@id":"https:\/\/rauchfrei.at\/#\/schema\/person\/6ba3adad8eb872b334787c24357473aa"},"inLanguage":"en-US","potentialAction":[{"@type":"ReadAction","target":["https:\/\/rauchfrei.at\/infofilm-ueber-tabakentwoehnangebote-nun-auf-der-rauchertelefon-homepage\/"]}]},{"@type":"WebSite","@id":"https:\/\/rauchfrei.at\/#website","url":"https:\/\/rauchfrei.at\/","name":"Rauchfrei Telefon","description":"Eine \u00f6sterreichweite Initiative der Sozialversicherungen.","potentialAction":[{"@type":"SearchAction","target":{"@type":"EntryPoint","urlTemplate":"https:\/\/rauchfrei.at\/?s={search_term_string}"},"query-input":{"@type":"PropertyValueSpecification","valueRequired":true,"valueName":"search_term_string"}}],"inLanguage":"en-US"},{"@type":"Person","@id":"https:\/\/rauchfrei.at\/#\/schema\/person\/6ba3adad8eb872b334787c24357473aa","name":"Nina Heumayer","image":{"@type":"ImageObject","inLanguage":"en-US","@id":"https:\/\/rauchfrei.at\/#\/schema\/person\/image\/","url":"https:\/\/secure.gravatar.com\/avatar\/0980a970ceeb24db5798b86faac2035236ffa2f49daf0e59474baef797676711?s=96&d=mm&r=g","contentUrl":"https:\/\/secure.gravatar.com\/avatar\/0980a970ceeb24db5798b86faac2035236ffa2f49daf0e59474baef797676711?s=96&d=mm&r=g","caption":"Nina Heumayer"},"url":"https:\/\/rauchfrei.at\/en\/author\/heumayer\/"}]}},"_links":{"self":[{"href":"https:\/\/rauchfrei.at\/en\/wp-json\/wp\/v2\/posts\/4889","targetHints":{"allow":["GET"]}}],"collection":[{"href":"https:\/\/rauchfrei.at\/en\/wp-json\/wp\/v2\/posts"}],"about":[{"href":"https:\/\/rauchfrei.at\/en\/wp-json\/wp\/v2\/types\/post"}],"author":[{"embeddable":true,"href":"https:\/\/rauchfrei.at\/en\/wp-json\/wp\/v2\/users\/7"}],"replies":[{"embeddable":true,"href":"https:\/\/rauchfrei.at\/en\/wp-json\/wp\/v2\/comments?post=4889"}],"version-history":[{"count":5,"href":"https:\/\/rauchfrei.at\/en\/wp-json\/wp\/v2\/posts\/4889\/revisions"}],"predecessor-version":[{"id":4908,"href":"https:\/\/rauchfrei.at\/en\/wp-json\/wp\/v2\/posts\/4889\/revisions\/4908"}],"wp:attachment":[{"href":"https:\/\/rauchfrei.at\/en\/wp-json\/wp\/v2\/media?parent=4889"}],"wp:term":[{"taxonomy":"category","embeddable":true,"href":"https:\/\/rauchfrei.at\/en\/wp-json\/wp\/v2\/categories?post=4889"},{"taxonomy":"post_tag","embeddable":true,"href":"https:\/\/rauchfrei.at\/en\/wp-json\/wp\/v2\/tags?post=4889"}],"curies":[{"name":"wp","href":"https:\/\/api.w.org\/{rel}","templated":true}]}}