
{"id":4934,"date":"2013-12-19T08:00:29","date_gmt":"2013-12-19T06:00:29","guid":{"rendered":"http:\/\/rauchfrei.ipax.hosting\/?p=4934"},"modified":"2019-05-02T17:38:00","modified_gmt":"2019-05-02T15:38:00","slug":"gemeinsam-ist-es-einfacher","status":"publish","type":"post","link":"https:\/\/rauchfrei.at\/en\/gemeinsam-ist-es-einfacher\/","title":{"rendered":"Gemeinsam ist es einfacher!"},"content":{"rendered":"<p>[et_pb_section fb_built=&#8221;1&#8243; module_class=&#8221;header&#8221; _builder_version=&#8221;3.0.99&#8243;][et_pb_row _builder_version=&#8221;3.0.99&#8243;][et_pb_column type=&#8221;4_4&#8243; _builder_version=&#8221;3.0.47&#8243;][et_pb_dp_dmb_module_10001 _builder_version=&#8221;3.21.1&#8243;][\/et_pb_dp_dmb_module_10001][\/et_pb_column][\/et_pb_row][\/et_pb_section][et_pb_section fb_built=&#8221;1&#8243; _builder_version=&#8221;3.0.47&#8243;][et_pb_row _builder_version=&#8221;3.0.48&#8243; background_size=&#8221;initial&#8221; background_position=&#8221;top_left&#8221; background_repeat=&#8221;repeat&#8221;][et_pb_column type=&#8221;2_3&#8243; _builder_version=&#8221;3.0.47&#8243;][et_pb_text _builder_version=&#8221;3.0.74&#8243; background_size=&#8221;initial&#8221; background_position=&#8221;top_left&#8221; background_repeat=&#8221;repeat&#8221;]<\/p>\n<p><span style=\"font-size: 15px;\">Gegenseitige Unterst\u00fctzung und w\u00f6chentliche Treffen bietet die neu gegr\u00fcndete <\/span><strong style=\"font-size: 15px;\">Selbsthilfegruppe &#8220;RAUCHFREI&#8221;<\/strong><span style=\"font-size: 15px;\">. Willkommen sind alle, die gerne mit dem Rauchen aufh\u00f6ren m\u00f6chten oder bereits rauchfrei sind.<\/span><\/p>\n<p>Die Treffen finden jeweils montags um 19.30h in <strong>Bregenz<\/strong> statt.<\/p>\n<p>Mehr <a title=\"Angebot\" href=\"http:\/\/www.lebensraum-bregenz.at\/index.php\" target=\"_blank\" rel=\"noopener noreferrer\">Informationen<\/a> und <a title=\"Telefonkontakt und Ort\" href=\"http:\/\/www.lebensraum-bregenz.at\/index.php\/kontakt\/7-kontakt\" target=\"_blank\" rel=\"noopener noreferrer\">Kontaktdaten<\/a>\u00a0zum (Selbsthilfe-)Angebot in Vorarlberg.<\/p>\n<p>Auch in Ober\u00f6sterreich treffen sich ehemalige Raucher\/innen jeden 1. Dienstag im Monat beim <strong>Nichtraucherstammtisch<\/strong>. Der Austausch findet im <a title=\"Treffpunkt\" href=\"http:\/\/www.nr-stammtisch.com\/stammlokal.htm\" target=\"_blank\" rel=\"noopener noreferrer\">Stammlokal<\/a> in <strong>Linz<\/strong> statt und wird seit 2003 gerne genutzt.<\/p>\n<p>Wer an keinem Gruppenangebot teilnehmen kann bzw. m\u00f6chte, kann \u00f6sterreichweit gerne die Beratung und Nachbetreuung durch das Rauchertelefon nutzen. Wir freuen uns \u00fcber Ihren Anruf!<\/p>\n<p>[\/et_pb_text][\/et_pb_column][et_pb_column type=&#8221;1_3&#8243; _builder_version=&#8221;3.0.47&#8243;][et_pb_sidebar area=&#8221;sidebar-1&#8243; _builder_version=&#8221;3.21.1&#8243; z_index_tablet=&#8221;500&#8243;][\/et_pb_sidebar][\/et_pb_column][\/et_pb_row][\/et_pb_section]<\/p>\n","protected":false},"excerpt":{"rendered":"<p>Wer den Austausch rund ums Thema Rauchen in der Gruppe sucht, hat nun auch in Vorarlberg die M\u00f6glichkeit dazu. Seit Dezember findet die Selbsthilfegruppe &#8220;RAUCHFREI&#8221; w\u00f6chentlich in Bregenz statt.<\/p>\n","protected":false},"author":16,"featured_media":0,"comment_status":"open","ping_status":"open","sticky":false,"template":"","format":"standard","meta":{"_et_pb_use_builder":"on","_et_pb_old_content":"&nbsp;\r\n\r\nGegenseitige Unterst\u00fctzung und w\u00f6chentliche Treffen bietet die neu gegr\u00fcndete <strong>Selbsthilfegruppe \"RAUCHFREI\"<\/strong>. Willkommen sind alle, die gerne mit dem Rauchen aufh\u00f6ren m\u00f6chten oder bereits rauchfrei sind.\r\n\r\n&nbsp;\r\n\r\nDie Treffen finden jeweils montags um 19.30h in <strong>Bregenz<\/strong> statt.\r\n\r\n&nbsp;\r\n\r\nMehr <a title=\"Angebot\" href=\"http:\/\/www.lebensraum-bregenz.at\/index.php\" target=\"_blank\">Informationen<\/a> und <a title=\"Telefonkontakt und Ort\" href=\"http:\/\/www.lebensraum-bregenz.at\/index.php\/kontakt\/7-kontakt\" target=\"_blank\">Kontaktdaten<\/a>\u00a0zum (Selbsthilfe-)Angebot in Vorarlberg.\r\n\r\n&nbsp;\r\n\r\n&nbsp;\r\n\r\nAuch in Ober\u00f6sterreich treffen sich ehemalige Raucher\/innen jeden 1. Dienstag im Monat beim <strong>Nichtraucherstammtisch<\/strong>. Der Austausch findet im <a title=\"Treffpunkt\" href=\"http:\/\/www.nr-stammtisch.com\/stammlokal.htm\" target=\"_blank\">Stammlokal<\/a> in <strong>Linz<\/strong> statt und wird seit 2003 gerne genutzt.\r\n\r\n&nbsp;\r\n\r\n&nbsp;\r\n\r\nWer an keinem Gruppenangebot teilnehmen kann bzw. m\u00f6chte, kann \u00f6sterreichweit gerne die Beratung und Nachbetreuung durch das Rauchertelefon nutzen. Wir freuen uns \u00fcber Ihren Anruf!\r\n\r\n&nbsp;\r\n\r\n&nbsp;","_et_gb_content_width":"","footnotes":""},"categories":[236],"tags":[143,142,78,144],"class_list":["post-4934","post","type-post","status-publish","format-standard","hentry","category-nicht-kategorisiert","tag-gruppe","tag-selbsthilfe","tag-stammtisch","tag-vorarlberg"],"yoast_head":"<!-- This site is optimized with the Yoast SEO plugin v26.2 - https:\/\/yoast.com\/wordpress\/plugins\/seo\/ -->\n<title>Gemeinsam ist es einfacher! - Rauchfrei Telefon<\/title>\n<meta name=\"robots\" content=\"index, follow, max-snippet:-1, max-image-preview:large, max-video-preview:-1\" \/>\n<link rel=\"canonical\" href=\"https:\/\/rauchfrei.at\/gemeinsam-ist-es-einfacher\/\" \/>\n<meta property=\"og:locale\" content=\"en_US\" \/>\n<meta property=\"og:type\" content=\"article\" \/>\n<meta property=\"og:title\" content=\"Gemeinsam ist es einfacher! - Rauchfrei Telefon\" \/>\n<meta property=\"og:description\" content=\"Wer den Austausch rund ums Thema Rauchen in der Gruppe sucht, hat nun auch in Vorarlberg die M\u00f6glichkeit dazu. Seit Dezember findet die Selbsthilfegruppe &quot;RAUCHFREI&quot; w\u00f6chentlich in Bregenz statt.\" \/>\n<meta property=\"og:url\" content=\"https:\/\/rauchfrei.at\/gemeinsam-ist-es-einfacher\/\" \/>\n<meta property=\"og:site_name\" content=\"Rauchfrei Telefon\" \/>\n<meta property=\"article:published_time\" content=\"2013-12-19T06:00:29+00:00\" \/>\n<meta property=\"article:modified_time\" content=\"2019-05-02T15:38:00+00:00\" \/>\n<meta name=\"author\" content=\"Melanie Stulik\" \/>\n<meta name=\"twitter:card\" content=\"summary_large_image\" \/>\n<meta name=\"twitter:label1\" content=\"Written by\" \/>\n\t<meta name=\"twitter:data1\" content=\"Melanie Stulik\" \/>\n\t<meta name=\"twitter:label2\" content=\"Est. reading time\" \/>\n\t<meta name=\"twitter:data2\" content=\"1 minute\" \/>\n<script type=\"application\/ld+json\" class=\"yoast-schema-graph\">{\"@context\":\"https:\/\/schema.org\",\"@graph\":[{\"@type\":\"WebPage\",\"@id\":\"https:\/\/rauchfrei.at\/gemeinsam-ist-es-einfacher\/\",\"url\":\"https:\/\/rauchfrei.at\/gemeinsam-ist-es-einfacher\/\",\"name\":\"Gemeinsam ist es einfacher! - Rauchfrei Telefon\",\"isPartOf\":{\"@id\":\"https:\/\/rauchfrei.at\/#website\"},\"datePublished\":\"2013-12-19T06:00:29+00:00\",\"dateModified\":\"2019-05-02T15:38:00+00:00\",\"author\":{\"@id\":\"https:\/\/rauchfrei.at\/#\/schema\/person\/91493cc00c3601c46943b77e7ebc0075\"},\"inLanguage\":\"en-US\",\"potentialAction\":[{\"@type\":\"ReadAction\",\"target\":[\"https:\/\/rauchfrei.at\/gemeinsam-ist-es-einfacher\/\"]}]},{\"@type\":\"WebSite\",\"@id\":\"https:\/\/rauchfrei.at\/#website\",\"url\":\"https:\/\/rauchfrei.at\/\",\"name\":\"Rauchfrei Telefon\",\"description\":\"Eine \u00f6sterreichweite Initiative der Sozialversicherungen.\",\"potentialAction\":[{\"@type\":\"SearchAction\",\"target\":{\"@type\":\"EntryPoint\",\"urlTemplate\":\"https:\/\/rauchfrei.at\/?s={search_term_string}\"},\"query-input\":{\"@type\":\"PropertyValueSpecification\",\"valueRequired\":true,\"valueName\":\"search_term_string\"}}],\"inLanguage\":\"en-US\"},{\"@type\":\"Person\",\"@id\":\"https:\/\/rauchfrei.at\/#\/schema\/person\/91493cc00c3601c46943b77e7ebc0075\",\"name\":\"Melanie Stulik\",\"image\":{\"@type\":\"ImageObject\",\"inLanguage\":\"en-US\",\"@id\":\"https:\/\/rauchfrei.at\/#\/schema\/person\/image\/\",\"url\":\"https:\/\/secure.gravatar.com\/avatar\/5ac3b6bb2b037bda3c21df97a4ee7e763aa9f84d8ffc3f86db3731b4c62ffb71?s=96&d=mm&r=g\",\"contentUrl\":\"https:\/\/secure.gravatar.com\/avatar\/5ac3b6bb2b037bda3c21df97a4ee7e763aa9f84d8ffc3f86db3731b4c62ffb71?s=96&d=mm&r=g\",\"caption\":\"Melanie Stulik\"},\"url\":\"https:\/\/rauchfrei.at\/en\/author\/melanie-stulik\/\"}]}<\/script>\n<!-- \/ Yoast SEO plugin. -->","yoast_head_json":{"title":"Gemeinsam ist es einfacher! - Rauchfrei Telefon","robots":{"index":"index","follow":"follow","max-snippet":"max-snippet:-1","max-image-preview":"max-image-preview:large","max-video-preview":"max-video-preview:-1"},"canonical":"https:\/\/rauchfrei.at\/gemeinsam-ist-es-einfacher\/","og_locale":"en_US","og_type":"article","og_title":"Gemeinsam ist es einfacher! - Rauchfrei Telefon","og_description":"Wer den Austausch rund ums Thema Rauchen in der Gruppe sucht, hat nun auch in Vorarlberg die M\u00f6glichkeit dazu. Seit Dezember findet die Selbsthilfegruppe \"RAUCHFREI\" w\u00f6chentlich in Bregenz statt.","og_url":"https:\/\/rauchfrei.at\/gemeinsam-ist-es-einfacher\/","og_site_name":"Rauchfrei Telefon","article_published_time":"2013-12-19T06:00:29+00:00","article_modified_time":"2019-05-02T15:38:00+00:00","author":"Melanie Stulik","twitter_card":"summary_large_image","twitter_misc":{"Written by":"Melanie Stulik","Est. reading time":"1 minute"},"schema":{"@context":"https:\/\/schema.org","@graph":[{"@type":"WebPage","@id":"https:\/\/rauchfrei.at\/gemeinsam-ist-es-einfacher\/","url":"https:\/\/rauchfrei.at\/gemeinsam-ist-es-einfacher\/","name":"Gemeinsam ist es einfacher! - Rauchfrei Telefon","isPartOf":{"@id":"https:\/\/rauchfrei.at\/#website"},"datePublished":"2013-12-19T06:00:29+00:00","dateModified":"2019-05-02T15:38:00+00:00","author":{"@id":"https:\/\/rauchfrei.at\/#\/schema\/person\/91493cc00c3601c46943b77e7ebc0075"},"inLanguage":"en-US","potentialAction":[{"@type":"ReadAction","target":["https:\/\/rauchfrei.at\/gemeinsam-ist-es-einfacher\/"]}]},{"@type":"WebSite","@id":"https:\/\/rauchfrei.at\/#website","url":"https:\/\/rauchfrei.at\/","name":"Rauchfrei Telefon","description":"Eine \u00f6sterreichweite Initiative der Sozialversicherungen.","potentialAction":[{"@type":"SearchAction","target":{"@type":"EntryPoint","urlTemplate":"https:\/\/rauchfrei.at\/?s={search_term_string}"},"query-input":{"@type":"PropertyValueSpecification","valueRequired":true,"valueName":"search_term_string"}}],"inLanguage":"en-US"},{"@type":"Person","@id":"https:\/\/rauchfrei.at\/#\/schema\/person\/91493cc00c3601c46943b77e7ebc0075","name":"Melanie Stulik","image":{"@type":"ImageObject","inLanguage":"en-US","@id":"https:\/\/rauchfrei.at\/#\/schema\/person\/image\/","url":"https:\/\/secure.gravatar.com\/avatar\/5ac3b6bb2b037bda3c21df97a4ee7e763aa9f84d8ffc3f86db3731b4c62ffb71?s=96&d=mm&r=g","contentUrl":"https:\/\/secure.gravatar.com\/avatar\/5ac3b6bb2b037bda3c21df97a4ee7e763aa9f84d8ffc3f86db3731b4c62ffb71?s=96&d=mm&r=g","caption":"Melanie Stulik"},"url":"https:\/\/rauchfrei.at\/en\/author\/melanie-stulik\/"}]}},"_links":{"self":[{"href":"https:\/\/rauchfrei.at\/en\/wp-json\/wp\/v2\/posts\/4934","targetHints":{"allow":["GET"]}}],"collection":[{"href":"https:\/\/rauchfrei.at\/en\/wp-json\/wp\/v2\/posts"}],"about":[{"href":"https:\/\/rauchfrei.at\/en\/wp-json\/wp\/v2\/types\/post"}],"author":[{"embeddable":true,"href":"https:\/\/rauchfrei.at\/en\/wp-json\/wp\/v2\/users\/16"}],"replies":[{"embeddable":true,"href":"https:\/\/rauchfrei.at\/en\/wp-json\/wp\/v2\/comments?post=4934"}],"version-history":[{"count":5,"href":"https:\/\/rauchfrei.at\/en\/wp-json\/wp\/v2\/posts\/4934\/revisions"}],"predecessor-version":[{"id":16826,"href":"https:\/\/rauchfrei.at\/en\/wp-json\/wp\/v2\/posts\/4934\/revisions\/16826"}],"wp:attachment":[{"href":"https:\/\/rauchfrei.at\/en\/wp-json\/wp\/v2\/media?parent=4934"}],"wp:term":[{"taxonomy":"category","embeddable":true,"href":"https:\/\/rauchfrei.at\/en\/wp-json\/wp\/v2\/categories?post=4934"},{"taxonomy":"post_tag","embeddable":true,"href":"https:\/\/rauchfrei.at\/en\/wp-json\/wp\/v2\/tags?post=4934"}],"curies":[{"name":"wp","href":"https:\/\/api.w.org\/{rel}","templated":true}]}}