
{"id":5014,"date":"2014-01-20T08:00:03","date_gmt":"2014-01-20T06:00:03","guid":{"rendered":"http:\/\/rauchfrei.ipax.hosting\/?p=5014"},"modified":"2019-05-02T17:27:12","modified_gmt":"2019-05-02T15:27:12","slug":"der-rauchstopp-im-jaenner-fuer-ein-gesundes-neues-jahr","status":"publish","type":"post","link":"https:\/\/rauchfrei.at\/en\/der-rauchstopp-im-jaenner-fuer-ein-gesundes-neues-jahr\/","title":{"rendered":"Der Rauchstopp im J\u00e4nner f\u00fcr ein \u201egesundes neues Jahr\u201c"},"content":{"rendered":"<p>[et_pb_section fb_built=&#8221;1&#8243; module_class=&#8221;header&#8221; _builder_version=&#8221;3.0.99&#8243;][et_pb_row _builder_version=&#8221;3.0.99&#8243;][et_pb_column type=&#8221;4_4&#8243; _builder_version=&#8221;3.0.47&#8243;][et_pb_dp_dmb_module_10001 _builder_version=&#8221;3.21.1&#8243;][\/et_pb_dp_dmb_module_10001][\/et_pb_column][\/et_pb_row][\/et_pb_section][et_pb_section fb_built=&#8221;1&#8243; _builder_version=&#8221;3.0.47&#8243;][et_pb_row _builder_version=&#8221;3.0.48&#8243; background_size=&#8221;initial&#8221; background_position=&#8221;top_left&#8221; background_repeat=&#8221;repeat&#8221;][et_pb_column type=&#8221;2_3&#8243; _builder_version=&#8221;3.0.47&#8243;][et_pb_text _builder_version=&#8221;3.0.74&#8243; background_size=&#8221;initial&#8221; background_position=&#8221;top_left&#8221; background_repeat=&#8221;repeat&#8221;]<\/p>\n<p><span style=\"font-family: FedraSansStdBold, sans-serif; font-size: 15px;\">Es muss ja nicht der 1. J\u00e4nner sein<\/span><\/p>\n<p>Ein anderer Tag im J\u00e4nner ist genauso gut f\u00fcr den Start in ein rauchfreies neues Jahr! Mit ein paar Anregungen und ein bisschen professioneller Hilfe schaffen Sie den Rauchstopp \u2013 wenn Sie das wollen!<\/p>\n<p><strong>Will ich oder will ich nicht?<\/strong><\/p>\n<p>Seien Sie ehrlich zu sich &#8211; wollen Sie wirklich aufh\u00f6ren zu rauchen? Haben Sie gute Gr\u00fcnde f\u00fcr Ihren Rauchstopp? Nervt &#8220;die Tschick&#8221;? Wollen Sie etwas \u00e4ndern?<\/p>\n<p>Oder sind die Gr\u00fcnde f\u00fcr&#8217;s Weiterrauchen doch viel st\u00e4rker als gedacht? Entspannung, Ablenkung, Gewohnheit \u2026<\/p>\n<p>Machen Sie doch eine <strong>Liste mit zwei Spalten:<\/strong><\/p>\n<p>Ihre \u201cguten Gr\u00fcnde f\u00fcr&#8217;s Rauchen\u201c und Ihre \u201eguten Gr\u00fcnde f\u00fcr&#8217;s Nichtrauchen\u201c<\/p>\n<p>Auf welcher Seite stehen bessere Gr\u00fcnde f\u00fcr Sie pers\u00f6nlich?<\/p>\n<p>Wenn die guten Gr\u00fcnde f\u00fcr das\u00a0Rauchen \u00fcberwiegen\u2026 rufen Sie an und wir reden dar\u00fcber!<\/p>\n<p>Wenn die guten Gr\u00fcnde f\u00fcrs Nichtrauchen st\u00e4rker sind, befinden Sie sich in einer guten Startposition f\u00fcr den Rauchstopp, dann kommt gleich die n\u00e4chste Frage \u2026<\/p>\n<p><strong>Kann ich oder kann ich nicht?<\/strong><\/p>\n<p>Haben Sie schon Erfahrungen mit dem Rauchstopp, was war bei Ihnen schon einmal wirksam und hilfreich?<\/p>\n<p>Beim \u201eRauchen\u201c handelt es sich in den meisten F\u00e4llen um Tabakabh\u00e4ngigkeit und das ist eine chronische Suchterkrankung. Viele Betroffene ben\u00f6tigen mehrere Anl\u00e4ufe bis sie den Sprung in die Rauchfreiheit auch dauerhaft schaffen.<\/p>\n<p><strong>Trauen Sie sich<\/strong> den Rauchstopp zu, auch wenn Sie es schon mehrmals probiert haben. Es gibt einige gute Strategien, die helfen, den Rauchstopp langfristig zu schaffen. \u00dcberlegen Sie, was Ihre pers\u00f6nlichen \u201eFallen\u201c nach dem Rauchstopp sind und in welchen \u201eSituationen\u201c Sie zur Zigarette gegriffen haben. Damit k\u00f6nnen Sie sich dieses Mal noch besser auf m\u00f6gliche r\u00fcckfallsensible Situationen einstellen und vorbereiten.<\/p>\n<p>In jedem Fall unterst\u00fctzen wir Sie gerne. Rufen Sie uns einfach an: 0810 810 013. Und das Neue Jahr kann rauchfrei werden.<\/p>\n<p>(Beitrag von Sophie Meingassner)<\/p>\n<p>[\/et_pb_text][\/et_pb_column][et_pb_column type=&#8221;1_3&#8243; _builder_version=&#8221;3.0.47&#8243;][et_pb_sidebar area=&#8221;sidebar-1&#8243; _builder_version=&#8221;3.21.1&#8243; z_index_tablet=&#8221;500&#8243;][\/et_pb_sidebar][\/et_pb_column][\/et_pb_row][\/et_pb_section]<\/p>\n","protected":false},"excerpt":{"rendered":"<p>Die Silvestervors\u00e4tze haben die ersten Tage des neues Jahres nicht \u00fcberlebt? Macht nichts! Nehmen Sie einen Tag im J\u00e4nner, der Ihnen gut passt und nicht zu stressig ist. Mit guter Vorbereitung und professioneller Hilfe gelingt der Start in ein rauchfreies Jahr!<\/p>\n","protected":false},"author":7,"featured_media":0,"comment_status":"open","ping_status":"open","sticky":false,"template":"","format":"standard","meta":{"_et_pb_use_builder":"on","_et_pb_old_content":"&nbsp;\r\n\r\n<strong>Es muss ja nicht der 1. J\u00e4nner sein<\/strong>\r\n\r\n&nbsp;\r\n\r\nEin anderer Tag im J\u00e4nner ist genauso gut f\u00fcr den Start in ein rauchfreies neues Jahr! Mit ein paar Anregungen und ein bisschen professioneller Hilfe schaffen Sie den Rauchstopp \u2013 wenn Sie das wollen!\r\n\r\n&nbsp;\r\n\r\n<strong>Will ich oder will ich nicht?<\/strong>\r\n\r\n&nbsp;\r\n\r\nSeien Sie ehrlich zu sich - wollen Sie wirklich aufh\u00f6ren zu rauchen? Haben Sie gute Gr\u00fcnde f\u00fcr Ihren Rauchstopp? Nervt \"die Tschick\"? Wollen Sie etwas \u00e4ndern?\r\n\r\n&nbsp;\r\n\r\nOder sind die Gr\u00fcnde f\u00fcr's Weiterrauchen doch viel st\u00e4rker als gedacht? Entspannung, Ablenkung, Gewohnheit \u2026\r\n\r\nMachen Sie doch eine <strong>Liste mit zwei Spalten:<\/strong>\r\n\r\nIhre \u201cguten Gr\u00fcnde f\u00fcr's Rauchen\u201c und Ihre \u201eguten Gr\u00fcnde f\u00fcr's Nichtrauchen\u201c\r\n\r\nAuf welcher Seite stehen bessere Gr\u00fcnde f\u00fcr Sie pers\u00f6nlich?\r\n\r\nWenn die guten Gr\u00fcnde f\u00fcr das\u00a0Rauchen \u00fcberwiegen\u2026 rufen Sie an und wir reden dar\u00fcber!\r\n\r\nWenn die guten Gr\u00fcnde f\u00fcrs Nichtrauchen st\u00e4rker sind, befinden Sie sich in einer guten Startposition f\u00fcr den Rauchstopp, dann kommt gleich die n\u00e4chste Frage \u2026\r\n\r\n&nbsp;\r\n\r\n<strong>Kann ich oder kann ich nicht?<\/strong>\r\n\r\n&nbsp;\r\n\r\nHaben Sie schon Erfahrungen mit dem Rauchstopp, was war bei Ihnen schon einmal wirksam und hilfreich?\r\n\r\n&nbsp;\r\n\r\nBeim \u201eRauchen\u201c handelt es sich in den meisten F\u00e4llen um Tabakabh\u00e4ngigkeit und das ist eine chronische Suchterkrankung. Viele Betroffene ben\u00f6tigen mehrere Anl\u00e4ufe bis sie den Sprung in die Rauchfreiheit auch dauerhaft schaffen.\r\n\r\n&nbsp;\r\n\r\n<strong>Trauen Sie sich<\/strong> den Rauchstopp zu, auch wenn Sie es schon mehrmals probiert haben. Es gibt einige gute Strategien, die helfen, den Rauchstopp langfristig zu schaffen. \u00dcberlegen Sie, was Ihre pers\u00f6nlichen \u201eFallen\u201c nach dem Rauchstopp sind und in welchen \u201eSituationen\u201c Sie zur Zigarette gegriffen haben. Damit k\u00f6nnen Sie sich dieses Mal noch besser auf m\u00f6gliche r\u00fcckfallsensible Situationen einstellen und vorbereiten.\r\n\r\n&nbsp;\r\n\r\nIn jedem Fall unterst\u00fctzen wir Sie gerne. Rufen Sie uns einfach an: 0810 810 013. Und das Neue Jahr kann rauchfrei werden.\r\n\r\n&nbsp;\r\n\r\n(Beitrag von Sophie Meingassner)\r\n\r\n&nbsp;\r\n\r\n&nbsp;\r\n\r\n&nbsp;\r\n\r\n&nbsp;\r\n\r\n&nbsp;\r\n\r\n&nbsp;","_et_gb_content_width":"","footnotes":""},"categories":[236],"tags":[],"class_list":["post-5014","post","type-post","status-publish","format-standard","hentry","category-nicht-kategorisiert"],"yoast_head":"<!-- This site is optimized with the Yoast SEO plugin v26.2 - https:\/\/yoast.com\/wordpress\/plugins\/seo\/ -->\n<title>Der Rauchstopp im J\u00e4nner f\u00fcr ein \u201egesundes neues Jahr\u201c - Rauchfrei Telefon<\/title>\n<meta name=\"robots\" content=\"index, follow, max-snippet:-1, max-image-preview:large, max-video-preview:-1\" \/>\n<link rel=\"canonical\" href=\"https:\/\/rauchfrei.at\/der-rauchstopp-im-jaenner-fuer-ein-gesundes-neues-jahr\/\" \/>\n<meta property=\"og:locale\" content=\"en_US\" \/>\n<meta property=\"og:type\" content=\"article\" \/>\n<meta property=\"og:title\" content=\"Der Rauchstopp im J\u00e4nner f\u00fcr ein \u201egesundes neues Jahr\u201c - Rauchfrei Telefon\" \/>\n<meta property=\"og:description\" content=\"Die Silvestervors\u00e4tze haben die ersten Tage des neues Jahres nicht \u00fcberlebt? Macht nichts! Nehmen Sie einen Tag im J\u00e4nner, der Ihnen gut passt und nicht zu stressig ist. Mit guter Vorbereitung und professioneller Hilfe gelingt der Start in ein rauchfreies Jahr!\" \/>\n<meta property=\"og:url\" content=\"https:\/\/rauchfrei.at\/der-rauchstopp-im-jaenner-fuer-ein-gesundes-neues-jahr\/\" \/>\n<meta property=\"og:site_name\" content=\"Rauchfrei Telefon\" \/>\n<meta property=\"article:published_time\" content=\"2014-01-20T06:00:03+00:00\" \/>\n<meta property=\"article:modified_time\" content=\"2019-05-02T15:27:12+00:00\" \/>\n<meta name=\"author\" content=\"Nina Heumayer\" \/>\n<meta name=\"twitter:card\" content=\"summary_large_image\" \/>\n<meta name=\"twitter:label1\" content=\"Written by\" \/>\n\t<meta name=\"twitter:data1\" content=\"Nina Heumayer\" \/>\n\t<meta name=\"twitter:label2\" content=\"Est. reading time\" \/>\n\t<meta name=\"twitter:data2\" content=\"2 minutes\" \/>\n<script type=\"application\/ld+json\" class=\"yoast-schema-graph\">{\"@context\":\"https:\/\/schema.org\",\"@graph\":[{\"@type\":\"WebPage\",\"@id\":\"https:\/\/rauchfrei.at\/der-rauchstopp-im-jaenner-fuer-ein-gesundes-neues-jahr\/\",\"url\":\"https:\/\/rauchfrei.at\/der-rauchstopp-im-jaenner-fuer-ein-gesundes-neues-jahr\/\",\"name\":\"Der Rauchstopp im J\u00e4nner f\u00fcr ein \u201egesundes neues Jahr\u201c - Rauchfrei Telefon\",\"isPartOf\":{\"@id\":\"https:\/\/rauchfrei.at\/#website\"},\"datePublished\":\"2014-01-20T06:00:03+00:00\",\"dateModified\":\"2019-05-02T15:27:12+00:00\",\"author\":{\"@id\":\"https:\/\/rauchfrei.at\/#\/schema\/person\/6ba3adad8eb872b334787c24357473aa\"},\"inLanguage\":\"en-US\",\"potentialAction\":[{\"@type\":\"ReadAction\",\"target\":[\"https:\/\/rauchfrei.at\/der-rauchstopp-im-jaenner-fuer-ein-gesundes-neues-jahr\/\"]}]},{\"@type\":\"WebSite\",\"@id\":\"https:\/\/rauchfrei.at\/#website\",\"url\":\"https:\/\/rauchfrei.at\/\",\"name\":\"Rauchfrei Telefon\",\"description\":\"Eine \u00f6sterreichweite Initiative der Sozialversicherungen.\",\"potentialAction\":[{\"@type\":\"SearchAction\",\"target\":{\"@type\":\"EntryPoint\",\"urlTemplate\":\"https:\/\/rauchfrei.at\/?s={search_term_string}\"},\"query-input\":{\"@type\":\"PropertyValueSpecification\",\"valueRequired\":true,\"valueName\":\"search_term_string\"}}],\"inLanguage\":\"en-US\"},{\"@type\":\"Person\",\"@id\":\"https:\/\/rauchfrei.at\/#\/schema\/person\/6ba3adad8eb872b334787c24357473aa\",\"name\":\"Nina Heumayer\",\"image\":{\"@type\":\"ImageObject\",\"inLanguage\":\"en-US\",\"@id\":\"https:\/\/rauchfrei.at\/#\/schema\/person\/image\/\",\"url\":\"https:\/\/secure.gravatar.com\/avatar\/0980a970ceeb24db5798b86faac2035236ffa2f49daf0e59474baef797676711?s=96&d=mm&r=g\",\"contentUrl\":\"https:\/\/secure.gravatar.com\/avatar\/0980a970ceeb24db5798b86faac2035236ffa2f49daf0e59474baef797676711?s=96&d=mm&r=g\",\"caption\":\"Nina Heumayer\"},\"url\":\"https:\/\/rauchfrei.at\/en\/author\/heumayer\/\"}]}<\/script>\n<!-- \/ Yoast SEO plugin. -->","yoast_head_json":{"title":"Der Rauchstopp im J\u00e4nner f\u00fcr ein \u201egesundes neues Jahr\u201c - Rauchfrei Telefon","robots":{"index":"index","follow":"follow","max-snippet":"max-snippet:-1","max-image-preview":"max-image-preview:large","max-video-preview":"max-video-preview:-1"},"canonical":"https:\/\/rauchfrei.at\/der-rauchstopp-im-jaenner-fuer-ein-gesundes-neues-jahr\/","og_locale":"en_US","og_type":"article","og_title":"Der Rauchstopp im J\u00e4nner f\u00fcr ein \u201egesundes neues Jahr\u201c - Rauchfrei Telefon","og_description":"Die Silvestervors\u00e4tze haben die ersten Tage des neues Jahres nicht \u00fcberlebt? Macht nichts! Nehmen Sie einen Tag im J\u00e4nner, der Ihnen gut passt und nicht zu stressig ist. Mit guter Vorbereitung und professioneller Hilfe gelingt der Start in ein rauchfreies Jahr!","og_url":"https:\/\/rauchfrei.at\/der-rauchstopp-im-jaenner-fuer-ein-gesundes-neues-jahr\/","og_site_name":"Rauchfrei Telefon","article_published_time":"2014-01-20T06:00:03+00:00","article_modified_time":"2019-05-02T15:27:12+00:00","author":"Nina Heumayer","twitter_card":"summary_large_image","twitter_misc":{"Written by":"Nina Heumayer","Est. reading time":"2 minutes"},"schema":{"@context":"https:\/\/schema.org","@graph":[{"@type":"WebPage","@id":"https:\/\/rauchfrei.at\/der-rauchstopp-im-jaenner-fuer-ein-gesundes-neues-jahr\/","url":"https:\/\/rauchfrei.at\/der-rauchstopp-im-jaenner-fuer-ein-gesundes-neues-jahr\/","name":"Der Rauchstopp im J\u00e4nner f\u00fcr ein \u201egesundes neues Jahr\u201c - Rauchfrei Telefon","isPartOf":{"@id":"https:\/\/rauchfrei.at\/#website"},"datePublished":"2014-01-20T06:00:03+00:00","dateModified":"2019-05-02T15:27:12+00:00","author":{"@id":"https:\/\/rauchfrei.at\/#\/schema\/person\/6ba3adad8eb872b334787c24357473aa"},"inLanguage":"en-US","potentialAction":[{"@type":"ReadAction","target":["https:\/\/rauchfrei.at\/der-rauchstopp-im-jaenner-fuer-ein-gesundes-neues-jahr\/"]}]},{"@type":"WebSite","@id":"https:\/\/rauchfrei.at\/#website","url":"https:\/\/rauchfrei.at\/","name":"Rauchfrei Telefon","description":"Eine \u00f6sterreichweite Initiative der Sozialversicherungen.","potentialAction":[{"@type":"SearchAction","target":{"@type":"EntryPoint","urlTemplate":"https:\/\/rauchfrei.at\/?s={search_term_string}"},"query-input":{"@type":"PropertyValueSpecification","valueRequired":true,"valueName":"search_term_string"}}],"inLanguage":"en-US"},{"@type":"Person","@id":"https:\/\/rauchfrei.at\/#\/schema\/person\/6ba3adad8eb872b334787c24357473aa","name":"Nina Heumayer","image":{"@type":"ImageObject","inLanguage":"en-US","@id":"https:\/\/rauchfrei.at\/#\/schema\/person\/image\/","url":"https:\/\/secure.gravatar.com\/avatar\/0980a970ceeb24db5798b86faac2035236ffa2f49daf0e59474baef797676711?s=96&d=mm&r=g","contentUrl":"https:\/\/secure.gravatar.com\/avatar\/0980a970ceeb24db5798b86faac2035236ffa2f49daf0e59474baef797676711?s=96&d=mm&r=g","caption":"Nina Heumayer"},"url":"https:\/\/rauchfrei.at\/en\/author\/heumayer\/"}]}},"_links":{"self":[{"href":"https:\/\/rauchfrei.at\/en\/wp-json\/wp\/v2\/posts\/5014","targetHints":{"allow":["GET"]}}],"collection":[{"href":"https:\/\/rauchfrei.at\/en\/wp-json\/wp\/v2\/posts"}],"about":[{"href":"https:\/\/rauchfrei.at\/en\/wp-json\/wp\/v2\/types\/post"}],"author":[{"embeddable":true,"href":"https:\/\/rauchfrei.at\/en\/wp-json\/wp\/v2\/users\/7"}],"replies":[{"embeddable":true,"href":"https:\/\/rauchfrei.at\/en\/wp-json\/wp\/v2\/comments?post=5014"}],"version-history":[{"count":5,"href":"https:\/\/rauchfrei.at\/en\/wp-json\/wp\/v2\/posts\/5014\/revisions"}],"predecessor-version":[{"id":16802,"href":"https:\/\/rauchfrei.at\/en\/wp-json\/wp\/v2\/posts\/5014\/revisions\/16802"}],"wp:attachment":[{"href":"https:\/\/rauchfrei.at\/en\/wp-json\/wp\/v2\/media?parent=5014"}],"wp:term":[{"taxonomy":"category","embeddable":true,"href":"https:\/\/rauchfrei.at\/en\/wp-json\/wp\/v2\/categories?post=5014"},{"taxonomy":"post_tag","embeddable":true,"href":"https:\/\/rauchfrei.at\/en\/wp-json\/wp\/v2\/tags?post=5014"}],"curies":[{"name":"wp","href":"https:\/\/api.w.org\/{rel}","templated":true}]}}