
{"id":5031,"date":"2014-02-10T06:00:17","date_gmt":"2014-02-10T04:00:17","guid":{"rendered":"http:\/\/rauchfrei.ipax.hosting\/?p=5031"},"modified":"2019-05-02T17:20:34","modified_gmt":"2019-05-02T15:20:34","slug":"sagen-sie-uns-ihre-meinung","status":"publish","type":"post","link":"https:\/\/rauchfrei.at\/en\/sagen-sie-uns-ihre-meinung\/","title":{"rendered":"Sagen Sie uns Ihre Meinung"},"content":{"rendered":"<p>[et_pb_section fb_built=&#8221;1&#8243; module_class=&#8221;header&#8221; _builder_version=&#8221;3.0.99&#8243;][et_pb_row _builder_version=&#8221;3.0.99&#8243;][et_pb_column type=&#8221;4_4&#8243; _builder_version=&#8221;3.0.47&#8243;][et_pb_dp_dmb_module_10001 _builder_version=&#8221;3.21.1&#8243;][\/et_pb_dp_dmb_module_10001][\/et_pb_column][\/et_pb_row][\/et_pb_section][et_pb_section fb_built=&#8221;1&#8243; _builder_version=&#8221;3.0.47&#8243;][et_pb_row _builder_version=&#8221;3.0.48&#8243; background_size=&#8221;initial&#8221; background_position=&#8221;top_left&#8221; background_repeat=&#8221;repeat&#8221;][et_pb_column type=&#8221;2_3&#8243; _builder_version=&#8221;3.0.47&#8243;][et_pb_text _builder_version=&#8221;3.0.74&#8243; background_size=&#8221;initial&#8221; background_position=&#8221;top_left&#8221; background_repeat=&#8221;repeat&#8221;]<\/p>\n<p><span style=\"font-size: 15px;\">Das Thema &#8220;Rauchen&#8221; bzw. &#8220;Nichtrauchen&#8221; ist ein<\/span><strong style=\"font-size: 15px;\"> medialer Dauerbrenner<\/strong><span style=\"font-size: 15px;\">.<\/span><\/p>\n<p>H\u00e4ufig sind wir in unserer Arbeit am Rauchertelefon mit<strong> Statements<\/strong> zu diversen Belangen rund um das Thema\u00a0Rauchfreiheit\/Rauchen konfrontiert, wobei die Meinungen unterschiedlich sind: die einen freuen sich und genie\u00dfen die M\u00f6glichkeit, in einem rauchfreien Lokal &#8220;auf einen Kaffee&#8221; zu gehen &#8211; die anderen empfinden es als Einschr\u00e4nkung ihrer pers\u00f6nlichen Freiheit.<\/p>\n<p>Seien es wahllos weggeworfene Zigarettenstummel,\u00a0Abbildungen &#8220;cooler&#8221;\u00a0rauchender Menschen in Zeitschriften\u00a0oder rauchende Filmstars in den gro\u00dfen Leinwand-Blogbustern: die Rauch(freien)-Themen, die f\u00fcr Gespr\u00e4chsstoff sorgen, sind vielf\u00e4ltig.<\/p>\n<p>Und damit immer in Zusammenhang die Frage: wo h\u00f6rt die <strong>Freiheit<\/strong> der einen auf\u00a0und\u00a0wo beginnt die <strong>Einschr\u00e4nkung<\/strong>\u00a0f\u00fcr andere?<\/p>\n<p>Wir m\u00f6chten <strong>im Blog ab nun<\/strong> verst\u00e4rkt<strong> Gelegenheit\u00a0<\/strong>bieten, <strong>pers\u00f6nliche Eindr\u00fccke, Ideen und Gedanken zum Ausdruck zu bringen<\/strong> und zu Diskussionen anzuregen, wobei wir darauf hinweisen m\u00f6chten, dass selbstverst\u00e4ndlich auch hier die \u00fcbliche <a href=\"https:\/\/rauchfrei.at\/ueber-den-blog\/\">&#8220;Nettiquette&#8221;<\/a> gilt und wir uns vorbehalten, Beitr\u00e4ge gegebenenfalls zu k\u00fcrzen\u00a0bzw. g\u00e4nzlich zur\u00fcckzuhalten.<\/p>\n<p><strong>Sie m\u00f6chten sich gerne<\/strong> zu Thema Rauchen\/Nichtrauchen <strong>\u00e4u\u00dfern<\/strong>? Schicken Sie uns einfach ein Email an <a href=\"mailto:info@rauchertelefon.at\">info@rauchertelefon.at<\/a>. Ihr Beitrag wird dann\u00a0als Gastkommentar unter Anf\u00fchrung Ihres\u00a0Vornamens in\u00a0unserem Blog online gestellt.<\/p>\n<p>[\/et_pb_text][\/et_pb_column][et_pb_column type=&#8221;1_3&#8243; _builder_version=&#8221;3.0.47&#8243;][et_pb_sidebar area=&#8221;sidebar-1&#8243; _builder_version=&#8221;3.15&#8243;][\/et_pb_sidebar][\/et_pb_column][\/et_pb_row][\/et_pb_section]<\/p>\n","protected":false},"excerpt":{"rendered":"<p>Die aktuelle, neu entflammte Debatte rund um rauchfreie Lokale besch\u00e4ftigt Sie? Sie \u00e4rgern sich \u00fcber die Nichteinhaltung von Raucherverboten? Sie genie\u00dfen es, sich in rauchfreien R\u00e4umlichkeiten aufhalten zu k\u00f6nnen? Berichten Sie uns \u00fcber Ihre Eindr\u00fccke, Ideen, Gedanken.<\/p>\n","protected":false},"author":7,"featured_media":0,"comment_status":"open","ping_status":"open","sticky":false,"template":"","format":"standard","meta":{"_et_pb_use_builder":"on","_et_pb_old_content":"<p>\u00a0<\/p><p>Das Thema \"Rauchen\" bzw. \"Nichtrauchen\" ist ein<strong> medialer Dauerbrenner<\/strong>.<\/p><p>\u00a0<\/p><p>H\u00e4ufig sind wir in unserer Arbeit am Rauchertelefon mit<strong> Statements<\/strong> zu diversen Belangen rund um das Thema\u00a0Rauchfreiheit\/Rauchen konfrontiert, wobei die Meinungen unterschiedlich sind: die einen freuen sich und genie\u00dfen die M\u00f6glichkeit, in einem rauchfreien Lokal \"auf einen Kaffee\" zu gehen - die anderen empfinden es als Einschr\u00e4nkung ihrer pers\u00f6nlichen Freiheit.<\/p><p>\u00a0<\/p><p>Seien es wahllos weggeworfene Zigarettenstummel,\u00a0Abbildungen \"cooler\"\u00a0rauchender Menschen in Zeitschriften\u00a0oder rauchende Filmstars in den gro\u00dfen Leinwand-Blogbustern: die Rauch(freien)-Themen, die f\u00fcr Gespr\u00e4chsstoff sorgen, sind vielf\u00e4ltig.<\/p><p>\u00a0<\/p><p>Und damit immer in Zusammenhang die Frage: wo h\u00f6rt die <strong>Freiheit<\/strong> der einen auf\u00a0und\u00a0wo beginnt die <strong>Einschr\u00e4nkung<\/strong>\u00a0f\u00fcr andere?<\/p><p>\u00a0<\/p><p>Wir m\u00f6chten <strong>im Blog ab nun<\/strong> verst\u00e4rkt<strong> Gelegenheit\u00a0<\/strong>bieten, <strong>pers\u00f6nliche Eindr\u00fccke, Ideen und Gedanken zum Ausdruck zu bringen<\/strong> und zu Diskussionen anzuregen, wobei wir darauf hinweisen m\u00f6chten, dass selbstverst\u00e4ndlich auch hier die \u00fcbliche <a href=\"https:\/\/rauchfrei.at\/ueber-den-blog\/\">\"Nettiquette\"<\/a> gilt und wir uns vorbehalten, Beitr\u00e4ge gegebenenfalls zu k\u00fcrzen\u00a0bzw. g\u00e4nzlich zur\u00fcckzuhalten.<\/p><p>\u00a0<\/p><p><strong>Sie m\u00f6chten sich gerne<\/strong> zu Thema Rauchen\/Nichtrauchen <strong>\u00e4u\u00dfern<\/strong>? Schicken Sie uns einfach ein Email an <a href=\"mailto:info@rauchertelefon.at\">info@rauchertelefon.at<\/a>. Ihr Beitrag wird dann\u00a0als Gastkommentar unter Anf\u00fchrung Ihres\u00a0Vornamens in\u00a0unserem Blog online gestellt.<\/p><p>\u00a0<\/p><p>\u00a0<\/p><p>\u00a0<\/p><p>\u00a0<\/p><p>\u00a0<\/p><p>\u00a0<\/p>","_et_gb_content_width":"","footnotes":""},"categories":[236],"tags":[],"class_list":["post-5031","post","type-post","status-publish","format-standard","hentry","category-nicht-kategorisiert"],"yoast_head":"<!-- This site is optimized with the Yoast SEO plugin v26.2 - https:\/\/yoast.com\/wordpress\/plugins\/seo\/ -->\n<title>Sagen Sie uns Ihre Meinung - Rauchfrei Telefon<\/title>\n<meta name=\"robots\" content=\"index, follow, max-snippet:-1, max-image-preview:large, max-video-preview:-1\" \/>\n<link rel=\"canonical\" href=\"https:\/\/rauchfrei.at\/sagen-sie-uns-ihre-meinung\/\" \/>\n<meta property=\"og:locale\" content=\"en_US\" \/>\n<meta property=\"og:type\" content=\"article\" \/>\n<meta property=\"og:title\" content=\"Sagen Sie uns Ihre Meinung - Rauchfrei Telefon\" \/>\n<meta property=\"og:description\" content=\"Die aktuelle, neu entflammte Debatte rund um rauchfreie Lokale besch\u00e4ftigt Sie? Sie \u00e4rgern sich \u00fcber die Nichteinhaltung von Raucherverboten? Sie genie\u00dfen es, sich in rauchfreien R\u00e4umlichkeiten aufhalten zu k\u00f6nnen? Berichten Sie uns \u00fcber Ihre Eindr\u00fccke, Ideen, Gedanken.\" \/>\n<meta property=\"og:url\" content=\"https:\/\/rauchfrei.at\/sagen-sie-uns-ihre-meinung\/\" \/>\n<meta property=\"og:site_name\" content=\"Rauchfrei Telefon\" \/>\n<meta property=\"article:published_time\" content=\"2014-02-10T04:00:17+00:00\" \/>\n<meta property=\"article:modified_time\" content=\"2019-05-02T15:20:34+00:00\" \/>\n<meta name=\"author\" content=\"Nina Heumayer\" \/>\n<meta name=\"twitter:card\" content=\"summary_large_image\" \/>\n<meta name=\"twitter:label1\" content=\"Written by\" \/>\n\t<meta name=\"twitter:data1\" content=\"Nina Heumayer\" \/>\n\t<meta name=\"twitter:label2\" content=\"Est. reading time\" \/>\n\t<meta name=\"twitter:data2\" content=\"2 minutes\" \/>\n<script type=\"application\/ld+json\" class=\"yoast-schema-graph\">{\"@context\":\"https:\/\/schema.org\",\"@graph\":[{\"@type\":\"WebPage\",\"@id\":\"https:\/\/rauchfrei.at\/sagen-sie-uns-ihre-meinung\/\",\"url\":\"https:\/\/rauchfrei.at\/sagen-sie-uns-ihre-meinung\/\",\"name\":\"Sagen Sie uns Ihre Meinung - Rauchfrei Telefon\",\"isPartOf\":{\"@id\":\"https:\/\/rauchfrei.at\/#website\"},\"datePublished\":\"2014-02-10T04:00:17+00:00\",\"dateModified\":\"2019-05-02T15:20:34+00:00\",\"author\":{\"@id\":\"https:\/\/rauchfrei.at\/#\/schema\/person\/6ba3adad8eb872b334787c24357473aa\"},\"inLanguage\":\"en-US\",\"potentialAction\":[{\"@type\":\"ReadAction\",\"target\":[\"https:\/\/rauchfrei.at\/sagen-sie-uns-ihre-meinung\/\"]}]},{\"@type\":\"WebSite\",\"@id\":\"https:\/\/rauchfrei.at\/#website\",\"url\":\"https:\/\/rauchfrei.at\/\",\"name\":\"Rauchfrei Telefon\",\"description\":\"Eine \u00f6sterreichweite Initiative der Sozialversicherungen.\",\"potentialAction\":[{\"@type\":\"SearchAction\",\"target\":{\"@type\":\"EntryPoint\",\"urlTemplate\":\"https:\/\/rauchfrei.at\/?s={search_term_string}\"},\"query-input\":{\"@type\":\"PropertyValueSpecification\",\"valueRequired\":true,\"valueName\":\"search_term_string\"}}],\"inLanguage\":\"en-US\"},{\"@type\":\"Person\",\"@id\":\"https:\/\/rauchfrei.at\/#\/schema\/person\/6ba3adad8eb872b334787c24357473aa\",\"name\":\"Nina Heumayer\",\"image\":{\"@type\":\"ImageObject\",\"inLanguage\":\"en-US\",\"@id\":\"https:\/\/rauchfrei.at\/#\/schema\/person\/image\/\",\"url\":\"https:\/\/secure.gravatar.com\/avatar\/0980a970ceeb24db5798b86faac2035236ffa2f49daf0e59474baef797676711?s=96&d=mm&r=g\",\"contentUrl\":\"https:\/\/secure.gravatar.com\/avatar\/0980a970ceeb24db5798b86faac2035236ffa2f49daf0e59474baef797676711?s=96&d=mm&r=g\",\"caption\":\"Nina Heumayer\"},\"url\":\"https:\/\/rauchfrei.at\/en\/author\/heumayer\/\"}]}<\/script>\n<!-- \/ Yoast SEO plugin. -->","yoast_head_json":{"title":"Sagen Sie uns Ihre Meinung - Rauchfrei Telefon","robots":{"index":"index","follow":"follow","max-snippet":"max-snippet:-1","max-image-preview":"max-image-preview:large","max-video-preview":"max-video-preview:-1"},"canonical":"https:\/\/rauchfrei.at\/sagen-sie-uns-ihre-meinung\/","og_locale":"en_US","og_type":"article","og_title":"Sagen Sie uns Ihre Meinung - Rauchfrei Telefon","og_description":"Die aktuelle, neu entflammte Debatte rund um rauchfreie Lokale besch\u00e4ftigt Sie? Sie \u00e4rgern sich \u00fcber die Nichteinhaltung von Raucherverboten? Sie genie\u00dfen es, sich in rauchfreien R\u00e4umlichkeiten aufhalten zu k\u00f6nnen? Berichten Sie uns \u00fcber Ihre Eindr\u00fccke, Ideen, Gedanken.","og_url":"https:\/\/rauchfrei.at\/sagen-sie-uns-ihre-meinung\/","og_site_name":"Rauchfrei Telefon","article_published_time":"2014-02-10T04:00:17+00:00","article_modified_time":"2019-05-02T15:20:34+00:00","author":"Nina Heumayer","twitter_card":"summary_large_image","twitter_misc":{"Written by":"Nina Heumayer","Est. reading time":"2 minutes"},"schema":{"@context":"https:\/\/schema.org","@graph":[{"@type":"WebPage","@id":"https:\/\/rauchfrei.at\/sagen-sie-uns-ihre-meinung\/","url":"https:\/\/rauchfrei.at\/sagen-sie-uns-ihre-meinung\/","name":"Sagen Sie uns Ihre Meinung - Rauchfrei Telefon","isPartOf":{"@id":"https:\/\/rauchfrei.at\/#website"},"datePublished":"2014-02-10T04:00:17+00:00","dateModified":"2019-05-02T15:20:34+00:00","author":{"@id":"https:\/\/rauchfrei.at\/#\/schema\/person\/6ba3adad8eb872b334787c24357473aa"},"inLanguage":"en-US","potentialAction":[{"@type":"ReadAction","target":["https:\/\/rauchfrei.at\/sagen-sie-uns-ihre-meinung\/"]}]},{"@type":"WebSite","@id":"https:\/\/rauchfrei.at\/#website","url":"https:\/\/rauchfrei.at\/","name":"Rauchfrei Telefon","description":"Eine \u00f6sterreichweite Initiative der Sozialversicherungen.","potentialAction":[{"@type":"SearchAction","target":{"@type":"EntryPoint","urlTemplate":"https:\/\/rauchfrei.at\/?s={search_term_string}"},"query-input":{"@type":"PropertyValueSpecification","valueRequired":true,"valueName":"search_term_string"}}],"inLanguage":"en-US"},{"@type":"Person","@id":"https:\/\/rauchfrei.at\/#\/schema\/person\/6ba3adad8eb872b334787c24357473aa","name":"Nina Heumayer","image":{"@type":"ImageObject","inLanguage":"en-US","@id":"https:\/\/rauchfrei.at\/#\/schema\/person\/image\/","url":"https:\/\/secure.gravatar.com\/avatar\/0980a970ceeb24db5798b86faac2035236ffa2f49daf0e59474baef797676711?s=96&d=mm&r=g","contentUrl":"https:\/\/secure.gravatar.com\/avatar\/0980a970ceeb24db5798b86faac2035236ffa2f49daf0e59474baef797676711?s=96&d=mm&r=g","caption":"Nina Heumayer"},"url":"https:\/\/rauchfrei.at\/en\/author\/heumayer\/"}]}},"_links":{"self":[{"href":"https:\/\/rauchfrei.at\/en\/wp-json\/wp\/v2\/posts\/5031","targetHints":{"allow":["GET"]}}],"collection":[{"href":"https:\/\/rauchfrei.at\/en\/wp-json\/wp\/v2\/posts"}],"about":[{"href":"https:\/\/rauchfrei.at\/en\/wp-json\/wp\/v2\/types\/post"}],"author":[{"embeddable":true,"href":"https:\/\/rauchfrei.at\/en\/wp-json\/wp\/v2\/users\/7"}],"replies":[{"embeddable":true,"href":"https:\/\/rauchfrei.at\/en\/wp-json\/wp\/v2\/comments?post=5031"}],"version-history":[{"count":5,"href":"https:\/\/rauchfrei.at\/en\/wp-json\/wp\/v2\/posts\/5031\/revisions"}],"predecessor-version":[{"id":16789,"href":"https:\/\/rauchfrei.at\/en\/wp-json\/wp\/v2\/posts\/5031\/revisions\/16789"}],"wp:attachment":[{"href":"https:\/\/rauchfrei.at\/en\/wp-json\/wp\/v2\/media?parent=5031"}],"wp:term":[{"taxonomy":"category","embeddable":true,"href":"https:\/\/rauchfrei.at\/en\/wp-json\/wp\/v2\/categories?post=5031"},{"taxonomy":"post_tag","embeddable":true,"href":"https:\/\/rauchfrei.at\/en\/wp-json\/wp\/v2\/tags?post=5031"}],"curies":[{"name":"wp","href":"https:\/\/api.w.org\/{rel}","templated":true}]}}