
{"id":5055,"date":"2014-01-23T16:30:10","date_gmt":"2014-01-23T14:30:10","guid":{"rendered":"http:\/\/rauchfrei.ipax.hosting\/?p=5055"},"modified":"2019-05-02T17:25:23","modified_gmt":"2019-05-02T15:25:23","slug":"rauchfrei-in-5-wochen-noegkk-kurse-fuer-raucherentwoehnung-starten","status":"publish","type":"post","link":"https:\/\/rauchfrei.at\/en\/rauchfrei-in-5-wochen-noegkk-kurse-fuer-raucherentwoehnung-starten\/","title":{"rendered":"&#8220;Rauchfrei in 5 Wochen&#8221;: N\u00d6GKK Kurse f\u00fcr Raucherentw\u00f6hnung starten"},"content":{"rendered":"<p>[et_pb_section fb_built=&#8221;1&#8243; module_class=&#8221;header&#8221; _builder_version=&#8221;3.0.99&#8243;][et_pb_row _builder_version=&#8221;3.0.99&#8243;][et_pb_column type=&#8221;4_4&#8243; _builder_version=&#8221;3.0.47&#8243;][et_pb_dp_dmb_module_10001 _builder_version=&#8221;3.21.1&#8243;][\/et_pb_dp_dmb_module_10001][\/et_pb_column][\/et_pb_row][\/et_pb_section][et_pb_section fb_built=&#8221;1&#8243; _builder_version=&#8221;3.0.47&#8243;][et_pb_row _builder_version=&#8221;3.0.48&#8243; background_size=&#8221;initial&#8221; background_position=&#8221;top_left&#8221; background_repeat=&#8221;repeat&#8221;][et_pb_column type=&#8221;2_3&#8243; _builder_version=&#8221;3.0.47&#8243;][et_pb_text _builder_version=&#8221;3.0.74&#8243; background_size=&#8221;initial&#8221; background_position=&#8221;top_left&#8221; background_repeat=&#8221;repeat&#8221;]<\/p>\n<p><span style=\"font-size: 15px;\">Die Nieder\u00f6sterreichische Gebietskrankenkasse bietet auch 2014 wieder fl\u00e4chendeckend in Nieder\u00f6sterreich ambulante Kurse f\u00fcr Raucherentw\u00f6hnung an.<\/span><\/p>\n<p>Unter dem Titel <strong>&#8220;Rauchfrei in 5 Wochen&#8221;<\/strong>\u00a0startet der erste Kurs\u00a0am 27. J\u00e4nner in Krems, gefolgt von Baden, Amstetten,\u00a0St.P\u00f6lten,\u00a0Hollabrunn, Gm\u00fcnd, Mistelbach, Wr. Neustadt, Klosterneuburg, Horn, G\u00e4nserdorf, Scheibbs und\u00a0Tulln.<\/p>\n<p>Genauere Informationen zu Kursorten und Zeiten finden Sie <a href=\"http:\/\/www.noegkk.at\/portal27\/portal\/noegkkportal\/channel_content\/cmsWindow?action=2&amp;p_menuid=7844&amp;p_tabid=3\" target=\"_blank\" rel=\"noopener noreferrer\">hier<\/a>.<\/p>\n<p>Sie m\u00f6chten rauchfrei werden,\u00a0sind bei der N\u00d6GKK, BVA, SVA oder SVB versichert und einer der Kursorte ist interessant f\u00fcr Sie?<\/p>\n<p><strong>N\u00fctzen Sie die Chance<\/strong> und melden Sie sich\u00a0in dem f\u00fcr Sie passenden Kurs\u00a0an. F\u00fcr einen<strong> Kostenbeitrag von 25 Euro<\/strong> erhalten Sie umfassende, <strong>professionelle Unterst\u00fctzung<\/strong> bei Ihrem Rauchstopp.<\/p>\n<p>[\/et_pb_text][\/et_pb_column][et_pb_column type=&#8221;1_3&#8243; _builder_version=&#8221;3.0.47&#8243;][et_pb_sidebar area=&#8221;sidebar-1&#8243; _builder_version=&#8221;3.21.1&#8243; z_index_tablet=&#8221;500&#8243;][\/et_pb_sidebar][\/et_pb_column][\/et_pb_row][\/et_pb_section]<\/p>\n","protected":false},"excerpt":{"rendered":"<p>Auch heuer bietet die Nieder\u00f6sterreichische Gebietskrankenkasse wieder eine F\u00fclle ambulanter Kurse zur Raucherentw\u00f6hnung an. Die Kurse k\u00f6nnen von Versicherten der N\u00d6GKK, BVA, SVA und SVB besucht werden.<\/p>\n","protected":false},"author":7,"featured_media":0,"comment_status":"open","ping_status":"open","sticky":false,"template":"","format":"standard","meta":{"_et_pb_use_builder":"on","_et_pb_old_content":"&nbsp;\r\n\r\nDie Nieder\u00f6sterreichische Gebietskrankenkasse bietet auch 2014 wieder fl\u00e4chendeckend in Nieder\u00f6sterreich ambulante Kurse f\u00fcr Raucherentw\u00f6hnung an.\r\n\r\n&nbsp;\r\n\r\nUnter dem Titel <strong>\"Rauchfrei in 5 Wochen\"<\/strong>\u00a0startet der erste Kurs\u00a0am 27. J\u00e4nner in Krems, gefolgt von Baden, Amstetten,\u00a0St.P\u00f6lten,\u00a0Hollabrunn, Gm\u00fcnd, Mistelbach, Wr. Neustadt, Klosterneuburg, Horn, G\u00e4nserdorf, Scheibbs und\u00a0Tulln.\r\n\r\n&nbsp;\r\n\r\nGenauere Informationen zu Kursorten und Zeiten finden Sie <a href=\"http:\/\/www.noegkk.at\/portal27\/portal\/noegkkportal\/channel_content\/cmsWindow?action=2&amp;p_menuid=7844&amp;p_tabid=3\" target=\"_blank\">hier<\/a>.\r\n\r\n&nbsp;\r\n\r\nSie m\u00f6chten rauchfrei werden,\u00a0sind bei der N\u00d6GKK, BVA, SVA oder SVB versichert und einer der Kursorte ist interessant f\u00fcr Sie?\r\n\r\n&nbsp;\r\n\r\n<strong>N\u00fctzen Sie die Chance<\/strong> und melden Sie sich\u00a0in dem f\u00fcr Sie passenden Kurs\u00a0an. F\u00fcr einen<strong> Kostenbeitrag von 25 Euro<\/strong> erhalten Sie umfassende, <strong>professionelle Unterst\u00fctzung<\/strong> bei Ihrem Rauchstopp.\r\n\r\n&nbsp;\r\n\r\n&nbsp;\r\n\r\n&nbsp;\r\n\r\n&nbsp;\r\n\r\n&nbsp;","_et_gb_content_width":"","footnotes":""},"categories":[236],"tags":[155],"class_list":["post-5055","post","type-post","status-publish","format-standard","hentry","category-nicht-kategorisiert","tag-raucherentwoehnungskurse"],"yoast_head":"<!-- This site is optimized with the Yoast SEO plugin v26.2 - https:\/\/yoast.com\/wordpress\/plugins\/seo\/ -->\n<title>&quot;Rauchfrei in 5 Wochen&quot;: N\u00d6GKK Kurse f\u00fcr Raucherentw\u00f6hnung starten - Rauchfrei Telefon<\/title>\n<meta name=\"robots\" content=\"index, follow, max-snippet:-1, max-image-preview:large, max-video-preview:-1\" \/>\n<link rel=\"canonical\" href=\"https:\/\/rauchfrei.at\/rauchfrei-in-5-wochen-noegkk-kurse-fuer-raucherentwoehnung-starten\/\" \/>\n<meta property=\"og:locale\" content=\"en_US\" \/>\n<meta property=\"og:type\" content=\"article\" \/>\n<meta property=\"og:title\" content=\"&quot;Rauchfrei in 5 Wochen&quot;: N\u00d6GKK Kurse f\u00fcr Raucherentw\u00f6hnung starten - Rauchfrei Telefon\" \/>\n<meta property=\"og:description\" content=\"Auch heuer bietet die Nieder\u00f6sterreichische Gebietskrankenkasse wieder eine F\u00fclle ambulanter Kurse zur Raucherentw\u00f6hnung an. Die Kurse k\u00f6nnen von Versicherten der N\u00d6GKK, BVA, SVA und SVB besucht werden.\" \/>\n<meta property=\"og:url\" content=\"https:\/\/rauchfrei.at\/rauchfrei-in-5-wochen-noegkk-kurse-fuer-raucherentwoehnung-starten\/\" \/>\n<meta property=\"og:site_name\" content=\"Rauchfrei Telefon\" \/>\n<meta property=\"article:published_time\" content=\"2014-01-23T14:30:10+00:00\" \/>\n<meta property=\"article:modified_time\" content=\"2019-05-02T15:25:23+00:00\" \/>\n<meta name=\"author\" content=\"Nina Heumayer\" \/>\n<meta name=\"twitter:card\" content=\"summary_large_image\" \/>\n<meta name=\"twitter:label1\" content=\"Written by\" \/>\n\t<meta name=\"twitter:data1\" content=\"Nina Heumayer\" \/>\n\t<meta name=\"twitter:label2\" content=\"Est. reading time\" \/>\n\t<meta name=\"twitter:data2\" content=\"1 minute\" \/>\n<script type=\"application\/ld+json\" class=\"yoast-schema-graph\">{\"@context\":\"https:\/\/schema.org\",\"@graph\":[{\"@type\":\"WebPage\",\"@id\":\"https:\/\/rauchfrei.at\/rauchfrei-in-5-wochen-noegkk-kurse-fuer-raucherentwoehnung-starten\/\",\"url\":\"https:\/\/rauchfrei.at\/rauchfrei-in-5-wochen-noegkk-kurse-fuer-raucherentwoehnung-starten\/\",\"name\":\"\\\"Rauchfrei in 5 Wochen\\\": N\u00d6GKK Kurse f\u00fcr Raucherentw\u00f6hnung starten - Rauchfrei Telefon\",\"isPartOf\":{\"@id\":\"https:\/\/rauchfrei.at\/#website\"},\"datePublished\":\"2014-01-23T14:30:10+00:00\",\"dateModified\":\"2019-05-02T15:25:23+00:00\",\"author\":{\"@id\":\"https:\/\/rauchfrei.at\/#\/schema\/person\/6ba3adad8eb872b334787c24357473aa\"},\"inLanguage\":\"en-US\",\"potentialAction\":[{\"@type\":\"ReadAction\",\"target\":[\"https:\/\/rauchfrei.at\/rauchfrei-in-5-wochen-noegkk-kurse-fuer-raucherentwoehnung-starten\/\"]}]},{\"@type\":\"WebSite\",\"@id\":\"https:\/\/rauchfrei.at\/#website\",\"url\":\"https:\/\/rauchfrei.at\/\",\"name\":\"Rauchfrei Telefon\",\"description\":\"Eine \u00f6sterreichweite Initiative der Sozialversicherungen.\",\"potentialAction\":[{\"@type\":\"SearchAction\",\"target\":{\"@type\":\"EntryPoint\",\"urlTemplate\":\"https:\/\/rauchfrei.at\/?s={search_term_string}\"},\"query-input\":{\"@type\":\"PropertyValueSpecification\",\"valueRequired\":true,\"valueName\":\"search_term_string\"}}],\"inLanguage\":\"en-US\"},{\"@type\":\"Person\",\"@id\":\"https:\/\/rauchfrei.at\/#\/schema\/person\/6ba3adad8eb872b334787c24357473aa\",\"name\":\"Nina Heumayer\",\"image\":{\"@type\":\"ImageObject\",\"inLanguage\":\"en-US\",\"@id\":\"https:\/\/rauchfrei.at\/#\/schema\/person\/image\/\",\"url\":\"https:\/\/secure.gravatar.com\/avatar\/0980a970ceeb24db5798b86faac2035236ffa2f49daf0e59474baef797676711?s=96&d=mm&r=g\",\"contentUrl\":\"https:\/\/secure.gravatar.com\/avatar\/0980a970ceeb24db5798b86faac2035236ffa2f49daf0e59474baef797676711?s=96&d=mm&r=g\",\"caption\":\"Nina Heumayer\"},\"url\":\"https:\/\/rauchfrei.at\/en\/author\/heumayer\/\"}]}<\/script>\n<!-- \/ Yoast SEO plugin. -->","yoast_head_json":{"title":"\"Rauchfrei in 5 Wochen\": N\u00d6GKK Kurse f\u00fcr Raucherentw\u00f6hnung starten - Rauchfrei Telefon","robots":{"index":"index","follow":"follow","max-snippet":"max-snippet:-1","max-image-preview":"max-image-preview:large","max-video-preview":"max-video-preview:-1"},"canonical":"https:\/\/rauchfrei.at\/rauchfrei-in-5-wochen-noegkk-kurse-fuer-raucherentwoehnung-starten\/","og_locale":"en_US","og_type":"article","og_title":"\"Rauchfrei in 5 Wochen\": N\u00d6GKK Kurse f\u00fcr Raucherentw\u00f6hnung starten - Rauchfrei Telefon","og_description":"Auch heuer bietet die Nieder\u00f6sterreichische Gebietskrankenkasse wieder eine F\u00fclle ambulanter Kurse zur Raucherentw\u00f6hnung an. Die Kurse k\u00f6nnen von Versicherten der N\u00d6GKK, BVA, SVA und SVB besucht werden.","og_url":"https:\/\/rauchfrei.at\/rauchfrei-in-5-wochen-noegkk-kurse-fuer-raucherentwoehnung-starten\/","og_site_name":"Rauchfrei Telefon","article_published_time":"2014-01-23T14:30:10+00:00","article_modified_time":"2019-05-02T15:25:23+00:00","author":"Nina Heumayer","twitter_card":"summary_large_image","twitter_misc":{"Written by":"Nina Heumayer","Est. reading time":"1 minute"},"schema":{"@context":"https:\/\/schema.org","@graph":[{"@type":"WebPage","@id":"https:\/\/rauchfrei.at\/rauchfrei-in-5-wochen-noegkk-kurse-fuer-raucherentwoehnung-starten\/","url":"https:\/\/rauchfrei.at\/rauchfrei-in-5-wochen-noegkk-kurse-fuer-raucherentwoehnung-starten\/","name":"\"Rauchfrei in 5 Wochen\": N\u00d6GKK Kurse f\u00fcr Raucherentw\u00f6hnung starten - Rauchfrei Telefon","isPartOf":{"@id":"https:\/\/rauchfrei.at\/#website"},"datePublished":"2014-01-23T14:30:10+00:00","dateModified":"2019-05-02T15:25:23+00:00","author":{"@id":"https:\/\/rauchfrei.at\/#\/schema\/person\/6ba3adad8eb872b334787c24357473aa"},"inLanguage":"en-US","potentialAction":[{"@type":"ReadAction","target":["https:\/\/rauchfrei.at\/rauchfrei-in-5-wochen-noegkk-kurse-fuer-raucherentwoehnung-starten\/"]}]},{"@type":"WebSite","@id":"https:\/\/rauchfrei.at\/#website","url":"https:\/\/rauchfrei.at\/","name":"Rauchfrei Telefon","description":"Eine \u00f6sterreichweite Initiative der Sozialversicherungen.","potentialAction":[{"@type":"SearchAction","target":{"@type":"EntryPoint","urlTemplate":"https:\/\/rauchfrei.at\/?s={search_term_string}"},"query-input":{"@type":"PropertyValueSpecification","valueRequired":true,"valueName":"search_term_string"}}],"inLanguage":"en-US"},{"@type":"Person","@id":"https:\/\/rauchfrei.at\/#\/schema\/person\/6ba3adad8eb872b334787c24357473aa","name":"Nina Heumayer","image":{"@type":"ImageObject","inLanguage":"en-US","@id":"https:\/\/rauchfrei.at\/#\/schema\/person\/image\/","url":"https:\/\/secure.gravatar.com\/avatar\/0980a970ceeb24db5798b86faac2035236ffa2f49daf0e59474baef797676711?s=96&d=mm&r=g","contentUrl":"https:\/\/secure.gravatar.com\/avatar\/0980a970ceeb24db5798b86faac2035236ffa2f49daf0e59474baef797676711?s=96&d=mm&r=g","caption":"Nina Heumayer"},"url":"https:\/\/rauchfrei.at\/en\/author\/heumayer\/"}]}},"_links":{"self":[{"href":"https:\/\/rauchfrei.at\/en\/wp-json\/wp\/v2\/posts\/5055","targetHints":{"allow":["GET"]}}],"collection":[{"href":"https:\/\/rauchfrei.at\/en\/wp-json\/wp\/v2\/posts"}],"about":[{"href":"https:\/\/rauchfrei.at\/en\/wp-json\/wp\/v2\/types\/post"}],"author":[{"embeddable":true,"href":"https:\/\/rauchfrei.at\/en\/wp-json\/wp\/v2\/users\/7"}],"replies":[{"embeddable":true,"href":"https:\/\/rauchfrei.at\/en\/wp-json\/wp\/v2\/comments?post=5055"}],"version-history":[{"count":5,"href":"https:\/\/rauchfrei.at\/en\/wp-json\/wp\/v2\/posts\/5055\/revisions"}],"predecessor-version":[{"id":16798,"href":"https:\/\/rauchfrei.at\/en\/wp-json\/wp\/v2\/posts\/5055\/revisions\/16798"}],"wp:attachment":[{"href":"https:\/\/rauchfrei.at\/en\/wp-json\/wp\/v2\/media?parent=5055"}],"wp:term":[{"taxonomy":"category","embeddable":true,"href":"https:\/\/rauchfrei.at\/en\/wp-json\/wp\/v2\/categories?post=5055"},{"taxonomy":"post_tag","embeddable":true,"href":"https:\/\/rauchfrei.at\/en\/wp-json\/wp\/v2\/tags?post=5055"}],"curies":[{"name":"wp","href":"https:\/\/api.w.org\/{rel}","templated":true}]}}