
{"id":5143,"date":"2014-02-24T00:03:21","date_gmt":"2014-02-23T22:03:21","guid":{"rendered":"http:\/\/rauchfrei.ipax.hosting\/?p=5143"},"modified":"2019-05-02T17:18:10","modified_gmt":"2019-05-02T15:18:10","slug":"rauchen-auf-der-buehne-2","status":"publish","type":"post","link":"https:\/\/rauchfrei.at\/en\/rauchen-auf-der-buehne-2\/","title":{"rendered":"Rauchen auf der B\u00fchne?"},"content":{"rendered":"<p>[et_pb_section fb_built=&#8221;1&#8243; module_class=&#8221;header&#8221; _builder_version=&#8221;3.0.99&#8243;][et_pb_row _builder_version=&#8221;3.0.99&#8243;][et_pb_column type=&#8221;4_4&#8243; _builder_version=&#8221;3.0.47&#8243;][et_pb_dp_dmb_module_10001 _builder_version=&#8221;3.21.1&#8243;][\/et_pb_dp_dmb_module_10001][\/et_pb_column][\/et_pb_row][\/et_pb_section][et_pb_section fb_built=&#8221;1&#8243; _builder_version=&#8221;3.0.47&#8243;][et_pb_row _builder_version=&#8221;3.0.48&#8243; background_size=&#8221;initial&#8221; background_position=&#8221;top_left&#8221; background_repeat=&#8221;repeat&#8221;][et_pb_column type=&#8221;2_3&#8243; _builder_version=&#8221;3.0.47&#8243;][et_pb_text _builder_version=&#8221;3.0.74&#8243; background_size=&#8221;initial&#8221; background_position=&#8221;top_left&#8221; background_repeat=&#8221;repeat&#8221;]<\/p>\n<p><span style=\"font-size: 15px;\">D\u00fcrfen K\u00fcnstler und K\u00fcnstlerinnen auf der B\u00fchne \u00fcberhaupt noch rauchen?<\/span><\/p>\n<p>Diese Frage stellte ich mir schon mehrmals bei Theater- und Festspielhaus-Besuchen. Ich habe Schauspieler\/innen gesehen, die sich im St\u00fcck mehrmals eine Zigarette anz\u00fcndeten, und T\u00e4nzer\/innen erlebt, die das Wasserpfeifen-Rauchen in ihren Tanz (angeblich als erotisches Element) eingebaut haben. Jedesmal hat sich nach kurzer Zeit die <strong>Passivrauchwolke in<\/strong> den <strong>Zuschauersaal<\/strong> ausgebreitet und der Geruch war deutlich bemerkbar. Auch die <strong>Signalwirkung<\/strong> der Zigarette ist nicht zu vernachl\u00e4ssigen.<\/p>\n<p>S\u00e4ngerin Miley Cyrus machte Schlagzeilen, als sie bei den MTV European Music Awards den Preis &#8220;Best Video&#8221; gewann und bei ihrer Dankesrede auf der B\u00fchne rauchte! Die Facebook-Kommentare dazu reichen von &#8220;Warum nicht?&#8221; bis zu &#8220;Was ist das f\u00fcr ein Vorbild?&#8221;.<\/p>\n<p><strong>Generell<\/strong> herrscht <strong>in Kultureinrichtungen<\/strong> wie in allen \u00f6ffentlichen Einrichtungen <strong>Rauchverbot<\/strong>. Dies betrifft eigentlich auch die B\u00fchne.<strong> Dennoch darf<\/strong> auf \u00f6sterreichischen B\u00fchnen<strong> geraucht werden, sofern<\/strong> es sich um einen <strong>Akt &#8220;k\u00fcnstlerischer Darbietung&#8221;<\/strong> handelt. Denn die &#8220;k\u00fcnstlerische Freiheit&#8221; ist als Grundrecht gesetzlich gesch\u00fctzt.<\/p>\n<p>Dies betrifft v.a. alte St\u00fccke wie Ibsens &#8220;Nora&#8221;, in denen die Hauptfigur in bestimmten Szenen raucht oder Auff\u00fchrungen, in denen das Rauchen generell thematisiert wird bzw. Teil der k\u00fcnstlerischen Darbietung sei.<\/p>\n<p>Doch <strong>gen\u00fcge es nicht, das Rauchen symbolhaft darszustellen<\/strong> oder Trickzigaretten zu verwenden? So wie \u00fcblicherweise auf Theaterb\u00fchnen Apfel- und Traubensaft statt Wein ausgeschenkt wird. Von der Vorbildwirkung wird dann jedoch bewusst Abstand genommen.<\/p>\n<p><strong>Ist die k\u00fcnstlerische Freiheit<\/strong> wirklich <strong>h\u00f6her anzusetzen als die gesundheitliche Belastung<\/strong> von K\u00fcnstlerinnen bzw. K\u00fcnstlern und Publikum?<\/p>\n<p>Es bleibt zu hoffen, dass auch hier ein gesellschaftlicher Wandel passiert und der Verzicht auf die Zigarette wie im realen Leben auch auf der B\u00fchne ein gr\u00f6\u00dferes Thema wird.<\/p>\n<p>Ich habe einen interessanten Artikel zu diesem Thema gefunden:<\/p>\n<p><a title=\"Artikel\" href=\"http:\/\/www.welt.de\/kultur\/article1839389\/Nur-noch-die-Loser-qualmen-auf-der-Buehne.html\" target=\"_blank\" rel=\"noopener noreferrer\">&#8220;Die Welt&#8221; &#8211; Nur noch die Loser qualmen auf der B\u00fchne<\/a><\/p>\n<p>Sandra<\/p>\n<p>[\/et_pb_text][\/et_pb_column][et_pb_column type=&#8221;1_3&#8243; _builder_version=&#8221;3.0.47&#8243;][et_pb_sidebar area=&#8221;sidebar-1&#8243; _builder_version=&#8221;3.15&#8243;][\/et_pb_sidebar][\/et_pb_column][\/et_pb_row][\/et_pb_section]<\/p>\n","protected":false},"excerpt":{"rendered":"<p>Darf im Rahmen k\u00fcnstlerischer Auff\u00fchrungen auf der B\u00fchne geraucht werden? Zu diesem Thema hat uns ein erster Gastkommentar erreicht, den wir Ihnen in unserem diesw\u00f6chigen Blog gerne vorstellen m\u00f6chten.<\/p>\n","protected":false},"author":17,"featured_media":0,"comment_status":"open","ping_status":"open","sticky":false,"template":"","format":"standard","meta":{"_et_pb_use_builder":"on","_et_pb_old_content":"<blockquote><p>\u00a0<\/p><p>D\u00fcrfen K\u00fcnstler und K\u00fcnstlerinnen auf der B\u00fchne \u00fcberhaupt noch rauchen?<\/p><p>\u00a0<\/p><p>Diese Frage stellte ich mir schon mehrmals bei Theater- und Festspielhaus-Besuchen. Ich habe Schauspieler\/innen gesehen, die sich im St\u00fcck mehrmals eine Zigarette anz\u00fcndeten, und T\u00e4nzer\/innen erlebt, die das Wasserpfeifen-Rauchen in ihren Tanz (angeblich als erotisches Element) eingebaut haben. Jedesmal hat sich nach kurzer Zeit die <strong>Passivrauchwolke in<\/strong> den <strong>Zuschauersaal<\/strong> ausgebreitet und der Geruch war deutlich bemerkbar. Auch die <strong>Signalwirkung<\/strong> der Zigarette ist nicht zu vernachl\u00e4ssigen.<\/p><p>\u00a0<\/p><p>S\u00e4ngerin Miley Cyrus machte Schlagzeilen, als sie bei den MTV European Music Awards den Preis \"Best Video\" gewann und bei ihrer Dankesrede auf der B\u00fchne rauchte! Die Facebook-Kommentare dazu reichen von \"Warum nicht?\" bis zu \"Was ist das f\u00fcr ein Vorbild?\".<\/p><p>\u00a0<\/p><p><strong>Generell<\/strong> herrscht <strong>in Kultureinrichtungen<\/strong> wie in allen \u00f6ffentlichen Einrichtungen <strong>Rauchverbot<\/strong>. Dies betrifft eigentlich auch die B\u00fchne.<strong> Dennoch darf<\/strong> auf \u00f6sterreichischen B\u00fchnen<strong> geraucht werden, sofern<\/strong> es sich um einen <strong>Akt \"k\u00fcnstlerischer Darbietung\"<\/strong> handelt. Denn die \"k\u00fcnstlerische Freiheit\" ist als Grundrecht gesetzlich gesch\u00fctzt.<\/p><p>\u00a0<\/p><p>Dies betrifft v.a. alte St\u00fccke wie Ibsens \"Nora\", in denen die Hauptfigur in bestimmten Szenen raucht oder Auff\u00fchrungen, in denen das Rauchen generell thematisiert wird bzw. Teil der k\u00fcnstlerischen Darbietung sei.<\/p><p>\u00a0<\/p><p>Doch <strong>gen\u00fcge es nicht, das Rauchen symbolhaft darszustellen<\/strong> oder Trickzigaretten zu verwenden? So wie \u00fcblicherweise auf Theaterb\u00fchnen Apfel- und Traubensaft statt Wein ausgeschenkt wird. Von der Vorbildwirkung wird dann jedoch bewusst Abstand genommen.<\/p><p>\u00a0<\/p><p><strong>Ist die k\u00fcnstlerische Freiheit<\/strong> wirklich <strong>h\u00f6her anzusetzen als die gesundheitliche Belastung<\/strong> von K\u00fcnstlerinnen bzw. K\u00fcnstlern und Publikum?<\/p><p>\u00a0<\/p><p>Es bleibt zu hoffen, dass auch hier ein gesellschaftlicher Wandel passiert und der Verzicht auf die Zigarette wie im realen Leben auch auf der B\u00fchne ein gr\u00f6\u00dferes Thema wird.<\/p><p>\u00a0<\/p><p>Ich habe einen interessanten Artikel zu diesem Thema gefunden:<\/p><p><a title=\"Artikel\" href=\"http:\/\/www.welt.de\/kultur\/article1839389\/Nur-noch-die-Loser-qualmen-auf-der-Buehne.html\" target=\"_blank\" rel=\"noopener\">\"Die Welt\" - Nur noch die Loser qualmen auf der B\u00fchne<\/a><\/p><p>\u00a0<\/p><p>Sandra<\/p><\/blockquote>","_et_gb_content_width":"","footnotes":""},"categories":[236],"tags":[54,136],"class_list":["post-5143","post","type-post","status-publish","format-standard","hentry","category-nicht-kategorisiert","tag-passivrauch","tag-rauchverbot"],"yoast_head":"<!-- This site is optimized with the Yoast SEO plugin v26.2 - https:\/\/yoast.com\/wordpress\/plugins\/seo\/ -->\n<title>Rauchen auf der B\u00fchne? - Rauchfrei Telefon<\/title>\n<meta name=\"robots\" content=\"index, follow, max-snippet:-1, max-image-preview:large, max-video-preview:-1\" \/>\n<link rel=\"canonical\" href=\"https:\/\/rauchfrei.at\/rauchen-auf-der-buehne-2\/\" \/>\n<meta property=\"og:locale\" content=\"en_US\" \/>\n<meta property=\"og:type\" content=\"article\" \/>\n<meta property=\"og:title\" content=\"Rauchen auf der B\u00fchne? - Rauchfrei Telefon\" \/>\n<meta property=\"og:description\" content=\"Darf im Rahmen k\u00fcnstlerischer Auff\u00fchrungen auf der B\u00fchne geraucht werden? Zu diesem Thema hat uns ein erster Gastkommentar erreicht, den wir Ihnen in unserem diesw\u00f6chigen Blog gerne vorstellen m\u00f6chten.\" \/>\n<meta property=\"og:url\" content=\"https:\/\/rauchfrei.at\/rauchen-auf-der-buehne-2\/\" \/>\n<meta property=\"og:site_name\" content=\"Rauchfrei Telefon\" \/>\n<meta property=\"article:published_time\" content=\"2014-02-23T22:03:21+00:00\" \/>\n<meta property=\"article:modified_time\" content=\"2019-05-02T15:18:10+00:00\" \/>\n<meta name=\"author\" content=\"Gastkommentar\" \/>\n<meta name=\"twitter:card\" content=\"summary_large_image\" \/>\n<meta name=\"twitter:label1\" content=\"Written by\" \/>\n\t<meta name=\"twitter:data1\" content=\"Gastkommentar\" \/>\n\t<meta name=\"twitter:label2\" content=\"Est. reading time\" \/>\n\t<meta name=\"twitter:data2\" content=\"2 minutes\" \/>\n<script type=\"application\/ld+json\" class=\"yoast-schema-graph\">{\"@context\":\"https:\/\/schema.org\",\"@graph\":[{\"@type\":\"WebPage\",\"@id\":\"https:\/\/rauchfrei.at\/rauchen-auf-der-buehne-2\/\",\"url\":\"https:\/\/rauchfrei.at\/rauchen-auf-der-buehne-2\/\",\"name\":\"Rauchen auf der B\u00fchne? - Rauchfrei Telefon\",\"isPartOf\":{\"@id\":\"https:\/\/rauchfrei.at\/#website\"},\"datePublished\":\"2014-02-23T22:03:21+00:00\",\"dateModified\":\"2019-05-02T15:18:10+00:00\",\"author\":{\"@id\":\"https:\/\/rauchfrei.at\/#\/schema\/person\/5fc25ba0c5c18c7bb72f39740e4d31da\"},\"inLanguage\":\"en-US\",\"potentialAction\":[{\"@type\":\"ReadAction\",\"target\":[\"https:\/\/rauchfrei.at\/rauchen-auf-der-buehne-2\/\"]}]},{\"@type\":\"WebSite\",\"@id\":\"https:\/\/rauchfrei.at\/#website\",\"url\":\"https:\/\/rauchfrei.at\/\",\"name\":\"Rauchfrei Telefon\",\"description\":\"Eine \u00f6sterreichweite Initiative der Sozialversicherungen.\",\"potentialAction\":[{\"@type\":\"SearchAction\",\"target\":{\"@type\":\"EntryPoint\",\"urlTemplate\":\"https:\/\/rauchfrei.at\/?s={search_term_string}\"},\"query-input\":{\"@type\":\"PropertyValueSpecification\",\"valueRequired\":true,\"valueName\":\"search_term_string\"}}],\"inLanguage\":\"en-US\"},{\"@type\":\"Person\",\"@id\":\"https:\/\/rauchfrei.at\/#\/schema\/person\/5fc25ba0c5c18c7bb72f39740e4d31da\",\"name\":\"Gastkommentar\",\"image\":{\"@type\":\"ImageObject\",\"inLanguage\":\"en-US\",\"@id\":\"https:\/\/rauchfrei.at\/#\/schema\/person\/image\/\",\"url\":\"https:\/\/secure.gravatar.com\/avatar\/85407d990e69802a3bded43886ed11ed06b45db3bbf254d52dd9f9c82c33dd83?s=96&d=mm&r=g\",\"contentUrl\":\"https:\/\/secure.gravatar.com\/avatar\/85407d990e69802a3bded43886ed11ed06b45db3bbf254d52dd9f9c82c33dd83?s=96&d=mm&r=g\",\"caption\":\"Gastkommentar\"},\"url\":\"https:\/\/rauchfrei.at\/en\/author\/gastkommentar\/\"}]}<\/script>\n<!-- \/ Yoast SEO plugin. -->","yoast_head_json":{"title":"Rauchen auf der B\u00fchne? - Rauchfrei Telefon","robots":{"index":"index","follow":"follow","max-snippet":"max-snippet:-1","max-image-preview":"max-image-preview:large","max-video-preview":"max-video-preview:-1"},"canonical":"https:\/\/rauchfrei.at\/rauchen-auf-der-buehne-2\/","og_locale":"en_US","og_type":"article","og_title":"Rauchen auf der B\u00fchne? - Rauchfrei Telefon","og_description":"Darf im Rahmen k\u00fcnstlerischer Auff\u00fchrungen auf der B\u00fchne geraucht werden? Zu diesem Thema hat uns ein erster Gastkommentar erreicht, den wir Ihnen in unserem diesw\u00f6chigen Blog gerne vorstellen m\u00f6chten.","og_url":"https:\/\/rauchfrei.at\/rauchen-auf-der-buehne-2\/","og_site_name":"Rauchfrei Telefon","article_published_time":"2014-02-23T22:03:21+00:00","article_modified_time":"2019-05-02T15:18:10+00:00","author":"Gastkommentar","twitter_card":"summary_large_image","twitter_misc":{"Written by":"Gastkommentar","Est. reading time":"2 minutes"},"schema":{"@context":"https:\/\/schema.org","@graph":[{"@type":"WebPage","@id":"https:\/\/rauchfrei.at\/rauchen-auf-der-buehne-2\/","url":"https:\/\/rauchfrei.at\/rauchen-auf-der-buehne-2\/","name":"Rauchen auf der B\u00fchne? - Rauchfrei Telefon","isPartOf":{"@id":"https:\/\/rauchfrei.at\/#website"},"datePublished":"2014-02-23T22:03:21+00:00","dateModified":"2019-05-02T15:18:10+00:00","author":{"@id":"https:\/\/rauchfrei.at\/#\/schema\/person\/5fc25ba0c5c18c7bb72f39740e4d31da"},"inLanguage":"en-US","potentialAction":[{"@type":"ReadAction","target":["https:\/\/rauchfrei.at\/rauchen-auf-der-buehne-2\/"]}]},{"@type":"WebSite","@id":"https:\/\/rauchfrei.at\/#website","url":"https:\/\/rauchfrei.at\/","name":"Rauchfrei Telefon","description":"Eine \u00f6sterreichweite Initiative der Sozialversicherungen.","potentialAction":[{"@type":"SearchAction","target":{"@type":"EntryPoint","urlTemplate":"https:\/\/rauchfrei.at\/?s={search_term_string}"},"query-input":{"@type":"PropertyValueSpecification","valueRequired":true,"valueName":"search_term_string"}}],"inLanguage":"en-US"},{"@type":"Person","@id":"https:\/\/rauchfrei.at\/#\/schema\/person\/5fc25ba0c5c18c7bb72f39740e4d31da","name":"Gastkommentar","image":{"@type":"ImageObject","inLanguage":"en-US","@id":"https:\/\/rauchfrei.at\/#\/schema\/person\/image\/","url":"https:\/\/secure.gravatar.com\/avatar\/85407d990e69802a3bded43886ed11ed06b45db3bbf254d52dd9f9c82c33dd83?s=96&d=mm&r=g","contentUrl":"https:\/\/secure.gravatar.com\/avatar\/85407d990e69802a3bded43886ed11ed06b45db3bbf254d52dd9f9c82c33dd83?s=96&d=mm&r=g","caption":"Gastkommentar"},"url":"https:\/\/rauchfrei.at\/en\/author\/gastkommentar\/"}]}},"_links":{"self":[{"href":"https:\/\/rauchfrei.at\/en\/wp-json\/wp\/v2\/posts\/5143","targetHints":{"allow":["GET"]}}],"collection":[{"href":"https:\/\/rauchfrei.at\/en\/wp-json\/wp\/v2\/posts"}],"about":[{"href":"https:\/\/rauchfrei.at\/en\/wp-json\/wp\/v2\/types\/post"}],"author":[{"embeddable":true,"href":"https:\/\/rauchfrei.at\/en\/wp-json\/wp\/v2\/users\/17"}],"replies":[{"embeddable":true,"href":"https:\/\/rauchfrei.at\/en\/wp-json\/wp\/v2\/comments?post=5143"}],"version-history":[{"count":5,"href":"https:\/\/rauchfrei.at\/en\/wp-json\/wp\/v2\/posts\/5143\/revisions"}],"predecessor-version":[{"id":16784,"href":"https:\/\/rauchfrei.at\/en\/wp-json\/wp\/v2\/posts\/5143\/revisions\/16784"}],"wp:attachment":[{"href":"https:\/\/rauchfrei.at\/en\/wp-json\/wp\/v2\/media?parent=5143"}],"wp:term":[{"taxonomy":"category","embeddable":true,"href":"https:\/\/rauchfrei.at\/en\/wp-json\/wp\/v2\/categories?post=5143"},{"taxonomy":"post_tag","embeddable":true,"href":"https:\/\/rauchfrei.at\/en\/wp-json\/wp\/v2\/tags?post=5143"}],"curies":[{"name":"wp","href":"https:\/\/api.w.org\/{rel}","templated":true}]}}