
{"id":5184,"date":"2014-03-10T09:50:30","date_gmt":"2014-03-10T07:50:30","guid":{"rendered":"http:\/\/rauchfrei.ipax.hosting\/?p=5184"},"modified":"2019-05-02T17:14:51","modified_gmt":"2019-05-02T15:14:51","slug":"eu-parlament-stimmt-fuer-neue-tabakproduktrichtlinie","status":"publish","type":"post","link":"https:\/\/rauchfrei.at\/en\/eu-parlament-stimmt-fuer-neue-tabakproduktrichtlinie\/","title":{"rendered":"EU Parlament stimmt f\u00fcr neue Tabakproduktrichtlinie"},"content":{"rendered":"<p>[et_pb_section fb_built=&#8221;1&#8243; module_class=&#8221;header&#8221; _builder_version=&#8221;3.0.99&#8243;][et_pb_row _builder_version=&#8221;3.0.99&#8243;][et_pb_column type=&#8221;4_4&#8243; _builder_version=&#8221;3.0.47&#8243;][et_pb_dp_dmb_module_10001 _builder_version=&#8221;3.21.1&#8243;][\/et_pb_dp_dmb_module_10001][\/et_pb_column][\/et_pb_row][\/et_pb_section][et_pb_section fb_built=&#8221;1&#8243; _builder_version=&#8221;3.0.47&#8243;][et_pb_row _builder_version=&#8221;3.0.48&#8243; background_size=&#8221;initial&#8221; background_position=&#8221;top_left&#8221; background_repeat=&#8221;repeat&#8221;][et_pb_column type=&#8221;2_3&#8243; _builder_version=&#8221;3.0.47&#8243;][et_pb_text _builder_version=&#8221;3.0.74&#8243; background_size=&#8221;initial&#8221; background_position=&#8221;top_left&#8221; background_repeat=&#8221;repeat&#8221;]<\/p>\n<p><span style=\"font-size: 15px;\">Die neue EU-Tabakrichtlinie\u00a0wurde am 26. Februar durch die Mitglieder des EU Parlaments\u00a0beschlossen.<\/span><\/p>\n<p><strong>Ziel<\/strong> der beschlossenen EU-Produktrichtlinie ist in erster Linie, <strong>Rauchen f\u00fcr Kinder und Jugendliche unattraktiver<\/strong> zu <strong>machen<\/strong> und sie auf die <strong>Gefahren des Tabakkonsums <\/strong>aufmerksam zu machen.<\/p>\n<p>Zuk\u00fcnftig m\u00fcssen <strong>65 % der Oberfl\u00e4che der Zigarettenpackungen mit Warnhinweisen<\/strong> versehen sein.<\/p>\n<p>Der <strong>Zusatz von Aromastoffen<\/strong> wie beipielsweise Vanille wird <strong>verboten.<\/strong><\/p>\n<p><strong>E-Zigaretten<\/strong> werden zuk\u00fcnftig reguliert: entweder als <strong>Arzneimittel<\/strong> (wenn sie als Entw\u00f6hnhilfe dargestellt werden) oder als <strong>Tabakerzeugnisse<\/strong> (hier darf der Nikotingehalt 20 mg\/ml nicht \u00fcberschreiten).<\/p>\n<p>Die Tabakindustrie soll durch die neuen Richtlinien\u00a0weniger M\u00f6glichkeiten bekommen, Kinder und Jugendliche durch Werbema\u00dfnahmen zu k\u00f6dern.<\/p>\n<p>Der Gesetzestext muss Mitte M\u00e4rz noch durch den Ministerrat verabschiedet werden. Nach Inkraftreten der neuen Regelungen sind die EU Mitgliedstaaten verpflichtet, diese im Laufe von zwei Jahren umzusetzen.<\/p>\n<p>Die <strong>neuen Produktrichtlinien<\/strong> sind allerdings <strong>umstritten<\/strong> &#8211; f\u00fcr viele stellen sie einen <strong>Kompromiss<\/strong> dar, der nicht weit genug geht.<\/p>\n<p><strong>Wie ist Ihre Meinung dazu?<\/strong><\/p>\n<p>[\/et_pb_text][\/et_pb_column][et_pb_column type=&#8221;1_3&#8243; _builder_version=&#8221;3.0.47&#8243;][et_pb_sidebar area=&#8221;sidebar-1&#8243; _builder_version=&#8221;3.15&#8243;][\/et_pb_sidebar][\/et_pb_column][\/et_pb_row][\/et_pb_section]<\/p>\n","protected":false},"excerpt":{"rendered":"<p>Ende Februar stimmten die Mitglieder des EU Parlaments der neuen EU-Tabakrichtlinie zu. Ziel der neuen Bestimmungen ist vor allem der Schutz von Kindern und Jugendlichen vor dem Einstieg in die Nikotinabh\u00e4ngigkeit.<\/p>\n","protected":false},"author":7,"featured_media":0,"comment_status":"open","ping_status":"open","sticky":false,"template":"","format":"standard","meta":{"_et_pb_use_builder":"on","_et_pb_old_content":"<p>\u00a0<\/p><p>\u00a0<\/p><p>Die neue EU-Tabakrichtlinie\u00a0wurde am 26. Februar durch die Mitglieder des EU Parlaments\u00a0beschlossen.<\/p><p>\u00a0<\/p><p><strong>Ziel<\/strong> der beschlossenen EU-Produktrichtlinie ist in erster Linie, <strong>Rauchen f\u00fcr Kinder und Jugendliche unattraktiver<\/strong> zu <strong>machen<\/strong> und sie auf die <strong>Gefahren des Tabakkonsums <\/strong>aufmerksam zu machen.<\/p><p>\u00a0<\/p><p>Zuk\u00fcnftig m\u00fcssen <strong>65 % der Oberfl\u00e4che der Zigarettenpackungen mit Warnhinweisen<\/strong> versehen sein.<\/p><p>\u00a0<\/p><p>Der <strong>Zusatz von Aromastoffen<\/strong> wie beipielsweise Vanille wird <strong>verboten.<\/strong><\/p><p>\u00a0<\/p><p><strong>E-Zigaretten<\/strong> werden zuk\u00fcnftig reguliert: entweder als <strong>Arzneimittel<\/strong> (wenn sie als Entw\u00f6hnhilfe dargestellt werden) oder als <strong>Tabakerzeugnisse<\/strong> (hier darf der Nikotingehalt 20 mg\/ml nicht \u00fcberschreiten).<\/p><p>\u00a0<\/p><p>Die Tabakindustrie soll durch die neuen Richtlinien\u00a0weniger M\u00f6glichkeiten bekommen, Kinder und Jugendliche durch Werbema\u00dfnahmen zu k\u00f6dern.<\/p><p>\u00a0<\/p><p>Der Gesetzestext muss Mitte M\u00e4rz noch durch den Ministerrat verabschiedet werden. Nach Inkraftreten der neuen Regelungen sind die EU Mitgliedstaaten verpflichtet, diese im Laufe von zwei Jahren umzusetzen.<\/p><p>\u00a0<\/p><p>Die <strong>neuen Produktrichtlinien<\/strong> sind allerdings <strong>umstritten<\/strong> - f\u00fcr viele stellen sie einen <strong>Kompromiss<\/strong> dar, der nicht weit genug geht.<\/p><p>\u00a0<\/p><p>\u00a0<\/p><p><strong>Wie ist Ihre Meinung dazu?<\/strong><\/p><p>\u00a0<\/p><p>\u00a0<\/p><p>\u00a0<\/p><p>\u00a0<\/p>","_et_gb_content_width":"","footnotes":""},"categories":[236],"tags":[159,29,158,160,161],"class_list":["post-5184","post","type-post","status-publish","format-standard","hentry","category-nicht-kategorisiert","tag-aromastoffe","tag-e-zigarette","tag-eu-tabakrichtlinie","tag-warnhinweise","tag-zusatzstoffe"],"yoast_head":"<!-- This site is optimized with the Yoast SEO plugin v26.2 - https:\/\/yoast.com\/wordpress\/plugins\/seo\/ -->\n<title>EU Parlament stimmt f\u00fcr neue Tabakproduktrichtlinie - Rauchfrei Telefon<\/title>\n<meta name=\"robots\" content=\"index, follow, max-snippet:-1, max-image-preview:large, max-video-preview:-1\" \/>\n<link rel=\"canonical\" href=\"https:\/\/rauchfrei.at\/eu-parlament-stimmt-fuer-neue-tabakproduktrichtlinie\/\" \/>\n<meta property=\"og:locale\" content=\"en_US\" \/>\n<meta property=\"og:type\" content=\"article\" \/>\n<meta property=\"og:title\" content=\"EU Parlament stimmt f\u00fcr neue Tabakproduktrichtlinie - Rauchfrei Telefon\" \/>\n<meta property=\"og:description\" content=\"Ende Februar stimmten die Mitglieder des EU Parlaments der neuen EU-Tabakrichtlinie zu. Ziel der neuen Bestimmungen ist vor allem der Schutz von Kindern und Jugendlichen vor dem Einstieg in die Nikotinabh\u00e4ngigkeit.\" \/>\n<meta property=\"og:url\" content=\"https:\/\/rauchfrei.at\/eu-parlament-stimmt-fuer-neue-tabakproduktrichtlinie\/\" \/>\n<meta property=\"og:site_name\" content=\"Rauchfrei Telefon\" \/>\n<meta property=\"article:published_time\" content=\"2014-03-10T07:50:30+00:00\" \/>\n<meta property=\"article:modified_time\" content=\"2019-05-02T15:14:51+00:00\" \/>\n<meta name=\"author\" content=\"Nina Heumayer\" \/>\n<meta name=\"twitter:card\" content=\"summary_large_image\" \/>\n<meta name=\"twitter:label1\" content=\"Written by\" \/>\n\t<meta name=\"twitter:data1\" content=\"Nina Heumayer\" \/>\n\t<meta name=\"twitter:label2\" content=\"Est. reading time\" \/>\n\t<meta name=\"twitter:data2\" content=\"1 minute\" \/>\n<script type=\"application\/ld+json\" class=\"yoast-schema-graph\">{\"@context\":\"https:\/\/schema.org\",\"@graph\":[{\"@type\":\"WebPage\",\"@id\":\"https:\/\/rauchfrei.at\/eu-parlament-stimmt-fuer-neue-tabakproduktrichtlinie\/\",\"url\":\"https:\/\/rauchfrei.at\/eu-parlament-stimmt-fuer-neue-tabakproduktrichtlinie\/\",\"name\":\"EU Parlament stimmt f\u00fcr neue Tabakproduktrichtlinie - Rauchfrei Telefon\",\"isPartOf\":{\"@id\":\"https:\/\/rauchfrei.at\/#website\"},\"datePublished\":\"2014-03-10T07:50:30+00:00\",\"dateModified\":\"2019-05-02T15:14:51+00:00\",\"author\":{\"@id\":\"https:\/\/rauchfrei.at\/#\/schema\/person\/6ba3adad8eb872b334787c24357473aa\"},\"inLanguage\":\"en-US\",\"potentialAction\":[{\"@type\":\"ReadAction\",\"target\":[\"https:\/\/rauchfrei.at\/eu-parlament-stimmt-fuer-neue-tabakproduktrichtlinie\/\"]}]},{\"@type\":\"WebSite\",\"@id\":\"https:\/\/rauchfrei.at\/#website\",\"url\":\"https:\/\/rauchfrei.at\/\",\"name\":\"Rauchfrei Telefon\",\"description\":\"Eine \u00f6sterreichweite Initiative der Sozialversicherungen.\",\"potentialAction\":[{\"@type\":\"SearchAction\",\"target\":{\"@type\":\"EntryPoint\",\"urlTemplate\":\"https:\/\/rauchfrei.at\/?s={search_term_string}\"},\"query-input\":{\"@type\":\"PropertyValueSpecification\",\"valueRequired\":true,\"valueName\":\"search_term_string\"}}],\"inLanguage\":\"en-US\"},{\"@type\":\"Person\",\"@id\":\"https:\/\/rauchfrei.at\/#\/schema\/person\/6ba3adad8eb872b334787c24357473aa\",\"name\":\"Nina Heumayer\",\"image\":{\"@type\":\"ImageObject\",\"inLanguage\":\"en-US\",\"@id\":\"https:\/\/rauchfrei.at\/#\/schema\/person\/image\/\",\"url\":\"https:\/\/secure.gravatar.com\/avatar\/0980a970ceeb24db5798b86faac2035236ffa2f49daf0e59474baef797676711?s=96&d=mm&r=g\",\"contentUrl\":\"https:\/\/secure.gravatar.com\/avatar\/0980a970ceeb24db5798b86faac2035236ffa2f49daf0e59474baef797676711?s=96&d=mm&r=g\",\"caption\":\"Nina Heumayer\"},\"url\":\"https:\/\/rauchfrei.at\/en\/author\/heumayer\/\"}]}<\/script>\n<!-- \/ Yoast SEO plugin. -->","yoast_head_json":{"title":"EU Parlament stimmt f\u00fcr neue Tabakproduktrichtlinie - Rauchfrei Telefon","robots":{"index":"index","follow":"follow","max-snippet":"max-snippet:-1","max-image-preview":"max-image-preview:large","max-video-preview":"max-video-preview:-1"},"canonical":"https:\/\/rauchfrei.at\/eu-parlament-stimmt-fuer-neue-tabakproduktrichtlinie\/","og_locale":"en_US","og_type":"article","og_title":"EU Parlament stimmt f\u00fcr neue Tabakproduktrichtlinie - Rauchfrei Telefon","og_description":"Ende Februar stimmten die Mitglieder des EU Parlaments der neuen EU-Tabakrichtlinie zu. Ziel der neuen Bestimmungen ist vor allem der Schutz von Kindern und Jugendlichen vor dem Einstieg in die Nikotinabh\u00e4ngigkeit.","og_url":"https:\/\/rauchfrei.at\/eu-parlament-stimmt-fuer-neue-tabakproduktrichtlinie\/","og_site_name":"Rauchfrei Telefon","article_published_time":"2014-03-10T07:50:30+00:00","article_modified_time":"2019-05-02T15:14:51+00:00","author":"Nina Heumayer","twitter_card":"summary_large_image","twitter_misc":{"Written by":"Nina Heumayer","Est. reading time":"1 minute"},"schema":{"@context":"https:\/\/schema.org","@graph":[{"@type":"WebPage","@id":"https:\/\/rauchfrei.at\/eu-parlament-stimmt-fuer-neue-tabakproduktrichtlinie\/","url":"https:\/\/rauchfrei.at\/eu-parlament-stimmt-fuer-neue-tabakproduktrichtlinie\/","name":"EU Parlament stimmt f\u00fcr neue Tabakproduktrichtlinie - Rauchfrei Telefon","isPartOf":{"@id":"https:\/\/rauchfrei.at\/#website"},"datePublished":"2014-03-10T07:50:30+00:00","dateModified":"2019-05-02T15:14:51+00:00","author":{"@id":"https:\/\/rauchfrei.at\/#\/schema\/person\/6ba3adad8eb872b334787c24357473aa"},"inLanguage":"en-US","potentialAction":[{"@type":"ReadAction","target":["https:\/\/rauchfrei.at\/eu-parlament-stimmt-fuer-neue-tabakproduktrichtlinie\/"]}]},{"@type":"WebSite","@id":"https:\/\/rauchfrei.at\/#website","url":"https:\/\/rauchfrei.at\/","name":"Rauchfrei Telefon","description":"Eine \u00f6sterreichweite Initiative der Sozialversicherungen.","potentialAction":[{"@type":"SearchAction","target":{"@type":"EntryPoint","urlTemplate":"https:\/\/rauchfrei.at\/?s={search_term_string}"},"query-input":{"@type":"PropertyValueSpecification","valueRequired":true,"valueName":"search_term_string"}}],"inLanguage":"en-US"},{"@type":"Person","@id":"https:\/\/rauchfrei.at\/#\/schema\/person\/6ba3adad8eb872b334787c24357473aa","name":"Nina Heumayer","image":{"@type":"ImageObject","inLanguage":"en-US","@id":"https:\/\/rauchfrei.at\/#\/schema\/person\/image\/","url":"https:\/\/secure.gravatar.com\/avatar\/0980a970ceeb24db5798b86faac2035236ffa2f49daf0e59474baef797676711?s=96&d=mm&r=g","contentUrl":"https:\/\/secure.gravatar.com\/avatar\/0980a970ceeb24db5798b86faac2035236ffa2f49daf0e59474baef797676711?s=96&d=mm&r=g","caption":"Nina Heumayer"},"url":"https:\/\/rauchfrei.at\/en\/author\/heumayer\/"}]}},"_links":{"self":[{"href":"https:\/\/rauchfrei.at\/en\/wp-json\/wp\/v2\/posts\/5184","targetHints":{"allow":["GET"]}}],"collection":[{"href":"https:\/\/rauchfrei.at\/en\/wp-json\/wp\/v2\/posts"}],"about":[{"href":"https:\/\/rauchfrei.at\/en\/wp-json\/wp\/v2\/types\/post"}],"author":[{"embeddable":true,"href":"https:\/\/rauchfrei.at\/en\/wp-json\/wp\/v2\/users\/7"}],"replies":[{"embeddable":true,"href":"https:\/\/rauchfrei.at\/en\/wp-json\/wp\/v2\/comments?post=5184"}],"version-history":[{"count":5,"href":"https:\/\/rauchfrei.at\/en\/wp-json\/wp\/v2\/posts\/5184\/revisions"}],"predecessor-version":[{"id":16778,"href":"https:\/\/rauchfrei.at\/en\/wp-json\/wp\/v2\/posts\/5184\/revisions\/16778"}],"wp:attachment":[{"href":"https:\/\/rauchfrei.at\/en\/wp-json\/wp\/v2\/media?parent=5184"}],"wp:term":[{"taxonomy":"category","embeddable":true,"href":"https:\/\/rauchfrei.at\/en\/wp-json\/wp\/v2\/categories?post=5184"},{"taxonomy":"post_tag","embeddable":true,"href":"https:\/\/rauchfrei.at\/en\/wp-json\/wp\/v2\/tags?post=5184"}],"curies":[{"name":"wp","href":"https:\/\/api.w.org\/{rel}","templated":true}]}}