
{"id":5391,"date":"2014-03-31T10:10:21","date_gmt":"2014-03-31T08:10:21","guid":{"rendered":"http:\/\/rauchfrei.ipax.hosting\/?p=5391"},"modified":"2019-05-02T17:10:09","modified_gmt":"2019-05-02T15:10:09","slug":"oe-platz-34-auf-der-tobacco-control-scale-2013","status":"publish","type":"post","link":"https:\/\/rauchfrei.at\/en\/oe-platz-34-auf-der-tobacco-control-scale-2013\/","title":{"rendered":"\u00d6: Platz 34 auf der Tobacco Control Scale 2013"},"content":{"rendered":"<p>[et_pb_section fb_built=&#8221;1&#8243; module_class=&#8221;header&#8221; _builder_version=&#8221;3.0.99&#8243;][et_pb_row _builder_version=&#8221;3.0.99&#8243;][et_pb_column type=&#8221;4_4&#8243; _builder_version=&#8221;3.0.47&#8243;][et_pb_dp_dmb_module_10001 _builder_version=&#8221;3.21.1&#8243;][\/et_pb_dp_dmb_module_10001][\/et_pb_column][\/et_pb_row][\/et_pb_section][et_pb_section fb_built=&#8221;1&#8243; _builder_version=&#8221;3.0.47&#8243;][et_pb_row _builder_version=&#8221;3.0.48&#8243; background_size=&#8221;initial&#8221; background_position=&#8221;top_left&#8221; background_repeat=&#8221;repeat&#8221;][et_pb_column type=&#8221;2_3&#8243; _builder_version=&#8221;3.0.47&#8243;][et_pb_text _builder_version=&#8221;3.0.74&#8243; background_size=&#8221;initial&#8221; background_position=&#8221;top_left&#8221; background_repeat=&#8221;repeat&#8221;]<\/p>\n<p><span style=\"font-size: 15px;\">Effektive Ma\u00dfnahmen, die eine Reduktion der Raucherzahlen bewirken, sind der\u00a0<\/span><strong style=\"font-size: 15px;\">Zigarettenpreis<\/strong><span style=\"font-size: 15px;\">, das\u00a0<\/span><strong style=\"font-size: 15px;\">Rauchverbot<\/strong><span style=\"font-size: 15px;\">\u00a0am Arbeitsplatz und in \u00f6ffentlichen Pl\u00e4tzen,\u00a0<\/span><strong style=\"font-size: 15px;\">Informationskampagnen und Budget<\/strong><span style=\"font-size: 15px;\">\u00a0f\u00fcr Tabakkontrolle, das Verbot von\u00a0<\/span><strong style=\"font-size: 15px;\">Zigarettenwerbung<\/strong><span style=\"font-size: 15px;\">,\u00a0<\/span><strong style=\"font-size: 15px;\">Warnhinweise<\/strong><span style=\"font-size: 15px;\">\u00a0auf den Zigarettenpackungen und\u00a0<\/span><strong style=\"font-size: 15px;\">Entw\u00f6hnangebote<\/strong><span style=\"font-size: 15px;\">\u00a0f\u00fcr Raucherinnen und Raucher.<\/span><\/p>\n<p>Bei der Befragung 2013, die im M\u00e4rz 2014 ver\u00f6ffentlich wurde, nahmen 34 L\u00e4nder teil. An erster Stelle liegt Gro\u00dfbritannien, gefolgt von Irland. An vorletzter Stelle liegt Deutschland, gefolgt von \u00d6sterreich auf letzter Stelle mit 31 von 100 m\u00f6glichen Punkten.<\/p>\n<p><strong>Literatur:<\/strong><\/p>\n<p>The Tobacco Control Scale 2013: A Report of the Association of European Cancer Leagues,\u00a0\u00a0Joosens, L. und Raw, M.\u00a0\u00a02014, Brussels.<\/p>\n<p>Beitrag von Sophie Meingassner<\/p>\n<p>[\/et_pb_text][\/et_pb_column][et_pb_column type=&#8221;1_3&#8243; _builder_version=&#8221;3.0.47&#8243;][et_pb_sidebar area=&#8221;sidebar-1&#8243; _builder_version=&#8221;3.15&#8243;][\/et_pb_sidebar][\/et_pb_column][\/et_pb_row][\/et_pb_section]<\/p>\n","protected":false},"excerpt":{"rendered":"<p>Die Tobacco Control Scale untersucht die Implementierung von Tabakkontrollma\u00dfnahmen in europ\u00e4ischen L\u00e4ndern. \u00d6sterreich belegt dabei den letzten Platz.<\/p>\n","protected":false},"author":16,"featured_media":0,"comment_status":"open","ping_status":"open","sticky":false,"template":"","format":"standard","meta":{"_et_pb_use_builder":"on","_et_pb_old_content":"<p>\u00a0<\/p><p>Effektive Ma\u00dfnahmen, die eine Reduktion der Raucherzahlen bewirken, sind der\u00a0<strong>Zigarettenpreis<\/strong>, das\u00a0<strong>Rauchverbot<\/strong>\u00a0am Arbeitsplatz und in \u00f6ffentlichen Pl\u00e4tzen,\u00a0<strong>Informationskampagnen und Budget<\/strong>\u00a0f\u00fcr Tabakkontrolle, das Verbot von\u00a0<strong>Zigarettenwerbung<\/strong>,\u00a0<strong>Warnhinweise<\/strong>\u00a0auf den Zigarettenpackungen und\u00a0<strong>Entw\u00f6hnangebote<\/strong>\u00a0f\u00fcr Raucherinnen und Raucher.<\/p><p>\u00a0<\/p><p>Bei der Befragung 2013, die im M\u00e4rz 2014 ver\u00f6ffentlich wurde, nahmen 34 L\u00e4nder teil. An erster Stelle liegt Gro\u00dfbritannien, gefolgt von Irland. An vorletzter Stelle liegt Deutschland, gefolgt von \u00d6sterreich auf letzter Stelle mit 31 von 100 m\u00f6glichen Punkten.<\/p><p>\u00a0<\/p><p>Literatur:<\/p><p>The Tobacco Control Scale 2013: A Report of the Association of European Cancer Leagues,\u00a0\u00a0Joosens, L. und Raw, M.\u00a0\u00a02014, Brussels.<\/p><p>\u00a0<\/p><p>Beitrag von Sophie Meingassner<\/p><p>\u00a0<\/p><p>\u00a0<\/p>","_et_gb_content_width":"","footnotes":""},"categories":[237],"tags":[171,170,168,169],"class_list":["post-5391","post","type-post","status-publish","format-standard","hentry","category-literatur-und-hintergrundwissen","tag-effektive-massnahmen","tag-oesterreich","tag-tabakkontrollpolitik","tag-tobacco-control-scale"],"yoast_head":"<!-- This site is optimized with the Yoast SEO plugin v26.2 - https:\/\/yoast.com\/wordpress\/plugins\/seo\/ -->\n<title>\u00d6: Platz 34 auf der Tobacco Control Scale 2013 - Rauchfrei Telefon<\/title>\n<meta name=\"robots\" content=\"index, follow, max-snippet:-1, max-image-preview:large, max-video-preview:-1\" \/>\n<link rel=\"canonical\" href=\"https:\/\/rauchfrei.at\/oe-platz-34-auf-der-tobacco-control-scale-2013\/\" \/>\n<meta property=\"og:locale\" content=\"en_US\" \/>\n<meta property=\"og:type\" content=\"article\" \/>\n<meta property=\"og:title\" content=\"\u00d6: Platz 34 auf der Tobacco Control Scale 2013 - Rauchfrei Telefon\" \/>\n<meta property=\"og:description\" content=\"Die Tobacco Control Scale untersucht die Implementierung von Tabakkontrollma\u00dfnahmen in europ\u00e4ischen L\u00e4ndern. \u00d6sterreich belegt dabei den letzten Platz.\" \/>\n<meta property=\"og:url\" content=\"https:\/\/rauchfrei.at\/oe-platz-34-auf-der-tobacco-control-scale-2013\/\" \/>\n<meta property=\"og:site_name\" content=\"Rauchfrei Telefon\" \/>\n<meta property=\"article:published_time\" content=\"2014-03-31T08:10:21+00:00\" \/>\n<meta property=\"article:modified_time\" content=\"2019-05-02T15:10:09+00:00\" \/>\n<meta name=\"author\" content=\"Melanie Stulik\" \/>\n<meta name=\"twitter:card\" content=\"summary_large_image\" \/>\n<meta name=\"twitter:label1\" content=\"Written by\" \/>\n\t<meta name=\"twitter:data1\" content=\"Melanie Stulik\" \/>\n\t<meta name=\"twitter:label2\" content=\"Est. reading time\" \/>\n\t<meta name=\"twitter:data2\" content=\"1 minute\" \/>\n<script type=\"application\/ld+json\" class=\"yoast-schema-graph\">{\"@context\":\"https:\/\/schema.org\",\"@graph\":[{\"@type\":\"WebPage\",\"@id\":\"https:\/\/rauchfrei.at\/oe-platz-34-auf-der-tobacco-control-scale-2013\/\",\"url\":\"https:\/\/rauchfrei.at\/oe-platz-34-auf-der-tobacco-control-scale-2013\/\",\"name\":\"\u00d6: Platz 34 auf der Tobacco Control Scale 2013 - Rauchfrei Telefon\",\"isPartOf\":{\"@id\":\"https:\/\/rauchfrei.at\/#website\"},\"datePublished\":\"2014-03-31T08:10:21+00:00\",\"dateModified\":\"2019-05-02T15:10:09+00:00\",\"author\":{\"@id\":\"https:\/\/rauchfrei.at\/#\/schema\/person\/91493cc00c3601c46943b77e7ebc0075\"},\"inLanguage\":\"en-US\",\"potentialAction\":[{\"@type\":\"ReadAction\",\"target\":[\"https:\/\/rauchfrei.at\/oe-platz-34-auf-der-tobacco-control-scale-2013\/\"]}]},{\"@type\":\"WebSite\",\"@id\":\"https:\/\/rauchfrei.at\/#website\",\"url\":\"https:\/\/rauchfrei.at\/\",\"name\":\"Rauchfrei Telefon\",\"description\":\"Eine \u00f6sterreichweite Initiative der Sozialversicherungen.\",\"potentialAction\":[{\"@type\":\"SearchAction\",\"target\":{\"@type\":\"EntryPoint\",\"urlTemplate\":\"https:\/\/rauchfrei.at\/?s={search_term_string}\"},\"query-input\":{\"@type\":\"PropertyValueSpecification\",\"valueRequired\":true,\"valueName\":\"search_term_string\"}}],\"inLanguage\":\"en-US\"},{\"@type\":\"Person\",\"@id\":\"https:\/\/rauchfrei.at\/#\/schema\/person\/91493cc00c3601c46943b77e7ebc0075\",\"name\":\"Melanie Stulik\",\"image\":{\"@type\":\"ImageObject\",\"inLanguage\":\"en-US\",\"@id\":\"https:\/\/rauchfrei.at\/#\/schema\/person\/image\/\",\"url\":\"https:\/\/secure.gravatar.com\/avatar\/5ac3b6bb2b037bda3c21df97a4ee7e763aa9f84d8ffc3f86db3731b4c62ffb71?s=96&d=mm&r=g\",\"contentUrl\":\"https:\/\/secure.gravatar.com\/avatar\/5ac3b6bb2b037bda3c21df97a4ee7e763aa9f84d8ffc3f86db3731b4c62ffb71?s=96&d=mm&r=g\",\"caption\":\"Melanie Stulik\"},\"url\":\"https:\/\/rauchfrei.at\/en\/author\/melanie-stulik\/\"}]}<\/script>\n<!-- \/ Yoast SEO plugin. -->","yoast_head_json":{"title":"\u00d6: Platz 34 auf der Tobacco Control Scale 2013 - Rauchfrei Telefon","robots":{"index":"index","follow":"follow","max-snippet":"max-snippet:-1","max-image-preview":"max-image-preview:large","max-video-preview":"max-video-preview:-1"},"canonical":"https:\/\/rauchfrei.at\/oe-platz-34-auf-der-tobacco-control-scale-2013\/","og_locale":"en_US","og_type":"article","og_title":"\u00d6: Platz 34 auf der Tobacco Control Scale 2013 - Rauchfrei Telefon","og_description":"Die Tobacco Control Scale untersucht die Implementierung von Tabakkontrollma\u00dfnahmen in europ\u00e4ischen L\u00e4ndern. \u00d6sterreich belegt dabei den letzten Platz.","og_url":"https:\/\/rauchfrei.at\/oe-platz-34-auf-der-tobacco-control-scale-2013\/","og_site_name":"Rauchfrei Telefon","article_published_time":"2014-03-31T08:10:21+00:00","article_modified_time":"2019-05-02T15:10:09+00:00","author":"Melanie Stulik","twitter_card":"summary_large_image","twitter_misc":{"Written by":"Melanie Stulik","Est. reading time":"1 minute"},"schema":{"@context":"https:\/\/schema.org","@graph":[{"@type":"WebPage","@id":"https:\/\/rauchfrei.at\/oe-platz-34-auf-der-tobacco-control-scale-2013\/","url":"https:\/\/rauchfrei.at\/oe-platz-34-auf-der-tobacco-control-scale-2013\/","name":"\u00d6: Platz 34 auf der Tobacco Control Scale 2013 - Rauchfrei Telefon","isPartOf":{"@id":"https:\/\/rauchfrei.at\/#website"},"datePublished":"2014-03-31T08:10:21+00:00","dateModified":"2019-05-02T15:10:09+00:00","author":{"@id":"https:\/\/rauchfrei.at\/#\/schema\/person\/91493cc00c3601c46943b77e7ebc0075"},"inLanguage":"en-US","potentialAction":[{"@type":"ReadAction","target":["https:\/\/rauchfrei.at\/oe-platz-34-auf-der-tobacco-control-scale-2013\/"]}]},{"@type":"WebSite","@id":"https:\/\/rauchfrei.at\/#website","url":"https:\/\/rauchfrei.at\/","name":"Rauchfrei Telefon","description":"Eine \u00f6sterreichweite Initiative der Sozialversicherungen.","potentialAction":[{"@type":"SearchAction","target":{"@type":"EntryPoint","urlTemplate":"https:\/\/rauchfrei.at\/?s={search_term_string}"},"query-input":{"@type":"PropertyValueSpecification","valueRequired":true,"valueName":"search_term_string"}}],"inLanguage":"en-US"},{"@type":"Person","@id":"https:\/\/rauchfrei.at\/#\/schema\/person\/91493cc00c3601c46943b77e7ebc0075","name":"Melanie Stulik","image":{"@type":"ImageObject","inLanguage":"en-US","@id":"https:\/\/rauchfrei.at\/#\/schema\/person\/image\/","url":"https:\/\/secure.gravatar.com\/avatar\/5ac3b6bb2b037bda3c21df97a4ee7e763aa9f84d8ffc3f86db3731b4c62ffb71?s=96&d=mm&r=g","contentUrl":"https:\/\/secure.gravatar.com\/avatar\/5ac3b6bb2b037bda3c21df97a4ee7e763aa9f84d8ffc3f86db3731b4c62ffb71?s=96&d=mm&r=g","caption":"Melanie Stulik"},"url":"https:\/\/rauchfrei.at\/en\/author\/melanie-stulik\/"}]}},"_links":{"self":[{"href":"https:\/\/rauchfrei.at\/en\/wp-json\/wp\/v2\/posts\/5391","targetHints":{"allow":["GET"]}}],"collection":[{"href":"https:\/\/rauchfrei.at\/en\/wp-json\/wp\/v2\/posts"}],"about":[{"href":"https:\/\/rauchfrei.at\/en\/wp-json\/wp\/v2\/types\/post"}],"author":[{"embeddable":true,"href":"https:\/\/rauchfrei.at\/en\/wp-json\/wp\/v2\/users\/16"}],"replies":[{"embeddable":true,"href":"https:\/\/rauchfrei.at\/en\/wp-json\/wp\/v2\/comments?post=5391"}],"version-history":[{"count":5,"href":"https:\/\/rauchfrei.at\/en\/wp-json\/wp\/v2\/posts\/5391\/revisions"}],"predecessor-version":[{"id":16771,"href":"https:\/\/rauchfrei.at\/en\/wp-json\/wp\/v2\/posts\/5391\/revisions\/16771"}],"wp:attachment":[{"href":"https:\/\/rauchfrei.at\/en\/wp-json\/wp\/v2\/media?parent=5391"}],"wp:term":[{"taxonomy":"category","embeddable":true,"href":"https:\/\/rauchfrei.at\/en\/wp-json\/wp\/v2\/categories?post=5391"},{"taxonomy":"post_tag","embeddable":true,"href":"https:\/\/rauchfrei.at\/en\/wp-json\/wp\/v2\/tags?post=5391"}],"curies":[{"name":"wp","href":"https:\/\/api.w.org\/{rel}","templated":true}]}}