
{"id":5602,"date":"2014-05-06T00:30:50","date_gmt":"2014-05-05T22:30:50","guid":{"rendered":"http:\/\/rauchfrei.ipax.hosting\/?p=5602"},"modified":"2019-05-02T16:57:48","modified_gmt":"2019-05-02T14:57:48","slug":"asthma-bronchiale-als-folge-des-rauchens","status":"publish","type":"post","link":"https:\/\/rauchfrei.at\/en\/asthma-bronchiale-als-folge-des-rauchens\/","title":{"rendered":"Asthma bronchiale als Folge des Rauchens"},"content":{"rendered":"<p>[et_pb_section fb_built=&#8221;1&#8243; module_class=&#8221;header&#8221; _builder_version=&#8221;3.0.99&#8243;][et_pb_row _builder_version=&#8221;3.0.99&#8243;][et_pb_column type=&#8221;4_4&#8243; _builder_version=&#8221;3.0.47&#8243;][et_pb_dp_dmb_module_10001 _builder_version=&#8221;3.21.1&#8243;][\/et_pb_dp_dmb_module_10001][\/et_pb_column][\/et_pb_row][\/et_pb_section][et_pb_section fb_built=&#8221;1&#8243; _builder_version=&#8221;3.0.47&#8243;][et_pb_row _builder_version=&#8221;3.0.48&#8243; background_size=&#8221;initial&#8221; background_position=&#8221;top_left&#8221; background_repeat=&#8221;repeat&#8221;][et_pb_column type=&#8221;2_3&#8243; _builder_version=&#8221;3.0.47&#8243;][et_pb_text _builder_version=&#8221;3.0.74&#8243; background_size=&#8221;initial&#8221; background_position=&#8221;top_left&#8221; background_repeat=&#8221;repeat&#8221;]<\/p>\n<p><span style=\"font-size: 15px;\">Dass Rauchen ungesund ist und\u00a0die Folgen der pro Zigarette eingeatmeten 4.800\u00a0Schad- und Giftstoffe jedes Organ des K\u00f6rpers betreffen, ist vielen Menschen bekannt. Dass Rauchen auch die Entwicklung von Asthma bronchiale und Allergien f\u00f6rdert, ist weitaus weniger gel\u00e4ufig.<\/span><\/p>\n<p><strong>Sowohl aktiv inhalierter Zigarettenrauch, als auch das Einatmen von Passivrauch erh\u00f6hen das Risiko f\u00fcr das Entstehen einer allergischen Erkrankung und\u00a0f\u00fcr Asthma bronchiale<\/strong>. Vor allem Kinder und Jugendliche, die &#8220;mitrauchen&#8221; m\u00fcssen, sind sehr belastet, da junge Menschen sensibler auf den Schadstoffe des Rauchs reagieren.<\/p>\n<p>An dieser Stelle ein Appell an alle Erwachsenen:<strong> sch\u00fctzen Sie\u00a0Kinder und Jugendliche vor Passivrauch und rauchen Sie nicht in\u00a0deren Gegenwart!<\/strong><\/p>\n<p>Wie bereits einige Male an dieser Stelle berichtet, ist \u00d6sterreich trauriger Spitzenreiter, was die Anzahl jugendlicher Raucher\/innen betrifft: 25 % der jugendlichen \u00d6sterreicherinnen und \u00d6sterreichern greifen mindestens\u00a0einmal pro Woche zur Zigarette\u00a0(laut der aktuellen OECD Studie 2013).<\/p>\n<p>\u00dcber einen<strong> neuen bedenklichen Trend<\/strong> unter Jugendlichen informieren wir auf unserer Homepage: die sogenannten <a href=\"https:\/\/rauchfrei.at\/fakten\/andere-tabakprodukte\/e-shisha\/\">E-Shihas<\/a>. Immer mehr Jugendliche greifen\u00a0 zu sogenannten &#8220;E-Shihas&#8221;, deren Auswirkungen auf die Gesundheit bis dato ungekl\u00e4rt sind. Durch den Gebrauch der dampfenden &#8220;E-Shihas&#8221; wird au\u00dferdem das Rauchverhalten erlernt bzw. einge\u00fcbt.<\/p>\n<p>Weitere Informationen in einem <a href=\"http:\/\/derstandard.at\/1397522279702\/Pneumologen-Rauchen-verursacht-Asthma-bei-Jugendlichen?ref=nl\" target=\"_blank\" rel=\"noopener noreferrer\">Artikel des Standard <\/a>vom 05.05.2014<\/p>\n<p>[\/et_pb_text][\/et_pb_column][et_pb_column type=&#8221;1_3&#8243; _builder_version=&#8221;3.0.47&#8243;][et_pb_sidebar area=&#8221;sidebar-1&#8243; _builder_version=&#8221;3.15&#8243;][\/et_pb_sidebar][\/et_pb_column][\/et_pb_row][\/et_pb_section]<\/p>\n","protected":false},"excerpt":{"rendered":"<p>Anl\u00e4sslich des heutigen Welt-Asthma-Tages warnen \u00d6sterreichs Lungenspezialistinnen und &#8211; spezialisten vor den Folgen des Rauchens, insbesondere f\u00fcr Kinder und Jugendliche: auch Asthma bronchiale z\u00e4hlt zu den Folgeerscheinungen des Rauchens.<\/p>\n","protected":false},"author":7,"featured_media":0,"comment_status":"open","ping_status":"open","sticky":false,"template":"","format":"standard","meta":{"_et_pb_use_builder":"on","_et_pb_old_content":"<p>\u00a0<\/p><p>Dass Rauchen ungesund ist und\u00a0die Folgen der pro Zigarette eingeatmeten 4.800\u00a0Schad- und Giftstoffe jedes Organ des K\u00f6rpers betreffen, ist vielen Menschen bekannt. Dass Rauchen auch die Entwicklung von Asthma bronchiale und Allergien f\u00f6rdert, ist weitaus weniger gel\u00e4ufig.<\/p><p>\u00a0<\/p><p><strong>Sowohl aktiv inhalierter Zigarettenrauch, als auch das Einatmen von Passivrauch erh\u00f6hen das Risiko f\u00fcr das Entstehen einer allergischen Erkrankung und\u00a0f\u00fcr Asthma bronchiale<\/strong>. Vor allem Kinder und Jugendliche, die \"mitrauchen\" m\u00fcssen, sind sehr belastet, da junge Menschen sensibler auf den Schadstoffe des Rauchs reagieren.<\/p><p>\u00a0<\/p><p>An dieser Stelle ein Appell an alle Erwachsenen:<strong> sch\u00fctzen Sie\u00a0Kinder und Jugendliche vor Passivrauch und rauchen Sie nicht in\u00a0deren Gegenwart!<\/strong><\/p><p>\u00a0<\/p><p>Wie bereits einige Male an dieser Stelle berichtet, ist \u00d6sterreich trauriger Spitzenreiter, was die Anzahl jugendlicher Raucher\/innen betrifft: 25 % der jugendlichen \u00d6sterreicherinnen und \u00d6sterreichern greifen mindestens\u00a0einmal pro Woche zur Zigarette\u00a0(laut der aktuellen OECD Studie 2013).<\/p><p>\u00a0<\/p><p>\u00dcber einen<strong> neuen bedenklichen Trend<\/strong> unter Jugendlichen informieren wir auf unserer Homepage: die sogenannten <a href=\"https:\/\/rauchfrei.at\/fakten\/andere-tabakprodukte\/e-shisha\/\">E-Shihas<\/a>. Immer mehr Jugendliche greifen\u00a0 zu sogenannten \"E-Shihas\", deren Auswirkungen auf die Gesundheit bis dato ungekl\u00e4rt sind. Durch den Gebrauch der dampfenden \"E-Shihas\" wird au\u00dferdem das Rauchverhalten erlernt bzw. einge\u00fcbt.<\/p><p>\u00a0<\/p><p>Weitere Informationen in einem <a href=\"http:\/\/derstandard.at\/1397522279702\/Pneumologen-Rauchen-verursacht-Asthma-bei-Jugendlichen?ref=nl\" target=\"_blank\" rel=\"noopener\">Artikel des Standard <\/a>vom 05.05.2014<\/p><p>\u00a0<\/p><p>\u00a0<\/p><p>\u00a0<\/p><p>\u00a0<\/p><p>\u00a0<\/p>","_et_gb_content_width":"","footnotes":""},"categories":[235,237],"tags":[174,173,153],"class_list":["post-5602","post","type-post","status-publish","format-standard","hentry","category-gesundheit-und-rauchstopp","category-literatur-und-hintergrundwissen","tag-allergien","tag-asthma-bronchiale","tag-e-shisha"],"yoast_head":"<!-- This site is optimized with the Yoast SEO plugin v26.2 - https:\/\/yoast.com\/wordpress\/plugins\/seo\/ -->\n<title>Asthma bronchiale als Folge des Rauchens - Rauchfrei Telefon<\/title>\n<meta name=\"robots\" content=\"index, follow, max-snippet:-1, max-image-preview:large, max-video-preview:-1\" \/>\n<link rel=\"canonical\" href=\"https:\/\/rauchfrei.at\/asthma-bronchiale-als-folge-des-rauchens\/\" \/>\n<meta property=\"og:locale\" content=\"en_US\" \/>\n<meta property=\"og:type\" content=\"article\" \/>\n<meta property=\"og:title\" content=\"Asthma bronchiale als Folge des Rauchens - Rauchfrei Telefon\" \/>\n<meta property=\"og:description\" content=\"Anl\u00e4sslich des heutigen Welt-Asthma-Tages warnen \u00d6sterreichs Lungenspezialistinnen und - spezialisten vor den Folgen des Rauchens, insbesondere f\u00fcr Kinder und Jugendliche: auch Asthma bronchiale z\u00e4hlt zu den Folgeerscheinungen des Rauchens.\" \/>\n<meta property=\"og:url\" content=\"https:\/\/rauchfrei.at\/asthma-bronchiale-als-folge-des-rauchens\/\" \/>\n<meta property=\"og:site_name\" content=\"Rauchfrei Telefon\" \/>\n<meta property=\"article:published_time\" content=\"2014-05-05T22:30:50+00:00\" \/>\n<meta property=\"article:modified_time\" content=\"2019-05-02T14:57:48+00:00\" \/>\n<meta name=\"author\" content=\"Nina Heumayer\" \/>\n<meta name=\"twitter:card\" content=\"summary_large_image\" \/>\n<meta name=\"twitter:label1\" content=\"Written by\" \/>\n\t<meta name=\"twitter:data1\" content=\"Nina Heumayer\" \/>\n\t<meta name=\"twitter:label2\" content=\"Est. reading time\" \/>\n\t<meta name=\"twitter:data2\" content=\"2 minutes\" \/>\n<script type=\"application\/ld+json\" class=\"yoast-schema-graph\">{\"@context\":\"https:\/\/schema.org\",\"@graph\":[{\"@type\":\"WebPage\",\"@id\":\"https:\/\/rauchfrei.at\/asthma-bronchiale-als-folge-des-rauchens\/\",\"url\":\"https:\/\/rauchfrei.at\/asthma-bronchiale-als-folge-des-rauchens\/\",\"name\":\"Asthma bronchiale als Folge des Rauchens - Rauchfrei Telefon\",\"isPartOf\":{\"@id\":\"https:\/\/rauchfrei.at\/#website\"},\"datePublished\":\"2014-05-05T22:30:50+00:00\",\"dateModified\":\"2019-05-02T14:57:48+00:00\",\"author\":{\"@id\":\"https:\/\/rauchfrei.at\/#\/schema\/person\/6ba3adad8eb872b334787c24357473aa\"},\"inLanguage\":\"en-US\",\"potentialAction\":[{\"@type\":\"ReadAction\",\"target\":[\"https:\/\/rauchfrei.at\/asthma-bronchiale-als-folge-des-rauchens\/\"]}]},{\"@type\":\"WebSite\",\"@id\":\"https:\/\/rauchfrei.at\/#website\",\"url\":\"https:\/\/rauchfrei.at\/\",\"name\":\"Rauchfrei Telefon\",\"description\":\"Eine \u00f6sterreichweite Initiative der Sozialversicherungen.\",\"potentialAction\":[{\"@type\":\"SearchAction\",\"target\":{\"@type\":\"EntryPoint\",\"urlTemplate\":\"https:\/\/rauchfrei.at\/?s={search_term_string}\"},\"query-input\":{\"@type\":\"PropertyValueSpecification\",\"valueRequired\":true,\"valueName\":\"search_term_string\"}}],\"inLanguage\":\"en-US\"},{\"@type\":\"Person\",\"@id\":\"https:\/\/rauchfrei.at\/#\/schema\/person\/6ba3adad8eb872b334787c24357473aa\",\"name\":\"Nina Heumayer\",\"image\":{\"@type\":\"ImageObject\",\"inLanguage\":\"en-US\",\"@id\":\"https:\/\/rauchfrei.at\/#\/schema\/person\/image\/\",\"url\":\"https:\/\/secure.gravatar.com\/avatar\/0980a970ceeb24db5798b86faac2035236ffa2f49daf0e59474baef797676711?s=96&d=mm&r=g\",\"contentUrl\":\"https:\/\/secure.gravatar.com\/avatar\/0980a970ceeb24db5798b86faac2035236ffa2f49daf0e59474baef797676711?s=96&d=mm&r=g\",\"caption\":\"Nina Heumayer\"},\"url\":\"https:\/\/rauchfrei.at\/en\/author\/heumayer\/\"}]}<\/script>\n<!-- \/ Yoast SEO plugin. -->","yoast_head_json":{"title":"Asthma bronchiale als Folge des Rauchens - Rauchfrei Telefon","robots":{"index":"index","follow":"follow","max-snippet":"max-snippet:-1","max-image-preview":"max-image-preview:large","max-video-preview":"max-video-preview:-1"},"canonical":"https:\/\/rauchfrei.at\/asthma-bronchiale-als-folge-des-rauchens\/","og_locale":"en_US","og_type":"article","og_title":"Asthma bronchiale als Folge des Rauchens - Rauchfrei Telefon","og_description":"Anl\u00e4sslich des heutigen Welt-Asthma-Tages warnen \u00d6sterreichs Lungenspezialistinnen und - spezialisten vor den Folgen des Rauchens, insbesondere f\u00fcr Kinder und Jugendliche: auch Asthma bronchiale z\u00e4hlt zu den Folgeerscheinungen des Rauchens.","og_url":"https:\/\/rauchfrei.at\/asthma-bronchiale-als-folge-des-rauchens\/","og_site_name":"Rauchfrei Telefon","article_published_time":"2014-05-05T22:30:50+00:00","article_modified_time":"2019-05-02T14:57:48+00:00","author":"Nina Heumayer","twitter_card":"summary_large_image","twitter_misc":{"Written by":"Nina Heumayer","Est. reading time":"2 minutes"},"schema":{"@context":"https:\/\/schema.org","@graph":[{"@type":"WebPage","@id":"https:\/\/rauchfrei.at\/asthma-bronchiale-als-folge-des-rauchens\/","url":"https:\/\/rauchfrei.at\/asthma-bronchiale-als-folge-des-rauchens\/","name":"Asthma bronchiale als Folge des Rauchens - Rauchfrei Telefon","isPartOf":{"@id":"https:\/\/rauchfrei.at\/#website"},"datePublished":"2014-05-05T22:30:50+00:00","dateModified":"2019-05-02T14:57:48+00:00","author":{"@id":"https:\/\/rauchfrei.at\/#\/schema\/person\/6ba3adad8eb872b334787c24357473aa"},"inLanguage":"en-US","potentialAction":[{"@type":"ReadAction","target":["https:\/\/rauchfrei.at\/asthma-bronchiale-als-folge-des-rauchens\/"]}]},{"@type":"WebSite","@id":"https:\/\/rauchfrei.at\/#website","url":"https:\/\/rauchfrei.at\/","name":"Rauchfrei Telefon","description":"Eine \u00f6sterreichweite Initiative der Sozialversicherungen.","potentialAction":[{"@type":"SearchAction","target":{"@type":"EntryPoint","urlTemplate":"https:\/\/rauchfrei.at\/?s={search_term_string}"},"query-input":{"@type":"PropertyValueSpecification","valueRequired":true,"valueName":"search_term_string"}}],"inLanguage":"en-US"},{"@type":"Person","@id":"https:\/\/rauchfrei.at\/#\/schema\/person\/6ba3adad8eb872b334787c24357473aa","name":"Nina Heumayer","image":{"@type":"ImageObject","inLanguage":"en-US","@id":"https:\/\/rauchfrei.at\/#\/schema\/person\/image\/","url":"https:\/\/secure.gravatar.com\/avatar\/0980a970ceeb24db5798b86faac2035236ffa2f49daf0e59474baef797676711?s=96&d=mm&r=g","contentUrl":"https:\/\/secure.gravatar.com\/avatar\/0980a970ceeb24db5798b86faac2035236ffa2f49daf0e59474baef797676711?s=96&d=mm&r=g","caption":"Nina Heumayer"},"url":"https:\/\/rauchfrei.at\/en\/author\/heumayer\/"}]}},"_links":{"self":[{"href":"https:\/\/rauchfrei.at\/en\/wp-json\/wp\/v2\/posts\/5602","targetHints":{"allow":["GET"]}}],"collection":[{"href":"https:\/\/rauchfrei.at\/en\/wp-json\/wp\/v2\/posts"}],"about":[{"href":"https:\/\/rauchfrei.at\/en\/wp-json\/wp\/v2\/types\/post"}],"author":[{"embeddable":true,"href":"https:\/\/rauchfrei.at\/en\/wp-json\/wp\/v2\/users\/7"}],"replies":[{"embeddable":true,"href":"https:\/\/rauchfrei.at\/en\/wp-json\/wp\/v2\/comments?post=5602"}],"version-history":[{"count":5,"href":"https:\/\/rauchfrei.at\/en\/wp-json\/wp\/v2\/posts\/5602\/revisions"}],"predecessor-version":[{"id":16754,"href":"https:\/\/rauchfrei.at\/en\/wp-json\/wp\/v2\/posts\/5602\/revisions\/16754"}],"wp:attachment":[{"href":"https:\/\/rauchfrei.at\/en\/wp-json\/wp\/v2\/media?parent=5602"}],"wp:term":[{"taxonomy":"category","embeddable":true,"href":"https:\/\/rauchfrei.at\/en\/wp-json\/wp\/v2\/categories?post=5602"},{"taxonomy":"post_tag","embeddable":true,"href":"https:\/\/rauchfrei.at\/en\/wp-json\/wp\/v2\/tags?post=5602"}],"curies":[{"name":"wp","href":"https:\/\/api.w.org\/{rel}","templated":true}]}}