
{"id":5620,"date":"2014-05-08T05:28:49","date_gmt":"2014-05-08T03:28:49","guid":{"rendered":"http:\/\/rauchfrei.ipax.hosting\/?p=5620"},"modified":"2019-05-02T16:56:45","modified_gmt":"2019-05-02T14:56:45","slug":"mit-der-sva-rauchfrei-in-den-sommer","status":"publish","type":"post","link":"https:\/\/rauchfrei.at\/en\/mit-der-sva-rauchfrei-in-den-sommer\/","title":{"rendered":"Mit der SVA &#8220;Rauchfrei in den Sommer&#8221;"},"content":{"rendered":"<p>[et_pb_section fb_built=&#8221;1&#8243; module_class=&#8221;header&#8221; _builder_version=&#8221;3.0.99&#8243;][et_pb_row _builder_version=&#8221;3.0.99&#8243;][et_pb_column type=&#8221;4_4&#8243; _builder_version=&#8221;3.0.47&#8243;][et_pb_dp_dmb_module_10001 _builder_version=&#8221;3.21.1&#8243;][\/et_pb_dp_dmb_module_10001][\/et_pb_column][\/et_pb_row][\/et_pb_section][et_pb_section fb_built=&#8221;1&#8243; _builder_version=&#8221;3.0.47&#8243;][et_pb_row _builder_version=&#8221;3.0.48&#8243; background_size=&#8221;initial&#8221; background_position=&#8221;top_left&#8221; background_repeat=&#8221;repeat&#8221;][et_pb_column type=&#8221;2_3&#8243; _builder_version=&#8221;3.0.47&#8243;][et_pb_text _builder_version=&#8221;3.0.74&#8243; background_size=&#8221;initial&#8221; background_position=&#8221;top_left&#8221; background_repeat=&#8221;repeat&#8221;]<\/p>\n<p><span style=\"font-size: 15px;\">Mag.(FH) Ulrike Haberl informiert \u00fcber das n\u00e4chste No-Smoking Camp f\u00fcr SVA Versicherte:<\/span><\/p>\n<h2>Rauchfrei in den Sommer!<\/h2>\n<h3>Sommer, Sonne, Urlaubszeit<\/h3>\n<p>Lernen Sie in entspannter Atmosph\u00e4re, alte Gewohnheiten zu ver\u00e4ndern um in Zukunft Ihr<strong> Leben auch ohne Zigarette lust- und humorvoll<\/strong> zu erleben.<\/p>\n<p>Das No Smoking Camp unter Leitung von Dr. Christine Korak vermittelt medizinisches, psychologisches und sportwissenschaftliches Wissen und bereitet Sie auf Ihren Rauchstopp vor. Neben der Theorie bleibt auch viel Zeit f\u00fcr den Austausch in der Gruppe, erg\u00e4nzt mit Bewegung und Entspannung.<\/p>\n<p>Mailen Sie Ihre formlose Anmeldung an<strong> CC.GF@svagw.at<\/strong> oder faxen Sie an<br \/> <strong>05 08 082259<\/strong>.<\/p>\n<p>Anmeldeschluss ist der 28. Mai 2014. Geben Sie bitte Namen, Versicherungsnummer, E-Mail und\/oder Postadresse sowie Ihre Telefonnummer an.<\/p>\n<p><strong>No Smoking Camp K\u00e4rnten<\/strong><br \/> <strong>27. \u2013 29. Juni 2014<\/strong><\/p>\n<p>Seminarleiterin: Dr. Christine Korak<\/p>\n<p>EUR 230,- Paketpreis<br \/> &#8211; EUR 100,- SVA Gesundheitshunderter<br \/> =EUR 130,- investieren Sie in Ihre Gesundheit*<br \/> Ort:<br \/> Ferienhotel Sch\u00f6nruh<br \/> Seeblickstr. 40<br \/> 9580 Drobollach<\/p>\n<p><strong>Anmeldeschluss <\/strong>ist der<strong> 28.\u00a0Mai 2014<\/strong>.<\/p>\n<p>*pro Person im EZ, 1 Vollpension, 1 Halbpension, 2 Seminarpauschalen; mit Begleitung im DZ: Euro 206,00,\u2013\/Person; vorbehaltlich Anspruch auf einen SVA-Gesundheitshunderter: Euro 106.-<\/p>\n<p><strong>N\u00e4her Infos unter der Tel: 05 08 08-3083.<\/strong><\/p>\n<p>Speziell f\u00fcr Selbst\u00e4ndige, die oft zeitlich und \u00f6rtlich gebunden sind, gibt es neben den Kompakt-Camps das <strong>Angebot der telefonischen Raucherentw\u00f6hnung<\/strong>. Das Rauchfrei Telefon (Tel: 0800 810 013) ist Partner der SVA, daher steht das professionelle Expertenteam allen SVA Versicherten sowie mitversicherten Angeh\u00f6rigen \u00f6sterreichweit offen.<\/p>\n<p>\u00a0<span style=\"font-size: 15px;\"><\/span><a href=\"https:\/\/rauchfrei.at\/wp-content\/uploads\/Fit-zu-mehr-Erfolg_-No-Smoking.jpg\" style=\"font-size: 15px;\"><img loading=\"lazy\" decoding=\"async\" class=\"alignnone size-medium wp-image-5644\" src=\"https:\/\/rauchfrei.at\/wp-content\/uploads\/Fit-zu-mehr-Erfolg_-No-Smoking-225x132.jpg\" alt=\"Fit zu mehr Erfolg\" width=\"225\" height=\"132\" srcset=\"https:\/\/rauchfrei.at\/wp-content\/uploads\/Fit-zu-mehr-Erfolg_-No-Smoking-225x132.jpg 225w, https:\/\/rauchfrei.at\/wp-content\/uploads\/Fit-zu-mehr-Erfolg_-No-Smoking-480x282.jpg 480w, https:\/\/rauchfrei.at\/wp-content\/uploads\/Fit-zu-mehr-Erfolg_-No-Smoking.jpg 1296w\" sizes=\"(max-width: 225px) 100vw, 225px\" \/><\/a><\/p>\n<p>\u00a0<span style=\"font-size: 15px;\"><\/span><a href=\"https:\/\/rauchfrei.at\/wp-content\/uploads\/SVA-Ihre-Gesundheitsversicherung.jpg\" style=\"font-size: 15px;\"><img loading=\"lazy\" decoding=\"async\" class=\"alignnone size-medium wp-image-5645\" src=\"https:\/\/rauchfrei.at\/wp-content\/uploads\/SVA-Ihre-Gesundheitsversicherung-225x60.jpg\" alt=\"SVA Ihre Gesundheitsversicherung\" width=\"225\" height=\"60\" srcset=\"https:\/\/rauchfrei.at\/wp-content\/uploads\/SVA-Ihre-Gesundheitsversicherung-225x60.jpg 225w, https:\/\/rauchfrei.at\/wp-content\/uploads\/SVA-Ihre-Gesundheitsversicherung-480x129.jpg 480w, https:\/\/rauchfrei.at\/wp-content\/uploads\/SVA-Ihre-Gesundheitsversicherung.jpg 999w\" sizes=\"(max-width: 225px) 100vw, 225px\" \/><\/a><\/p>\n<p>\u00a0<span style=\"font-size: 15px;\"><\/span><a href=\"https:\/\/rauchfrei.at\/wp-content\/uploads\/Sprechblase_Rauchfrei_Telefon_mit-Homepage.png\" style=\"font-size: 15px;\"><img loading=\"lazy\" decoding=\"async\" class=\"alignnone size-medium wp-image-5458\" src=\"https:\/\/rauchfrei.at\/wp-content\/uploads\/Sprechblase_Rauchfrei_Telefon_mit-Homepage-225x109.png\" alt=\"Sprechblase_Rauchfrei_Telefon_mit Homepage\" width=\"225\" height=\"109\" srcset=\"https:\/\/rauchfrei.at\/wp-content\/uploads\/Sprechblase_Rauchfrei_Telefon_mit-Homepage-225x109.png 225w, https:\/\/rauchfrei.at\/wp-content\/uploads\/Sprechblase_Rauchfrei_Telefon_mit-Homepage.png 391w\" sizes=\"(max-width: 225px) 100vw, 225px\" \/><\/a><\/p>\n<p>&nbsp;<\/p>\n<p>[\/et_pb_text][\/et_pb_column][et_pb_column type=&#8221;1_3&#8243; _builder_version=&#8221;3.0.47&#8243;][et_pb_sidebar area=&#8221;sidebar-1&#8243; _builder_version=&#8221;3.15&#8243;][\/et_pb_sidebar][\/et_pb_column][\/et_pb_row][\/et_pb_section]<\/p>\n","protected":false},"excerpt":{"rendered":"<p>Die SVA bietet Ende Juni wieder eines der bereits bew\u00e4hrten No-Smoking Camps f\u00fcr ihre Versicherten an. Lesen Sie hier genauer Informationen dazu von Mag. (FH) Ulrike Haberl (SVA).<\/p>\n","protected":false},"author":17,"featured_media":0,"comment_status":"open","ping_status":"open","sticky":false,"template":"","format":"standard","meta":{"_et_pb_use_builder":"on","_et_pb_old_content":"<p>\u00a0<\/p><p>Mag.(FH) Ulrike Haberl informiert \u00fcber das n\u00e4chste No-Smoking Camp f\u00fcr SVA Versicherte:<\/p><p>\u00a0<\/p><h2>Rauchfrei in den Sommer!<\/h2><p>\u00a0<\/p><h3>Sommer, Sonne, Urlaubszeit<\/h3><p>\u00a0<\/p><p>Lernen Sie in entspannter Atmosph\u00e4re, alte Gewohnheiten zu ver\u00e4ndern um in Zukunft Ihr<strong> Leben auch ohne Zigarette lust- und humorvoll<\/strong> zu erleben.<\/p><p>\u00a0<\/p><p>Das No Smoking Camp unter Leitung von Dr. Christine Korak vermittelt medizinisches, psychologisches und sportwissenschaftliches Wissen und bereitet Sie auf Ihren Rauchstopp vor. Neben der Theorie bleibt auch viel Zeit f\u00fcr den Austausch in der Gruppe, erg\u00e4nzt mit Bewegung und Entspannung.<\/p><p>\u00a0<\/p><p>Mailen Sie Ihre formlose Anmeldung an<strong> CC.GF@svagw.at<\/strong> oder faxen Sie an<br \/><strong>05 08 082259<\/strong>.<\/p><p>\u00a0<\/p><p>Anmeldeschluss ist der 28. Mai 2014. Geben Sie bitte Namen, Versicherungsnummer, E-Mail und\/oder Postadresse sowie Ihre Telefonnummer an.<\/p><p>\u00a0<\/p><p><strong>No Smoking Camp K\u00e4rnten<\/strong><br \/><strong>27. \u2013 29. Juni 2014<\/strong><\/p><p>\u00a0<\/p><p>Seminarleiterin: Dr. Christine Korak<\/p><p>\u00a0<\/p><p>EUR 230,- Paketpreis<br \/>- EUR 100,- SVA Gesundheitshunderter<br \/>=EUR 130,- investieren Sie in Ihre Gesundheit*<br \/>Ort:<br \/>Ferienhotel Sch\u00f6nruh<br \/>Seeblickstr. 40<br \/>9580 Drobollach<\/p><p>\u00a0<\/p><p><strong>Anmeldeschluss <\/strong>ist der<strong> 28.\u00a0Mai 2014<\/strong>.<\/p><p>\u00a0<\/p><p>*pro Person im EZ, 1 Vollpension, 1 Halbpension, 2 Seminarpauschalen; mit Begleitung im DZ: Euro 206,00,\u2013\/Person; vorbehaltlich Anspruch auf einen SVA-Gesundheitshunderter: Euro 106.-<\/p><p>\u00a0<\/p><p><strong>N\u00e4her Infos unter der Tel: 05 08 08-3083.<\/strong><\/p><p>\u00a0<\/p><p>Speziell f\u00fcr Selbst\u00e4ndige, die oft zeitlich und \u00f6rtlich gebunden sind, gibt es neben den Kompakt-Camps das <strong>Angebot der telefonischen Raucherentw\u00f6hnung<\/strong>. Das Rauchfrei Telefon (Tel: 0800 810 013) ist Partner der SVA, daher steht das professionelle Expertenteam allen SVA Versicherten sowie mitversicherten Angeh\u00f6rigen \u00f6sterreichweit offen.<\/p><p>\u00a0<\/p><p>\u00a0<\/p><p>\u00a0<\/p><p>\u00a0<\/p><p><a href=\"https:\/\/rauchfrei.at\/wp-content\/uploads\/Fit-zu-mehr-Erfolg_-No-Smoking.jpg\"><img class=\"alignnone size-medium wp-image-5644\" src=\"https:\/\/rauchfrei.at\/wp-content\/uploads\/Fit-zu-mehr-Erfolg_-No-Smoking-225x132.jpg\" alt=\"Fit zu mehr Erfolg\" width=\"225\" height=\"132\" \/><\/a><\/p><p>\u00a0<\/p><p>\u00a0<\/p><p>\u00a0<\/p><p><a href=\"https:\/\/rauchfrei.at\/wp-content\/uploads\/SVA-Ihre-Gesundheitsversicherung.jpg\"><img class=\"alignnone size-medium wp-image-5645\" src=\"https:\/\/rauchfrei.at\/wp-content\/uploads\/SVA-Ihre-Gesundheitsversicherung-225x60.jpg\" alt=\"SVA Ihre Gesundheitsversicherung\" width=\"225\" height=\"60\" \/><\/a><\/p><p>\u00a0<\/p><p>\u00a0<\/p><p>\u00a0<\/p><p><a href=\"https:\/\/rauchfrei.at\/wp-content\/uploads\/Sprechblase_Rauchfrei_Telefon_mit-Homepage.png\"><img class=\"alignnone size-medium wp-image-5458\" src=\"https:\/\/rauchfrei.at\/wp-content\/uploads\/Sprechblase_Rauchfrei_Telefon_mit-Homepage-225x109.png\" alt=\"Sprechblase_Rauchfrei_Telefon_mit Homepage\" width=\"225\" height=\"109\" \/><\/a><\/p><p>\u00a0<\/p>","_et_gb_content_width":"","footnotes":""},"categories":[234],"tags":[],"class_list":["post-5620","post","type-post","status-publish","format-standard","hentry","category-oesterreichweite-angebote-zur-entwoehnung"],"yoast_head":"<!-- This site is optimized with the Yoast SEO plugin v26.2 - https:\/\/yoast.com\/wordpress\/plugins\/seo\/ -->\n<title>Mit der SVA &quot;Rauchfrei in den Sommer&quot; - Rauchfrei Telefon<\/title>\n<meta name=\"robots\" content=\"index, follow, max-snippet:-1, max-image-preview:large, max-video-preview:-1\" \/>\n<link rel=\"canonical\" href=\"https:\/\/rauchfrei.at\/mit-der-sva-rauchfrei-in-den-sommer\/\" \/>\n<meta property=\"og:locale\" content=\"en_US\" \/>\n<meta property=\"og:type\" content=\"article\" \/>\n<meta property=\"og:title\" content=\"Mit der SVA &quot;Rauchfrei in den Sommer&quot; - Rauchfrei Telefon\" \/>\n<meta property=\"og:description\" content=\"Die SVA bietet Ende Juni wieder eines der bereits bew\u00e4hrten No-Smoking Camps f\u00fcr ihre Versicherten an. Lesen Sie hier genauer Informationen dazu von Mag. (FH) Ulrike Haberl (SVA).\" \/>\n<meta property=\"og:url\" content=\"https:\/\/rauchfrei.at\/mit-der-sva-rauchfrei-in-den-sommer\/\" \/>\n<meta property=\"og:site_name\" content=\"Rauchfrei Telefon\" \/>\n<meta property=\"article:published_time\" content=\"2014-05-08T03:28:49+00:00\" \/>\n<meta property=\"article:modified_time\" content=\"2019-05-02T14:56:45+00:00\" \/>\n<meta property=\"og:image\" content=\"https:\/\/rauchfrei.at\/wp-content\/uploads\/Fit-zu-mehr-Erfolg_-No-Smoking-225x132.jpg\" \/>\n<meta name=\"author\" content=\"Gastkommentar\" \/>\n<meta name=\"twitter:card\" content=\"summary_large_image\" \/>\n<meta name=\"twitter:label1\" content=\"Written by\" \/>\n\t<meta name=\"twitter:data1\" content=\"Gastkommentar\" \/>\n\t<meta name=\"twitter:label2\" content=\"Est. reading time\" \/>\n\t<meta name=\"twitter:data2\" content=\"2 minutes\" \/>\n<script type=\"application\/ld+json\" class=\"yoast-schema-graph\">{\"@context\":\"https:\/\/schema.org\",\"@graph\":[{\"@type\":\"WebPage\",\"@id\":\"https:\/\/rauchfrei.at\/mit-der-sva-rauchfrei-in-den-sommer\/\",\"url\":\"https:\/\/rauchfrei.at\/mit-der-sva-rauchfrei-in-den-sommer\/\",\"name\":\"Mit der SVA \\\"Rauchfrei in den Sommer\\\" - Rauchfrei Telefon\",\"isPartOf\":{\"@id\":\"https:\/\/rauchfrei.at\/#website\"},\"primaryImageOfPage\":{\"@id\":\"https:\/\/rauchfrei.at\/mit-der-sva-rauchfrei-in-den-sommer\/#primaryimage\"},\"image\":{\"@id\":\"https:\/\/rauchfrei.at\/mit-der-sva-rauchfrei-in-den-sommer\/#primaryimage\"},\"thumbnailUrl\":\"https:\/\/rauchfrei.at\/wp-content\/uploads\/Fit-zu-mehr-Erfolg_-No-Smoking-225x132.jpg\",\"datePublished\":\"2014-05-08T03:28:49+00:00\",\"dateModified\":\"2019-05-02T14:56:45+00:00\",\"author\":{\"@id\":\"https:\/\/rauchfrei.at\/#\/schema\/person\/5fc25ba0c5c18c7bb72f39740e4d31da\"},\"inLanguage\":\"en-US\",\"potentialAction\":[{\"@type\":\"ReadAction\",\"target\":[\"https:\/\/rauchfrei.at\/mit-der-sva-rauchfrei-in-den-sommer\/\"]}]},{\"@type\":\"ImageObject\",\"inLanguage\":\"en-US\",\"@id\":\"https:\/\/rauchfrei.at\/mit-der-sva-rauchfrei-in-den-sommer\/#primaryimage\",\"url\":\"https:\/\/rauchfrei.at\/wp-content\/uploads\/Fit-zu-mehr-Erfolg_-No-Smoking-225x132.jpg\",\"contentUrl\":\"https:\/\/rauchfrei.at\/wp-content\/uploads\/Fit-zu-mehr-Erfolg_-No-Smoking-225x132.jpg\"},{\"@type\":\"WebSite\",\"@id\":\"https:\/\/rauchfrei.at\/#website\",\"url\":\"https:\/\/rauchfrei.at\/\",\"name\":\"Rauchfrei Telefon\",\"description\":\"Eine \u00f6sterreichweite Initiative der Sozialversicherungen.\",\"potentialAction\":[{\"@type\":\"SearchAction\",\"target\":{\"@type\":\"EntryPoint\",\"urlTemplate\":\"https:\/\/rauchfrei.at\/?s={search_term_string}\"},\"query-input\":{\"@type\":\"PropertyValueSpecification\",\"valueRequired\":true,\"valueName\":\"search_term_string\"}}],\"inLanguage\":\"en-US\"},{\"@type\":\"Person\",\"@id\":\"https:\/\/rauchfrei.at\/#\/schema\/person\/5fc25ba0c5c18c7bb72f39740e4d31da\",\"name\":\"Gastkommentar\",\"image\":{\"@type\":\"ImageObject\",\"inLanguage\":\"en-US\",\"@id\":\"https:\/\/rauchfrei.at\/#\/schema\/person\/image\/\",\"url\":\"https:\/\/secure.gravatar.com\/avatar\/85407d990e69802a3bded43886ed11ed06b45db3bbf254d52dd9f9c82c33dd83?s=96&d=mm&r=g\",\"contentUrl\":\"https:\/\/secure.gravatar.com\/avatar\/85407d990e69802a3bded43886ed11ed06b45db3bbf254d52dd9f9c82c33dd83?s=96&d=mm&r=g\",\"caption\":\"Gastkommentar\"},\"url\":\"https:\/\/rauchfrei.at\/en\/author\/gastkommentar\/\"}]}<\/script>\n<!-- \/ Yoast SEO plugin. -->","yoast_head_json":{"title":"Mit der SVA \"Rauchfrei in den Sommer\" - Rauchfrei Telefon","robots":{"index":"index","follow":"follow","max-snippet":"max-snippet:-1","max-image-preview":"max-image-preview:large","max-video-preview":"max-video-preview:-1"},"canonical":"https:\/\/rauchfrei.at\/mit-der-sva-rauchfrei-in-den-sommer\/","og_locale":"en_US","og_type":"article","og_title":"Mit der SVA \"Rauchfrei in den Sommer\" - Rauchfrei Telefon","og_description":"Die SVA bietet Ende Juni wieder eines der bereits bew\u00e4hrten No-Smoking Camps f\u00fcr ihre Versicherten an. Lesen Sie hier genauer Informationen dazu von Mag. (FH) Ulrike Haberl (SVA).","og_url":"https:\/\/rauchfrei.at\/mit-der-sva-rauchfrei-in-den-sommer\/","og_site_name":"Rauchfrei Telefon","article_published_time":"2014-05-08T03:28:49+00:00","article_modified_time":"2019-05-02T14:56:45+00:00","og_image":[{"url":"https:\/\/rauchfrei.at\/wp-content\/uploads\/Fit-zu-mehr-Erfolg_-No-Smoking-225x132.jpg","type":"","width":"","height":""}],"author":"Gastkommentar","twitter_card":"summary_large_image","twitter_misc":{"Written by":"Gastkommentar","Est. reading time":"2 minutes"},"schema":{"@context":"https:\/\/schema.org","@graph":[{"@type":"WebPage","@id":"https:\/\/rauchfrei.at\/mit-der-sva-rauchfrei-in-den-sommer\/","url":"https:\/\/rauchfrei.at\/mit-der-sva-rauchfrei-in-den-sommer\/","name":"Mit der SVA \"Rauchfrei in den Sommer\" - Rauchfrei Telefon","isPartOf":{"@id":"https:\/\/rauchfrei.at\/#website"},"primaryImageOfPage":{"@id":"https:\/\/rauchfrei.at\/mit-der-sva-rauchfrei-in-den-sommer\/#primaryimage"},"image":{"@id":"https:\/\/rauchfrei.at\/mit-der-sva-rauchfrei-in-den-sommer\/#primaryimage"},"thumbnailUrl":"https:\/\/rauchfrei.at\/wp-content\/uploads\/Fit-zu-mehr-Erfolg_-No-Smoking-225x132.jpg","datePublished":"2014-05-08T03:28:49+00:00","dateModified":"2019-05-02T14:56:45+00:00","author":{"@id":"https:\/\/rauchfrei.at\/#\/schema\/person\/5fc25ba0c5c18c7bb72f39740e4d31da"},"inLanguage":"en-US","potentialAction":[{"@type":"ReadAction","target":["https:\/\/rauchfrei.at\/mit-der-sva-rauchfrei-in-den-sommer\/"]}]},{"@type":"ImageObject","inLanguage":"en-US","@id":"https:\/\/rauchfrei.at\/mit-der-sva-rauchfrei-in-den-sommer\/#primaryimage","url":"https:\/\/rauchfrei.at\/wp-content\/uploads\/Fit-zu-mehr-Erfolg_-No-Smoking-225x132.jpg","contentUrl":"https:\/\/rauchfrei.at\/wp-content\/uploads\/Fit-zu-mehr-Erfolg_-No-Smoking-225x132.jpg"},{"@type":"WebSite","@id":"https:\/\/rauchfrei.at\/#website","url":"https:\/\/rauchfrei.at\/","name":"Rauchfrei Telefon","description":"Eine \u00f6sterreichweite Initiative der Sozialversicherungen.","potentialAction":[{"@type":"SearchAction","target":{"@type":"EntryPoint","urlTemplate":"https:\/\/rauchfrei.at\/?s={search_term_string}"},"query-input":{"@type":"PropertyValueSpecification","valueRequired":true,"valueName":"search_term_string"}}],"inLanguage":"en-US"},{"@type":"Person","@id":"https:\/\/rauchfrei.at\/#\/schema\/person\/5fc25ba0c5c18c7bb72f39740e4d31da","name":"Gastkommentar","image":{"@type":"ImageObject","inLanguage":"en-US","@id":"https:\/\/rauchfrei.at\/#\/schema\/person\/image\/","url":"https:\/\/secure.gravatar.com\/avatar\/85407d990e69802a3bded43886ed11ed06b45db3bbf254d52dd9f9c82c33dd83?s=96&d=mm&r=g","contentUrl":"https:\/\/secure.gravatar.com\/avatar\/85407d990e69802a3bded43886ed11ed06b45db3bbf254d52dd9f9c82c33dd83?s=96&d=mm&r=g","caption":"Gastkommentar"},"url":"https:\/\/rauchfrei.at\/en\/author\/gastkommentar\/"}]}},"_links":{"self":[{"href":"https:\/\/rauchfrei.at\/en\/wp-json\/wp\/v2\/posts\/5620","targetHints":{"allow":["GET"]}}],"collection":[{"href":"https:\/\/rauchfrei.at\/en\/wp-json\/wp\/v2\/posts"}],"about":[{"href":"https:\/\/rauchfrei.at\/en\/wp-json\/wp\/v2\/types\/post"}],"author":[{"embeddable":true,"href":"https:\/\/rauchfrei.at\/en\/wp-json\/wp\/v2\/users\/17"}],"replies":[{"embeddable":true,"href":"https:\/\/rauchfrei.at\/en\/wp-json\/wp\/v2\/comments?post=5620"}],"version-history":[{"count":5,"href":"https:\/\/rauchfrei.at\/en\/wp-json\/wp\/v2\/posts\/5620\/revisions"}],"predecessor-version":[{"id":16751,"href":"https:\/\/rauchfrei.at\/en\/wp-json\/wp\/v2\/posts\/5620\/revisions\/16751"}],"wp:attachment":[{"href":"https:\/\/rauchfrei.at\/en\/wp-json\/wp\/v2\/media?parent=5620"}],"wp:term":[{"taxonomy":"category","embeddable":true,"href":"https:\/\/rauchfrei.at\/en\/wp-json\/wp\/v2\/categories?post=5620"},{"taxonomy":"post_tag","embeddable":true,"href":"https:\/\/rauchfrei.at\/en\/wp-json\/wp\/v2\/tags?post=5620"}],"curies":[{"name":"wp","href":"https:\/\/api.w.org\/{rel}","templated":true}]}}