
{"id":5661,"date":"2014-05-21T11:21:06","date_gmt":"2014-05-21T09:21:06","guid":{"rendered":"http:\/\/rauchfrei.ipax.hosting\/?p=5661"},"modified":"2019-05-02T16:54:07","modified_gmt":"2019-05-02T14:54:07","slug":"nichtraucherschutz-muss-vorrang-haben","status":"publish","type":"post","link":"https:\/\/rauchfrei.at\/en\/nichtraucherschutz-muss-vorrang-haben\/","title":{"rendered":"Nichtraucherschutz muss Vorrang haben"},"content":{"rendered":"<p>[et_pb_section fb_built=&#8221;1&#8243; module_class=&#8221;header&#8221; _builder_version=&#8221;3.0.99&#8243;][et_pb_row _builder_version=&#8221;3.0.99&#8243;][et_pb_column type=&#8221;4_4&#8243; _builder_version=&#8221;3.0.47&#8243;][et_pb_dp_dmb_module_10001 _builder_version=&#8221;3.21.1&#8243;][\/et_pb_dp_dmb_module_10001][\/et_pb_column][\/et_pb_row][\/et_pb_section][et_pb_section fb_built=&#8221;1&#8243; _builder_version=&#8221;3.0.47&#8243;][et_pb_row _builder_version=&#8221;3.0.48&#8243; background_size=&#8221;initial&#8221; background_position=&#8221;top_left&#8221; background_repeat=&#8221;repeat&#8221;][et_pb_column type=&#8221;2_3&#8243; _builder_version=&#8221;3.0.47&#8243;][et_pb_text _builder_version=&#8221;3.0.74&#8243; background_size=&#8221;initial&#8221; background_position=&#8221;top_left&#8221; background_repeat=&#8221;repeat&#8221;]<\/p>\n<p><span style=\"font-size: 15px;\">Aktuelle\u00a0Studien und zahlreiche internationale Beispiele zeigen, dass ein <\/span><strong style=\"font-size: 15px;\">gesetzlich geregelter Nichtraucherschutz das Risiko f\u00fcr\u00a0viele Erkrankungen reduziert<\/strong><span style=\"font-size: 15px;\">.<\/span><\/p>\n<p>So konnten strengere Ma\u00dfnahmen innerhalb kurzer Zeit kosteng\u00fcnstig und nachhaltig die Fr\u00fchgeborenen- und Herzinfarktrate senken sowie Asthmaanf\u00e4lle\u00a0nachweislich reduzieren. Auch Spitalsaufnahmen wegen Schlaganfall, Asthma und COPD nahmen in L\u00e4ndern wie Schottland, wo der Nichtraucherschutz gro\u00df geschrieben wird, deutlich ab. <strong>Ein generelles Rauchverbot (ohne Ausnahmeregelungen<\/strong> in der Gastronomie)\u00a0ist somit die <strong>wirksamste Ma\u00dfnahme<\/strong>!<\/p>\n<p>Auch prim\u00e4r gesunde Menschen reagieren empfindlich auf die hohe Schad- und Feinstaubbelastung beim Passivrauchen. Was mit einer Verschlechterung der Sauerstoffversorgung und\u00a0Lungenfunktion beginnt, kann u.a. zu Herz-Kreislauf-Erkrankungen, Lungenkrebs und einem Verlust der kognitiven F\u00e4higkeiten f\u00fchren.<\/p>\n<p>Bei der<strong> heutigen Pressekonferenz des Landes Nieder\u00f6sterreich<\/strong> machte Landesrat Ing. Maurice Androsch auf die<strong> gro\u00dfe Bedeutung des Nichtraucherschutzes<\/strong> aufmerksam. Das Rauchfrei Telefon war durch unsere Kollegin Mag. Alexandra Beroggio vertreten, welche unser telefonisches Beratungsangebot vorstellte. Im Rahmen der Pressekonferenz wurde auch das <strong>neue Postersujet \u201eDanke f\u00fcr\u2019s Nichtrauchen\u201c<\/strong> vorgestellt.<\/p>\n<p><a href=\"https:\/\/rauchfrei.at\/wp-content\/uploads\/Danke-f\u00fcrs-Nichtrauchen.jpg\"><img loading=\"lazy\" decoding=\"async\" class=\"alignnone size-large wp-image-5680\" src=\"https:\/\/rauchfrei.at\/wp-content\/uploads\/Danke-f\u00fcrs-Nichtrauchen-480x678.jpg\" alt=\"Danke f\u00fcr's Nichtrauchen\" width=\"480\" height=\"678\" srcset=\"https:\/\/rauchfrei.at\/wp-content\/uploads\/Danke-f\u00fcrs-Nichtrauchen-480x678.jpg 480w, https:\/\/rauchfrei.at\/wp-content\/uploads\/Danke-f\u00fcrs-Nichtrauchen-225x318.jpg 225w, https:\/\/rauchfrei.at\/wp-content\/uploads\/Danke-f\u00fcrs-Nichtrauchen.jpg 828w\" sizes=\"(max-width: 480px) 100vw, 480px\" \/><\/a><\/p>\n<p><strong>Berichte \u00fcber die Pressekonferenz k\u00f6nnen Sie heute sowohl im Radio (Radio Nieder\u00f6sterreich, 12 Uhr), als auch im Fernsehen (Nieder\u00f6sterreich heute, 19 Uhr) finden.<\/strong><\/p>\n<p>Das <strong>Europa-Ranking der Tabakpolitik<\/strong> zeigt, dass neben konsequenten Gesetzen zum Nichtraucherschutz auch die Erh\u00f6hungen von Tabaksteuern und -preisen sowie Motivation und Hilfe beim Rauchstopp notwendig sind, um\u00a0die gesundheitliche Situation der \u00f6sterreichischen Bev\u00f6lkerung zu verbessern.<\/p>\n<p>Auch in Wien widmete man sich vor Kurzem im Rahmen einer Pressekonferenz dem wichtigen Thema Nichtraucherschutz<strong>.<\/strong> Die Gesellschaft f\u00fcr Kinder- und Jugendheilkunde (\u00d6GKJ) forderte in diesem Zusammenhang die Verst\u00e4rkung des Nichtraucherschutzes sowie ein absolutes Rauchverbot in gastronomischen Betrieben und an \u00f6ffentlichen Pl\u00e4tzen. Mehr dazu lesen Sie <a href=\"http:\/\/www.ots.at\/presseaussendung\/OTS_20140507_OTS0106\/nicht-raucherschutz-2-zahlreiche-positive-internationale-beispiele\" target=\"_blank\" rel=\"noopener noreferrer\">hier<\/a>.<\/p>\n<p>[\/et_pb_text][\/et_pb_column][et_pb_column type=&#8221;1_3&#8243; _builder_version=&#8221;3.0.47&#8243;][et_pb_sidebar area=&#8221;sidebar-1&#8243; _builder_version=&#8221;3.15&#8243;][\/et_pb_sidebar][\/et_pb_column][\/et_pb_row][\/et_pb_section]<\/p>\n","protected":false},"excerpt":{"rendered":"<p>\u00d6sterreich hinkt im europ\u00e4ischen Vergleich bei der Tabakpolitik hinterher: Der internationale Vergleich zeigt, dass ein gesetzlich geregelter Nichtraucherschutz vorbeugend wirkt und Erkrankungen durch (Passiv)rauch deutlich reduzieren kann.<\/p>\n","protected":false},"author":16,"featured_media":0,"comment_status":"open","ping_status":"open","sticky":false,"template":"","format":"standard","meta":{"_et_pb_use_builder":"on","_et_pb_old_content":"<p>\u00a0<\/p><p>Aktuelle\u00a0Studien und zahlreiche internationale Beispiele zeigen, dass ein <strong>gesetzlich geregelter Nichtraucherschutz das Risiko f\u00fcr\u00a0viele Erkrankungen reduziert<\/strong>.<\/p><p>\u00a0<\/p><p>So konnten strengere Ma\u00dfnahmen innerhalb kurzer Zeit kosteng\u00fcnstig und nachhaltig die Fr\u00fchgeborenen- und Herzinfarktrate senken sowie Asthmaanf\u00e4lle\u00a0nachweislich reduzieren. Auch Spitalsaufnahmen wegen Schlaganfall, Asthma und COPD nahmen in L\u00e4ndern wie Schottland, wo der Nichtraucherschutz gro\u00df geschrieben wird, deutlich ab. <strong>Ein generelles Rauchverbot (ohne Ausnahmeregelungen<\/strong> in der Gastronomie)\u00a0ist somit die <strong>wirksamste Ma\u00dfnahme<\/strong>!<\/p><p>\u00a0<\/p><p>Auch prim\u00e4r gesunde Menschen reagieren empfindlich auf die hohe Schad- und Feinstaubbelastung beim Passivrauchen. Was mit einer Verschlechterung der Sauerstoffversorgung und\u00a0Lungenfunktion beginnt, kann u.a. zu Herz-Kreislauf-Erkrankungen, Lungenkrebs und einem Verlust der kognitiven F\u00e4higkeiten f\u00fchren.<\/p><p>\u00a0<\/p><p>Bei der<strong> heutigen Pressekonferenz des Landes Nieder\u00f6sterreich<\/strong> machte Landesrat Ing. Maurice Androsch auf die<strong> gro\u00dfe Bedeutung des Nichtraucherschutzes<\/strong> aufmerksam. Das Rauchfrei Telefon war durch unsere Kollegin Mag. Alexandra Beroggio vertreten, welche unser telefonisches Beratungsangebot vorstellte. Im Rahmen der Pressekonferenz wurde auch das <strong>neue Postersujet \u201eDanke f\u00fcr\u2019s Nichtrauchen\u201c<\/strong> vorgestellt.<\/p><p>\u00a0<\/p><p><a href=\"https:\/\/rauchfrei.at\/wp-content\/uploads\/Danke-f\u00fcrs-Nichtrauchen.jpg\"><img class=\"alignnone size-large wp-image-5680\" src=\"https:\/\/rauchfrei.at\/wp-content\/uploads\/Danke-f\u00fcrs-Nichtrauchen-480x678.jpg\" alt=\"Danke f\u00fcr's Nichtrauchen\" width=\"480\" height=\"678\" \/><\/a><\/p><p>\u00a0<\/p><p><strong>Berichte \u00fcber die Pressekonferenz k\u00f6nnen Sie heute sowohl im Radio (Radio Nieder\u00f6sterreich, 12 Uhr), als auch im Fernsehen (Nieder\u00f6sterreich heute, 19 Uhr) finden.<\/strong><\/p><p>\u00a0<\/p><p>Das <strong>Europa-Ranking der Tabakpolitik<\/strong> zeigt, dass neben konsequenten Gesetzen zum Nichtraucherschutz auch die Erh\u00f6hungen von Tabaksteuern und -preisen sowie Motivation und Hilfe beim Rauchstopp notwendig sind, um\u00a0die gesundheitliche Situation der \u00f6sterreichischen Bev\u00f6lkerung zu verbessern.<\/p><p>\u00a0<\/p><p>Auch in Wien widmete man sich vor Kurzem im Rahmen einer Pressekonferenz dem wichtigen Thema Nichtraucherschutz<strong>.<\/strong> Die Gesellschaft f\u00fcr Kinder- und Jugendheilkunde (\u00d6GKJ) forderte in diesem Zusammenhang die Verst\u00e4rkung des Nichtraucherschutzes sowie ein absolutes Rauchverbot in gastronomischen Betrieben und an \u00f6ffentlichen Pl\u00e4tzen. Mehr dazu lesen Sie <a href=\"http:\/\/www.ots.at\/presseaussendung\/OTS_20140507_OTS0106\/nicht-raucherschutz-2-zahlreiche-positive-internationale-beispiele\" target=\"_blank\" rel=\"noopener\">hier<\/a>.<\/p><p>\u00a0<\/p><p>\u00a0<\/p><p>\u00a0<\/p><p>\u00a0<\/p><p>\u00a0<\/p><p>\u00a0<\/p><p>\u00a0<\/p>","_et_gb_content_width":"","footnotes":""},"categories":[236],"tags":[176,175,177,52,54,136],"class_list":["post-5661","post","type-post","status-publish","format-standard","hentry","category-nicht-kategorisiert","tag-eurobarometer","tag-european-tobacco-control-scale","tag-feinstaubbelastung","tag-nichtraucherschutz","tag-passivrauch","tag-rauchverbot"],"yoast_head":"<!-- This site is optimized with the Yoast SEO plugin v26.2 - https:\/\/yoast.com\/wordpress\/plugins\/seo\/ -->\n<title>Nichtraucherschutz muss Vorrang haben - Rauchfrei Telefon<\/title>\n<meta name=\"robots\" content=\"index, follow, max-snippet:-1, max-image-preview:large, max-video-preview:-1\" \/>\n<link rel=\"canonical\" href=\"https:\/\/rauchfrei.at\/nichtraucherschutz-muss-vorrang-haben\/\" \/>\n<meta property=\"og:locale\" content=\"en_US\" \/>\n<meta property=\"og:type\" content=\"article\" \/>\n<meta property=\"og:title\" content=\"Nichtraucherschutz muss Vorrang haben - Rauchfrei Telefon\" \/>\n<meta property=\"og:description\" content=\"\u00d6sterreich hinkt im europ\u00e4ischen Vergleich bei der Tabakpolitik hinterher: Der internationale Vergleich zeigt, dass ein gesetzlich geregelter Nichtraucherschutz vorbeugend wirkt und Erkrankungen durch (Passiv)rauch deutlich reduzieren kann.\" \/>\n<meta property=\"og:url\" content=\"https:\/\/rauchfrei.at\/nichtraucherschutz-muss-vorrang-haben\/\" \/>\n<meta property=\"og:site_name\" content=\"Rauchfrei Telefon\" \/>\n<meta property=\"article:published_time\" content=\"2014-05-21T09:21:06+00:00\" \/>\n<meta property=\"article:modified_time\" content=\"2019-05-02T14:54:07+00:00\" \/>\n<meta property=\"og:image\" content=\"https:\/\/rauchfrei.at\/wp-content\/uploads\/Danke-f\u00fcrs-Nichtrauchen-480x678.jpg\" \/>\n<meta name=\"author\" content=\"Melanie Stulik\" \/>\n<meta name=\"twitter:card\" content=\"summary_large_image\" \/>\n<meta name=\"twitter:label1\" content=\"Written by\" \/>\n\t<meta name=\"twitter:data1\" content=\"Melanie Stulik\" \/>\n\t<meta name=\"twitter:label2\" content=\"Est. reading time\" \/>\n\t<meta name=\"twitter:data2\" content=\"2 minutes\" \/>\n<script type=\"application\/ld+json\" class=\"yoast-schema-graph\">{\"@context\":\"https:\/\/schema.org\",\"@graph\":[{\"@type\":\"WebPage\",\"@id\":\"https:\/\/rauchfrei.at\/nichtraucherschutz-muss-vorrang-haben\/\",\"url\":\"https:\/\/rauchfrei.at\/nichtraucherschutz-muss-vorrang-haben\/\",\"name\":\"Nichtraucherschutz muss Vorrang haben - Rauchfrei Telefon\",\"isPartOf\":{\"@id\":\"https:\/\/rauchfrei.at\/#website\"},\"datePublished\":\"2014-05-21T09:21:06+00:00\",\"dateModified\":\"2019-05-02T14:54:07+00:00\",\"author\":{\"@id\":\"https:\/\/rauchfrei.at\/#\/schema\/person\/91493cc00c3601c46943b77e7ebc0075\"},\"inLanguage\":\"en-US\",\"potentialAction\":[{\"@type\":\"ReadAction\",\"target\":[\"https:\/\/rauchfrei.at\/nichtraucherschutz-muss-vorrang-haben\/\"]}]},{\"@type\":\"WebSite\",\"@id\":\"https:\/\/rauchfrei.at\/#website\",\"url\":\"https:\/\/rauchfrei.at\/\",\"name\":\"Rauchfrei Telefon\",\"description\":\"Eine \u00f6sterreichweite Initiative der Sozialversicherungen.\",\"potentialAction\":[{\"@type\":\"SearchAction\",\"target\":{\"@type\":\"EntryPoint\",\"urlTemplate\":\"https:\/\/rauchfrei.at\/?s={search_term_string}\"},\"query-input\":{\"@type\":\"PropertyValueSpecification\",\"valueRequired\":true,\"valueName\":\"search_term_string\"}}],\"inLanguage\":\"en-US\"},{\"@type\":\"Person\",\"@id\":\"https:\/\/rauchfrei.at\/#\/schema\/person\/91493cc00c3601c46943b77e7ebc0075\",\"name\":\"Melanie Stulik\",\"image\":{\"@type\":\"ImageObject\",\"inLanguage\":\"en-US\",\"@id\":\"https:\/\/rauchfrei.at\/#\/schema\/person\/image\/\",\"url\":\"https:\/\/secure.gravatar.com\/avatar\/5ac3b6bb2b037bda3c21df97a4ee7e763aa9f84d8ffc3f86db3731b4c62ffb71?s=96&d=mm&r=g\",\"contentUrl\":\"https:\/\/secure.gravatar.com\/avatar\/5ac3b6bb2b037bda3c21df97a4ee7e763aa9f84d8ffc3f86db3731b4c62ffb71?s=96&d=mm&r=g\",\"caption\":\"Melanie Stulik\"},\"url\":\"https:\/\/rauchfrei.at\/en\/author\/melanie-stulik\/\"}]}<\/script>\n<!-- \/ Yoast SEO plugin. -->","yoast_head_json":{"title":"Nichtraucherschutz muss Vorrang haben - Rauchfrei Telefon","robots":{"index":"index","follow":"follow","max-snippet":"max-snippet:-1","max-image-preview":"max-image-preview:large","max-video-preview":"max-video-preview:-1"},"canonical":"https:\/\/rauchfrei.at\/nichtraucherschutz-muss-vorrang-haben\/","og_locale":"en_US","og_type":"article","og_title":"Nichtraucherschutz muss Vorrang haben - Rauchfrei Telefon","og_description":"\u00d6sterreich hinkt im europ\u00e4ischen Vergleich bei der Tabakpolitik hinterher: Der internationale Vergleich zeigt, dass ein gesetzlich geregelter Nichtraucherschutz vorbeugend wirkt und Erkrankungen durch (Passiv)rauch deutlich reduzieren kann.","og_url":"https:\/\/rauchfrei.at\/nichtraucherschutz-muss-vorrang-haben\/","og_site_name":"Rauchfrei Telefon","article_published_time":"2014-05-21T09:21:06+00:00","article_modified_time":"2019-05-02T14:54:07+00:00","og_image":[{"url":"https:\/\/rauchfrei.at\/wp-content\/uploads\/Danke-f\u00fcrs-Nichtrauchen-480x678.jpg","type":"","width":"","height":""}],"author":"Melanie Stulik","twitter_card":"summary_large_image","twitter_misc":{"Written by":"Melanie Stulik","Est. reading time":"2 minutes"},"schema":{"@context":"https:\/\/schema.org","@graph":[{"@type":"WebPage","@id":"https:\/\/rauchfrei.at\/nichtraucherschutz-muss-vorrang-haben\/","url":"https:\/\/rauchfrei.at\/nichtraucherschutz-muss-vorrang-haben\/","name":"Nichtraucherschutz muss Vorrang haben - Rauchfrei Telefon","isPartOf":{"@id":"https:\/\/rauchfrei.at\/#website"},"datePublished":"2014-05-21T09:21:06+00:00","dateModified":"2019-05-02T14:54:07+00:00","author":{"@id":"https:\/\/rauchfrei.at\/#\/schema\/person\/91493cc00c3601c46943b77e7ebc0075"},"inLanguage":"en-US","potentialAction":[{"@type":"ReadAction","target":["https:\/\/rauchfrei.at\/nichtraucherschutz-muss-vorrang-haben\/"]}]},{"@type":"WebSite","@id":"https:\/\/rauchfrei.at\/#website","url":"https:\/\/rauchfrei.at\/","name":"Rauchfrei Telefon","description":"Eine \u00f6sterreichweite Initiative der Sozialversicherungen.","potentialAction":[{"@type":"SearchAction","target":{"@type":"EntryPoint","urlTemplate":"https:\/\/rauchfrei.at\/?s={search_term_string}"},"query-input":{"@type":"PropertyValueSpecification","valueRequired":true,"valueName":"search_term_string"}}],"inLanguage":"en-US"},{"@type":"Person","@id":"https:\/\/rauchfrei.at\/#\/schema\/person\/91493cc00c3601c46943b77e7ebc0075","name":"Melanie Stulik","image":{"@type":"ImageObject","inLanguage":"en-US","@id":"https:\/\/rauchfrei.at\/#\/schema\/person\/image\/","url":"https:\/\/secure.gravatar.com\/avatar\/5ac3b6bb2b037bda3c21df97a4ee7e763aa9f84d8ffc3f86db3731b4c62ffb71?s=96&d=mm&r=g","contentUrl":"https:\/\/secure.gravatar.com\/avatar\/5ac3b6bb2b037bda3c21df97a4ee7e763aa9f84d8ffc3f86db3731b4c62ffb71?s=96&d=mm&r=g","caption":"Melanie Stulik"},"url":"https:\/\/rauchfrei.at\/en\/author\/melanie-stulik\/"}]}},"_links":{"self":[{"href":"https:\/\/rauchfrei.at\/en\/wp-json\/wp\/v2\/posts\/5661","targetHints":{"allow":["GET"]}}],"collection":[{"href":"https:\/\/rauchfrei.at\/en\/wp-json\/wp\/v2\/posts"}],"about":[{"href":"https:\/\/rauchfrei.at\/en\/wp-json\/wp\/v2\/types\/post"}],"author":[{"embeddable":true,"href":"https:\/\/rauchfrei.at\/en\/wp-json\/wp\/v2\/users\/16"}],"replies":[{"embeddable":true,"href":"https:\/\/rauchfrei.at\/en\/wp-json\/wp\/v2\/comments?post=5661"}],"version-history":[{"count":5,"href":"https:\/\/rauchfrei.at\/en\/wp-json\/wp\/v2\/posts\/5661\/revisions"}],"predecessor-version":[{"id":16747,"href":"https:\/\/rauchfrei.at\/en\/wp-json\/wp\/v2\/posts\/5661\/revisions\/16747"}],"wp:attachment":[{"href":"https:\/\/rauchfrei.at\/en\/wp-json\/wp\/v2\/media?parent=5661"}],"wp:term":[{"taxonomy":"category","embeddable":true,"href":"https:\/\/rauchfrei.at\/en\/wp-json\/wp\/v2\/categories?post=5661"},{"taxonomy":"post_tag","embeddable":true,"href":"https:\/\/rauchfrei.at\/en\/wp-json\/wp\/v2\/tags?post=5661"}],"curies":[{"name":"wp","href":"https:\/\/api.w.org\/{rel}","templated":true}]}}