
{"id":5714,"date":"2014-05-23T15:33:12","date_gmt":"2014-05-23T13:33:12","guid":{"rendered":"http:\/\/rauchfrei.ipax.hosting\/?p=5714"},"modified":"2022-01-13T11:41:09","modified_gmt":"2022-01-13T09:41:09","slug":"aktionen-unserer-partner-zum-heurigen-weltnichtrauchertag","status":"publish","type":"post","link":"https:\/\/rauchfrei.at\/en\/aktionen-unserer-partner-zum-heurigen-weltnichtrauchertag\/","title":{"rendered":"Aktionen unserer Partner zum heurigen Weltnichtrauchertag"},"content":{"rendered":"<p>[et_pb_section fb_built=&#8221;1&#8243; module_class=&#8221;header&#8221; _builder_version=&#8221;3.22&#8243; global_colors_info=&#8221;{}&#8221;][et_pb_row _builder_version=&#8221;3.25&#8243; global_colors_info=&#8221;{}&#8221;][et_pb_column type=&#8221;4_4&#8243; _builder_version=&#8221;3.25&#8243; custom_padding=&#8221;|||&#8221; global_colors_info=&#8221;{}&#8221; custom_padding__hover=&#8221;|||&#8221;][et_pb_dp_dmb_module_10001 _builder_version=&#8221;3.21.1&#8243; global_colors_info=&#8221;{}&#8221;][\/et_pb_dp_dmb_module_10001][\/et_pb_column][\/et_pb_row][\/et_pb_section][et_pb_section fb_built=&#8221;1&#8243; _builder_version=&#8221;3.22&#8243; global_colors_info=&#8221;{}&#8221;][et_pb_row _builder_version=&#8221;3.25&#8243; background_size=&#8221;initial&#8221; background_position=&#8221;top_left&#8221; background_repeat=&#8221;repeat&#8221; global_colors_info=&#8221;{}&#8221; column_structure=&#8221;2_3,1_3&#8243;][et_pb_column type=&#8221;2_3&#8243; _builder_version=&#8221;3.25&#8243; custom_padding=&#8221;|||&#8221; global_colors_info=&#8221;{}&#8221; custom_padding__hover=&#8221;|||&#8221;][et_pb_text _builder_version=&#8221;4.13.1&#8243; background_size=&#8221;initial&#8221; background_position=&#8221;top_left&#8221; background_repeat=&#8221;repeat&#8221; hover_enabled=&#8221;0&#8243; global_colors_info=&#8221;{}&#8221; sticky_enabled=&#8221;0&#8243;]<\/p>\n<h2>Am 31. Mai\u00a0ist Weltnichtrauchertag.<\/h2>\n<p>Anl\u00e4sslich dieses besonderen Tages warten eine Menge interessanter Aktionen und Veranstaltungen auf Sie, die wir Ihnen hier im \u00dcberblick vorstellen m\u00f6chten.<\/p>\n<h2><\/h2>\n<h2>Nieder\u00f6sterreich<\/h2>\n<h2><\/h2>\n<p><strong>Gesundheitslandesrat Maurice Androsch<\/strong> tritt anl\u00e4sslich des Weltnichtrauchertages f\u00fcr einen <strong>verbesserten Nichtraucherschutz<\/strong> ein und will somit &#8220;&#8230;aus Nieder\u00f6sterreich ein klares Zeichen setzen.\u201c Geplant ist die Entwicklung einer<strong> Tabakpr\u00e4ventionsstrategie f\u00fcr Nieder\u00f6sterreich<\/strong>. Mehr dazu lesen Sie <a title=\"ORF N\u00d6\" href=\"http:\/\/noe.orf.at\/news\/stories\/2648515\/%20\" target=\"_blank\" rel=\"noopener noreferrer\">hier<\/a>.<\/p>\n<h2>Salzburg<\/h2>\n<p>Die Salzburger Gebietskrankenkasse veranstaltet am <strong>Dienstag, 27. Mai von 15-17 Uhr\u00a0<\/strong>einen<strong> Gesundheits-Informationstag<\/strong> zum Thema <strong>&#8220;Was macht Rauchen mit meinem K\u00f6rper?&#8221;<\/strong> im GIZ. Weitere Informationen dazu finden Sie\u00a0<a href=\"https:\/\/rauchfrei.at\/wp-content\/uploads\/Infoblatt-Rauchen_1.jpg\" target=\"_blank\" rel=\"noopener noreferrer\">hier<\/a>.<\/p>\n<h2>Steiermark<\/h2>\n<p>Die Steierm\u00e4rkische Gebietskrankenkasse ist am <strong>Dienstag, 27. Mai<\/strong> in der <strong>Grazer Innenstadt<\/strong> mit einem<strong> Informationsstand<\/strong> vertreten, wo sie unter dem Motto <strong>&#8220;Aufamten rechnet sich&#8221;<\/strong> \u00fcber ihre Entw\u00f6hnangebote informiert.<\/p>\n<p>Weiters findet um 10:30 Uhr eine Pressekonferenz mit Vertretern der STGKK und des Gesundheitsressorts des Landes Steiermark statt. N\u00e4here Informationen dazu finden Sie <a href=\"https:\/\/rauchfrei.at\/rauchen-passt-nicht-mehr-zu-mir-2\/?et_fb=1&amp;PageSpeed=off\" target=\"_blank\" rel=\"noopener noreferrer\">hier<\/a>.<\/p>\n<h2>Vorarlberg<\/h2>\n<p>Anl\u00e4sslich des Weltnichtrauchertages l\u00e4dt die Vorarlberger Gebietskrankenkasse am <strong>Mittwoch, 28. Mai um 19 Uhr\u00a0<\/strong>zum <strong>Vortrag<\/strong> mit<strong> Ober\u00e4rztin Dr. Johanna Rohrer<\/strong> (Ober\u00e4rztin und Suchttherapeutin in der Stiftung Maria Ebene).<\/p>\n<p>Ort: inatura \u2013 Erlebnis Naturschau, Dornbirn<\/p>\n<p>&#8220;Es erwartet Sie Allerhand Wissenswertes und Interessantes zum Thema Rauchen. Durch ihre langj\u00e4hrige Erfahrung in der Behandlung mit Raucherinnen und Rauchern informiert Dr. Johanna Rohrer aus erster Hand \u00fcber M\u00f6glichkeiten des Rauchstopps und die neuesten Behandlungsformen. Zudem k\u00f6nnen Sie Ihren Kohlenmonoxid-Wert &#8211; Ihre Rauchmenge sozusagen &#8211; messen lassen.&#8221;<\/p>\n<h2>Wien<\/h2>\n<p>Am <strong>Mittwoch, dem 28. Mai<\/strong> bietet die <strong>SVA<\/strong> in der <strong>Hauptstelle<\/strong> von <strong>9-12h CO-Messungen<\/strong> sowie die beliebte <strong>Tschick-Tausch-B\u00f6rse<\/strong> an.<\/p>\n<p>Ort: Wiedner Hauptstra\u00dfe 84-86,\u00a0 1051 &#8211; Wien<\/p>\n<p>&nbsp;<\/p>\n<p>[\/et_pb_text][\/et_pb_column][et_pb_column type=&#8221;1_3&#8243; _builder_version=&#8221;3.25&#8243; custom_padding=&#8221;|||&#8221; global_colors_info=&#8221;{}&#8221; custom_padding__hover=&#8221;|||&#8221;][et_pb_sidebar area=&#8221;sidebar-1&#8243; _builder_version=&#8221;3.15&#8243; global_colors_info=&#8221;{}&#8221;][\/et_pb_sidebar][\/et_pb_column][\/et_pb_row][\/et_pb_section]<\/p>\n","protected":false},"excerpt":{"rendered":"<p>Auch heuer gibt es anl\u00e4sslich des Weltnichtrauchertages wieder eine Menge interessanter Aktionen der Partner des Rauchfrei Telefons. Sehen Sie hier einen \u00dcberblick der Veranstaltungen in den einzelnen Bundesl\u00e4ndern.<\/p>\n","protected":false},"author":7,"featured_media":0,"comment_status":"open","ping_status":"open","sticky":false,"template":"","format":"standard","meta":{"_et_pb_use_builder":"on","_et_pb_old_content":"<p>\u00a0<\/p><p><strong>Am 31. Mai\u00a0ist Weltnichtrauchertag.<\/strong><\/p><p>\u00a0<\/p><p>Anl\u00e4sslich dieses besonderen Tages warten eine Menge interessanter Aktionen und Veranstaltungen auf Sie, die wir Ihnen hier im \u00dcberblick vorstellen m\u00f6chten.<\/p><p>\u00a0<\/p><h2>\u00a0<\/h2><h2>Nieder\u00f6sterreich<\/h2><h2>\u00a0<\/h2><p><strong>Gesundheitslandesrat Maurice Androsch<\/strong> tritt anl\u00e4sslich des Weltnichtrauchertages f\u00fcr einen <strong>verbesserten Nichtraucherschutz<\/strong> ein und will somit \"...aus Nieder\u00f6sterreich ein klares Zeichen setzen.\u201c Geplant ist die Entwicklung einer<strong> Tabakpr\u00e4ventionsstrategie f\u00fcr Nieder\u00f6sterreich<\/strong>. Mehr dazu lesen Sie <a title=\"ORF N\u00d6\" href=\"http:\/\/noe.orf.at\/news\/stories\/2648515\/%20\" target=\"_blank\" rel=\"noopener\">hier<\/a>.<\/p><h2>\u00a0<\/h2><p>\u00a0<\/p><h2>Salzburg<\/h2><p>\u00a0<\/p><p>Die Salzburger Gebietskrankenkasse veranstaltet am <strong>Dienstag, 27. Mai von 15-17 Uhr\u00a0<\/strong>einen<strong> Gesundheits-Informationstag<\/strong> zum Thema <strong>\"Was macht Rauchen mit meinem K\u00f6rper?\"<\/strong> im GIZ. Weitere Informationen dazu finden Sie\u00a0<a href=\"https:\/\/rauchfrei.at\/wp-content\/uploads\/Infoblatt-Rauchen_1.jpg\" target=\"_blank\" rel=\"noopener\">hier<\/a>.<\/p><p>\u00a0<\/p><p>\u00a0<\/p><h2>Steiermark<\/h2><p>\u00a0<\/p><p>Die Steierm\u00e4rkische Gebietskrankenkasse ist am <strong>Dienstag, 27. Mai<\/strong> in der <strong>Grazer Innenstadt<\/strong> mit einem<strong> Informationsstand<\/strong> vertreten, wo sie unter dem Motto <strong>\"Aufamten rechnet sich\"<\/strong> \u00fcber ihre Entw\u00f6hnangebote informiert.<\/p><p>\u00a0<\/p><p>Weiters findet um 10:30 Uhr eine Pressekonferenz mit Vertretern der STGKK und des Gesundheitsressorts des Landes Steiermark statt. N\u00e4here Informationen dazu finden Sie <a href=\"http:\/\/www.stgkk.at\/portal27\/portal\/stgkkportal\/content\/contentWindow;jsessionid=579CE40A15379B74E3EADAFE4BB4C0CD.jbport_271_esvportal_a?contentid=10007.729591&action=2&viewmode=content%20\" target=\"_blank\" rel=\"noopener\">hier<\/a>.<\/p><p>\u00a0<\/p><p>\u00a0<\/p><h2>Vorarlberg<\/h2><p>\u00a0<\/p><p>Anl\u00e4sslich des Weltnichtrauchertages l\u00e4dt die Vorarlberger Gebietskrankenkasse am <strong>Mittwoch, 28. Mai um 19 Uhr\u00a0<\/strong>zum <strong>Vortrag<\/strong> mit<strong> Ober\u00e4rztin Dr. Johanna Rohrer<\/strong> (Ober\u00e4rztin und Suchttherapeutin in der Stiftung Maria Ebene).<\/p><p>Ort: inatura \u2013 Erlebnis Naturschau, Dornbirn<\/p><p>\u00a0<\/p><blockquote><p>\"Es erwartet Sie Allerhand Wissenswertes und Interessantes zum Thema Rauchen. Durch ihre langj\u00e4hrige Erfahrung in der Behandlung mit Raucherinnen und Rauchern informiert Dr. Johanna Rohrer aus erster Hand \u00fcber M\u00f6glichkeiten des Rauchstopps und die neuesten Behandlungsformen. Zudem k\u00f6nnen Sie Ihren Kohlenmonoxid-Wert - Ihre Rauchmenge sozusagen - messen lassen.\"<\/p><p>\u00a0<\/p><\/blockquote><h2>Wien<\/h2><p>\u00a0<\/p><p>Am <strong>Mittwoch, dem 28. Mai<\/strong> bietet die <strong>SVA<\/strong> in der <strong>Hauptstelle<\/strong> von <strong>9-12h CO-Messungen<\/strong> sowie die beliebte <strong>Tschick-Tausch-B\u00f6rse<\/strong> an.<\/p><p>Ort: Wiedner Hauptstra\u00dfe 84-86,\u00a0 1051 - Wien<\/p><p>\u00a0<\/p><p>\u00a0<\/p><p>\u00a0<\/p><p>\u00a0<\/p>","_et_gb_content_width":"","footnotes":""},"categories":[237,234],"tags":[],"class_list":["post-5714","post","type-post","status-publish","format-standard","hentry","category-literatur-und-hintergrundwissen","category-oesterreichweite-angebote-zur-entwoehnung"],"yoast_head":"<!-- This site is optimized with the Yoast SEO plugin v26.2 - https:\/\/yoast.com\/wordpress\/plugins\/seo\/ -->\n<title>Aktionen unserer Partner zum heurigen Weltnichtrauchertag - Rauchfrei Telefon<\/title>\n<meta name=\"robots\" content=\"index, follow, max-snippet:-1, max-image-preview:large, max-video-preview:-1\" \/>\n<link rel=\"canonical\" href=\"https:\/\/rauchfrei.at\/aktionen-unserer-partner-zum-heurigen-weltnichtrauchertag\/\" \/>\n<meta property=\"og:locale\" content=\"en_US\" \/>\n<meta property=\"og:type\" content=\"article\" \/>\n<meta property=\"og:title\" content=\"Aktionen unserer Partner zum heurigen Weltnichtrauchertag - Rauchfrei Telefon\" \/>\n<meta property=\"og:description\" content=\"Auch heuer gibt es anl\u00e4sslich des Weltnichtrauchertages wieder eine Menge interessanter Aktionen der Partner des Rauchfrei Telefons. Sehen Sie hier einen \u00dcberblick der Veranstaltungen in den einzelnen Bundesl\u00e4ndern.\" \/>\n<meta property=\"og:url\" content=\"https:\/\/rauchfrei.at\/aktionen-unserer-partner-zum-heurigen-weltnichtrauchertag\/\" \/>\n<meta property=\"og:site_name\" content=\"Rauchfrei Telefon\" \/>\n<meta property=\"article:published_time\" content=\"2014-05-23T13:33:12+00:00\" \/>\n<meta property=\"article:modified_time\" content=\"2022-01-13T09:41:09+00:00\" \/>\n<meta name=\"author\" content=\"Nina Heumayer\" \/>\n<meta name=\"twitter:card\" content=\"summary_large_image\" \/>\n<meta name=\"twitter:label1\" content=\"Written by\" \/>\n\t<meta name=\"twitter:data1\" content=\"Nina Heumayer\" \/>\n\t<meta name=\"twitter:label2\" content=\"Est. reading time\" \/>\n\t<meta name=\"twitter:data2\" content=\"2 minutes\" \/>\n<script type=\"application\/ld+json\" class=\"yoast-schema-graph\">{\"@context\":\"https:\/\/schema.org\",\"@graph\":[{\"@type\":\"WebPage\",\"@id\":\"https:\/\/rauchfrei.at\/aktionen-unserer-partner-zum-heurigen-weltnichtrauchertag\/\",\"url\":\"https:\/\/rauchfrei.at\/aktionen-unserer-partner-zum-heurigen-weltnichtrauchertag\/\",\"name\":\"Aktionen unserer Partner zum heurigen Weltnichtrauchertag - Rauchfrei Telefon\",\"isPartOf\":{\"@id\":\"https:\/\/rauchfrei.at\/#website\"},\"datePublished\":\"2014-05-23T13:33:12+00:00\",\"dateModified\":\"2022-01-13T09:41:09+00:00\",\"author\":{\"@id\":\"https:\/\/rauchfrei.at\/#\/schema\/person\/6ba3adad8eb872b334787c24357473aa\"},\"inLanguage\":\"en-US\",\"potentialAction\":[{\"@type\":\"ReadAction\",\"target\":[\"https:\/\/rauchfrei.at\/aktionen-unserer-partner-zum-heurigen-weltnichtrauchertag\/\"]}]},{\"@type\":\"WebSite\",\"@id\":\"https:\/\/rauchfrei.at\/#website\",\"url\":\"https:\/\/rauchfrei.at\/\",\"name\":\"Rauchfrei Telefon\",\"description\":\"Eine \u00f6sterreichweite Initiative der Sozialversicherungen.\",\"potentialAction\":[{\"@type\":\"SearchAction\",\"target\":{\"@type\":\"EntryPoint\",\"urlTemplate\":\"https:\/\/rauchfrei.at\/?s={search_term_string}\"},\"query-input\":{\"@type\":\"PropertyValueSpecification\",\"valueRequired\":true,\"valueName\":\"search_term_string\"}}],\"inLanguage\":\"en-US\"},{\"@type\":\"Person\",\"@id\":\"https:\/\/rauchfrei.at\/#\/schema\/person\/6ba3adad8eb872b334787c24357473aa\",\"name\":\"Nina Heumayer\",\"image\":{\"@type\":\"ImageObject\",\"inLanguage\":\"en-US\",\"@id\":\"https:\/\/rauchfrei.at\/#\/schema\/person\/image\/\",\"url\":\"https:\/\/secure.gravatar.com\/avatar\/0980a970ceeb24db5798b86faac2035236ffa2f49daf0e59474baef797676711?s=96&d=mm&r=g\",\"contentUrl\":\"https:\/\/secure.gravatar.com\/avatar\/0980a970ceeb24db5798b86faac2035236ffa2f49daf0e59474baef797676711?s=96&d=mm&r=g\",\"caption\":\"Nina Heumayer\"},\"url\":\"https:\/\/rauchfrei.at\/en\/author\/heumayer\/\"}]}<\/script>\n<!-- \/ Yoast SEO plugin. -->","yoast_head_json":{"title":"Aktionen unserer Partner zum heurigen Weltnichtrauchertag - Rauchfrei Telefon","robots":{"index":"index","follow":"follow","max-snippet":"max-snippet:-1","max-image-preview":"max-image-preview:large","max-video-preview":"max-video-preview:-1"},"canonical":"https:\/\/rauchfrei.at\/aktionen-unserer-partner-zum-heurigen-weltnichtrauchertag\/","og_locale":"en_US","og_type":"article","og_title":"Aktionen unserer Partner zum heurigen Weltnichtrauchertag - Rauchfrei Telefon","og_description":"Auch heuer gibt es anl\u00e4sslich des Weltnichtrauchertages wieder eine Menge interessanter Aktionen der Partner des Rauchfrei Telefons. Sehen Sie hier einen \u00dcberblick der Veranstaltungen in den einzelnen Bundesl\u00e4ndern.","og_url":"https:\/\/rauchfrei.at\/aktionen-unserer-partner-zum-heurigen-weltnichtrauchertag\/","og_site_name":"Rauchfrei Telefon","article_published_time":"2014-05-23T13:33:12+00:00","article_modified_time":"2022-01-13T09:41:09+00:00","author":"Nina Heumayer","twitter_card":"summary_large_image","twitter_misc":{"Written by":"Nina Heumayer","Est. reading time":"2 minutes"},"schema":{"@context":"https:\/\/schema.org","@graph":[{"@type":"WebPage","@id":"https:\/\/rauchfrei.at\/aktionen-unserer-partner-zum-heurigen-weltnichtrauchertag\/","url":"https:\/\/rauchfrei.at\/aktionen-unserer-partner-zum-heurigen-weltnichtrauchertag\/","name":"Aktionen unserer Partner zum heurigen Weltnichtrauchertag - Rauchfrei Telefon","isPartOf":{"@id":"https:\/\/rauchfrei.at\/#website"},"datePublished":"2014-05-23T13:33:12+00:00","dateModified":"2022-01-13T09:41:09+00:00","author":{"@id":"https:\/\/rauchfrei.at\/#\/schema\/person\/6ba3adad8eb872b334787c24357473aa"},"inLanguage":"en-US","potentialAction":[{"@type":"ReadAction","target":["https:\/\/rauchfrei.at\/aktionen-unserer-partner-zum-heurigen-weltnichtrauchertag\/"]}]},{"@type":"WebSite","@id":"https:\/\/rauchfrei.at\/#website","url":"https:\/\/rauchfrei.at\/","name":"Rauchfrei Telefon","description":"Eine \u00f6sterreichweite Initiative der Sozialversicherungen.","potentialAction":[{"@type":"SearchAction","target":{"@type":"EntryPoint","urlTemplate":"https:\/\/rauchfrei.at\/?s={search_term_string}"},"query-input":{"@type":"PropertyValueSpecification","valueRequired":true,"valueName":"search_term_string"}}],"inLanguage":"en-US"},{"@type":"Person","@id":"https:\/\/rauchfrei.at\/#\/schema\/person\/6ba3adad8eb872b334787c24357473aa","name":"Nina Heumayer","image":{"@type":"ImageObject","inLanguage":"en-US","@id":"https:\/\/rauchfrei.at\/#\/schema\/person\/image\/","url":"https:\/\/secure.gravatar.com\/avatar\/0980a970ceeb24db5798b86faac2035236ffa2f49daf0e59474baef797676711?s=96&d=mm&r=g","contentUrl":"https:\/\/secure.gravatar.com\/avatar\/0980a970ceeb24db5798b86faac2035236ffa2f49daf0e59474baef797676711?s=96&d=mm&r=g","caption":"Nina Heumayer"},"url":"https:\/\/rauchfrei.at\/en\/author\/heumayer\/"}]}},"_links":{"self":[{"href":"https:\/\/rauchfrei.at\/en\/wp-json\/wp\/v2\/posts\/5714","targetHints":{"allow":["GET"]}}],"collection":[{"href":"https:\/\/rauchfrei.at\/en\/wp-json\/wp\/v2\/posts"}],"about":[{"href":"https:\/\/rauchfrei.at\/en\/wp-json\/wp\/v2\/types\/post"}],"author":[{"embeddable":true,"href":"https:\/\/rauchfrei.at\/en\/wp-json\/wp\/v2\/users\/7"}],"replies":[{"embeddable":true,"href":"https:\/\/rauchfrei.at\/en\/wp-json\/wp\/v2\/comments?post=5714"}],"version-history":[{"count":7,"href":"https:\/\/rauchfrei.at\/en\/wp-json\/wp\/v2\/posts\/5714\/revisions"}],"predecessor-version":[{"id":22722,"href":"https:\/\/rauchfrei.at\/en\/wp-json\/wp\/v2\/posts\/5714\/revisions\/22722"}],"wp:attachment":[{"href":"https:\/\/rauchfrei.at\/en\/wp-json\/wp\/v2\/media?parent=5714"}],"wp:term":[{"taxonomy":"category","embeddable":true,"href":"https:\/\/rauchfrei.at\/en\/wp-json\/wp\/v2\/categories?post=5714"},{"taxonomy":"post_tag","embeddable":true,"href":"https:\/\/rauchfrei.at\/en\/wp-json\/wp\/v2\/tags?post=5714"}],"curies":[{"name":"wp","href":"https:\/\/api.w.org\/{rel}","templated":true}]}}