
{"id":5862,"date":"2014-06-04T17:54:44","date_gmt":"2014-06-04T15:54:44","guid":{"rendered":"http:\/\/rauchfrei.ipax.hosting\/?p=5862"},"modified":"2019-05-02T16:47:44","modified_gmt":"2019-05-02T14:47:44","slug":"rauchen-passt-nicht-mehr-zu-mir","status":"publish","type":"post","link":"https:\/\/rauchfrei.at\/en\/rauchen-passt-nicht-mehr-zu-mir\/","title":{"rendered":"&#8220;Rauchen passt nicht mehr zu mir&#8221;"},"content":{"rendered":"<p>[et_pb_section fb_built=&#8221;1&#8243; module_class=&#8221;header&#8221; _builder_version=&#8221;3.0.99&#8243;][et_pb_row _builder_version=&#8221;3.0.99&#8243;][et_pb_column type=&#8221;4_4&#8243; _builder_version=&#8221;3.0.47&#8243;][et_pb_dp_dmb_module_10001 _builder_version=&#8221;3.21.1&#8243;][\/et_pb_dp_dmb_module_10001][\/et_pb_column][\/et_pb_row][\/et_pb_section][et_pb_section fb_built=&#8221;1&#8243; _builder_version=&#8221;3.0.47&#8243;][et_pb_row _builder_version=&#8221;3.0.48&#8243; background_size=&#8221;initial&#8221; background_position=&#8221;top_left&#8221; background_repeat=&#8221;repeat&#8221;][et_pb_column type=&#8221;2_3&#8243; _builder_version=&#8221;3.0.47&#8243;][et_pb_text _builder_version=&#8221;3.0.74&#8243; background_size=&#8221;initial&#8221; background_position=&#8221;top_left&#8221; background_repeat=&#8221;repeat&#8221;]<\/p>\n<p><span style=\"font-size: 15px;\">Anl\u00e4sslich des heurigen Weltnichtrauchertages pr\u00e4sentierte das <\/span><strong style=\"font-size: 15px;\">LKH Universit\u00e4tsklinikum Graz<\/strong><span style=\"font-size: 15px;\"> die<\/span><strong style=\"font-size: 15px;\"> Kampagne &#8220;Rauchen passt nicht mehr zu mir&#8221;.<\/strong><\/p>\n<p><strong>Drei Klinikmitarbeiter\/innen,<\/strong> die seit\u00a0mehr als\u00a0einem Jahr <strong>rauchfrei<\/strong> sind, motivieren auf drei Postersujets zum Rauchstopp und verraten ihre pers\u00f6nlichen Motive f\u00fcr den Schritt in die Rauchfreiheit. Die Plakate sind in den Raucherzonen des Klinikums in Graz zu sehen.<\/p>\n<p>Die Poster wurden von <a href=\"http:\/\/www.vivid.at\/\" target=\"_blank\" rel=\"noopener noreferrer\">VIVID <\/a>(Fachstelle f\u00fcr Suchtpr\u00e4vention) entwickelt.<\/p>\n<p><a href=\"https:\/\/rauchfrei.at\/wp-content\/uploads\/\u00a9-VIVID_Plakat_Beruf.jpg\"><img loading=\"lazy\" decoding=\"async\" class=\"alignnone size-medium wp-image-5868\" src=\"https:\/\/rauchfrei.at\/wp-content\/uploads\/\u00a9-VIVID_Plakat_Beruf-225x318.jpg\" alt=\"\u00a9 VIVID_Plakat_Beruf\" width=\"225\" height=\"318\" srcset=\"https:\/\/rauchfrei.at\/wp-content\/uploads\/\u00a9-VIVID_Plakat_Beruf-225x318.jpg 225w, https:\/\/rauchfrei.at\/wp-content\/uploads\/\u00a9-VIVID_Plakat_Beruf-480x678.jpg 480w, https:\/\/rauchfrei.at\/wp-content\/uploads\/\u00a9-VIVID_Plakat_Beruf.jpg 591w\" sizes=\"(max-width: 225px) 100vw, 225px\" \/><\/a><\/p>\n<p><a href=\"https:\/\/rauchfrei.at\/wp-content\/uploads\/\u00a9-VIVID_Plakat_Vorbild.jpg\"><img loading=\"lazy\" decoding=\"async\" class=\"alignnone size-medium wp-image-5870\" src=\"https:\/\/rauchfrei.at\/wp-content\/uploads\/\u00a9-VIVID_Plakat_Vorbild-225x318.jpg\" alt=\"\u00a9 VIVID_Plakat_Vorbild\" width=\"225\" height=\"318\" srcset=\"https:\/\/rauchfrei.at\/wp-content\/uploads\/\u00a9-VIVID_Plakat_Vorbild-225x318.jpg 225w, https:\/\/rauchfrei.at\/wp-content\/uploads\/\u00a9-VIVID_Plakat_Vorbild-480x678.jpg 480w, https:\/\/rauchfrei.at\/wp-content\/uploads\/\u00a9-VIVID_Plakat_Vorbild.jpg 591w\" sizes=\"(max-width: 225px) 100vw, 225px\" \/><\/a><\/p>\n<p>Mehr dazu <a href=\"http:\/\/www.klinikum-graz.at\/cms\/beitrag\/10306945\/2096265\/\" target=\"_blank\" rel=\"noopener noreferrer\">hier<\/a><\/p>\n<p>[\/et_pb_text][\/et_pb_column][et_pb_column type=&#8221;1_3&#8243; _builder_version=&#8221;3.0.47&#8243;][et_pb_sidebar area=&#8221;sidebar-1&#8243; _builder_version=&#8221;3.15&#8243;][\/et_pb_sidebar][\/et_pb_column][\/et_pb_row][\/et_pb_section]<\/p>\n","protected":false},"excerpt":{"rendered":"<p>Unter diesem Titel haben sich drei Klinikbedienstete des LKH Universit\u00e4tsklinikums Graz f\u00fcr eine Kampagne zur Verf\u00fcgung gestellt, die Raucher\/innen zum Rauchstopp motiviert.<\/p>\n","protected":false},"author":7,"featured_media":0,"comment_status":"open","ping_status":"open","sticky":false,"template":"","format":"standard","meta":{"_et_pb_use_builder":"on","_et_pb_old_content":"<p>\u00a0<\/p><p>Anl\u00e4sslich des heurigen Weltnichtrauchertages pr\u00e4sentierte das <strong>LKH Universit\u00e4tsklinikum Graz<\/strong> die<strong> Kampagne \"Rauchen passt nicht mehr zu mir\".<\/strong><\/p><p>\u00a0<\/p><p><strong>Drei Klinikmitarbeiter\/innen,<\/strong> die seit\u00a0mehr als\u00a0einem Jahr <strong>rauchfrei<\/strong> sind, motivieren auf drei Postersujets zum Rauchstopp und verraten ihre pers\u00f6nlichen Motive f\u00fcr den Schritt in die Rauchfreiheit. Die Plakate sind in den Raucherzonen des Klinikums in Graz zu sehen.<\/p><p>\u00a0<\/p><p>Die Poster wurden von <a href=\"http:\/\/www.vivid.at\/\" target=\"_blank\" rel=\"noopener\">VIVID <\/a>(Fachstelle f\u00fcr Suchtpr\u00e4vention) entwickelt.<\/p><p>\u00a0<\/p><p><a href=\"https:\/\/rauchfrei.at\/wp-content\/uploads\/\u00a9-VIVID_Plakat_Beruf.jpg\"><img class=\"alignnone size-medium wp-image-5868\" src=\"https:\/\/rauchfrei.at\/wp-content\/uploads\/\u00a9-VIVID_Plakat_Beruf-225x318.jpg\" alt=\"\u00a9 VIVID_Plakat_Beruf\" width=\"225\" height=\"318\" \/><\/a><\/p><p>\u00a0<\/p><p>\u00a0<\/p><p><a href=\"https:\/\/rauchfrei.at\/wp-content\/uploads\/\u00a9-VIVID_Plakat_Vorbild.jpg\"><img class=\"alignnone size-medium wp-image-5870\" src=\"https:\/\/rauchfrei.at\/wp-content\/uploads\/\u00a9-VIVID_Plakat_Vorbild-225x318.jpg\" alt=\"\u00a9 VIVID_Plakat_Vorbild\" width=\"225\" height=\"318\" \/><\/a><\/p><p>\u00a0<\/p><p>\u00a0<\/p><p><a href=\"https:\/\/rauchfrei.at\/wp-content\/uploads\/\u00a9-VIVID_Plakat_Sch\u00f6nheit.jpg\"><img class=\"alignnone size-medium wp-image-5869\" src=\"https:\/\/rauchfrei.at\/wp-content\/uploads\/\u00a9-VIVID_Plakat_Sch\u00f6nheit-225x318.jpg\" alt=\"\u00a9 VIVID_Plakat_Sch\u00f6nheit\" width=\"225\" height=\"318\" \/><\/a><\/p><p>\u00a0<\/p><p>Mehr dazu <a href=\"http:\/\/www.klinikum-graz.at\/cms\/beitrag\/10306945\/2096265\/\" target=\"_blank\" rel=\"noopener\">hier<\/a><\/p><p>\u00a0<\/p><p>\u00a0<\/p><p>\u00a0<\/p><p>\u00a0<\/p>","_et_gb_content_width":"","footnotes":""},"categories":[237,234],"tags":[],"class_list":["post-5862","post","type-post","status-publish","format-standard","hentry","category-literatur-und-hintergrundwissen","category-oesterreichweite-angebote-zur-entwoehnung"],"yoast_head":"<!-- This site is optimized with the Yoast SEO plugin v26.2 - https:\/\/yoast.com\/wordpress\/plugins\/seo\/ -->\n<title>&quot;Rauchen passt nicht mehr zu mir&quot; - Rauchfrei Telefon<\/title>\n<meta name=\"robots\" content=\"index, follow, max-snippet:-1, max-image-preview:large, max-video-preview:-1\" \/>\n<link rel=\"canonical\" href=\"https:\/\/rauchfrei.at\/rauchen-passt-nicht-mehr-zu-mir\/\" \/>\n<meta property=\"og:locale\" content=\"en_US\" \/>\n<meta property=\"og:type\" content=\"article\" \/>\n<meta property=\"og:title\" content=\"&quot;Rauchen passt nicht mehr zu mir&quot; - Rauchfrei Telefon\" \/>\n<meta property=\"og:description\" content=\"Unter diesem Titel haben sich drei Klinikbedienstete des LKH Universit\u00e4tsklinikums Graz f\u00fcr eine Kampagne zur Verf\u00fcgung gestellt, die Raucher\/innen zum Rauchstopp motiviert.\" \/>\n<meta property=\"og:url\" content=\"https:\/\/rauchfrei.at\/rauchen-passt-nicht-mehr-zu-mir\/\" \/>\n<meta property=\"og:site_name\" content=\"Rauchfrei Telefon\" \/>\n<meta property=\"article:published_time\" content=\"2014-06-04T15:54:44+00:00\" \/>\n<meta property=\"article:modified_time\" content=\"2019-05-02T14:47:44+00:00\" \/>\n<meta property=\"og:image\" content=\"https:\/\/rauchfrei.at\/wp-content\/uploads\/\u00a9-VIVID_Plakat_Beruf-225x318.jpg\" \/>\n<meta name=\"author\" content=\"Nina Heumayer\" \/>\n<meta name=\"twitter:card\" content=\"summary_large_image\" \/>\n<meta name=\"twitter:label1\" content=\"Written by\" \/>\n\t<meta name=\"twitter:data1\" content=\"Nina Heumayer\" \/>\n\t<meta name=\"twitter:label2\" content=\"Est. reading time\" \/>\n\t<meta name=\"twitter:data2\" content=\"1 minute\" \/>\n<script type=\"application\/ld+json\" class=\"yoast-schema-graph\">{\"@context\":\"https:\/\/schema.org\",\"@graph\":[{\"@type\":\"WebPage\",\"@id\":\"https:\/\/rauchfrei.at\/rauchen-passt-nicht-mehr-zu-mir\/\",\"url\":\"https:\/\/rauchfrei.at\/rauchen-passt-nicht-mehr-zu-mir\/\",\"name\":\"\\\"Rauchen passt nicht mehr zu mir\\\" - Rauchfrei Telefon\",\"isPartOf\":{\"@id\":\"https:\/\/rauchfrei.at\/#website\"},\"datePublished\":\"2014-06-04T15:54:44+00:00\",\"dateModified\":\"2019-05-02T14:47:44+00:00\",\"author\":{\"@id\":\"https:\/\/rauchfrei.at\/#\/schema\/person\/6ba3adad8eb872b334787c24357473aa\"},\"inLanguage\":\"en-US\",\"potentialAction\":[{\"@type\":\"ReadAction\",\"target\":[\"https:\/\/rauchfrei.at\/rauchen-passt-nicht-mehr-zu-mir\/\"]}]},{\"@type\":\"WebSite\",\"@id\":\"https:\/\/rauchfrei.at\/#website\",\"url\":\"https:\/\/rauchfrei.at\/\",\"name\":\"Rauchfrei Telefon\",\"description\":\"Eine \u00f6sterreichweite Initiative der Sozialversicherungen.\",\"potentialAction\":[{\"@type\":\"SearchAction\",\"target\":{\"@type\":\"EntryPoint\",\"urlTemplate\":\"https:\/\/rauchfrei.at\/?s={search_term_string}\"},\"query-input\":{\"@type\":\"PropertyValueSpecification\",\"valueRequired\":true,\"valueName\":\"search_term_string\"}}],\"inLanguage\":\"en-US\"},{\"@type\":\"Person\",\"@id\":\"https:\/\/rauchfrei.at\/#\/schema\/person\/6ba3adad8eb872b334787c24357473aa\",\"name\":\"Nina Heumayer\",\"image\":{\"@type\":\"ImageObject\",\"inLanguage\":\"en-US\",\"@id\":\"https:\/\/rauchfrei.at\/#\/schema\/person\/image\/\",\"url\":\"https:\/\/secure.gravatar.com\/avatar\/0980a970ceeb24db5798b86faac2035236ffa2f49daf0e59474baef797676711?s=96&d=mm&r=g\",\"contentUrl\":\"https:\/\/secure.gravatar.com\/avatar\/0980a970ceeb24db5798b86faac2035236ffa2f49daf0e59474baef797676711?s=96&d=mm&r=g\",\"caption\":\"Nina Heumayer\"},\"url\":\"https:\/\/rauchfrei.at\/en\/author\/heumayer\/\"}]}<\/script>\n<!-- \/ Yoast SEO plugin. -->","yoast_head_json":{"title":"\"Rauchen passt nicht mehr zu mir\" - Rauchfrei Telefon","robots":{"index":"index","follow":"follow","max-snippet":"max-snippet:-1","max-image-preview":"max-image-preview:large","max-video-preview":"max-video-preview:-1"},"canonical":"https:\/\/rauchfrei.at\/rauchen-passt-nicht-mehr-zu-mir\/","og_locale":"en_US","og_type":"article","og_title":"\"Rauchen passt nicht mehr zu mir\" - Rauchfrei Telefon","og_description":"Unter diesem Titel haben sich drei Klinikbedienstete des LKH Universit\u00e4tsklinikums Graz f\u00fcr eine Kampagne zur Verf\u00fcgung gestellt, die Raucher\/innen zum Rauchstopp motiviert.","og_url":"https:\/\/rauchfrei.at\/rauchen-passt-nicht-mehr-zu-mir\/","og_site_name":"Rauchfrei Telefon","article_published_time":"2014-06-04T15:54:44+00:00","article_modified_time":"2019-05-02T14:47:44+00:00","og_image":[{"url":"https:\/\/rauchfrei.at\/wp-content\/uploads\/\u00a9-VIVID_Plakat_Beruf-225x318.jpg","type":"","width":"","height":""}],"author":"Nina Heumayer","twitter_card":"summary_large_image","twitter_misc":{"Written by":"Nina Heumayer","Est. reading time":"1 minute"},"schema":{"@context":"https:\/\/schema.org","@graph":[{"@type":"WebPage","@id":"https:\/\/rauchfrei.at\/rauchen-passt-nicht-mehr-zu-mir\/","url":"https:\/\/rauchfrei.at\/rauchen-passt-nicht-mehr-zu-mir\/","name":"\"Rauchen passt nicht mehr zu mir\" - Rauchfrei Telefon","isPartOf":{"@id":"https:\/\/rauchfrei.at\/#website"},"datePublished":"2014-06-04T15:54:44+00:00","dateModified":"2019-05-02T14:47:44+00:00","author":{"@id":"https:\/\/rauchfrei.at\/#\/schema\/person\/6ba3adad8eb872b334787c24357473aa"},"inLanguage":"en-US","potentialAction":[{"@type":"ReadAction","target":["https:\/\/rauchfrei.at\/rauchen-passt-nicht-mehr-zu-mir\/"]}]},{"@type":"WebSite","@id":"https:\/\/rauchfrei.at\/#website","url":"https:\/\/rauchfrei.at\/","name":"Rauchfrei Telefon","description":"Eine \u00f6sterreichweite Initiative der Sozialversicherungen.","potentialAction":[{"@type":"SearchAction","target":{"@type":"EntryPoint","urlTemplate":"https:\/\/rauchfrei.at\/?s={search_term_string}"},"query-input":{"@type":"PropertyValueSpecification","valueRequired":true,"valueName":"search_term_string"}}],"inLanguage":"en-US"},{"@type":"Person","@id":"https:\/\/rauchfrei.at\/#\/schema\/person\/6ba3adad8eb872b334787c24357473aa","name":"Nina Heumayer","image":{"@type":"ImageObject","inLanguage":"en-US","@id":"https:\/\/rauchfrei.at\/#\/schema\/person\/image\/","url":"https:\/\/secure.gravatar.com\/avatar\/0980a970ceeb24db5798b86faac2035236ffa2f49daf0e59474baef797676711?s=96&d=mm&r=g","contentUrl":"https:\/\/secure.gravatar.com\/avatar\/0980a970ceeb24db5798b86faac2035236ffa2f49daf0e59474baef797676711?s=96&d=mm&r=g","caption":"Nina Heumayer"},"url":"https:\/\/rauchfrei.at\/en\/author\/heumayer\/"}]}},"_links":{"self":[{"href":"https:\/\/rauchfrei.at\/en\/wp-json\/wp\/v2\/posts\/5862","targetHints":{"allow":["GET"]}}],"collection":[{"href":"https:\/\/rauchfrei.at\/en\/wp-json\/wp\/v2\/posts"}],"about":[{"href":"https:\/\/rauchfrei.at\/en\/wp-json\/wp\/v2\/types\/post"}],"author":[{"embeddable":true,"href":"https:\/\/rauchfrei.at\/en\/wp-json\/wp\/v2\/users\/7"}],"replies":[{"embeddable":true,"href":"https:\/\/rauchfrei.at\/en\/wp-json\/wp\/v2\/comments?post=5862"}],"version-history":[{"count":5,"href":"https:\/\/rauchfrei.at\/en\/wp-json\/wp\/v2\/posts\/5862\/revisions"}],"predecessor-version":[{"id":16736,"href":"https:\/\/rauchfrei.at\/en\/wp-json\/wp\/v2\/posts\/5862\/revisions\/16736"}],"wp:attachment":[{"href":"https:\/\/rauchfrei.at\/en\/wp-json\/wp\/v2\/media?parent=5862"}],"wp:term":[{"taxonomy":"category","embeddable":true,"href":"https:\/\/rauchfrei.at\/en\/wp-json\/wp\/v2\/categories?post=5862"},{"taxonomy":"post_tag","embeddable":true,"href":"https:\/\/rauchfrei.at\/en\/wp-json\/wp\/v2\/tags?post=5862"}],"curies":[{"name":"wp","href":"https:\/\/api.w.org\/{rel}","templated":true}]}}