
{"id":5878,"date":"2014-06-13T23:44:30","date_gmt":"2014-06-13T21:44:30","guid":{"rendered":"http:\/\/rauchfrei.ipax.hosting\/?p=5878"},"modified":"2019-05-02T16:46:39","modified_gmt":"2019-05-02T14:46:39","slug":"rauchfrei-an-der-frischen-luft","status":"publish","type":"post","link":"https:\/\/rauchfrei.at\/en\/rauchfrei-an-der-frischen-luft\/","title":{"rendered":"Rauchfrei an der frischen Luft?"},"content":{"rendered":"<p>[et_pb_section fb_built=&#8221;1&#8243; module_class=&#8221;header&#8221; _builder_version=&#8221;3.0.99&#8243;][et_pb_row _builder_version=&#8221;3.0.99&#8243;][et_pb_column type=&#8221;4_4&#8243; _builder_version=&#8221;3.0.47&#8243;][et_pb_dp_dmb_module_10001 _builder_version=&#8221;3.21.1&#8243;][\/et_pb_dp_dmb_module_10001][\/et_pb_column][\/et_pb_row][\/et_pb_section][et_pb_section fb_built=&#8221;1&#8243; _builder_version=&#8221;3.0.47&#8243;][et_pb_row _builder_version=&#8221;3.0.48&#8243; background_size=&#8221;initial&#8221; background_position=&#8221;top_left&#8221; background_repeat=&#8221;repeat&#8221;][et_pb_column type=&#8221;2_3&#8243; _builder_version=&#8221;3.0.47&#8243;][et_pb_text _builder_version=&#8221;3.0.74&#8243; background_size=&#8221;initial&#8221; background_position=&#8221;top_left&#8221; background_repeat=&#8221;repeat&#8221;]<\/p>\n<p><span style=\"font-size: 15px;\">In den letzten Wochen wurde das Thema <\/span><strong style=\"font-size: 15px;\">\u00a0\u201eRauchverbote im Freien\u201c viel diskutiert<\/strong><span style=\"font-size: 15px;\"> und war pr\u00e4sent in diversen Medien. Grund daf\u00fcr waren Informationen aus dem Gesundheitsministerium, dass an einer Erweiterung des Tabakgesetzes gearbeitet werde. Diese Erweiterung solle auch f\u00fcr rauchfreie Zonen im Freien Regelungen wie z.B. f\u00fcr Schwimmb\u00e4der oder Spielpl\u00e4tze enthalten.<\/span><\/p>\n<p>Die Meinungen \u00fcber Rauchverbote im Freien gehen auseinander: w\u00e4hrend sie von den einen als Einschr\u00e4nkung erlebt werden, bedeuten sie f\u00fcr andere weitere Entlastung.<\/p>\n<h2>Warum rauchfreie Zonen auch \u201edrau\u00dfen\u201c?<\/h2>\n<p><strong>Kinder lernen Rauchen<\/strong><\/p>\n<p>Ein wichtiges Argument besteht in der Vorbildwirkung rauchender Menschen. Wenn Kinder und Jugendliche von klein an auf Spielpl\u00e4tzen und in B\u00e4dern von rauchenden Menschen umgeben sind, lernen sie, dass es einfach \u201edazugeh\u00f6rt\u201c.<\/p>\n<p><strong>Passiv inhaltiert wird auch im Freien<\/strong><\/p>\n<p>Auch wenn die Belastung durch Passivrauch im Freien nicht an die enorme Belastung durch Rauchinhaltsstoffe in geschlossenen R\u00e4umen herankommt, so wird auch im Freien passiv geraucht.<\/p>\n<p><strong>Hilfreich f\u00fcr Raucher\/innen, die rauchfrei werden m\u00f6chten<\/strong><\/p>\n<p>Auch viele Raucher\/innen sehen rauchfreie Zonen als willkommene \u201eZufluchtsorte\u201c, die ihnen helfen, weniger h\u00e4ufig zur Zigarette zu greifen.<\/p>\n<p><strong>Die Umwelt dankt<\/strong><\/p>\n<p>Weggeworfene Zigarettenstummel in Parks, Wiesen, auf Sportpl\u00e4tzen, Badestr\u00e4nden, bei Freiluftveranstaltungen sind eine enorme Belastung f\u00fcr die Umwelt. Ein einziger Zigarettenstummel kann um die 50 Liter sauberes Grundwasser verunreinigen.<\/p>\n<p>Andere L\u00e4nder gehen mit gutem Beispiel voran: in Italien und Irland\u00a0etwa ist das Rauchen auf Spielpl\u00e4tzen verboten.<\/p>\n<p>Aber auch in \u00d6sterreich gibt es positive Beispiele: Die Grazer B\u00e4der sind seit Mai 2014 rauchfrei, in Wiener B\u00e4dern werden\u00a0nun auch\u00a0E-Zigaretten durch die Hausordnung untersagt.<\/p>\n<p>Wie ist Ihre Meinung dazu?<\/p>\n<p>[\/et_pb_text][\/et_pb_column][et_pb_column type=&#8221;1_3&#8243; _builder_version=&#8221;3.0.47&#8243;][et_pb_sidebar area=&#8221;sidebar-1&#8243; _builder_version=&#8221;3.15&#8243;][\/et_pb_sidebar][\/et_pb_column][\/et_pb_row][\/et_pb_section]<\/p>\n","protected":false},"excerpt":{"rendered":"<p>Rauchverbote \u201eim Freien\u201c wurden w\u00e4hrend der vergangenen Wochen h\u00e4ufig in den Medien thematisiert. Lesen Sie hier, warum es ein wichtiges Thema ist.<\/p>\n","protected":false},"author":7,"featured_media":0,"comment_status":"open","ping_status":"open","sticky":false,"template":"","format":"standard","meta":{"_et_pb_use_builder":"on","_et_pb_old_content":"<p>\u00a0<\/p><p>In den letzten Wochen wurde das Thema <strong>\u00a0\u201eRauchverbote im Freien\u201c viel diskutiert<\/strong> und war pr\u00e4sent in diversen Medien. Grund daf\u00fcr waren Informationen aus dem Gesundheitsministerium, dass an einer Erweiterung des Tabakgesetzes gearbeitet werde. Diese Erweiterung solle auch f\u00fcr rauchfreie Zonen im Freien Regelungen wie z.B. f\u00fcr Schwimmb\u00e4der oder Spielpl\u00e4tze enthalten.<\/p><p>\u00a0<\/p><p>Die Meinungen \u00fcber Rauchverbote im Freien gehen auseinander: w\u00e4hrend sie von den einen als Einschr\u00e4nkung erlebt werden, bedeuten sie f\u00fcr andere weitere Entlastung.<\/p><p>\u00a0<\/p><h2>Warum rauchfreie Zonen auch \u201edrau\u00dfen\u201c?<\/h2><p>\u00a0<\/p><p><strong>Kinder lernen Rauchen<\/strong><\/p><p>\u00a0<\/p><p>Ein wichtiges Argument besteht in der Vorbildwirkung rauchender Menschen. Wenn Kinder und Jugendliche von klein an auf Spielpl\u00e4tzen und in B\u00e4dern von rauchenden Menschen umgeben sind, lernen sie, dass es einfach \u201edazugeh\u00f6rt\u201c.<\/p><p>\u00a0<\/p><p><strong>Passiv inhaltiert wird auch im Freien<\/strong><\/p><p>\u00a0<\/p><p>Auch wenn die Belastung durch Passivrauch im Freien nicht an die enorme Belastung durch Rauchinhaltsstoffe in geschlossenen R\u00e4umen herankommt, so wird auch im Freien passiv geraucht.<\/p><p>\u00a0<\/p><p><strong>Hilfreich f\u00fcr Raucher\/innen, die rauchfrei werden m\u00f6chten<\/strong><\/p><p>\u00a0<\/p><p>Auch viele Raucher\/innen sehen rauchfreie Zonen als willkommene \u201eZufluchtsorte\u201c, die ihnen helfen, weniger h\u00e4ufig zur Zigarette zu greifen.<\/p><p>\u00a0<\/p><p><strong>Die Umwelt dankt<\/strong><\/p><p>\u00a0<\/p><p>Weggeworfene Zigarettenstummel in Parks, Wiesen, auf Sportpl\u00e4tzen, Badestr\u00e4nden, bei Freiluftveranstaltungen sind eine enorme Belastung f\u00fcr die Umwelt. Ein einziger Zigarettenstummel kann um die 50 Liter sauberes Grundwasser verunreinigen.<\/p><p>\u00a0<\/p><p>Andere L\u00e4nder gehen mit gutem Beispiel voran: in Italien und Irland\u00a0etwa ist das Rauchen auf Spielpl\u00e4tzen verboten.<\/p><p>\u00a0<\/p><p>Aber auch in \u00d6sterreich gibt es positive Beispiele: Die Grazer B\u00e4der sind seit Mai 2014 rauchfrei, in Wiener B\u00e4dern werden\u00a0nun auch\u00a0E-Zigaretten durch die Hausordnung untersagt.<\/p><p>\u00a0<\/p><p>Wie ist Ihre Meinung dazu?<\/p><p>\u00a0<\/p><p>\u00a0<\/p><p>\u00a0<\/p>","_et_gb_content_width":"","footnotes":""},"categories":[236],"tags":[],"class_list":["post-5878","post","type-post","status-publish","format-standard","hentry","category-nicht-kategorisiert"],"yoast_head":"<!-- This site is optimized with the Yoast SEO plugin v26.2 - https:\/\/yoast.com\/wordpress\/plugins\/seo\/ -->\n<title>Rauchfrei an der frischen Luft? - Rauchfrei Telefon<\/title>\n<meta name=\"robots\" content=\"index, follow, max-snippet:-1, max-image-preview:large, max-video-preview:-1\" \/>\n<link rel=\"canonical\" href=\"https:\/\/rauchfrei.at\/rauchfrei-an-der-frischen-luft\/\" \/>\n<meta property=\"og:locale\" content=\"en_US\" \/>\n<meta property=\"og:type\" content=\"article\" \/>\n<meta property=\"og:title\" content=\"Rauchfrei an der frischen Luft? - Rauchfrei Telefon\" \/>\n<meta property=\"og:description\" content=\"Rauchverbote \u201eim Freien\u201c wurden w\u00e4hrend der vergangenen Wochen h\u00e4ufig in den Medien thematisiert. Lesen Sie hier, warum es ein wichtiges Thema ist.\" \/>\n<meta property=\"og:url\" content=\"https:\/\/rauchfrei.at\/rauchfrei-an-der-frischen-luft\/\" \/>\n<meta property=\"og:site_name\" content=\"Rauchfrei Telefon\" \/>\n<meta property=\"article:published_time\" content=\"2014-06-13T21:44:30+00:00\" \/>\n<meta property=\"article:modified_time\" content=\"2019-05-02T14:46:39+00:00\" \/>\n<meta name=\"author\" content=\"Nina Heumayer\" \/>\n<meta name=\"twitter:card\" content=\"summary_large_image\" \/>\n<meta name=\"twitter:label1\" content=\"Written by\" \/>\n\t<meta name=\"twitter:data1\" content=\"Nina Heumayer\" \/>\n\t<meta name=\"twitter:label2\" content=\"Est. reading time\" \/>\n\t<meta name=\"twitter:data2\" content=\"2 minutes\" \/>\n<script type=\"application\/ld+json\" class=\"yoast-schema-graph\">{\"@context\":\"https:\/\/schema.org\",\"@graph\":[{\"@type\":\"WebPage\",\"@id\":\"https:\/\/rauchfrei.at\/rauchfrei-an-der-frischen-luft\/\",\"url\":\"https:\/\/rauchfrei.at\/rauchfrei-an-der-frischen-luft\/\",\"name\":\"Rauchfrei an der frischen Luft? - Rauchfrei Telefon\",\"isPartOf\":{\"@id\":\"https:\/\/rauchfrei.at\/#website\"},\"datePublished\":\"2014-06-13T21:44:30+00:00\",\"dateModified\":\"2019-05-02T14:46:39+00:00\",\"author\":{\"@id\":\"https:\/\/rauchfrei.at\/#\/schema\/person\/6ba3adad8eb872b334787c24357473aa\"},\"inLanguage\":\"en-US\",\"potentialAction\":[{\"@type\":\"ReadAction\",\"target\":[\"https:\/\/rauchfrei.at\/rauchfrei-an-der-frischen-luft\/\"]}]},{\"@type\":\"WebSite\",\"@id\":\"https:\/\/rauchfrei.at\/#website\",\"url\":\"https:\/\/rauchfrei.at\/\",\"name\":\"Rauchfrei Telefon\",\"description\":\"Eine \u00f6sterreichweite Initiative der Sozialversicherungen.\",\"potentialAction\":[{\"@type\":\"SearchAction\",\"target\":{\"@type\":\"EntryPoint\",\"urlTemplate\":\"https:\/\/rauchfrei.at\/?s={search_term_string}\"},\"query-input\":{\"@type\":\"PropertyValueSpecification\",\"valueRequired\":true,\"valueName\":\"search_term_string\"}}],\"inLanguage\":\"en-US\"},{\"@type\":\"Person\",\"@id\":\"https:\/\/rauchfrei.at\/#\/schema\/person\/6ba3adad8eb872b334787c24357473aa\",\"name\":\"Nina Heumayer\",\"image\":{\"@type\":\"ImageObject\",\"inLanguage\":\"en-US\",\"@id\":\"https:\/\/rauchfrei.at\/#\/schema\/person\/image\/\",\"url\":\"https:\/\/secure.gravatar.com\/avatar\/0980a970ceeb24db5798b86faac2035236ffa2f49daf0e59474baef797676711?s=96&d=mm&r=g\",\"contentUrl\":\"https:\/\/secure.gravatar.com\/avatar\/0980a970ceeb24db5798b86faac2035236ffa2f49daf0e59474baef797676711?s=96&d=mm&r=g\",\"caption\":\"Nina Heumayer\"},\"url\":\"https:\/\/rauchfrei.at\/en\/author\/heumayer\/\"}]}<\/script>\n<!-- \/ Yoast SEO plugin. -->","yoast_head_json":{"title":"Rauchfrei an der frischen Luft? - Rauchfrei Telefon","robots":{"index":"index","follow":"follow","max-snippet":"max-snippet:-1","max-image-preview":"max-image-preview:large","max-video-preview":"max-video-preview:-1"},"canonical":"https:\/\/rauchfrei.at\/rauchfrei-an-der-frischen-luft\/","og_locale":"en_US","og_type":"article","og_title":"Rauchfrei an der frischen Luft? - Rauchfrei Telefon","og_description":"Rauchverbote \u201eim Freien\u201c wurden w\u00e4hrend der vergangenen Wochen h\u00e4ufig in den Medien thematisiert. Lesen Sie hier, warum es ein wichtiges Thema ist.","og_url":"https:\/\/rauchfrei.at\/rauchfrei-an-der-frischen-luft\/","og_site_name":"Rauchfrei Telefon","article_published_time":"2014-06-13T21:44:30+00:00","article_modified_time":"2019-05-02T14:46:39+00:00","author":"Nina Heumayer","twitter_card":"summary_large_image","twitter_misc":{"Written by":"Nina Heumayer","Est. reading time":"2 minutes"},"schema":{"@context":"https:\/\/schema.org","@graph":[{"@type":"WebPage","@id":"https:\/\/rauchfrei.at\/rauchfrei-an-der-frischen-luft\/","url":"https:\/\/rauchfrei.at\/rauchfrei-an-der-frischen-luft\/","name":"Rauchfrei an der frischen Luft? - Rauchfrei Telefon","isPartOf":{"@id":"https:\/\/rauchfrei.at\/#website"},"datePublished":"2014-06-13T21:44:30+00:00","dateModified":"2019-05-02T14:46:39+00:00","author":{"@id":"https:\/\/rauchfrei.at\/#\/schema\/person\/6ba3adad8eb872b334787c24357473aa"},"inLanguage":"en-US","potentialAction":[{"@type":"ReadAction","target":["https:\/\/rauchfrei.at\/rauchfrei-an-der-frischen-luft\/"]}]},{"@type":"WebSite","@id":"https:\/\/rauchfrei.at\/#website","url":"https:\/\/rauchfrei.at\/","name":"Rauchfrei Telefon","description":"Eine \u00f6sterreichweite Initiative der Sozialversicherungen.","potentialAction":[{"@type":"SearchAction","target":{"@type":"EntryPoint","urlTemplate":"https:\/\/rauchfrei.at\/?s={search_term_string}"},"query-input":{"@type":"PropertyValueSpecification","valueRequired":true,"valueName":"search_term_string"}}],"inLanguage":"en-US"},{"@type":"Person","@id":"https:\/\/rauchfrei.at\/#\/schema\/person\/6ba3adad8eb872b334787c24357473aa","name":"Nina Heumayer","image":{"@type":"ImageObject","inLanguage":"en-US","@id":"https:\/\/rauchfrei.at\/#\/schema\/person\/image\/","url":"https:\/\/secure.gravatar.com\/avatar\/0980a970ceeb24db5798b86faac2035236ffa2f49daf0e59474baef797676711?s=96&d=mm&r=g","contentUrl":"https:\/\/secure.gravatar.com\/avatar\/0980a970ceeb24db5798b86faac2035236ffa2f49daf0e59474baef797676711?s=96&d=mm&r=g","caption":"Nina Heumayer"},"url":"https:\/\/rauchfrei.at\/en\/author\/heumayer\/"}]}},"_links":{"self":[{"href":"https:\/\/rauchfrei.at\/en\/wp-json\/wp\/v2\/posts\/5878","targetHints":{"allow":["GET"]}}],"collection":[{"href":"https:\/\/rauchfrei.at\/en\/wp-json\/wp\/v2\/posts"}],"about":[{"href":"https:\/\/rauchfrei.at\/en\/wp-json\/wp\/v2\/types\/post"}],"author":[{"embeddable":true,"href":"https:\/\/rauchfrei.at\/en\/wp-json\/wp\/v2\/users\/7"}],"replies":[{"embeddable":true,"href":"https:\/\/rauchfrei.at\/en\/wp-json\/wp\/v2\/comments?post=5878"}],"version-history":[{"count":5,"href":"https:\/\/rauchfrei.at\/en\/wp-json\/wp\/v2\/posts\/5878\/revisions"}],"predecessor-version":[{"id":16732,"href":"https:\/\/rauchfrei.at\/en\/wp-json\/wp\/v2\/posts\/5878\/revisions\/16732"}],"wp:attachment":[{"href":"https:\/\/rauchfrei.at\/en\/wp-json\/wp\/v2\/media?parent=5878"}],"wp:term":[{"taxonomy":"category","embeddable":true,"href":"https:\/\/rauchfrei.at\/en\/wp-json\/wp\/v2\/categories?post=5878"},{"taxonomy":"post_tag","embeddable":true,"href":"https:\/\/rauchfrei.at\/en\/wp-json\/wp\/v2\/tags?post=5878"}],"curies":[{"name":"wp","href":"https:\/\/api.w.org\/{rel}","templated":true}]}}