
{"id":5895,"date":"2014-06-18T17:24:27","date_gmt":"2014-06-18T15:24:27","guid":{"rendered":"http:\/\/rauchfrei.ipax.hosting\/?p=5895"},"modified":"2019-05-02T16:45:30","modified_gmt":"2019-05-02T14:45:30","slug":"irland-und-die-einheitspackung","status":"publish","type":"post","link":"https:\/\/rauchfrei.at\/en\/irland-und-die-einheitspackung\/","title":{"rendered":"Irland und die Einheitspackung"},"content":{"rendered":"<p>[et_pb_section fb_built=&#8221;1&#8243; module_class=&#8221;header&#8221; _builder_version=&#8221;3.0.99&#8243;][et_pb_row _builder_version=&#8221;3.0.99&#8243;][et_pb_column type=&#8221;4_4&#8243; _builder_version=&#8221;3.0.47&#8243;][et_pb_dp_dmb_module_10001 _builder_version=&#8221;3.21.1&#8243;][\/et_pb_dp_dmb_module_10001][\/et_pb_column][\/et_pb_row][\/et_pb_section][et_pb_section fb_built=&#8221;1&#8243; _builder_version=&#8221;3.0.47&#8243;][et_pb_row _builder_version=&#8221;3.0.48&#8243; background_size=&#8221;initial&#8221; background_position=&#8221;top_left&#8221; background_repeat=&#8221;repeat&#8221;][et_pb_column type=&#8221;2_3&#8243; _builder_version=&#8221;3.0.47&#8243;][et_pb_text _builder_version=&#8221;3.0.74&#8243; background_size=&#8221;initial&#8221; background_position=&#8221;top_left&#8221; background_repeat=&#8221;repeat&#8221;]<\/p>\n<p><strong style=\"font-size: 15px;\">Als erstes Mitgliedsland der Europ\u00e4ischen Union sowie<\/strong><span style=\"font-size: 15px;\"> als <\/span><strong style=\"font-size: 15px;\">drittes Land weltweit<\/strong><span style=\"font-size: 15px;\"> f\u00fchrt Irland Einheitspackungen f\u00fcr Zigaretten ein, wie Irlands Gesundheitsminister James Reilly vergangene Woche ank\u00fcndigte.<\/span><\/p>\n<p>Die Einheitspackungen (&#8220;plain packs&#8221;) werden weder \u00fcber Logo, noch Farben, noch Graphiken verf\u00fcgen \u2013 der Markenname wird in einheitlichem Erscheinungsbild aufgedruckt. Dadurch sollen<strong> Tabakprodukte optisch unattraktiver<\/strong> werden sowie die Warnhinweise besser ersichtlich. Die bunten P\u00e4ckchen sollen insbesondere Kinder nicht mehr l\u00e4nger \u00fcber die enormen gesundheitlichen Risiken hinwegt\u00e4uschen.<\/p>\n<p>Als eines der <strong>Hauptziele<\/strong> der Einheitspackungen nennt Irlands Gesundheitsminister den <strong>Schutz Kinder und Jugendlicher vor dem Einstieg<\/strong> in die Tabakabh\u00e4ngigkeit. Der Tabakindustrie d\u00fcrfe in Anbetracht der Gefahren des Rauchens nicht l\u00e4nger die M\u00f6glichkeit des Marketings auf den Zigarettenpackungen gegeben werden.<\/p>\n<h2>Vorreiter Australien<\/h2>\n<p>Als Australien im November 2011 die Einheitspackungen einf\u00fchrte, klagten viel Raucher\/innen dar\u00fcber, dass sich der Geschmack der Zigaretten ver\u00e4ndert habe.<\/p>\n<p>Australische Studien zeigen, dass Raucher\/innen, die Zigaretten aus &#8220;plain packs&#8221; rauchen h\u00e4ufiger daran denken, rauchfrei zu werden und das Rauchen als weniger befriedigend bewerten.<\/p>\n<p>[\/et_pb_text][\/et_pb_column][et_pb_column type=&#8221;1_3&#8243; _builder_version=&#8221;3.0.47&#8243;][et_pb_sidebar area=&#8221;sidebar-1&#8243; _builder_version=&#8221;3.15&#8243;][\/et_pb_sidebar][\/et_pb_column][\/et_pb_row][\/et_pb_section]<\/p>\n","protected":false},"excerpt":{"rendered":"<p>Wie vergangene Woche bekannt wurde, ist Irland das erste Land der Europ\u00e4ischen Union, das Einheitspackungen f\u00fcr Zigaretten einf\u00fchren wird.<\/p>\n","protected":false},"author":7,"featured_media":0,"comment_status":"open","ping_status":"open","sticky":false,"template":"","format":"standard","meta":{"_et_pb_use_builder":"on","_et_pb_old_content":"<p>\u00a0<\/p><p><strong>Als erstes Mitgliedsland der Europ\u00e4ischen Union sowie<\/strong> als <strong>drittes Land weltweit<\/strong> f\u00fchrt Irland Einheitspackungen f\u00fcr Zigaretten ein, wie Irlands Gesundheitsminister James Reilly vergangene Woche ank\u00fcndigte.<\/p><p>\u00a0<\/p><p>Die Einheitspackungen (\"plain packs\") werden weder \u00fcber Logo, noch Farben, noch Graphiken verf\u00fcgen \u2013 der Markenname wird in einheitlichem Erscheinungsbild aufgedruckt. Dadurch sollen<strong> Tabakprodukte optisch unattraktiver<\/strong> werden sowie die Warnhinweise besser ersichtlich. Die bunten P\u00e4ckchen sollen insbesondere Kinder nicht mehr l\u00e4nger \u00fcber die enormen gesundheitlichen Risiken hinwegt\u00e4uschen.<\/p><p>\u00a0<\/p><p>Als eines der <strong>Hauptziele<\/strong> der Einheitspackungen nennt Irlands Gesundheitsminister den <strong>Schutz Kinder und Jugendlicher vor dem Einstieg<\/strong> in die Tabakabh\u00e4ngigkeit. Der Tabakindustrie d\u00fcrfe in Anbetracht der Gefahren des Rauchens nicht l\u00e4nger die M\u00f6glichkeit des Marketings auf den Zigarettenpackungen gegeben werden.<\/p><p>\u00a0<\/p><p><strong>Vorreiter Australien<\/strong><\/p><p>\u00a0<\/p><p>Als Australien im November 2011 die Einheitspackungen einf\u00fchrte, klagten viel Raucher\/innen dar\u00fcber, dass sich der Geschmack der Zigaretten ver\u00e4ndert habe.<\/p><p>\u00a0<\/p><p>Australische Studien zeigen, dass Raucher\/innen, die Zigaretten aus \"plain packs\" rauchen h\u00e4ufiger daran denken, rauchfrei zu werden und das Rauchen als weniger befriedigend bewerten.<\/p><p>\u00a0<\/p><p>\u00a0<\/p><p>\u00a0<\/p><p>\u00a0<\/p><p>\u00a0<\/p><p>\u00a0<\/p><p>\u00a0<\/p>","_et_gb_content_width":"","footnotes":""},"categories":[236],"tags":[],"class_list":["post-5895","post","type-post","status-publish","format-standard","hentry","category-nicht-kategorisiert"],"yoast_head":"<!-- This site is optimized with the Yoast SEO plugin v26.2 - https:\/\/yoast.com\/wordpress\/plugins\/seo\/ -->\n<title>Irland und die Einheitspackung - Rauchfrei Telefon<\/title>\n<meta name=\"robots\" content=\"index, follow, max-snippet:-1, max-image-preview:large, max-video-preview:-1\" \/>\n<link rel=\"canonical\" href=\"https:\/\/rauchfrei.at\/irland-und-die-einheitspackung\/\" \/>\n<meta property=\"og:locale\" content=\"en_US\" \/>\n<meta property=\"og:type\" content=\"article\" \/>\n<meta property=\"og:title\" content=\"Irland und die Einheitspackung - Rauchfrei Telefon\" \/>\n<meta property=\"og:description\" content=\"Wie vergangene Woche bekannt wurde, ist Irland das erste Land der Europ\u00e4ischen Union, das Einheitspackungen f\u00fcr Zigaretten einf\u00fchren wird.\" \/>\n<meta property=\"og:url\" content=\"https:\/\/rauchfrei.at\/irland-und-die-einheitspackung\/\" \/>\n<meta property=\"og:site_name\" content=\"Rauchfrei Telefon\" \/>\n<meta property=\"article:published_time\" content=\"2014-06-18T15:24:27+00:00\" \/>\n<meta property=\"article:modified_time\" content=\"2019-05-02T14:45:30+00:00\" \/>\n<meta name=\"author\" content=\"Nina Heumayer\" \/>\n<meta name=\"twitter:card\" content=\"summary_large_image\" \/>\n<meta name=\"twitter:label1\" content=\"Written by\" \/>\n\t<meta name=\"twitter:data1\" content=\"Nina Heumayer\" \/>\n\t<meta name=\"twitter:label2\" content=\"Est. reading time\" \/>\n\t<meta name=\"twitter:data2\" content=\"1 minute\" \/>\n<script type=\"application\/ld+json\" class=\"yoast-schema-graph\">{\"@context\":\"https:\/\/schema.org\",\"@graph\":[{\"@type\":\"WebPage\",\"@id\":\"https:\/\/rauchfrei.at\/irland-und-die-einheitspackung\/\",\"url\":\"https:\/\/rauchfrei.at\/irland-und-die-einheitspackung\/\",\"name\":\"Irland und die Einheitspackung - Rauchfrei Telefon\",\"isPartOf\":{\"@id\":\"https:\/\/rauchfrei.at\/#website\"},\"datePublished\":\"2014-06-18T15:24:27+00:00\",\"dateModified\":\"2019-05-02T14:45:30+00:00\",\"author\":{\"@id\":\"https:\/\/rauchfrei.at\/#\/schema\/person\/6ba3adad8eb872b334787c24357473aa\"},\"inLanguage\":\"en-US\",\"potentialAction\":[{\"@type\":\"ReadAction\",\"target\":[\"https:\/\/rauchfrei.at\/irland-und-die-einheitspackung\/\"]}]},{\"@type\":\"WebSite\",\"@id\":\"https:\/\/rauchfrei.at\/#website\",\"url\":\"https:\/\/rauchfrei.at\/\",\"name\":\"Rauchfrei Telefon\",\"description\":\"Eine \u00f6sterreichweite Initiative der Sozialversicherungen.\",\"potentialAction\":[{\"@type\":\"SearchAction\",\"target\":{\"@type\":\"EntryPoint\",\"urlTemplate\":\"https:\/\/rauchfrei.at\/?s={search_term_string}\"},\"query-input\":{\"@type\":\"PropertyValueSpecification\",\"valueRequired\":true,\"valueName\":\"search_term_string\"}}],\"inLanguage\":\"en-US\"},{\"@type\":\"Person\",\"@id\":\"https:\/\/rauchfrei.at\/#\/schema\/person\/6ba3adad8eb872b334787c24357473aa\",\"name\":\"Nina Heumayer\",\"image\":{\"@type\":\"ImageObject\",\"inLanguage\":\"en-US\",\"@id\":\"https:\/\/rauchfrei.at\/#\/schema\/person\/image\/\",\"url\":\"https:\/\/secure.gravatar.com\/avatar\/0980a970ceeb24db5798b86faac2035236ffa2f49daf0e59474baef797676711?s=96&d=mm&r=g\",\"contentUrl\":\"https:\/\/secure.gravatar.com\/avatar\/0980a970ceeb24db5798b86faac2035236ffa2f49daf0e59474baef797676711?s=96&d=mm&r=g\",\"caption\":\"Nina Heumayer\"},\"url\":\"https:\/\/rauchfrei.at\/en\/author\/heumayer\/\"}]}<\/script>\n<!-- \/ Yoast SEO plugin. -->","yoast_head_json":{"title":"Irland und die Einheitspackung - Rauchfrei Telefon","robots":{"index":"index","follow":"follow","max-snippet":"max-snippet:-1","max-image-preview":"max-image-preview:large","max-video-preview":"max-video-preview:-1"},"canonical":"https:\/\/rauchfrei.at\/irland-und-die-einheitspackung\/","og_locale":"en_US","og_type":"article","og_title":"Irland und die Einheitspackung - Rauchfrei Telefon","og_description":"Wie vergangene Woche bekannt wurde, ist Irland das erste Land der Europ\u00e4ischen Union, das Einheitspackungen f\u00fcr Zigaretten einf\u00fchren wird.","og_url":"https:\/\/rauchfrei.at\/irland-und-die-einheitspackung\/","og_site_name":"Rauchfrei Telefon","article_published_time":"2014-06-18T15:24:27+00:00","article_modified_time":"2019-05-02T14:45:30+00:00","author":"Nina Heumayer","twitter_card":"summary_large_image","twitter_misc":{"Written by":"Nina Heumayer","Est. reading time":"1 minute"},"schema":{"@context":"https:\/\/schema.org","@graph":[{"@type":"WebPage","@id":"https:\/\/rauchfrei.at\/irland-und-die-einheitspackung\/","url":"https:\/\/rauchfrei.at\/irland-und-die-einheitspackung\/","name":"Irland und die Einheitspackung - Rauchfrei Telefon","isPartOf":{"@id":"https:\/\/rauchfrei.at\/#website"},"datePublished":"2014-06-18T15:24:27+00:00","dateModified":"2019-05-02T14:45:30+00:00","author":{"@id":"https:\/\/rauchfrei.at\/#\/schema\/person\/6ba3adad8eb872b334787c24357473aa"},"inLanguage":"en-US","potentialAction":[{"@type":"ReadAction","target":["https:\/\/rauchfrei.at\/irland-und-die-einheitspackung\/"]}]},{"@type":"WebSite","@id":"https:\/\/rauchfrei.at\/#website","url":"https:\/\/rauchfrei.at\/","name":"Rauchfrei Telefon","description":"Eine \u00f6sterreichweite Initiative der Sozialversicherungen.","potentialAction":[{"@type":"SearchAction","target":{"@type":"EntryPoint","urlTemplate":"https:\/\/rauchfrei.at\/?s={search_term_string}"},"query-input":{"@type":"PropertyValueSpecification","valueRequired":true,"valueName":"search_term_string"}}],"inLanguage":"en-US"},{"@type":"Person","@id":"https:\/\/rauchfrei.at\/#\/schema\/person\/6ba3adad8eb872b334787c24357473aa","name":"Nina Heumayer","image":{"@type":"ImageObject","inLanguage":"en-US","@id":"https:\/\/rauchfrei.at\/#\/schema\/person\/image\/","url":"https:\/\/secure.gravatar.com\/avatar\/0980a970ceeb24db5798b86faac2035236ffa2f49daf0e59474baef797676711?s=96&d=mm&r=g","contentUrl":"https:\/\/secure.gravatar.com\/avatar\/0980a970ceeb24db5798b86faac2035236ffa2f49daf0e59474baef797676711?s=96&d=mm&r=g","caption":"Nina Heumayer"},"url":"https:\/\/rauchfrei.at\/en\/author\/heumayer\/"}]}},"_links":{"self":[{"href":"https:\/\/rauchfrei.at\/en\/wp-json\/wp\/v2\/posts\/5895","targetHints":{"allow":["GET"]}}],"collection":[{"href":"https:\/\/rauchfrei.at\/en\/wp-json\/wp\/v2\/posts"}],"about":[{"href":"https:\/\/rauchfrei.at\/en\/wp-json\/wp\/v2\/types\/post"}],"author":[{"embeddable":true,"href":"https:\/\/rauchfrei.at\/en\/wp-json\/wp\/v2\/users\/7"}],"replies":[{"embeddable":true,"href":"https:\/\/rauchfrei.at\/en\/wp-json\/wp\/v2\/comments?post=5895"}],"version-history":[{"count":5,"href":"https:\/\/rauchfrei.at\/en\/wp-json\/wp\/v2\/posts\/5895\/revisions"}],"predecessor-version":[{"id":16730,"href":"https:\/\/rauchfrei.at\/en\/wp-json\/wp\/v2\/posts\/5895\/revisions\/16730"}],"wp:attachment":[{"href":"https:\/\/rauchfrei.at\/en\/wp-json\/wp\/v2\/media?parent=5895"}],"wp:term":[{"taxonomy":"category","embeddable":true,"href":"https:\/\/rauchfrei.at\/en\/wp-json\/wp\/v2\/categories?post=5895"},{"taxonomy":"post_tag","embeddable":true,"href":"https:\/\/rauchfrei.at\/en\/wp-json\/wp\/v2\/tags?post=5895"}],"curies":[{"name":"wp","href":"https:\/\/api.w.org\/{rel}","templated":true}]}}