
{"id":5905,"date":"2014-06-23T17:29:19","date_gmt":"2014-06-23T15:29:19","guid":{"rendered":"http:\/\/rauchfrei.ipax.hosting\/?p=5905"},"modified":"2019-05-02T16:44:16","modified_gmt":"2019-05-02T14:44:16","slug":"rauchfrei-im-gastgarten","status":"publish","type":"post","link":"https:\/\/rauchfrei.at\/en\/rauchfrei-im-gastgarten\/","title":{"rendered":"Rauchfrei im Gastgarten?"},"content":{"rendered":"<p>[et_pb_section fb_built=&#8221;1&#8243; module_class=&#8221;header&#8221; _builder_version=&#8221;3.0.99&#8243;][et_pb_row _builder_version=&#8221;3.0.99&#8243;][et_pb_column type=&#8221;4_4&#8243; _builder_version=&#8221;3.0.47&#8243;][et_pb_dp_dmb_module_10001 _builder_version=&#8221;3.21.1&#8243;][\/et_pb_dp_dmb_module_10001][\/et_pb_column][\/et_pb_row][\/et_pb_section][et_pb_section fb_built=&#8221;1&#8243; _builder_version=&#8221;3.0.47&#8243;][et_pb_row _builder_version=&#8221;3.0.48&#8243; background_size=&#8221;initial&#8221; background_position=&#8221;top_left&#8221; background_repeat=&#8221;repeat&#8221;][et_pb_column type=&#8221;2_3&#8243; _builder_version=&#8221;3.0.47&#8243;][et_pb_text _builder_version=&#8221;3.0.74&#8243; background_size=&#8221;initial&#8221; background_position=&#8221;top_left&#8221; background_repeat=&#8221;repeat&#8221;]<\/p>\n<p><span style=\"font-size: 15px;\"><strong>Danke f\u00fcr Ihren Blog zum Thema Rauchen im Freien.<\/strong> Jedes Jahr, wenn die Gastg\u00e4rten er\u00f6ffnet werden, frage ich mich, warum es drau\u00dfen keine Nichtraucherbereiche gibt.<\/span><\/p>\n<p>Es ist auch im Freien sehr unangenehm und st\u00f6rend, wenn man von rundherum eingenebelt wird. Auch, wenn es immer hei\u00dft, \u201ereg Dich doch nicht auf dar\u00fcber, Du bist doch eh im Freien, da wird Dich das doch nicht st\u00f6ren\u201c, finde ich das nicht. Immer muss ich darauf achten, dass ich mich nicht neben Raucher setze oder notfalls den Platz wechsle.<\/p>\n<p>Ich denke mir immer, dass ich mich auch nicht neben ein Auto setzen w\u00fcrde, bei dem der Motor noch l\u00e4uft und die Auspuffabgase einatmen w\u00fcrde. Da k\u00f6nnte man auch sagen, \u201ewas regst Du Dich auf, im Freien macht doch das bisschen Auspuffluft nichts. Das l\u00f6st sich doch eh gleich auf.\u201c Ich bekomme auch im Freien Augenbrennen und Kopfweh vom Rauch.<\/p>\n<p>Bin ich mit meinem Wunsch nach Nichtraucherbereichen in Gastg\u00e4rten ganz alleine? Manchmal kommt es mir so vor. Es w\u00fcrde mich interessieren, was die anderen dazu meinen. Vielleicht bekomme ich ja Antwort.<\/p>\n<p>Andreas<\/p>\n<p>&nbsp;<\/p>\n<p>&nbsp;<\/p>\n<p>&nbsp;<\/p>\n<p>[\/et_pb_text][\/et_pb_column][et_pb_column type=&#8221;1_3&#8243; _builder_version=&#8221;3.0.47&#8243;][et_pb_sidebar area=&#8221;sidebar-1&#8243; _builder_version=&#8221;3.15&#8243;][\/et_pb_sidebar][\/et_pb_column][\/et_pb_row][\/et_pb_section]<\/p>\n","protected":false},"excerpt":{"rendered":"<p>Bezugnehmend auf den Blogbeitrag &#8220;Rauchfrei an der frischen Luft?&#8221; hat uns ein Gastkommentar erreicht, den wir heute vorstellen m\u00f6chten.<\/p>\n","protected":false},"author":17,"featured_media":0,"comment_status":"open","ping_status":"open","sticky":false,"template":"","format":"standard","meta":{"_et_pb_use_builder":"on","_et_pb_old_content":"<p>\u00a0<\/p><blockquote><p>Danke f\u00fcr Ihren Blog zum Thema Rauchen im Freien. Jedes Jahr, wenn die Gastg\u00e4rten er\u00f6ffnet werden, frage ich mich, warum es drau\u00dfen keine Nichtraucherbereiche gibt.<\/p><p>\u00a0<\/p><p>Es ist auch im Freien sehr unangenehm und st\u00f6rend, wenn man von rundherum eingenebelt wird. Auch, wenn es immer hei\u00dft, \u201ereg Dich doch nicht auf dar\u00fcber, Du bist doch eh im Freien, da wird Dich das doch nicht st\u00f6ren\u201c, finde ich das nicht. Immer muss ich darauf achten, dass ich mich nicht neben Raucher setze oder notfalls den Platz wechsle.<\/p><p>\u00a0<\/p><p>Ich denke mir immer, dass ich mich auch nicht neben ein Auto setzen w\u00fcrde, bei dem der Motor noch l\u00e4uft und die Auspuffabgase einatmen w\u00fcrde. Da k\u00f6nnte man auch sagen, \u201ewas regst Du Dich auf, im Freien macht doch das bisschen Auspuffluft nichts. Das l\u00f6st sich doch eh gleich auf.\u201c Ich bekomme auch im Freien Augenbrennen und Kopfweh vom Rauch.<\/p><p>\u00a0<\/p><p>Bin ich mit meinem Wunsch nach Nichtraucherbereichen in Gastg\u00e4rten ganz alleine? Manchmal kommt es mir so vor. Es w\u00fcrde mich interessieren, was die anderen dazu meinen. Vielleicht bekomme ich ja Antwort.<\/p><\/blockquote><p>\u00a0<\/p><blockquote><p>Andreas<\/p><\/blockquote><p>\u00a0<\/p><p>\u00a0<\/p><p>\u00a0<\/p>","_et_gb_content_width":"","footnotes":""},"categories":[236],"tags":[178],"class_list":["post-5905","post","type-post","status-publish","format-standard","hentry","category-nicht-kategorisiert","tag-rauchfrei-im-freien"],"yoast_head":"<!-- This site is optimized with the Yoast SEO plugin v26.2 - https:\/\/yoast.com\/wordpress\/plugins\/seo\/ -->\n<title>Rauchfrei im Gastgarten? - Rauchfrei Telefon<\/title>\n<meta name=\"robots\" content=\"index, follow, max-snippet:-1, max-image-preview:large, max-video-preview:-1\" \/>\n<link rel=\"canonical\" href=\"https:\/\/rauchfrei.at\/rauchfrei-im-gastgarten\/\" \/>\n<meta property=\"og:locale\" content=\"en_US\" \/>\n<meta property=\"og:type\" content=\"article\" \/>\n<meta property=\"og:title\" content=\"Rauchfrei im Gastgarten? - Rauchfrei Telefon\" \/>\n<meta property=\"og:description\" content=\"Bezugnehmend auf den Blogbeitrag &quot;Rauchfrei an der frischen Luft?&quot; hat uns ein Gastkommentar erreicht, den wir heute vorstellen m\u00f6chten.\" \/>\n<meta property=\"og:url\" content=\"https:\/\/rauchfrei.at\/rauchfrei-im-gastgarten\/\" \/>\n<meta property=\"og:site_name\" content=\"Rauchfrei Telefon\" \/>\n<meta property=\"article:published_time\" content=\"2014-06-23T15:29:19+00:00\" \/>\n<meta property=\"article:modified_time\" content=\"2019-05-02T14:44:16+00:00\" \/>\n<meta name=\"author\" content=\"Gastkommentar\" \/>\n<meta name=\"twitter:card\" content=\"summary_large_image\" \/>\n<meta name=\"twitter:label1\" content=\"Written by\" \/>\n\t<meta name=\"twitter:data1\" content=\"Gastkommentar\" \/>\n\t<meta name=\"twitter:label2\" content=\"Est. reading time\" \/>\n\t<meta name=\"twitter:data2\" content=\"2 minutes\" \/>\n<script type=\"application\/ld+json\" class=\"yoast-schema-graph\">{\"@context\":\"https:\/\/schema.org\",\"@graph\":[{\"@type\":\"WebPage\",\"@id\":\"https:\/\/rauchfrei.at\/rauchfrei-im-gastgarten\/\",\"url\":\"https:\/\/rauchfrei.at\/rauchfrei-im-gastgarten\/\",\"name\":\"Rauchfrei im Gastgarten? - Rauchfrei Telefon\",\"isPartOf\":{\"@id\":\"https:\/\/rauchfrei.at\/#website\"},\"datePublished\":\"2014-06-23T15:29:19+00:00\",\"dateModified\":\"2019-05-02T14:44:16+00:00\",\"author\":{\"@id\":\"https:\/\/rauchfrei.at\/#\/schema\/person\/5fc25ba0c5c18c7bb72f39740e4d31da\"},\"inLanguage\":\"en-US\",\"potentialAction\":[{\"@type\":\"ReadAction\",\"target\":[\"https:\/\/rauchfrei.at\/rauchfrei-im-gastgarten\/\"]}]},{\"@type\":\"WebSite\",\"@id\":\"https:\/\/rauchfrei.at\/#website\",\"url\":\"https:\/\/rauchfrei.at\/\",\"name\":\"Rauchfrei Telefon\",\"description\":\"Eine \u00f6sterreichweite Initiative der Sozialversicherungen.\",\"potentialAction\":[{\"@type\":\"SearchAction\",\"target\":{\"@type\":\"EntryPoint\",\"urlTemplate\":\"https:\/\/rauchfrei.at\/?s={search_term_string}\"},\"query-input\":{\"@type\":\"PropertyValueSpecification\",\"valueRequired\":true,\"valueName\":\"search_term_string\"}}],\"inLanguage\":\"en-US\"},{\"@type\":\"Person\",\"@id\":\"https:\/\/rauchfrei.at\/#\/schema\/person\/5fc25ba0c5c18c7bb72f39740e4d31da\",\"name\":\"Gastkommentar\",\"image\":{\"@type\":\"ImageObject\",\"inLanguage\":\"en-US\",\"@id\":\"https:\/\/rauchfrei.at\/#\/schema\/person\/image\/\",\"url\":\"https:\/\/secure.gravatar.com\/avatar\/85407d990e69802a3bded43886ed11ed06b45db3bbf254d52dd9f9c82c33dd83?s=96&d=mm&r=g\",\"contentUrl\":\"https:\/\/secure.gravatar.com\/avatar\/85407d990e69802a3bded43886ed11ed06b45db3bbf254d52dd9f9c82c33dd83?s=96&d=mm&r=g\",\"caption\":\"Gastkommentar\"},\"url\":\"https:\/\/rauchfrei.at\/en\/author\/gastkommentar\/\"}]}<\/script>\n<!-- \/ Yoast SEO plugin. -->","yoast_head_json":{"title":"Rauchfrei im Gastgarten? - Rauchfrei Telefon","robots":{"index":"index","follow":"follow","max-snippet":"max-snippet:-1","max-image-preview":"max-image-preview:large","max-video-preview":"max-video-preview:-1"},"canonical":"https:\/\/rauchfrei.at\/rauchfrei-im-gastgarten\/","og_locale":"en_US","og_type":"article","og_title":"Rauchfrei im Gastgarten? - Rauchfrei Telefon","og_description":"Bezugnehmend auf den Blogbeitrag \"Rauchfrei an der frischen Luft?\" hat uns ein Gastkommentar erreicht, den wir heute vorstellen m\u00f6chten.","og_url":"https:\/\/rauchfrei.at\/rauchfrei-im-gastgarten\/","og_site_name":"Rauchfrei Telefon","article_published_time":"2014-06-23T15:29:19+00:00","article_modified_time":"2019-05-02T14:44:16+00:00","author":"Gastkommentar","twitter_card":"summary_large_image","twitter_misc":{"Written by":"Gastkommentar","Est. reading time":"2 minutes"},"schema":{"@context":"https:\/\/schema.org","@graph":[{"@type":"WebPage","@id":"https:\/\/rauchfrei.at\/rauchfrei-im-gastgarten\/","url":"https:\/\/rauchfrei.at\/rauchfrei-im-gastgarten\/","name":"Rauchfrei im Gastgarten? - Rauchfrei Telefon","isPartOf":{"@id":"https:\/\/rauchfrei.at\/#website"},"datePublished":"2014-06-23T15:29:19+00:00","dateModified":"2019-05-02T14:44:16+00:00","author":{"@id":"https:\/\/rauchfrei.at\/#\/schema\/person\/5fc25ba0c5c18c7bb72f39740e4d31da"},"inLanguage":"en-US","potentialAction":[{"@type":"ReadAction","target":["https:\/\/rauchfrei.at\/rauchfrei-im-gastgarten\/"]}]},{"@type":"WebSite","@id":"https:\/\/rauchfrei.at\/#website","url":"https:\/\/rauchfrei.at\/","name":"Rauchfrei Telefon","description":"Eine \u00f6sterreichweite Initiative der Sozialversicherungen.","potentialAction":[{"@type":"SearchAction","target":{"@type":"EntryPoint","urlTemplate":"https:\/\/rauchfrei.at\/?s={search_term_string}"},"query-input":{"@type":"PropertyValueSpecification","valueRequired":true,"valueName":"search_term_string"}}],"inLanguage":"en-US"},{"@type":"Person","@id":"https:\/\/rauchfrei.at\/#\/schema\/person\/5fc25ba0c5c18c7bb72f39740e4d31da","name":"Gastkommentar","image":{"@type":"ImageObject","inLanguage":"en-US","@id":"https:\/\/rauchfrei.at\/#\/schema\/person\/image\/","url":"https:\/\/secure.gravatar.com\/avatar\/85407d990e69802a3bded43886ed11ed06b45db3bbf254d52dd9f9c82c33dd83?s=96&d=mm&r=g","contentUrl":"https:\/\/secure.gravatar.com\/avatar\/85407d990e69802a3bded43886ed11ed06b45db3bbf254d52dd9f9c82c33dd83?s=96&d=mm&r=g","caption":"Gastkommentar"},"url":"https:\/\/rauchfrei.at\/en\/author\/gastkommentar\/"}]}},"_links":{"self":[{"href":"https:\/\/rauchfrei.at\/en\/wp-json\/wp\/v2\/posts\/5905","targetHints":{"allow":["GET"]}}],"collection":[{"href":"https:\/\/rauchfrei.at\/en\/wp-json\/wp\/v2\/posts"}],"about":[{"href":"https:\/\/rauchfrei.at\/en\/wp-json\/wp\/v2\/types\/post"}],"author":[{"embeddable":true,"href":"https:\/\/rauchfrei.at\/en\/wp-json\/wp\/v2\/users\/17"}],"replies":[{"embeddable":true,"href":"https:\/\/rauchfrei.at\/en\/wp-json\/wp\/v2\/comments?post=5905"}],"version-history":[{"count":5,"href":"https:\/\/rauchfrei.at\/en\/wp-json\/wp\/v2\/posts\/5905\/revisions"}],"predecessor-version":[{"id":16728,"href":"https:\/\/rauchfrei.at\/en\/wp-json\/wp\/v2\/posts\/5905\/revisions\/16728"}],"wp:attachment":[{"href":"https:\/\/rauchfrei.at\/en\/wp-json\/wp\/v2\/media?parent=5905"}],"wp:term":[{"taxonomy":"category","embeddable":true,"href":"https:\/\/rauchfrei.at\/en\/wp-json\/wp\/v2\/categories?post=5905"},{"taxonomy":"post_tag","embeddable":true,"href":"https:\/\/rauchfrei.at\/en\/wp-json\/wp\/v2\/tags?post=5905"}],"curies":[{"name":"wp","href":"https:\/\/api.w.org\/{rel}","templated":true}]}}