
{"id":5938,"date":"2014-07-07T00:52:40","date_gmt":"2014-07-06T22:52:40","guid":{"rendered":"http:\/\/rauchfrei.ipax.hosting\/?p=5938"},"modified":"2019-05-02T16:41:06","modified_gmt":"2019-05-02T14:41:06","slug":"sommer-sonne-rauchstopp","status":"publish","type":"post","link":"https:\/\/rauchfrei.at\/en\/sommer-sonne-rauchstopp\/","title":{"rendered":"Sommer, Sonne, Rauchstopp"},"content":{"rendered":"<p>[et_pb_section fb_built=&#8221;1&#8243; module_class=&#8221;header&#8221; _builder_version=&#8221;3.0.99&#8243;][et_pb_row _builder_version=&#8221;3.0.99&#8243;][et_pb_column type=&#8221;4_4&#8243; _builder_version=&#8221;3.0.47&#8243;][et_pb_dp_dmb_module_10001 _builder_version=&#8221;3.21.1&#8243;][\/et_pb_dp_dmb_module_10001][\/et_pb_column][\/et_pb_row][\/et_pb_section][et_pb_section fb_built=&#8221;1&#8243; _builder_version=&#8221;3.0.47&#8243;][et_pb_row _builder_version=&#8221;3.0.48&#8243; background_size=&#8221;initial&#8221; background_position=&#8221;top_left&#8221; background_repeat=&#8221;repeat&#8221;][et_pb_column type=&#8221;2_3&#8243; _builder_version=&#8221;3.0.47&#8243;][et_pb_text _builder_version=&#8221;3.0.74&#8243; background_size=&#8221;initial&#8221; background_position=&#8221;top_left&#8221; background_repeat=&#8221;repeat&#8221;]<\/p>\n<p><span style=\"font-size: 15px;\">Sie m\u00f6chten die ruhigere Sommerzeit bzw. Ihren Urlaub f\u00fcr den m\u00f6glicherweise schon lang ersehnten Rauchstopp n\u00fctzen?<\/span><\/p>\n<p>Die Distanz zu allt\u00e4glichen Gewohnheiten und Ritualen, mehr Ruhe und Gelassenheit, vielf\u00e4ltige M\u00f6glichkeiten zur Bewegung im Freien \u2026 all das kann Ihnen helfen, Ihren Rauchstopp gut vorzubereiten und umzusetzen.<strong> N\u00fctzen Sie die Gelegenheit und gehen Sie rauchfrei in den Sommer!<\/strong><\/p>\n<p>Genauere Infos zu einer guten Vorbereitung\u00a0Ihres Rauchstopps lesen Sie <a href=\"https:\/\/rauchfrei.at\/aufhoeren\/schritte-zum-rauchstopp\/\">hier<\/a>.<\/p>\n<p>Der Sommer bietet eine F\u00fclle an M\u00f6glichkeiten, die vielen <a href=\"https:\/\/rauchfrei.at\/aufhoeren\/koerperliche-verbesserungen\/\">Vorteile<\/a> des rauchfreien Lebens zu genie\u00dfen: der verbesserte Geruchs- und Geschmackssinn l\u00e4sst frisches Obst und Gem\u00fcse und nat\u00fcrlich auch sommerliche Eisspezialit\u00e4ten zu einem neuen Erlebnis werden, bei Sport und Bewegung im Freien k\u00f6nnen Sie das Mehr an Luft und Kondition auskosten\u00a0\u2026<\/p>\n<p><strong>Gerne begleiten wir Sie auf Ihrem Weg in die Rauchfreiheit! 0800 810 013<\/strong><\/p>\n<p><a href=\"https:\/\/rauchfrei.at\/wp-content\/uploads\/2014_07_Sommer.jpg\"><img loading=\"lazy\" decoding=\"async\" class=\"alignnone size-large wp-image-5945\" src=\"https:\/\/rauchfrei.at\/wp-content\/uploads\/2014_07_Sommer-480x320.jpg\" alt=\"Sommer\" width=\"480\" height=\"320\" srcset=\"https:\/\/rauchfrei.at\/wp-content\/uploads\/2014_07_Sommer-480x320.jpg 480w, https:\/\/rauchfrei.at\/wp-content\/uploads\/2014_07_Sommer-225x150.jpg 225w, https:\/\/rauchfrei.at\/wp-content\/uploads\/2014_07_Sommer.jpg 1000w\" sizes=\"(max-width: 480px) 100vw, 480px\" \/><\/a><\/p>\n<p>&nbsp;<\/p>\n<p>[\/et_pb_text][\/et_pb_column][et_pb_column type=&#8221;1_3&#8243; _builder_version=&#8221;3.0.47&#8243;][et_pb_sidebar area=&#8221;sidebar-1&#8243; _builder_version=&#8221;3.15&#8243;][\/et_pb_sidebar][\/et_pb_column][\/et_pb_row][\/et_pb_section]<\/p>\n","protected":false},"excerpt":{"rendered":"<p>Auch wenn das Wetter derzeit manchmal eher an April erinnert \u2013 es ist Sommer! Die Sommer- und Urlaubszeit bietet viel Gelegenheit, die Vorteile eines rauchfreien Lebens in vollen Z\u00fcgen zu genie\u00dfen.<\/p>\n","protected":false},"author":7,"featured_media":0,"comment_status":"open","ping_status":"open","sticky":false,"template":"","format":"standard","meta":{"_et_pb_use_builder":"on","_et_pb_old_content":"<p>\u00a0<\/p><p>Sie m\u00f6chten die ruhigere Sommerzeit bzw. Ihren Urlaub f\u00fcr den m\u00f6glicherweise schon lang ersehnten Rauchstopp n\u00fctzen?<\/p><p>\u00a0<\/p><p>Die Distanz zu allt\u00e4glichen Gewohnheiten und Ritualen, mehr Ruhe und Gelassenheit, vielf\u00e4ltige M\u00f6glichkeiten zur Bewegung im Freien \u2026 all das kann Ihnen helfen, Ihren Rauchstopp gut vorzubereiten und umzusetzen.<strong> N\u00fctzen Sie die Gelegenheit und gehen Sie rauchfrei in den Sommer!<\/strong><\/p><p>\u00a0<\/p><p>Genauere Infos zu einer guten Vorbereitung\u00a0Ihres Rauchstopps lesen Sie <a href=\"https:\/\/rauchfrei.at\/aufhoeren\/schritte-zum-rauchstopp\/\">hier<\/a>.<\/p><p>\u00a0<\/p><p>Der Sommer bietet eine F\u00fclle an M\u00f6glichkeiten, die vielen <a href=\"https:\/\/rauchfrei.at\/aufhoeren\/koerperliche-verbesserungen\/\">Vorteile<\/a> des rauchfreien Lebens zu genie\u00dfen: der verbesserte Geruchs- und Geschmackssinn l\u00e4sst frisches Obst und Gem\u00fcse und nat\u00fcrlich auch sommerliche Eisspezialit\u00e4ten zu einem neuen Erlebnis werden, bei Sport und Bewegung im Freien k\u00f6nnen Sie das Mehr an Luft und Kondition auskosten\u00a0\u2026<\/p><p><strong>\u00a0<\/strong><\/p><p><strong>Gerne begleiten wir Sie auf Ihrem Weg in die Rauchfreiheit! 0800 810 013<\/strong><\/p><p>\u00a0<\/p><p><a href=\"https:\/\/rauchfrei.at\/wp-content\/uploads\/2014_07_Sommer.jpg\"><img class=\"alignnone size-large wp-image-5945\" src=\"https:\/\/rauchfrei.at\/wp-content\/uploads\/2014_07_Sommer-480x320.jpg\" alt=\"Sommer\" width=\"480\" height=\"320\" \/><\/a><\/p><p>\u00a0<\/p><p>\u00a0<\/p><p>\u00a0<\/p><p>\u00a0<\/p>","_et_gb_content_width":"","footnotes":""},"categories":[236],"tags":[179],"class_list":["post-5938","post","type-post","status-publish","format-standard","hentry","category-nicht-kategorisiert","tag-rauchstopp-im-sommer"],"yoast_head":"<!-- This site is optimized with the Yoast SEO plugin v26.2 - https:\/\/yoast.com\/wordpress\/plugins\/seo\/ -->\n<title>Sommer, Sonne, Rauchstopp - Rauchfrei Telefon<\/title>\n<meta name=\"robots\" content=\"index, follow, max-snippet:-1, max-image-preview:large, max-video-preview:-1\" \/>\n<link rel=\"canonical\" href=\"https:\/\/rauchfrei.at\/sommer-sonne-rauchstopp\/\" \/>\n<meta property=\"og:locale\" content=\"en_US\" \/>\n<meta property=\"og:type\" content=\"article\" \/>\n<meta property=\"og:title\" content=\"Sommer, Sonne, Rauchstopp - Rauchfrei Telefon\" \/>\n<meta property=\"og:description\" content=\"Auch wenn das Wetter derzeit manchmal eher an April erinnert \u2013 es ist Sommer! Die Sommer- und Urlaubszeit bietet viel Gelegenheit, die Vorteile eines rauchfreien Lebens in vollen Z\u00fcgen zu genie\u00dfen.\" \/>\n<meta property=\"og:url\" content=\"https:\/\/rauchfrei.at\/sommer-sonne-rauchstopp\/\" \/>\n<meta property=\"og:site_name\" content=\"Rauchfrei Telefon\" \/>\n<meta property=\"article:published_time\" content=\"2014-07-06T22:52:40+00:00\" \/>\n<meta property=\"article:modified_time\" content=\"2019-05-02T14:41:06+00:00\" \/>\n<meta property=\"og:image\" content=\"https:\/\/rauchfrei.at\/wp-content\/uploads\/2014_07_Sommer-480x320.jpg\" \/>\n<meta name=\"author\" content=\"Nina Heumayer\" \/>\n<meta name=\"twitter:card\" content=\"summary_large_image\" \/>\n<meta name=\"twitter:label1\" content=\"Written by\" \/>\n\t<meta name=\"twitter:data1\" content=\"Nina Heumayer\" \/>\n\t<meta name=\"twitter:label2\" content=\"Est. reading time\" \/>\n\t<meta name=\"twitter:data2\" content=\"1 minute\" \/>\n<script type=\"application\/ld+json\" class=\"yoast-schema-graph\">{\"@context\":\"https:\/\/schema.org\",\"@graph\":[{\"@type\":\"WebPage\",\"@id\":\"https:\/\/rauchfrei.at\/sommer-sonne-rauchstopp\/\",\"url\":\"https:\/\/rauchfrei.at\/sommer-sonne-rauchstopp\/\",\"name\":\"Sommer, Sonne, Rauchstopp - Rauchfrei Telefon\",\"isPartOf\":{\"@id\":\"https:\/\/rauchfrei.at\/#website\"},\"primaryImageOfPage\":{\"@id\":\"https:\/\/rauchfrei.at\/sommer-sonne-rauchstopp\/#primaryimage\"},\"image\":{\"@id\":\"https:\/\/rauchfrei.at\/sommer-sonne-rauchstopp\/#primaryimage\"},\"thumbnailUrl\":\"https:\/\/rauchfrei.at\/wp-content\/uploads\/2014_07_Sommer-480x320.jpg\",\"datePublished\":\"2014-07-06T22:52:40+00:00\",\"dateModified\":\"2019-05-02T14:41:06+00:00\",\"author\":{\"@id\":\"https:\/\/rauchfrei.at\/#\/schema\/person\/6ba3adad8eb872b334787c24357473aa\"},\"inLanguage\":\"en-US\",\"potentialAction\":[{\"@type\":\"ReadAction\",\"target\":[\"https:\/\/rauchfrei.at\/sommer-sonne-rauchstopp\/\"]}]},{\"@type\":\"ImageObject\",\"inLanguage\":\"en-US\",\"@id\":\"https:\/\/rauchfrei.at\/sommer-sonne-rauchstopp\/#primaryimage\",\"url\":\"https:\/\/rauchfrei.at\/wp-content\/uploads\/2014_07_Sommer-480x320.jpg\",\"contentUrl\":\"https:\/\/rauchfrei.at\/wp-content\/uploads\/2014_07_Sommer-480x320.jpg\"},{\"@type\":\"WebSite\",\"@id\":\"https:\/\/rauchfrei.at\/#website\",\"url\":\"https:\/\/rauchfrei.at\/\",\"name\":\"Rauchfrei Telefon\",\"description\":\"Eine \u00f6sterreichweite Initiative der Sozialversicherungen.\",\"potentialAction\":[{\"@type\":\"SearchAction\",\"target\":{\"@type\":\"EntryPoint\",\"urlTemplate\":\"https:\/\/rauchfrei.at\/?s={search_term_string}\"},\"query-input\":{\"@type\":\"PropertyValueSpecification\",\"valueRequired\":true,\"valueName\":\"search_term_string\"}}],\"inLanguage\":\"en-US\"},{\"@type\":\"Person\",\"@id\":\"https:\/\/rauchfrei.at\/#\/schema\/person\/6ba3adad8eb872b334787c24357473aa\",\"name\":\"Nina Heumayer\",\"image\":{\"@type\":\"ImageObject\",\"inLanguage\":\"en-US\",\"@id\":\"https:\/\/rauchfrei.at\/#\/schema\/person\/image\/\",\"url\":\"https:\/\/secure.gravatar.com\/avatar\/0980a970ceeb24db5798b86faac2035236ffa2f49daf0e59474baef797676711?s=96&d=mm&r=g\",\"contentUrl\":\"https:\/\/secure.gravatar.com\/avatar\/0980a970ceeb24db5798b86faac2035236ffa2f49daf0e59474baef797676711?s=96&d=mm&r=g\",\"caption\":\"Nina Heumayer\"},\"url\":\"https:\/\/rauchfrei.at\/en\/author\/heumayer\/\"}]}<\/script>\n<!-- \/ Yoast SEO plugin. -->","yoast_head_json":{"title":"Sommer, Sonne, Rauchstopp - Rauchfrei Telefon","robots":{"index":"index","follow":"follow","max-snippet":"max-snippet:-1","max-image-preview":"max-image-preview:large","max-video-preview":"max-video-preview:-1"},"canonical":"https:\/\/rauchfrei.at\/sommer-sonne-rauchstopp\/","og_locale":"en_US","og_type":"article","og_title":"Sommer, Sonne, Rauchstopp - Rauchfrei Telefon","og_description":"Auch wenn das Wetter derzeit manchmal eher an April erinnert \u2013 es ist Sommer! Die Sommer- und Urlaubszeit bietet viel Gelegenheit, die Vorteile eines rauchfreien Lebens in vollen Z\u00fcgen zu genie\u00dfen.","og_url":"https:\/\/rauchfrei.at\/sommer-sonne-rauchstopp\/","og_site_name":"Rauchfrei Telefon","article_published_time":"2014-07-06T22:52:40+00:00","article_modified_time":"2019-05-02T14:41:06+00:00","og_image":[{"url":"https:\/\/rauchfrei.at\/wp-content\/uploads\/2014_07_Sommer-480x320.jpg","type":"","width":"","height":""}],"author":"Nina Heumayer","twitter_card":"summary_large_image","twitter_misc":{"Written by":"Nina Heumayer","Est. reading time":"1 minute"},"schema":{"@context":"https:\/\/schema.org","@graph":[{"@type":"WebPage","@id":"https:\/\/rauchfrei.at\/sommer-sonne-rauchstopp\/","url":"https:\/\/rauchfrei.at\/sommer-sonne-rauchstopp\/","name":"Sommer, Sonne, Rauchstopp - Rauchfrei Telefon","isPartOf":{"@id":"https:\/\/rauchfrei.at\/#website"},"primaryImageOfPage":{"@id":"https:\/\/rauchfrei.at\/sommer-sonne-rauchstopp\/#primaryimage"},"image":{"@id":"https:\/\/rauchfrei.at\/sommer-sonne-rauchstopp\/#primaryimage"},"thumbnailUrl":"https:\/\/rauchfrei.at\/wp-content\/uploads\/2014_07_Sommer-480x320.jpg","datePublished":"2014-07-06T22:52:40+00:00","dateModified":"2019-05-02T14:41:06+00:00","author":{"@id":"https:\/\/rauchfrei.at\/#\/schema\/person\/6ba3adad8eb872b334787c24357473aa"},"inLanguage":"en-US","potentialAction":[{"@type":"ReadAction","target":["https:\/\/rauchfrei.at\/sommer-sonne-rauchstopp\/"]}]},{"@type":"ImageObject","inLanguage":"en-US","@id":"https:\/\/rauchfrei.at\/sommer-sonne-rauchstopp\/#primaryimage","url":"https:\/\/rauchfrei.at\/wp-content\/uploads\/2014_07_Sommer-480x320.jpg","contentUrl":"https:\/\/rauchfrei.at\/wp-content\/uploads\/2014_07_Sommer-480x320.jpg"},{"@type":"WebSite","@id":"https:\/\/rauchfrei.at\/#website","url":"https:\/\/rauchfrei.at\/","name":"Rauchfrei Telefon","description":"Eine \u00f6sterreichweite Initiative der Sozialversicherungen.","potentialAction":[{"@type":"SearchAction","target":{"@type":"EntryPoint","urlTemplate":"https:\/\/rauchfrei.at\/?s={search_term_string}"},"query-input":{"@type":"PropertyValueSpecification","valueRequired":true,"valueName":"search_term_string"}}],"inLanguage":"en-US"},{"@type":"Person","@id":"https:\/\/rauchfrei.at\/#\/schema\/person\/6ba3adad8eb872b334787c24357473aa","name":"Nina Heumayer","image":{"@type":"ImageObject","inLanguage":"en-US","@id":"https:\/\/rauchfrei.at\/#\/schema\/person\/image\/","url":"https:\/\/secure.gravatar.com\/avatar\/0980a970ceeb24db5798b86faac2035236ffa2f49daf0e59474baef797676711?s=96&d=mm&r=g","contentUrl":"https:\/\/secure.gravatar.com\/avatar\/0980a970ceeb24db5798b86faac2035236ffa2f49daf0e59474baef797676711?s=96&d=mm&r=g","caption":"Nina Heumayer"},"url":"https:\/\/rauchfrei.at\/en\/author\/heumayer\/"}]}},"_links":{"self":[{"href":"https:\/\/rauchfrei.at\/en\/wp-json\/wp\/v2\/posts\/5938","targetHints":{"allow":["GET"]}}],"collection":[{"href":"https:\/\/rauchfrei.at\/en\/wp-json\/wp\/v2\/posts"}],"about":[{"href":"https:\/\/rauchfrei.at\/en\/wp-json\/wp\/v2\/types\/post"}],"author":[{"embeddable":true,"href":"https:\/\/rauchfrei.at\/en\/wp-json\/wp\/v2\/users\/7"}],"replies":[{"embeddable":true,"href":"https:\/\/rauchfrei.at\/en\/wp-json\/wp\/v2\/comments?post=5938"}],"version-history":[{"count":5,"href":"https:\/\/rauchfrei.at\/en\/wp-json\/wp\/v2\/posts\/5938\/revisions"}],"predecessor-version":[{"id":16722,"href":"https:\/\/rauchfrei.at\/en\/wp-json\/wp\/v2\/posts\/5938\/revisions\/16722"}],"wp:attachment":[{"href":"https:\/\/rauchfrei.at\/en\/wp-json\/wp\/v2\/media?parent=5938"}],"wp:term":[{"taxonomy":"category","embeddable":true,"href":"https:\/\/rauchfrei.at\/en\/wp-json\/wp\/v2\/categories?post=5938"},{"taxonomy":"post_tag","embeddable":true,"href":"https:\/\/rauchfrei.at\/en\/wp-json\/wp\/v2\/tags?post=5938"}],"curies":[{"name":"wp","href":"https:\/\/api.w.org\/{rel}","templated":true}]}}