
{"id":5952,"date":"2014-07-14T10:00:08","date_gmt":"2014-07-14T08:00:08","guid":{"rendered":"http:\/\/rauchfrei.ipax.hosting\/?p=5952"},"modified":"2019-05-02T16:36:31","modified_gmt":"2019-05-02T14:36:31","slug":"fortbildung-zur-raucherberatung-raucherentwoehnung","status":"publish","type":"post","link":"https:\/\/rauchfrei.at\/en\/fortbildung-zur-raucherberatung-raucherentwoehnung\/","title":{"rendered":"Fortbildung zur Raucherberatung &#038; Raucherentw\u00f6hnung"},"content":{"rendered":"<p>[et_pb_section fb_built=&#8221;1&#8243; module_class=&#8221;header&#8221; _builder_version=&#8221;3.0.99&#8243;][et_pb_row _builder_version=&#8221;3.0.99&#8243;][et_pb_column type=&#8221;4_4&#8243; _builder_version=&#8221;3.0.47&#8243;][et_pb_dp_dmb_module_10001 _builder_version=&#8221;3.21.1&#8243; z_index_tablet=&#8221;500&#8243;][\/et_pb_dp_dmb_module_10001][\/et_pb_column][\/et_pb_row][\/et_pb_section][et_pb_section fb_built=&#8221;1&#8243; _builder_version=&#8221;3.0.47&#8243;][et_pb_row _builder_version=&#8221;3.0.48&#8243; background_size=&#8221;initial&#8221; background_position=&#8221;top_left&#8221; background_repeat=&#8221;repeat&#8221;][et_pb_column type=&#8221;2_3&#8243; _builder_version=&#8221;3.0.47&#8243;][et_pb_text _builder_version=&#8221;3.0.74&#8243; background_size=&#8221;initial&#8221; background_position=&#8221;top_left&#8221; background_repeat=&#8221;repeat&#8221;]<\/p>\n<p><span style=\"font-size: 15px;\">Diese Woche m\u00f6chten wir auf eine Ausbildung zur Raucherberatung und Raucherentw\u00f6hnung nach dem Qualit\u00e4tsstandard der \u00f6sterreichischen Sozialversicherung aufmerksam machen.<\/span><\/p>\n<p>Die am aktuellen Stand der Wissenschaft orientierte Fortbildung <strong>richtet sich an \u00c4rztInnen, PsychologInnen bzw. Fachpersonen aus dem Gesundheits- und Sozialwesen<\/strong>, die Kompetenzen im Bereich der Raucherberatung bzw. \u2013entw\u00f6hnung erwerben m\u00f6chten.<\/p>\n<p>Die einzelnen Module finden im Herbst 2014 in Graz statt.<\/p>\n<p>Eine n\u00e4here Seminarbeschreibung entnehmen Sie bitte der <a href=\"https:\/\/rauchfrei.at\/wp-content\/uploads\/Seminarinformation-2.pdf\" target=\"_blank\" rel=\"noopener noreferrer\">Seminarinformation<\/a>.<\/p>\n<p>Um Anmeldung mittels <a href=\"https:\/\/rauchfrei.at\/wp-content\/uploads\/Anmeldeformular.pdf\" target=\"_blank\" rel=\"noopener noreferrer\">Anmeldeformular<\/a> wird bis sp\u00e4testens 19. September 2014 gebeten.<\/p>\n<p>Heike F\u00fcreder, MSc, BSc<br \/><span style=\"font-size: 15px;\">Institut f\u00fcr Gesundheitsf\u00f6rderung und Pr\u00e4vention GmbH<br \/><\/span><span style=\"font-size: 15px;\">Haideggerweg 40<br \/><\/span><span style=\"font-size: 15px;\">8044 Graz<\/span><\/p>\n<p>[\/et_pb_text][\/et_pb_column][et_pb_column type=&#8221;1_3&#8243; _builder_version=&#8221;3.0.47&#8243;][et_pb_sidebar area=&#8221;sidebar-1&#8243; _builder_version=&#8221;3.21.1&#8243; z_index_tablet=&#8221;500&#8243;][\/et_pb_sidebar][\/et_pb_column][\/et_pb_row][\/et_pb_section]<\/p>\n","protected":false},"excerpt":{"rendered":"<p>Sie sind im Gesundheitswesen t\u00e4tig und wollen sich im Bereich Tabakentw\u00f6hnung weiterbilden? Hier k\u00f6nnen Sie sich Kompetenzen aneignen, um RaucherInnen zu beraten und im Entw\u00f6hnprozess zu unterst\u00fctzen. Mehr dazu&#8230;  <\/p>\n","protected":false},"author":17,"featured_media":0,"comment_status":"open","ping_status":"open","sticky":false,"template":"","format":"standard","meta":{"_et_pb_use_builder":"on","_et_pb_old_content":"&nbsp;\r\n\r\nDiese Woche m\u00f6chten wir auf eine Ausbildung zur Raucherberatung und Raucherentw\u00f6hnung nach dem Qualit\u00e4tsstandard der \u00f6sterreichischen Sozialversicherung aufmerksam machen.\r\n\r\n&nbsp;\r\n\r\nDie am aktuellen Stand der Wissenschaft orientierte Fortbildung <strong>richtet sich an \u00c4rztInnen, PsychologInnen bzw. Fachpersonen aus dem Gesundheits- und Sozialwesen<\/strong>, die Kompetenzen im Bereich der Raucherberatung bzw. \u2013entw\u00f6hnung erwerben m\u00f6chten.\r\n\r\n&nbsp;\r\n\r\nDie einzelnen Module finden im Herbst 2014 in Graz statt.\r\n\r\n&nbsp;\r\n\r\nEine n\u00e4here Seminarbeschreibung entnehmen Sie bitte der <a href=\"https:\/\/rauchfrei.at\/wp-content\/uploads\/Seminarinformation-2.pdf\" target=\"_blank\">Seminarinformation<\/a>.\r\n\r\n&nbsp;\r\n\r\nUm Anmeldung mittels <a href=\"https:\/\/rauchfrei.at\/wp-content\/uploads\/Anmeldeformular.pdf\" target=\"_blank\">Anmeldeformular<\/a> wird bis sp\u00e4testens 19. September 2014 gebeten.\r\n\r\n&nbsp;\r\n\r\nHeike F\u00fcreder, MSc, BSc\r\n\r\nInstitut f\u00fcr Gesundheitsf\u00f6rderung und Pr\u00e4vention GmbH\r\n\r\nHaideggerweg 40\r\n\r\n8044 Graz\r\n\r\n&nbsp;\r\n\r\n&nbsp;\r\n\r\n&nbsp;\r\n\r\n&nbsp;\r\n\r\n&nbsp;","_et_gb_content_width":"","footnotes":""},"categories":[236],"tags":[],"class_list":["post-5952","post","type-post","status-publish","format-standard","hentry","category-nicht-kategorisiert"],"yoast_head":"<!-- This site is optimized with the Yoast SEO plugin v26.2 - https:\/\/yoast.com\/wordpress\/plugins\/seo\/ -->\n<title>Fortbildung zur Raucherberatung &amp; Raucherentw\u00f6hnung - Rauchfrei Telefon<\/title>\n<meta name=\"robots\" content=\"index, follow, max-snippet:-1, max-image-preview:large, max-video-preview:-1\" \/>\n<link rel=\"canonical\" href=\"https:\/\/rauchfrei.at\/fortbildung-zur-raucherberatung-raucherentwoehnung\/\" \/>\n<meta property=\"og:locale\" content=\"en_US\" \/>\n<meta property=\"og:type\" content=\"article\" \/>\n<meta property=\"og:title\" content=\"Fortbildung zur Raucherberatung &amp; Raucherentw\u00f6hnung - Rauchfrei Telefon\" \/>\n<meta property=\"og:description\" content=\"Sie sind im Gesundheitswesen t\u00e4tig und wollen sich im Bereich Tabakentw\u00f6hnung weiterbilden? Hier k\u00f6nnen Sie sich Kompetenzen aneignen, um RaucherInnen zu beraten und im Entw\u00f6hnprozess zu unterst\u00fctzen. Mehr dazu...\" \/>\n<meta property=\"og:url\" content=\"https:\/\/rauchfrei.at\/fortbildung-zur-raucherberatung-raucherentwoehnung\/\" \/>\n<meta property=\"og:site_name\" content=\"Rauchfrei Telefon\" \/>\n<meta property=\"article:published_time\" content=\"2014-07-14T08:00:08+00:00\" \/>\n<meta property=\"article:modified_time\" content=\"2019-05-02T14:36:31+00:00\" \/>\n<meta name=\"author\" content=\"Gastkommentar\" \/>\n<meta name=\"twitter:card\" content=\"summary_large_image\" \/>\n<meta name=\"twitter:label1\" content=\"Written by\" \/>\n\t<meta name=\"twitter:data1\" content=\"Gastkommentar\" \/>\n\t<meta name=\"twitter:label2\" content=\"Est. reading time\" \/>\n\t<meta name=\"twitter:data2\" content=\"1 minute\" \/>\n<script type=\"application\/ld+json\" class=\"yoast-schema-graph\">{\"@context\":\"https:\/\/schema.org\",\"@graph\":[{\"@type\":\"WebPage\",\"@id\":\"https:\/\/rauchfrei.at\/fortbildung-zur-raucherberatung-raucherentwoehnung\/\",\"url\":\"https:\/\/rauchfrei.at\/fortbildung-zur-raucherberatung-raucherentwoehnung\/\",\"name\":\"Fortbildung zur Raucherberatung & Raucherentw\u00f6hnung - Rauchfrei Telefon\",\"isPartOf\":{\"@id\":\"https:\/\/rauchfrei.at\/#website\"},\"datePublished\":\"2014-07-14T08:00:08+00:00\",\"dateModified\":\"2019-05-02T14:36:31+00:00\",\"author\":{\"@id\":\"https:\/\/rauchfrei.at\/#\/schema\/person\/5fc25ba0c5c18c7bb72f39740e4d31da\"},\"inLanguage\":\"en-US\",\"potentialAction\":[{\"@type\":\"ReadAction\",\"target\":[\"https:\/\/rauchfrei.at\/fortbildung-zur-raucherberatung-raucherentwoehnung\/\"]}]},{\"@type\":\"WebSite\",\"@id\":\"https:\/\/rauchfrei.at\/#website\",\"url\":\"https:\/\/rauchfrei.at\/\",\"name\":\"Rauchfrei Telefon\",\"description\":\"Eine \u00f6sterreichweite Initiative der Sozialversicherungen.\",\"potentialAction\":[{\"@type\":\"SearchAction\",\"target\":{\"@type\":\"EntryPoint\",\"urlTemplate\":\"https:\/\/rauchfrei.at\/?s={search_term_string}\"},\"query-input\":{\"@type\":\"PropertyValueSpecification\",\"valueRequired\":true,\"valueName\":\"search_term_string\"}}],\"inLanguage\":\"en-US\"},{\"@type\":\"Person\",\"@id\":\"https:\/\/rauchfrei.at\/#\/schema\/person\/5fc25ba0c5c18c7bb72f39740e4d31da\",\"name\":\"Gastkommentar\",\"image\":{\"@type\":\"ImageObject\",\"inLanguage\":\"en-US\",\"@id\":\"https:\/\/rauchfrei.at\/#\/schema\/person\/image\/\",\"url\":\"https:\/\/secure.gravatar.com\/avatar\/85407d990e69802a3bded43886ed11ed06b45db3bbf254d52dd9f9c82c33dd83?s=96&d=mm&r=g\",\"contentUrl\":\"https:\/\/secure.gravatar.com\/avatar\/85407d990e69802a3bded43886ed11ed06b45db3bbf254d52dd9f9c82c33dd83?s=96&d=mm&r=g\",\"caption\":\"Gastkommentar\"},\"url\":\"https:\/\/rauchfrei.at\/en\/author\/gastkommentar\/\"}]}<\/script>\n<!-- \/ Yoast SEO plugin. -->","yoast_head_json":{"title":"Fortbildung zur Raucherberatung & Raucherentw\u00f6hnung - Rauchfrei Telefon","robots":{"index":"index","follow":"follow","max-snippet":"max-snippet:-1","max-image-preview":"max-image-preview:large","max-video-preview":"max-video-preview:-1"},"canonical":"https:\/\/rauchfrei.at\/fortbildung-zur-raucherberatung-raucherentwoehnung\/","og_locale":"en_US","og_type":"article","og_title":"Fortbildung zur Raucherberatung & Raucherentw\u00f6hnung - Rauchfrei Telefon","og_description":"Sie sind im Gesundheitswesen t\u00e4tig und wollen sich im Bereich Tabakentw\u00f6hnung weiterbilden? Hier k\u00f6nnen Sie sich Kompetenzen aneignen, um RaucherInnen zu beraten und im Entw\u00f6hnprozess zu unterst\u00fctzen. Mehr dazu...","og_url":"https:\/\/rauchfrei.at\/fortbildung-zur-raucherberatung-raucherentwoehnung\/","og_site_name":"Rauchfrei Telefon","article_published_time":"2014-07-14T08:00:08+00:00","article_modified_time":"2019-05-02T14:36:31+00:00","author":"Gastkommentar","twitter_card":"summary_large_image","twitter_misc":{"Written by":"Gastkommentar","Est. reading time":"1 minute"},"schema":{"@context":"https:\/\/schema.org","@graph":[{"@type":"WebPage","@id":"https:\/\/rauchfrei.at\/fortbildung-zur-raucherberatung-raucherentwoehnung\/","url":"https:\/\/rauchfrei.at\/fortbildung-zur-raucherberatung-raucherentwoehnung\/","name":"Fortbildung zur Raucherberatung & Raucherentw\u00f6hnung - Rauchfrei Telefon","isPartOf":{"@id":"https:\/\/rauchfrei.at\/#website"},"datePublished":"2014-07-14T08:00:08+00:00","dateModified":"2019-05-02T14:36:31+00:00","author":{"@id":"https:\/\/rauchfrei.at\/#\/schema\/person\/5fc25ba0c5c18c7bb72f39740e4d31da"},"inLanguage":"en-US","potentialAction":[{"@type":"ReadAction","target":["https:\/\/rauchfrei.at\/fortbildung-zur-raucherberatung-raucherentwoehnung\/"]}]},{"@type":"WebSite","@id":"https:\/\/rauchfrei.at\/#website","url":"https:\/\/rauchfrei.at\/","name":"Rauchfrei Telefon","description":"Eine \u00f6sterreichweite Initiative der Sozialversicherungen.","potentialAction":[{"@type":"SearchAction","target":{"@type":"EntryPoint","urlTemplate":"https:\/\/rauchfrei.at\/?s={search_term_string}"},"query-input":{"@type":"PropertyValueSpecification","valueRequired":true,"valueName":"search_term_string"}}],"inLanguage":"en-US"},{"@type":"Person","@id":"https:\/\/rauchfrei.at\/#\/schema\/person\/5fc25ba0c5c18c7bb72f39740e4d31da","name":"Gastkommentar","image":{"@type":"ImageObject","inLanguage":"en-US","@id":"https:\/\/rauchfrei.at\/#\/schema\/person\/image\/","url":"https:\/\/secure.gravatar.com\/avatar\/85407d990e69802a3bded43886ed11ed06b45db3bbf254d52dd9f9c82c33dd83?s=96&d=mm&r=g","contentUrl":"https:\/\/secure.gravatar.com\/avatar\/85407d990e69802a3bded43886ed11ed06b45db3bbf254d52dd9f9c82c33dd83?s=96&d=mm&r=g","caption":"Gastkommentar"},"url":"https:\/\/rauchfrei.at\/en\/author\/gastkommentar\/"}]}},"_links":{"self":[{"href":"https:\/\/rauchfrei.at\/en\/wp-json\/wp\/v2\/posts\/5952","targetHints":{"allow":["GET"]}}],"collection":[{"href":"https:\/\/rauchfrei.at\/en\/wp-json\/wp\/v2\/posts"}],"about":[{"href":"https:\/\/rauchfrei.at\/en\/wp-json\/wp\/v2\/types\/post"}],"author":[{"embeddable":true,"href":"https:\/\/rauchfrei.at\/en\/wp-json\/wp\/v2\/users\/17"}],"replies":[{"embeddable":true,"href":"https:\/\/rauchfrei.at\/en\/wp-json\/wp\/v2\/comments?post=5952"}],"version-history":[{"count":5,"href":"https:\/\/rauchfrei.at\/en\/wp-json\/wp\/v2\/posts\/5952\/revisions"}],"predecessor-version":[{"id":16720,"href":"https:\/\/rauchfrei.at\/en\/wp-json\/wp\/v2\/posts\/5952\/revisions\/16720"}],"wp:attachment":[{"href":"https:\/\/rauchfrei.at\/en\/wp-json\/wp\/v2\/media?parent=5952"}],"wp:term":[{"taxonomy":"category","embeddable":true,"href":"https:\/\/rauchfrei.at\/en\/wp-json\/wp\/v2\/categories?post=5952"},{"taxonomy":"post_tag","embeddable":true,"href":"https:\/\/rauchfrei.at\/en\/wp-json\/wp\/v2\/tags?post=5952"}],"curies":[{"name":"wp","href":"https:\/\/api.w.org\/{rel}","templated":true}]}}