
{"id":6017,"date":"2014-08-04T10:00:32","date_gmt":"2014-08-04T08:00:32","guid":{"rendered":"http:\/\/rauchfrei.ipax.hosting\/?p=6017"},"modified":"2019-05-02T16:29:26","modified_gmt":"2019-05-02T14:29:26","slug":"praedikat-vorbildlicher-nichtraucherschutz","status":"publish","type":"post","link":"https:\/\/rauchfrei.at\/en\/praedikat-vorbildlicher-nichtraucherschutz\/","title":{"rendered":"Pr\u00e4dikat &#8220;Vorbildlicher Nichtraucherschutz&#8221;"},"content":{"rendered":"<p>[et_pb_section fb_built=&#8221;1&#8243; module_class=&#8221;header&#8221; _builder_version=&#8221;3.0.99&#8243;][et_pb_row _builder_version=&#8221;3.0.99&#8243;][et_pb_column type=&#8221;4_4&#8243; _builder_version=&#8221;3.0.47&#8243;][et_pb_dp_dmb_module_10001 _builder_version=&#8221;3.21.1&#8243;][\/et_pb_dp_dmb_module_10001][\/et_pb_column][\/et_pb_row][\/et_pb_section][et_pb_section fb_built=&#8221;1&#8243; _builder_version=&#8221;3.0.47&#8243;][et_pb_row _builder_version=&#8221;3.0.48&#8243; background_size=&#8221;initial&#8221; background_position=&#8221;top_left&#8221; background_repeat=&#8221;repeat&#8221;][et_pb_column type=&#8221;2_3&#8243; _builder_version=&#8221;3.0.47&#8243;][et_pb_text _builder_version=&#8221;3.0.74&#8243; background_size=&#8221;initial&#8221; background_position=&#8221;top_left&#8221; background_repeat=&#8221;repeat&#8221;]<\/p>\n<p><span style=\"font-size: 15px;\">Heute wollen wir diejenigen Lokale vorstellen, die das Pr\u00e4dikat &#8220;Vorbildlicher Nichtraucherschutz&#8221; der \u00d6sterreichischen \u00c4rztekammer verliehen bekommen haben. Diese Auszeichnung zeugt von besonderem Engagement zum Schutz der allgemeinen Gesundheit.<\/span><\/p>\n<p>Diese Lokale und Unternehmen sind nachweislich rauchfrei und tragen somit wesentlich zur Gesundheitsvorsorge von MitarbeiterInnen und G\u00e4sten bei:<\/p>\n<p><a title=\"Rauchfreie Lokale (\u00d6\u00c4K-Zertifikat)\" href=\"http:\/\/www.aerztekammer.at\/documents\/10431\/25900\/Unternehmen+mit+%C3%96%C3%84K-Nichtraucherschutz-Zertifikat.pdf\/98798dd4-79b2-471b-b344-180e4c325b68?version=1.0&amp;t=1329742388000\" target=\"_blank\" rel=\"noopener noreferrer\">Unternehmen mit \u00d6\u00c4K-Zertifikat f\u00fcr Nichtraucherschutz<\/a><\/p>\n<p><strong>Weitere Informationen zum Thema und Geheimtipps:<\/strong><\/p>\n<p><a title=\"\u00d6\u00c4K - Nichtraucherschutz\" href=\"http:\/\/www.aerztekammer.at\/nichtraucherschutz1\" target=\"_blank\" rel=\"noopener noreferrer\">\u00d6sterreichische \u00c4rztekammer &#8211; Nichtraucherschutz<\/a><\/p>\n<p align=\"LEFT\"><strong>Sch\u00fctzen auch Sie sich und andere G\u00e4ste, denn:<\/strong><\/p>\n<p align=\"LEFT\">In Innenr\u00e4umen, in denen geraucht wird,\u00a0ist die Feinstaubbelastung oft\u00a0<b><span style=\"font-family: CenturyGothic-Bold; font-size: small;\"><span style=\"font-family: CenturyGothic-Bold; font-size: small;\">10-20x <\/span><\/span><\/b>h\u00f6her als die im Freien erlaubten Grenzwerte!<\/p>\n<p align=\"LEFT\"><a href=\"https:\/\/rauchfrei.at\/wp-content\/uploads\/tichy_nichtraucherschutz.jpg\"><img loading=\"lazy\" decoding=\"async\" class=\"size-medium wp-image-6019 aligncenter\" src=\"https:\/\/rauchfrei.at\/wp-content\/uploads\/tichy_nichtraucherschutz-225x300.jpg\" alt=\"tichy_nichtraucherschutz\" width=\"225\" height=\"300\" srcset=\"https:\/\/rauchfrei.at\/wp-content\/uploads\/tichy_nichtraucherschutz-225x300.jpg 225w, https:\/\/rauchfrei.at\/wp-content\/uploads\/tichy_nichtraucherschutz-480x640.jpg 480w\" sizes=\"(max-width: 225px) 100vw, 225px\" \/><\/a><\/p>\n<p>&nbsp;<\/p>\n<p>[\/et_pb_text][\/et_pb_column][et_pb_column type=&#8221;1_3&#8243; _builder_version=&#8221;3.0.47&#8243;][et_pb_sidebar area=&#8221;sidebar-1&#8243; _builder_version=&#8221;3.15&#8243;][\/et_pb_sidebar][\/et_pb_column][\/et_pb_row][\/et_pb_section]<\/p>\n","protected":false},"excerpt":{"rendered":"<p>Sie sind auf der Suche nach rauchfreien Lokalen? Die \u00d6sterreichische \u00c4rztekammer zeichnet regelm\u00e4\u00dfig Lokale aus, die den Nichtraucherschutz gro\u00df schreiben. Hier gibt\u00b4s die Liste!<\/p>\n","protected":false},"author":16,"featured_media":0,"comment_status":"open","ping_status":"open","sticky":false,"template":"","format":"standard","meta":{"_et_pb_use_builder":"on","_et_pb_old_content":"<p>\u00a0<\/p><p>Heute wollen wir diejenigen Lokale vorstellen, die das Pr\u00e4dikat \"Vorbildlicher Nichtraucherschutz\" der \u00d6sterreichischen \u00c4rztekammer verliehen bekommen haben. Diese Auszeichnung zeugt von besonderem Engagement zum Schutz der allgemeinen Gesundheit.<\/p><p>\u00a0<\/p><p>Diese Lokale und Unternehmen sind nachweislich rauchfrei und tragen somit wesentlich zur Gesundheitsvorsorge von MitarbeiterInnen und G\u00e4sten bei:<\/p><p>\u00a0<\/p><p><a title=\"Rauchfreie Lokale (\u00d6\u00c4K-Zertifikat)\" href=\"http:\/\/www.aerztekammer.at\/documents\/10431\/25900\/Unternehmen+mit+%C3%96%C3%84K-Nichtraucherschutz-Zertifikat.pdf\/98798dd4-79b2-471b-b344-180e4c325b68?version=1.0&t=1329742388000\" target=\"_blank\" rel=\"noopener\">Unternehmen mit \u00d6\u00c4K-Zertifikat f\u00fcr Nichtraucherschutz<\/a><\/p><p>\u00a0<\/p><p>\u00a0<\/p><p>Weitere Informationen zum Thema und Geheimtipps:<\/p><p><a title=\"\u00d6\u00c4K - Nichtraucherschutz\" href=\"http:\/\/www.aerztekammer.at\/nichtraucherschutz1\" target=\"_blank\" rel=\"noopener\">\u00d6sterreichische \u00c4rztekammer - Nichtraucherschutz<\/a><\/p><p>\u00a0<\/p><p align=\"LEFT\">Sch\u00fctzen auch Sie sich und andere G\u00e4ste, denn:<\/p><p align=\"LEFT\">In Innenr\u00e4umen, in denen geraucht wird,\u00a0ist die Feinstaubbelastung oft\u00a0<b><span style=\"font-family: CenturyGothic-Bold; font-size: small;\"><span style=\"font-family: CenturyGothic-Bold; font-size: small;\">10-20x <\/span><\/span><\/b>h\u00f6her als die im Freien erlaubten Grenzwerte!<\/p><p align=\"LEFT\">-<\/p><p align=\"LEFT\"><a href=\"https:\/\/rauchfrei.at\/wp-content\/uploads\/tichy_nichtraucherschutz.jpg\"><img class=\"size-medium wp-image-6019 aligncenter\" src=\"https:\/\/rauchfrei.at\/wp-content\/uploads\/tichy_nichtraucherschutz-225x300.jpg\" alt=\"tichy_nichtraucherschutz\" width=\"225\" height=\"300\" \/><\/a><\/p><p>\u00a0<\/p><p>\u00a0<\/p><p>\u00a0<\/p>","_et_gb_content_width":"","footnotes":""},"categories":[236],"tags":[],"class_list":["post-6017","post","type-post","status-publish","format-standard","hentry","category-nicht-kategorisiert"],"yoast_head":"<!-- This site is optimized with the Yoast SEO plugin v26.2 - https:\/\/yoast.com\/wordpress\/plugins\/seo\/ -->\n<title>Pr\u00e4dikat &quot;Vorbildlicher Nichtraucherschutz&quot; - Rauchfrei Telefon<\/title>\n<meta name=\"robots\" content=\"index, follow, max-snippet:-1, max-image-preview:large, max-video-preview:-1\" \/>\n<link rel=\"canonical\" href=\"https:\/\/rauchfrei.at\/praedikat-vorbildlicher-nichtraucherschutz\/\" \/>\n<meta property=\"og:locale\" content=\"en_US\" \/>\n<meta property=\"og:type\" content=\"article\" \/>\n<meta property=\"og:title\" content=\"Pr\u00e4dikat &quot;Vorbildlicher Nichtraucherschutz&quot; - Rauchfrei Telefon\" \/>\n<meta property=\"og:description\" content=\"Sie sind auf der Suche nach rauchfreien Lokalen? Die \u00d6sterreichische \u00c4rztekammer zeichnet regelm\u00e4\u00dfig Lokale aus, die den Nichtraucherschutz gro\u00df schreiben. Hier gibt\u00b4s die Liste!\" \/>\n<meta property=\"og:url\" content=\"https:\/\/rauchfrei.at\/praedikat-vorbildlicher-nichtraucherschutz\/\" \/>\n<meta property=\"og:site_name\" content=\"Rauchfrei Telefon\" \/>\n<meta property=\"article:published_time\" content=\"2014-08-04T08:00:32+00:00\" \/>\n<meta property=\"article:modified_time\" content=\"2019-05-02T14:29:26+00:00\" \/>\n<meta property=\"og:image\" content=\"https:\/\/rauchfrei.at\/wp-content\/uploads\/tichy_nichtraucherschutz-225x300.jpg\" \/>\n<meta name=\"author\" content=\"Melanie Stulik\" \/>\n<meta name=\"twitter:card\" content=\"summary_large_image\" \/>\n<meta name=\"twitter:label1\" content=\"Written by\" \/>\n\t<meta name=\"twitter:data1\" content=\"Melanie Stulik\" \/>\n\t<meta name=\"twitter:label2\" content=\"Est. reading time\" \/>\n\t<meta name=\"twitter:data2\" content=\"1 minute\" \/>\n<script type=\"application\/ld+json\" class=\"yoast-schema-graph\">{\"@context\":\"https:\/\/schema.org\",\"@graph\":[{\"@type\":\"WebPage\",\"@id\":\"https:\/\/rauchfrei.at\/praedikat-vorbildlicher-nichtraucherschutz\/\",\"url\":\"https:\/\/rauchfrei.at\/praedikat-vorbildlicher-nichtraucherschutz\/\",\"name\":\"Pr\u00e4dikat \\\"Vorbildlicher Nichtraucherschutz\\\" - Rauchfrei Telefon\",\"isPartOf\":{\"@id\":\"https:\/\/rauchfrei.at\/#website\"},\"primaryImageOfPage\":{\"@id\":\"https:\/\/rauchfrei.at\/praedikat-vorbildlicher-nichtraucherschutz\/#primaryimage\"},\"image\":{\"@id\":\"https:\/\/rauchfrei.at\/praedikat-vorbildlicher-nichtraucherschutz\/#primaryimage\"},\"thumbnailUrl\":\"https:\/\/rauchfrei.at\/wp-content\/uploads\/tichy_nichtraucherschutz-225x300.jpg\",\"datePublished\":\"2014-08-04T08:00:32+00:00\",\"dateModified\":\"2019-05-02T14:29:26+00:00\",\"author\":{\"@id\":\"https:\/\/rauchfrei.at\/#\/schema\/person\/91493cc00c3601c46943b77e7ebc0075\"},\"inLanguage\":\"en-US\",\"potentialAction\":[{\"@type\":\"ReadAction\",\"target\":[\"https:\/\/rauchfrei.at\/praedikat-vorbildlicher-nichtraucherschutz\/\"]}]},{\"@type\":\"ImageObject\",\"inLanguage\":\"en-US\",\"@id\":\"https:\/\/rauchfrei.at\/praedikat-vorbildlicher-nichtraucherschutz\/#primaryimage\",\"url\":\"https:\/\/rauchfrei.at\/wp-content\/uploads\/tichy_nichtraucherschutz-225x300.jpg\",\"contentUrl\":\"https:\/\/rauchfrei.at\/wp-content\/uploads\/tichy_nichtraucherschutz-225x300.jpg\"},{\"@type\":\"WebSite\",\"@id\":\"https:\/\/rauchfrei.at\/#website\",\"url\":\"https:\/\/rauchfrei.at\/\",\"name\":\"Rauchfrei Telefon\",\"description\":\"Eine \u00f6sterreichweite Initiative der Sozialversicherungen.\",\"potentialAction\":[{\"@type\":\"SearchAction\",\"target\":{\"@type\":\"EntryPoint\",\"urlTemplate\":\"https:\/\/rauchfrei.at\/?s={search_term_string}\"},\"query-input\":{\"@type\":\"PropertyValueSpecification\",\"valueRequired\":true,\"valueName\":\"search_term_string\"}}],\"inLanguage\":\"en-US\"},{\"@type\":\"Person\",\"@id\":\"https:\/\/rauchfrei.at\/#\/schema\/person\/91493cc00c3601c46943b77e7ebc0075\",\"name\":\"Melanie Stulik\",\"image\":{\"@type\":\"ImageObject\",\"inLanguage\":\"en-US\",\"@id\":\"https:\/\/rauchfrei.at\/#\/schema\/person\/image\/\",\"url\":\"https:\/\/secure.gravatar.com\/avatar\/5ac3b6bb2b037bda3c21df97a4ee7e763aa9f84d8ffc3f86db3731b4c62ffb71?s=96&d=mm&r=g\",\"contentUrl\":\"https:\/\/secure.gravatar.com\/avatar\/5ac3b6bb2b037bda3c21df97a4ee7e763aa9f84d8ffc3f86db3731b4c62ffb71?s=96&d=mm&r=g\",\"caption\":\"Melanie Stulik\"},\"url\":\"https:\/\/rauchfrei.at\/en\/author\/melanie-stulik\/\"}]}<\/script>\n<!-- \/ Yoast SEO plugin. -->","yoast_head_json":{"title":"Pr\u00e4dikat \"Vorbildlicher Nichtraucherschutz\" - Rauchfrei Telefon","robots":{"index":"index","follow":"follow","max-snippet":"max-snippet:-1","max-image-preview":"max-image-preview:large","max-video-preview":"max-video-preview:-1"},"canonical":"https:\/\/rauchfrei.at\/praedikat-vorbildlicher-nichtraucherschutz\/","og_locale":"en_US","og_type":"article","og_title":"Pr\u00e4dikat \"Vorbildlicher Nichtraucherschutz\" - Rauchfrei Telefon","og_description":"Sie sind auf der Suche nach rauchfreien Lokalen? Die \u00d6sterreichische \u00c4rztekammer zeichnet regelm\u00e4\u00dfig Lokale aus, die den Nichtraucherschutz gro\u00df schreiben. Hier gibt\u00b4s die Liste!","og_url":"https:\/\/rauchfrei.at\/praedikat-vorbildlicher-nichtraucherschutz\/","og_site_name":"Rauchfrei Telefon","article_published_time":"2014-08-04T08:00:32+00:00","article_modified_time":"2019-05-02T14:29:26+00:00","og_image":[{"url":"https:\/\/rauchfrei.at\/wp-content\/uploads\/tichy_nichtraucherschutz-225x300.jpg","type":"","width":"","height":""}],"author":"Melanie Stulik","twitter_card":"summary_large_image","twitter_misc":{"Written by":"Melanie Stulik","Est. reading time":"1 minute"},"schema":{"@context":"https:\/\/schema.org","@graph":[{"@type":"WebPage","@id":"https:\/\/rauchfrei.at\/praedikat-vorbildlicher-nichtraucherschutz\/","url":"https:\/\/rauchfrei.at\/praedikat-vorbildlicher-nichtraucherschutz\/","name":"Pr\u00e4dikat \"Vorbildlicher Nichtraucherschutz\" - Rauchfrei Telefon","isPartOf":{"@id":"https:\/\/rauchfrei.at\/#website"},"primaryImageOfPage":{"@id":"https:\/\/rauchfrei.at\/praedikat-vorbildlicher-nichtraucherschutz\/#primaryimage"},"image":{"@id":"https:\/\/rauchfrei.at\/praedikat-vorbildlicher-nichtraucherschutz\/#primaryimage"},"thumbnailUrl":"https:\/\/rauchfrei.at\/wp-content\/uploads\/tichy_nichtraucherschutz-225x300.jpg","datePublished":"2014-08-04T08:00:32+00:00","dateModified":"2019-05-02T14:29:26+00:00","author":{"@id":"https:\/\/rauchfrei.at\/#\/schema\/person\/91493cc00c3601c46943b77e7ebc0075"},"inLanguage":"en-US","potentialAction":[{"@type":"ReadAction","target":["https:\/\/rauchfrei.at\/praedikat-vorbildlicher-nichtraucherschutz\/"]}]},{"@type":"ImageObject","inLanguage":"en-US","@id":"https:\/\/rauchfrei.at\/praedikat-vorbildlicher-nichtraucherschutz\/#primaryimage","url":"https:\/\/rauchfrei.at\/wp-content\/uploads\/tichy_nichtraucherschutz-225x300.jpg","contentUrl":"https:\/\/rauchfrei.at\/wp-content\/uploads\/tichy_nichtraucherschutz-225x300.jpg"},{"@type":"WebSite","@id":"https:\/\/rauchfrei.at\/#website","url":"https:\/\/rauchfrei.at\/","name":"Rauchfrei Telefon","description":"Eine \u00f6sterreichweite Initiative der Sozialversicherungen.","potentialAction":[{"@type":"SearchAction","target":{"@type":"EntryPoint","urlTemplate":"https:\/\/rauchfrei.at\/?s={search_term_string}"},"query-input":{"@type":"PropertyValueSpecification","valueRequired":true,"valueName":"search_term_string"}}],"inLanguage":"en-US"},{"@type":"Person","@id":"https:\/\/rauchfrei.at\/#\/schema\/person\/91493cc00c3601c46943b77e7ebc0075","name":"Melanie Stulik","image":{"@type":"ImageObject","inLanguage":"en-US","@id":"https:\/\/rauchfrei.at\/#\/schema\/person\/image\/","url":"https:\/\/secure.gravatar.com\/avatar\/5ac3b6bb2b037bda3c21df97a4ee7e763aa9f84d8ffc3f86db3731b4c62ffb71?s=96&d=mm&r=g","contentUrl":"https:\/\/secure.gravatar.com\/avatar\/5ac3b6bb2b037bda3c21df97a4ee7e763aa9f84d8ffc3f86db3731b4c62ffb71?s=96&d=mm&r=g","caption":"Melanie Stulik"},"url":"https:\/\/rauchfrei.at\/en\/author\/melanie-stulik\/"}]}},"_links":{"self":[{"href":"https:\/\/rauchfrei.at\/en\/wp-json\/wp\/v2\/posts\/6017","targetHints":{"allow":["GET"]}}],"collection":[{"href":"https:\/\/rauchfrei.at\/en\/wp-json\/wp\/v2\/posts"}],"about":[{"href":"https:\/\/rauchfrei.at\/en\/wp-json\/wp\/v2\/types\/post"}],"author":[{"embeddable":true,"href":"https:\/\/rauchfrei.at\/en\/wp-json\/wp\/v2\/users\/16"}],"replies":[{"embeddable":true,"href":"https:\/\/rauchfrei.at\/en\/wp-json\/wp\/v2\/comments?post=6017"}],"version-history":[{"count":5,"href":"https:\/\/rauchfrei.at\/en\/wp-json\/wp\/v2\/posts\/6017\/revisions"}],"predecessor-version":[{"id":16709,"href":"https:\/\/rauchfrei.at\/en\/wp-json\/wp\/v2\/posts\/6017\/revisions\/16709"}],"wp:attachment":[{"href":"https:\/\/rauchfrei.at\/en\/wp-json\/wp\/v2\/media?parent=6017"}],"wp:term":[{"taxonomy":"category","embeddable":true,"href":"https:\/\/rauchfrei.at\/en\/wp-json\/wp\/v2\/categories?post=6017"},{"taxonomy":"post_tag","embeddable":true,"href":"https:\/\/rauchfrei.at\/en\/wp-json\/wp\/v2\/tags?post=6017"}],"curies":[{"name":"wp","href":"https:\/\/api.w.org\/{rel}","templated":true}]}}