
{"id":6079,"date":"2014-08-25T10:30:22","date_gmt":"2014-08-25T08:30:22","guid":{"rendered":"http:\/\/rauchfrei.ipax.hosting\/?p=6079"},"modified":"2019-05-02T16:22:40","modified_gmt":"2019-05-02T14:22:40","slug":"neue-studienerkenntnisse-zum-rauchen-in-der-schwangerschaft","status":"publish","type":"post","link":"https:\/\/rauchfrei.at\/en\/neue-studienerkenntnisse-zum-rauchen-in-der-schwangerschaft\/","title":{"rendered":"Neue Studienerkenntnisse zum Rauchen in der Schwangerschaft"},"content":{"rendered":"<p>[et_pb_section fb_built=&#8221;1&#8243; module_class=&#8221;header&#8221; _builder_version=&#8221;3.0.99&#8243;][et_pb_row _builder_version=&#8221;3.0.99&#8243;][et_pb_column type=&#8221;4_4&#8243; _builder_version=&#8221;3.0.47&#8243;][et_pb_dp_dmb_module_10001 _builder_version=&#8221;3.21.1&#8243;][\/et_pb_dp_dmb_module_10001][\/et_pb_column][\/et_pb_row][\/et_pb_section][et_pb_section fb_built=&#8221;1&#8243; _builder_version=&#8221;3.0.47&#8243;][et_pb_row _builder_version=&#8221;3.0.48&#8243; background_size=&#8221;initial&#8221; background_position=&#8221;top_left&#8221; background_repeat=&#8221;repeat&#8221;][et_pb_column type=&#8221;2_3&#8243; _builder_version=&#8221;3.0.47&#8243;][et_pb_text _builder_version=&#8221;3.0.74&#8243; background_size=&#8221;initial&#8221; background_position=&#8221;top_left&#8221; background_repeat=&#8221;repeat&#8221;]<\/p>\n<p><span style=\"font-size: 15px;\">Die gesundheitlichen Auswirkungen des Rauchens\u00a0sind mittlerweile vielen Menschen bekannt.\u00a0Wie sehr und in welcher Weise der Tabakrauch den noch ungeborenen Kindern schadet, zeigt nun eine neue <\/span><a href=\"http:\/\/ehp.niehs.nih.gov\/1307892\/\" target=\"_blank\" rel=\"noopener noreferrer\" style=\"font-size: 15px;\">Studie des National Institute of Environmental Health Sciences in North Carolina<\/a><span style=\"font-size: 15px;\">.<\/span><\/p>\n<p>Neben den bereits erforschten Auswirkungen (wie beispielsweise ein verringertes Geburtsgewicht, h\u00f6here Infektionsanf\u00e4lligkeit sowie Anf\u00e4lligkeit f\u00fcr allergische Reaktionen, Beeintr\u00e4chtigung der Entwicklung der Lungen, h\u00f6here Wahrscheinlichkeit f\u00fcr Lungenerkrankungen) konnte nun nachgewiesen werden, dass der Tabakrauch auch die DNA der Babys sch\u00e4digt und die<strong> Gesundheit der Kinder somit langfristig beeintr\u00e4chtigt<\/strong>.<\/p>\n<p>Unter den\u00a0<strong>insgesamt 10 ver\u00e4nderten Genen<\/strong> sind auch jene, welche die f\u00f6tale Entwicklung sowie eine sp\u00e4tere Nikotinabh\u00e4ngigkeit beeinflussen.<\/p>\n<p>Es ist wichtig, rauchende Schwangere \u00fcber die gesundheitlichen Folgen f\u00fcr sich und das Kind aufzukl\u00e4ren. Gleichzeitig m\u00fcssen jedoch <strong>physische und psychische Abh\u00e4ngigkeit<\/strong> ber\u00fccksichtigt werden, die\u00a0den Rauchstopp erschweren k\u00f6nnen.<\/p>\n<p><strong>Schwangere<\/strong>, die Unterst\u00fctzung auf dem Weg in die Rauchfreiheit ben\u00f6tigen, erhalten<strong> individuelle Einzelberatung am Rauchfrei Telefon<\/strong>:<\/p>\n<p>Flexible Terminvereinbarung, kostenfrei\u00a0&amp; auf Wunsch\u00a0anonym unter 0800 810 013<\/p>\n<p>[\/et_pb_text][\/et_pb_column][et_pb_column type=&#8221;1_3&#8243; _builder_version=&#8221;3.0.47&#8243;][et_pb_sidebar area=&#8221;sidebar-1&#8243; _builder_version=&#8221;3.21.1&#8243; z_index_tablet=&#8221;500&#8243;][\/et_pb_sidebar][\/et_pb_column][\/et_pb_row][\/et_pb_section]<\/p>\n","protected":false},"excerpt":{"rendered":"<p>Eine neue Studie zeigt, warum Kinder, deren M\u00fctter in der Schwangerschaft geraucht haben, h\u00e4ufiger gesundheitliche Probleme in ihrem Leben haben.<\/p>\n","protected":false},"author":7,"featured_media":0,"comment_status":"open","ping_status":"open","sticky":false,"template":"","format":"standard","meta":{"_et_pb_use_builder":"on","_et_pb_old_content":"&nbsp;\r\n\r\nDie gesundheitlichen Auswirkungen des Rauchens\u00a0sind mittlerweile vielen Menschen bekannt.\u00a0Wie sehr und in welcher Weise der Tabakrauch den noch ungeborenen Kindern schadet, zeigt nun eine neue <a href=\"http:\/\/ehp.niehs.nih.gov\/1307892\/\" target=\"_blank\" rel=\"noopener\">Studie des National Institute of Environmental Health Sciences in North Carolina<\/a>.\r\n\r\n&nbsp;\r\n\r\nNeben den bereits erforschten Auswirkungen (wie beispielsweise ein verringertes Geburtsgewicht, h\u00f6here Infektionsanf\u00e4lligkeit sowie Anf\u00e4lligkeit f\u00fcr allergische Reaktionen, Beeintr\u00e4chtigung der Entwicklung der Lungen, h\u00f6here Wahrscheinlichkeit f\u00fcr Lungenerkrankungen) konnte nun nachgewiesen werden, dass der Tabakrauch auch die DNA der Babys sch\u00e4digt und die<strong> Gesundheit der Kinder somit langfristig beeintr\u00e4chtigt<\/strong>.\r\n\r\n&nbsp;\r\n\r\nUnter den<strong> insgesamt 10 ver\u00e4nderten Genen<\/strong> sind auch jene, welche die f\u00f6tale Entwicklung sowie eine sp\u00e4tere Nikotinabh\u00e4ngigkeit beeinflussen.\r\n\r\n&nbsp;\r\n\r\nEs ist wichtig, rauchende Schwangere \u00fcber die gesundheitlichen Folgen f\u00fcr sich und das Kind aufzukl\u00e4ren. Gleichzeitig m\u00fcssen jedoch <strong>physische und psychische Abh\u00e4ngigkeit<\/strong> ber\u00fccksichtigt werden, die\u00a0den Rauchstopp erschweren k\u00f6nnen.\r\n\r\n&nbsp;\r\n\r\n<strong>Schwangere<\/strong>, die Unterst\u00fctzung auf dem Weg in die Rauchfreiheit ben\u00f6tigen, erhalten<strong> individuelle Einzelberatung am Rauchfrei Telefon<\/strong>:\r\n\r\nFlexible Terminvereinbarung, kostenfrei\u00a0&amp; auf Wunsch\u00a0anonym unter 0800 810 013\r\n\r\n&nbsp;\r\n\r\n&nbsp;\r\n\r\n&nbsp;","_et_gb_content_width":"","footnotes":""},"categories":[235],"tags":[183,57],"class_list":["post-6079","post","type-post","status-publish","format-standard","hentry","category-gesundheit-und-rauchstopp","tag-genveraenderungen","tag-schwangerschaft"],"yoast_head":"<!-- This site is optimized with the Yoast SEO plugin v26.2 - https:\/\/yoast.com\/wordpress\/plugins\/seo\/ -->\n<title>Neue Studienerkenntnisse zum Rauchen in der Schwangerschaft - Rauchfrei Telefon<\/title>\n<meta name=\"robots\" content=\"index, follow, max-snippet:-1, max-image-preview:large, max-video-preview:-1\" \/>\n<link rel=\"canonical\" href=\"https:\/\/rauchfrei.at\/neue-studienerkenntnisse-zum-rauchen-in-der-schwangerschaft\/\" \/>\n<meta property=\"og:locale\" content=\"en_US\" \/>\n<meta property=\"og:type\" content=\"article\" \/>\n<meta property=\"og:title\" content=\"Neue Studienerkenntnisse zum Rauchen in der Schwangerschaft - Rauchfrei Telefon\" \/>\n<meta property=\"og:description\" content=\"Eine neue Studie zeigt, warum Kinder, deren M\u00fctter in der Schwangerschaft geraucht haben, h\u00e4ufiger gesundheitliche Probleme in ihrem Leben haben.\" \/>\n<meta property=\"og:url\" content=\"https:\/\/rauchfrei.at\/neue-studienerkenntnisse-zum-rauchen-in-der-schwangerschaft\/\" \/>\n<meta property=\"og:site_name\" content=\"Rauchfrei Telefon\" \/>\n<meta property=\"article:published_time\" content=\"2014-08-25T08:30:22+00:00\" \/>\n<meta property=\"article:modified_time\" content=\"2019-05-02T14:22:40+00:00\" \/>\n<meta name=\"author\" content=\"Nina Heumayer\" \/>\n<meta name=\"twitter:card\" content=\"summary_large_image\" \/>\n<meta name=\"twitter:label1\" content=\"Written by\" \/>\n\t<meta name=\"twitter:data1\" content=\"Nina Heumayer\" \/>\n\t<meta name=\"twitter:label2\" content=\"Est. reading time\" \/>\n\t<meta name=\"twitter:data2\" content=\"1 minute\" \/>\n<script type=\"application\/ld+json\" class=\"yoast-schema-graph\">{\"@context\":\"https:\/\/schema.org\",\"@graph\":[{\"@type\":\"WebPage\",\"@id\":\"https:\/\/rauchfrei.at\/neue-studienerkenntnisse-zum-rauchen-in-der-schwangerschaft\/\",\"url\":\"https:\/\/rauchfrei.at\/neue-studienerkenntnisse-zum-rauchen-in-der-schwangerschaft\/\",\"name\":\"Neue Studienerkenntnisse zum Rauchen in der Schwangerschaft - Rauchfrei Telefon\",\"isPartOf\":{\"@id\":\"https:\/\/rauchfrei.at\/#website\"},\"datePublished\":\"2014-08-25T08:30:22+00:00\",\"dateModified\":\"2019-05-02T14:22:40+00:00\",\"author\":{\"@id\":\"https:\/\/rauchfrei.at\/#\/schema\/person\/6ba3adad8eb872b334787c24357473aa\"},\"inLanguage\":\"en-US\",\"potentialAction\":[{\"@type\":\"ReadAction\",\"target\":[\"https:\/\/rauchfrei.at\/neue-studienerkenntnisse-zum-rauchen-in-der-schwangerschaft\/\"]}]},{\"@type\":\"WebSite\",\"@id\":\"https:\/\/rauchfrei.at\/#website\",\"url\":\"https:\/\/rauchfrei.at\/\",\"name\":\"Rauchfrei Telefon\",\"description\":\"Eine \u00f6sterreichweite Initiative der Sozialversicherungen.\",\"potentialAction\":[{\"@type\":\"SearchAction\",\"target\":{\"@type\":\"EntryPoint\",\"urlTemplate\":\"https:\/\/rauchfrei.at\/?s={search_term_string}\"},\"query-input\":{\"@type\":\"PropertyValueSpecification\",\"valueRequired\":true,\"valueName\":\"search_term_string\"}}],\"inLanguage\":\"en-US\"},{\"@type\":\"Person\",\"@id\":\"https:\/\/rauchfrei.at\/#\/schema\/person\/6ba3adad8eb872b334787c24357473aa\",\"name\":\"Nina Heumayer\",\"image\":{\"@type\":\"ImageObject\",\"inLanguage\":\"en-US\",\"@id\":\"https:\/\/rauchfrei.at\/#\/schema\/person\/image\/\",\"url\":\"https:\/\/secure.gravatar.com\/avatar\/0980a970ceeb24db5798b86faac2035236ffa2f49daf0e59474baef797676711?s=96&d=mm&r=g\",\"contentUrl\":\"https:\/\/secure.gravatar.com\/avatar\/0980a970ceeb24db5798b86faac2035236ffa2f49daf0e59474baef797676711?s=96&d=mm&r=g\",\"caption\":\"Nina Heumayer\"},\"url\":\"https:\/\/rauchfrei.at\/en\/author\/heumayer\/\"}]}<\/script>\n<!-- \/ Yoast SEO plugin. -->","yoast_head_json":{"title":"Neue Studienerkenntnisse zum Rauchen in der Schwangerschaft - Rauchfrei Telefon","robots":{"index":"index","follow":"follow","max-snippet":"max-snippet:-1","max-image-preview":"max-image-preview:large","max-video-preview":"max-video-preview:-1"},"canonical":"https:\/\/rauchfrei.at\/neue-studienerkenntnisse-zum-rauchen-in-der-schwangerschaft\/","og_locale":"en_US","og_type":"article","og_title":"Neue Studienerkenntnisse zum Rauchen in der Schwangerschaft - Rauchfrei Telefon","og_description":"Eine neue Studie zeigt, warum Kinder, deren M\u00fctter in der Schwangerschaft geraucht haben, h\u00e4ufiger gesundheitliche Probleme in ihrem Leben haben.","og_url":"https:\/\/rauchfrei.at\/neue-studienerkenntnisse-zum-rauchen-in-der-schwangerschaft\/","og_site_name":"Rauchfrei Telefon","article_published_time":"2014-08-25T08:30:22+00:00","article_modified_time":"2019-05-02T14:22:40+00:00","author":"Nina Heumayer","twitter_card":"summary_large_image","twitter_misc":{"Written by":"Nina Heumayer","Est. reading time":"1 minute"},"schema":{"@context":"https:\/\/schema.org","@graph":[{"@type":"WebPage","@id":"https:\/\/rauchfrei.at\/neue-studienerkenntnisse-zum-rauchen-in-der-schwangerschaft\/","url":"https:\/\/rauchfrei.at\/neue-studienerkenntnisse-zum-rauchen-in-der-schwangerschaft\/","name":"Neue Studienerkenntnisse zum Rauchen in der Schwangerschaft - Rauchfrei Telefon","isPartOf":{"@id":"https:\/\/rauchfrei.at\/#website"},"datePublished":"2014-08-25T08:30:22+00:00","dateModified":"2019-05-02T14:22:40+00:00","author":{"@id":"https:\/\/rauchfrei.at\/#\/schema\/person\/6ba3adad8eb872b334787c24357473aa"},"inLanguage":"en-US","potentialAction":[{"@type":"ReadAction","target":["https:\/\/rauchfrei.at\/neue-studienerkenntnisse-zum-rauchen-in-der-schwangerschaft\/"]}]},{"@type":"WebSite","@id":"https:\/\/rauchfrei.at\/#website","url":"https:\/\/rauchfrei.at\/","name":"Rauchfrei Telefon","description":"Eine \u00f6sterreichweite Initiative der Sozialversicherungen.","potentialAction":[{"@type":"SearchAction","target":{"@type":"EntryPoint","urlTemplate":"https:\/\/rauchfrei.at\/?s={search_term_string}"},"query-input":{"@type":"PropertyValueSpecification","valueRequired":true,"valueName":"search_term_string"}}],"inLanguage":"en-US"},{"@type":"Person","@id":"https:\/\/rauchfrei.at\/#\/schema\/person\/6ba3adad8eb872b334787c24357473aa","name":"Nina Heumayer","image":{"@type":"ImageObject","inLanguage":"en-US","@id":"https:\/\/rauchfrei.at\/#\/schema\/person\/image\/","url":"https:\/\/secure.gravatar.com\/avatar\/0980a970ceeb24db5798b86faac2035236ffa2f49daf0e59474baef797676711?s=96&d=mm&r=g","contentUrl":"https:\/\/secure.gravatar.com\/avatar\/0980a970ceeb24db5798b86faac2035236ffa2f49daf0e59474baef797676711?s=96&d=mm&r=g","caption":"Nina Heumayer"},"url":"https:\/\/rauchfrei.at\/en\/author\/heumayer\/"}]}},"_links":{"self":[{"href":"https:\/\/rauchfrei.at\/en\/wp-json\/wp\/v2\/posts\/6079","targetHints":{"allow":["GET"]}}],"collection":[{"href":"https:\/\/rauchfrei.at\/en\/wp-json\/wp\/v2\/posts"}],"about":[{"href":"https:\/\/rauchfrei.at\/en\/wp-json\/wp\/v2\/types\/post"}],"author":[{"embeddable":true,"href":"https:\/\/rauchfrei.at\/en\/wp-json\/wp\/v2\/users\/7"}],"replies":[{"embeddable":true,"href":"https:\/\/rauchfrei.at\/en\/wp-json\/wp\/v2\/comments?post=6079"}],"version-history":[{"count":5,"href":"https:\/\/rauchfrei.at\/en\/wp-json\/wp\/v2\/posts\/6079\/revisions"}],"predecessor-version":[{"id":16697,"href":"https:\/\/rauchfrei.at\/en\/wp-json\/wp\/v2\/posts\/6079\/revisions\/16697"}],"wp:attachment":[{"href":"https:\/\/rauchfrei.at\/en\/wp-json\/wp\/v2\/media?parent=6079"}],"wp:term":[{"taxonomy":"category","embeddable":true,"href":"https:\/\/rauchfrei.at\/en\/wp-json\/wp\/v2\/categories?post=6079"},{"taxonomy":"post_tag","embeddable":true,"href":"https:\/\/rauchfrei.at\/en\/wp-json\/wp\/v2\/tags?post=6079"}],"curies":[{"name":"wp","href":"https:\/\/api.w.org\/{rel}","templated":true}]}}