
{"id":6108,"date":"2014-08-13T17:08:17","date_gmt":"2014-08-13T15:08:17","guid":{"rendered":"http:\/\/rauchfrei.ipax.hosting\/?p=6108"},"modified":"2019-05-02T16:24:17","modified_gmt":"2019-05-02T14:24:17","slug":"rauchfreie-lokale-ja-oder-nein","status":"publish","type":"post","link":"https:\/\/rauchfrei.at\/en\/rauchfreie-lokale-ja-oder-nein\/","title":{"rendered":"Rauchfreie Lokale: ja oder nein?"},"content":{"rendered":"<p>[et_pb_section fb_built=&#8221;1&#8243; module_class=&#8221;header&#8221; _builder_version=&#8221;3.0.99&#8243;][et_pb_row _builder_version=&#8221;3.0.99&#8243;][et_pb_column type=&#8221;4_4&#8243; _builder_version=&#8221;3.0.47&#8243;][et_pb_dp_dmb_module_10001 _builder_version=&#8221;3.21.1&#8243; z_index_tablet=&#8221;500&#8243;][\/et_pb_dp_dmb_module_10001][\/et_pb_column][\/et_pb_row][\/et_pb_section][et_pb_section fb_built=&#8221;1&#8243; _builder_version=&#8221;3.0.47&#8243;][et_pb_row _builder_version=&#8221;3.0.48&#8243; background_size=&#8221;initial&#8221; background_position=&#8221;top_left&#8221; background_repeat=&#8221;repeat&#8221;][et_pb_column type=&#8221;2_3&#8243; _builder_version=&#8221;3.0.47&#8243;][et_pb_text _builder_version=&#8221;3.0.74&#8243; background_size=&#8221;initial&#8221; background_position=&#8221;top_left&#8221; background_repeat=&#8221;repeat&#8221;]<\/p>\n<p><strong style=\"font-size: 15px;\">Immer wieder ist das \u201eHinterherhinken\u201c \u00d6sterreichs<\/strong><span style=\"font-size: 15px;\"> <\/span><strong style=\"font-size: 15px;\">im Bereich<\/strong><span style=\"font-size: 15px;\"> der Umsetzung effektiver Ma\u00dfnahmen zur<\/span><strong style=\"font-size: 15px;\"> Tabakkontrolle<\/strong><span style=\"font-size: 15px;\"> zum Schutz der Bev\u00f6lkerung <\/span><strong style=\"font-size: 15px;\">Anlass f\u00fcr Kritik<\/strong><span style=\"font-size: 15px;\">.<\/span><\/p>\n<p>Ein Aspekt dieser Kritik betrifft die nicht vorhandene Umsetzung eines generellen Rauchverbotes in der Gastronomie. Dieses ist auch momentan wieder ein Dauerbrenner in s\u00e4mtlichen Medien.<\/p>\n<p>Warum ist die Schaffung einer rauchfreien gastronomischen Landschaft in \u00d6sterreich so schwierig und was k\u00f6nnten die Gr\u00fcnde daf\u00fcr sein, dass die Angst davor so gro\u00df ist? Eine Frage, die viele besch\u00e4ftigt.<\/p>\n<p>Ein oft verwendetes Argument gegen ein generelles Rauchverbot in der Gastronomie ist jenes, dass man es sich ja aussuchen k\u00f6nne, in welche Lokale man geht und wenn man nicht wolle, dann m\u00fcsse man ja in kein Rauchlokal gehen. Aber ist dem wirklich so? <strong>Gibt es diese Wahlfreiheit tats\u00e4chlich?<\/strong> Gerade in l\u00e4ndlichen Gebieten mit weniger Auswahl an Lokalit\u00e4ten, ist es oft schwer bis unm\u00f6glich ein rauchfreies Lokal zu finden. An dieser Stelle sollen auch speziell Kinder und Jugendliche sowie kranke Menschen erw\u00e4hnt werden, f\u00fcr die eine rauchfreie Gastronomie eine Selbstverst\u00e4ndlichkeit sein soll.<\/p>\n<p>Die oft beschworene Wahlfreiheit ist auch f\u00fcr Mitarbeiter\/innen gastronomischer Betriebe nicht wirklich eine, denn wie leicht wechselt man die Arbeit, wie leicht findet sich ein neuer Job? Die Vermutung liegt nahe, dass \u00a0ein Gro\u00dfteil\u00a0 der Mitarbeiter\/innen die gesundheitssch\u00e4digenden Rahmenbedingungen akzeptiert.<\/p>\n<p>Ein weiterer oft \u00fcbersehender Aspekt in der Diskussion um rauchfreie Lokale ist, dass eine <strong>Trennung von Rauchbereichen und rauchfreien Bereichen tats\u00e4chlich nicht m\u00f6glich<\/strong> ist. Es kann trotz Bem\u00fchungen nicht verhindert werden, dass Rauch in rauchfreie Bereiche eindringt, genauso , wie es nicht m\u00f6glich ist, ein Schwimmbecken in eine chlorfreie und eine chlorh\u00e4ltige Zone zu unterteilen.<\/p>\n<p><strong>Im Vordergrund aller \u00dcberlegung sollte die Gesundheit der Menschen stehen<\/strong>: die Gesundheit der Nichtraucher\/innen genauso wie jene der Raucher\/innen. Nachdem mittlerweile weitl\u00e4ufig bekannt ist, wie sch\u00e4dlich Tabakrauch sowohl in aktiv als auch in passiv inhalierter Form ist, sollte es selbstverst\u00e4ndlich sein, dass entsprechende Ma\u00dfnahmen gesetzt werden.<\/p>\n<p>In unseren Beratungen erleben wir oft, dass Raucher\/innen es als Entlastung erleben, sich in rauchfreien Zonen aufzuhalten und so der chronischen Suchterkrankung Tabakabh\u00e4ngigkeit f\u00fcr einen Moment zu \u201eentkommen\u201c. F\u00fcr manch eine\/n Anrufer\/in war der Aufenthalt in einem Land, in dem empfohlene Ma\u00dfnahmen zur Tabakkontrolle konsequent durchgef\u00fchrt werden (z.B. USA oder Kanada) sogar der Anlass f\u00fcr einen Rauchstopp.<\/p>\n<p>Wie sehen Sie die Diskussion rund um rauchfreie bzw. verrauchte Lokale? Wir freuen uns auf Ihre Postings.<\/p>\n<p>[\/et_pb_text][\/et_pb_column][et_pb_column type=&#8221;1_3&#8243; _builder_version=&#8221;3.0.47&#8243;][et_pb_sidebar area=&#8221;sidebar-1&#8243; _builder_version=&#8221;3.15&#8243;][\/et_pb_sidebar][\/et_pb_column][\/et_pb_row][\/et_pb_section]<\/p>\n","protected":false},"excerpt":{"rendered":"<p>Der erneute Vorsto\u00df Gesundheitsminister St\u00f6gers f\u00fcr absolut rauchfreie Lokale erhitzt auch diese Woche wieder die Gem\u00fcter. <\/p>\n","protected":false},"author":7,"featured_media":0,"comment_status":"open","ping_status":"open","sticky":false,"template":"","format":"standard","meta":{"_et_pb_use_builder":"on","_et_pb_old_content":"<p>\u00a0<\/p><p><strong>Immer wieder ist das \u201eHinterherhinken\u201c \u00d6sterreichs<\/strong> <strong>im Bereich<\/strong> der Umsetzung effektiver Ma\u00dfnahmen zur<strong> Tabakkontrolle<\/strong> zum Schutz der Bev\u00f6lkerung <strong>Anlass f\u00fcr Kritik<\/strong>.<\/p><p>\u00a0<\/p><p>Ein Aspekt dieser Kritik betrifft die nicht vorhandene Umsetzung eines generellen Rauchverbotes in der Gastronomie. Dieses ist auch momentan wieder ein Dauerbrenner in s\u00e4mtlichen Medien.<\/p><p>\u00a0<\/p><p>Warum ist die Schaffung einer rauchfreien gastronomischen Landschaft in \u00d6sterreich so schwierig und was k\u00f6nnten die Gr\u00fcnde daf\u00fcr sein, dass die Angst davor so gro\u00df ist? Eine Frage, die viele besch\u00e4ftigt.<\/p><p>\u00a0<\/p><p>Ein oft verwendetes Argument gegen ein generelles Rauchverbot in der Gastronomie ist jenes, dass man es sich ja aussuchen k\u00f6nne, in welche Lokale man geht und wenn man nicht wolle, dann m\u00fcsse man ja in kein Rauchlokal gehen. Aber ist dem wirklich so? <strong>Gibt es diese Wahlfreiheit tats\u00e4chlich?<\/strong> Gerade in l\u00e4ndlichen Gebieten mit weniger Auswahl an Lokalit\u00e4ten, ist es oft schwer bis unm\u00f6glich ein rauchfreies Lokal zu finden. An dieser Stelle sollen auch speziell Kinder und Jugendliche sowie kranke Menschen erw\u00e4hnt werden, f\u00fcr die eine rauchfreie Gastronomie eine Selbstverst\u00e4ndlichkeit sein soll.<\/p><p>\u00a0<\/p><p>Die oft beschworene Wahlfreiheit ist auch f\u00fcr Mitarbeiter\/innen gastronomischer Betriebe nicht wirklich eine, denn wie leicht wechselt man die Arbeit, wie leicht findet sich ein neuer Job? Die Vermutung liegt nahe, dass \u00a0ein Gro\u00dfteil\u00a0 der Mitarbeiter\/innen die gesundheitssch\u00e4digenden Rahmenbedingungen akzeptiert.<\/p><p>\u00a0<\/p><p>Ein weiterer oft \u00fcbersehender Aspekt in der Diskussion um rauchfreie Lokale ist, dass eine <strong>Trennung von Rauchbereichen und rauchfreien Bereichen tats\u00e4chlich nicht m\u00f6glich<\/strong> ist. Es kann trotz Bem\u00fchungen nicht verhindert werden, dass Rauch in rauchfreie Bereiche eindringt, genauso , wie es nicht m\u00f6glich ist, ein Schwimmbecken in eine chlorfreie und eine chlorh\u00e4ltige Zone zu unterteilen.<\/p><p>\u00a0<\/p><p><strong>Im Vordergrund aller \u00dcberlegung sollte die Gesundheit der Menschen stehen<\/strong>: die Gesundheit der Nichtraucher\/innen genauso wie jene der Raucher\/innen. Nachdem mittlerweile weitl\u00e4ufig bekannt ist, wie sch\u00e4dlich Tabakrauch sowohl in aktiv als auch in passiv inhalierter Form ist, sollte es selbstverst\u00e4ndlich sein, dass entsprechende Ma\u00dfnahmen gesetzt werden.<\/p><p>\u00a0<\/p><p><strong>In unseren Beratungen erleben wir oft, dass Raucher\/innen es als Entlastung erleben, sich in rauchfreien Zonen aufzuhalten<\/strong> und so der chronischen Suchterkrankung Tabakabh\u00e4ngigkeit f\u00fcr einen Moment zu \u201eentkommen\u201c. F\u00fcr manch eine\/n Anrufer\/in war der Aufenthalt in einem Land, in dem empfohlene Ma\u00dfnahmen zur Tabakkontrolle konsequent durchgef\u00fchrt werden (z.B. USA oder Kanada) sogar der Anlass f\u00fcr einen Rauchstopp.<\/p><p>\u00a0<\/p><p>Wie sehen Sie die Diskussion rund um rauchfreie bzw. verrauchte Lokale? Wir freuen uns auf Ihre Postings.<\/p><p>\u00a0<\/p><p>\u00a0<\/p><p>\u00a0<\/p>","_et_gb_content_width":"","footnotes":""},"categories":[236],"tags":[137,185,184],"class_list":["post-6108","post","type-post","status-publish","format-standard","hentry","category-nicht-kategorisiert","tag-gastronomie","tag-rauchfreie-zonen","tag-rauchverbote"],"yoast_head":"<!-- This site is optimized with the Yoast SEO plugin v26.2 - https:\/\/yoast.com\/wordpress\/plugins\/seo\/ -->\n<title>Rauchfreie Lokale: ja oder nein? - Rauchfrei Telefon<\/title>\n<meta name=\"robots\" content=\"index, follow, max-snippet:-1, max-image-preview:large, max-video-preview:-1\" \/>\n<link rel=\"canonical\" href=\"https:\/\/rauchfrei.at\/rauchfreie-lokale-ja-oder-nein\/\" \/>\n<meta property=\"og:locale\" content=\"en_US\" \/>\n<meta property=\"og:type\" content=\"article\" \/>\n<meta property=\"og:title\" content=\"Rauchfreie Lokale: ja oder nein? - Rauchfrei Telefon\" \/>\n<meta property=\"og:description\" content=\"Der erneute Vorsto\u00df Gesundheitsminister St\u00f6gers f\u00fcr absolut rauchfreie Lokale erhitzt auch diese Woche wieder die Gem\u00fcter.\" \/>\n<meta property=\"og:url\" content=\"https:\/\/rauchfrei.at\/rauchfreie-lokale-ja-oder-nein\/\" \/>\n<meta property=\"og:site_name\" content=\"Rauchfrei Telefon\" \/>\n<meta property=\"article:published_time\" content=\"2014-08-13T15:08:17+00:00\" \/>\n<meta property=\"article:modified_time\" content=\"2019-05-02T14:24:17+00:00\" \/>\n<meta name=\"author\" content=\"Nina Heumayer\" \/>\n<meta name=\"twitter:card\" content=\"summary_large_image\" \/>\n<meta name=\"twitter:label1\" content=\"Written by\" \/>\n\t<meta name=\"twitter:data1\" content=\"Nina Heumayer\" \/>\n\t<meta name=\"twitter:label2\" content=\"Est. reading time\" \/>\n\t<meta name=\"twitter:data2\" content=\"3 minutes\" \/>\n<script type=\"application\/ld+json\" class=\"yoast-schema-graph\">{\"@context\":\"https:\/\/schema.org\",\"@graph\":[{\"@type\":\"WebPage\",\"@id\":\"https:\/\/rauchfrei.at\/rauchfreie-lokale-ja-oder-nein\/\",\"url\":\"https:\/\/rauchfrei.at\/rauchfreie-lokale-ja-oder-nein\/\",\"name\":\"Rauchfreie Lokale: ja oder nein? - Rauchfrei Telefon\",\"isPartOf\":{\"@id\":\"https:\/\/rauchfrei.at\/#website\"},\"datePublished\":\"2014-08-13T15:08:17+00:00\",\"dateModified\":\"2019-05-02T14:24:17+00:00\",\"author\":{\"@id\":\"https:\/\/rauchfrei.at\/#\/schema\/person\/6ba3adad8eb872b334787c24357473aa\"},\"inLanguage\":\"en-US\",\"potentialAction\":[{\"@type\":\"ReadAction\",\"target\":[\"https:\/\/rauchfrei.at\/rauchfreie-lokale-ja-oder-nein\/\"]}]},{\"@type\":\"WebSite\",\"@id\":\"https:\/\/rauchfrei.at\/#website\",\"url\":\"https:\/\/rauchfrei.at\/\",\"name\":\"Rauchfrei Telefon\",\"description\":\"Eine \u00f6sterreichweite Initiative der Sozialversicherungen.\",\"potentialAction\":[{\"@type\":\"SearchAction\",\"target\":{\"@type\":\"EntryPoint\",\"urlTemplate\":\"https:\/\/rauchfrei.at\/?s={search_term_string}\"},\"query-input\":{\"@type\":\"PropertyValueSpecification\",\"valueRequired\":true,\"valueName\":\"search_term_string\"}}],\"inLanguage\":\"en-US\"},{\"@type\":\"Person\",\"@id\":\"https:\/\/rauchfrei.at\/#\/schema\/person\/6ba3adad8eb872b334787c24357473aa\",\"name\":\"Nina Heumayer\",\"image\":{\"@type\":\"ImageObject\",\"inLanguage\":\"en-US\",\"@id\":\"https:\/\/rauchfrei.at\/#\/schema\/person\/image\/\",\"url\":\"https:\/\/secure.gravatar.com\/avatar\/0980a970ceeb24db5798b86faac2035236ffa2f49daf0e59474baef797676711?s=96&d=mm&r=g\",\"contentUrl\":\"https:\/\/secure.gravatar.com\/avatar\/0980a970ceeb24db5798b86faac2035236ffa2f49daf0e59474baef797676711?s=96&d=mm&r=g\",\"caption\":\"Nina Heumayer\"},\"url\":\"https:\/\/rauchfrei.at\/en\/author\/heumayer\/\"}]}<\/script>\n<!-- \/ Yoast SEO plugin. -->","yoast_head_json":{"title":"Rauchfreie Lokale: ja oder nein? - Rauchfrei Telefon","robots":{"index":"index","follow":"follow","max-snippet":"max-snippet:-1","max-image-preview":"max-image-preview:large","max-video-preview":"max-video-preview:-1"},"canonical":"https:\/\/rauchfrei.at\/rauchfreie-lokale-ja-oder-nein\/","og_locale":"en_US","og_type":"article","og_title":"Rauchfreie Lokale: ja oder nein? - Rauchfrei Telefon","og_description":"Der erneute Vorsto\u00df Gesundheitsminister St\u00f6gers f\u00fcr absolut rauchfreie Lokale erhitzt auch diese Woche wieder die Gem\u00fcter.","og_url":"https:\/\/rauchfrei.at\/rauchfreie-lokale-ja-oder-nein\/","og_site_name":"Rauchfrei Telefon","article_published_time":"2014-08-13T15:08:17+00:00","article_modified_time":"2019-05-02T14:24:17+00:00","author":"Nina Heumayer","twitter_card":"summary_large_image","twitter_misc":{"Written by":"Nina Heumayer","Est. reading time":"3 minutes"},"schema":{"@context":"https:\/\/schema.org","@graph":[{"@type":"WebPage","@id":"https:\/\/rauchfrei.at\/rauchfreie-lokale-ja-oder-nein\/","url":"https:\/\/rauchfrei.at\/rauchfreie-lokale-ja-oder-nein\/","name":"Rauchfreie Lokale: ja oder nein? - Rauchfrei Telefon","isPartOf":{"@id":"https:\/\/rauchfrei.at\/#website"},"datePublished":"2014-08-13T15:08:17+00:00","dateModified":"2019-05-02T14:24:17+00:00","author":{"@id":"https:\/\/rauchfrei.at\/#\/schema\/person\/6ba3adad8eb872b334787c24357473aa"},"inLanguage":"en-US","potentialAction":[{"@type":"ReadAction","target":["https:\/\/rauchfrei.at\/rauchfreie-lokale-ja-oder-nein\/"]}]},{"@type":"WebSite","@id":"https:\/\/rauchfrei.at\/#website","url":"https:\/\/rauchfrei.at\/","name":"Rauchfrei Telefon","description":"Eine \u00f6sterreichweite Initiative der Sozialversicherungen.","potentialAction":[{"@type":"SearchAction","target":{"@type":"EntryPoint","urlTemplate":"https:\/\/rauchfrei.at\/?s={search_term_string}"},"query-input":{"@type":"PropertyValueSpecification","valueRequired":true,"valueName":"search_term_string"}}],"inLanguage":"en-US"},{"@type":"Person","@id":"https:\/\/rauchfrei.at\/#\/schema\/person\/6ba3adad8eb872b334787c24357473aa","name":"Nina Heumayer","image":{"@type":"ImageObject","inLanguage":"en-US","@id":"https:\/\/rauchfrei.at\/#\/schema\/person\/image\/","url":"https:\/\/secure.gravatar.com\/avatar\/0980a970ceeb24db5798b86faac2035236ffa2f49daf0e59474baef797676711?s=96&d=mm&r=g","contentUrl":"https:\/\/secure.gravatar.com\/avatar\/0980a970ceeb24db5798b86faac2035236ffa2f49daf0e59474baef797676711?s=96&d=mm&r=g","caption":"Nina Heumayer"},"url":"https:\/\/rauchfrei.at\/en\/author\/heumayer\/"}]}},"_links":{"self":[{"href":"https:\/\/rauchfrei.at\/en\/wp-json\/wp\/v2\/posts\/6108","targetHints":{"allow":["GET"]}}],"collection":[{"href":"https:\/\/rauchfrei.at\/en\/wp-json\/wp\/v2\/posts"}],"about":[{"href":"https:\/\/rauchfrei.at\/en\/wp-json\/wp\/v2\/types\/post"}],"author":[{"embeddable":true,"href":"https:\/\/rauchfrei.at\/en\/wp-json\/wp\/v2\/users\/7"}],"replies":[{"embeddable":true,"href":"https:\/\/rauchfrei.at\/en\/wp-json\/wp\/v2\/comments?post=6108"}],"version-history":[{"count":5,"href":"https:\/\/rauchfrei.at\/en\/wp-json\/wp\/v2\/posts\/6108\/revisions"}],"predecessor-version":[{"id":16699,"href":"https:\/\/rauchfrei.at\/en\/wp-json\/wp\/v2\/posts\/6108\/revisions\/16699"}],"wp:attachment":[{"href":"https:\/\/rauchfrei.at\/en\/wp-json\/wp\/v2\/media?parent=6108"}],"wp:term":[{"taxonomy":"category","embeddable":true,"href":"https:\/\/rauchfrei.at\/en\/wp-json\/wp\/v2\/categories?post=6108"},{"taxonomy":"post_tag","embeddable":true,"href":"https:\/\/rauchfrei.at\/en\/wp-json\/wp\/v2\/tags?post=6108"}],"curies":[{"name":"wp","href":"https:\/\/api.w.org\/{rel}","templated":true}]}}