
{"id":6134,"date":"2014-09-01T11:43:54","date_gmt":"2014-09-01T09:43:54","guid":{"rendered":"http:\/\/rauchfrei.ipax.hosting\/?p=6134"},"modified":"2019-05-02T16:20:38","modified_gmt":"2019-05-02T14:20:38","slug":"rauchfreies-auto-zu-schulbeginn","status":"publish","type":"post","link":"https:\/\/rauchfrei.at\/en\/rauchfreies-auto-zu-schulbeginn\/","title":{"rendered":"Rauchfreies Auto zu Schulbeginn"},"content":{"rendered":"<p>[et_pb_section fb_built=&#8221;1&#8243; module_class=&#8221;header&#8221; _builder_version=&#8221;3.0.99&#8243;][et_pb_row _builder_version=&#8221;3.0.99&#8243;][et_pb_column type=&#8221;4_4&#8243; _builder_version=&#8221;3.0.47&#8243;][et_pb_dp_dmb_module_10001 _builder_version=&#8221;3.21.1&#8243;][\/et_pb_dp_dmb_module_10001][\/et_pb_column][\/et_pb_row][\/et_pb_section][et_pb_section fb_built=&#8221;1&#8243; _builder_version=&#8221;3.0.47&#8243;][et_pb_row _builder_version=&#8221;3.0.48&#8243; background_size=&#8221;initial&#8221; background_position=&#8221;top_left&#8221; background_repeat=&#8221;repeat&#8221;][et_pb_column type=&#8221;2_3&#8243; _builder_version=&#8221;3.0.47&#8243;][et_pb_text _builder_version=&#8221;3.21.1&#8243; background_size=&#8221;initial&#8221; background_position=&#8221;top_left&#8221; background_repeat=&#8221;repeat&#8221;]<\/p>\n<p><span style=\"font-size: 15px;\">Nach dem herbstlichen August ist es wieder so weit: es ist Schulbeginn.<\/span><\/p>\n<p>Viele Kinder werden t\u00e4glich mit dem Auto in die Schule gef\u00fchrt bzw. abgeholt. Wir m\u00f6chten den Anlass Schulstart f\u00fcr einen Appell f\u00fcr rauchfreie Autos n\u00fctzen \ud83d\ude42<\/p>\n<blockquote>\n<p>Erkl\u00e4ren Sie Ihr Auto <strong>zur rauchfreien Zone<\/strong> und sch\u00fctzen Sie Ihre <strong>Kinder<\/strong> sowie nat\u00fcrlich auch sich selbst vor der enormen Schadstoffbelastung durch Zigarettenrauch!<\/p>\n<\/blockquote>\n<p>Rauchen in geschlossenen R\u00e4umen ist mit einer besonders hohen Schadstoffbelastung verbunden: auf\u00a0 kleinem Raum wie jenem eines Autos, ist die Belastung durch die Giftstoffe des Tabakrauches noch einmal um vieles h\u00f6her.<\/p>\n<p>Ebenso wie in anderen R\u00e4umen gilt auch hier: <strong>L\u00fcften<\/strong> bzw. rauchen bei offenem Fenster<strong> reicht nicht<\/strong> aus, um die Schadstoffe zu beseitigen, denn diese lagern sich im Wageninneren ab und sind weiterhin aktiv, auch wenn gerade nicht geraucht wird. So sitzen alle Mitfahrenden in einer unsichtbaren Giftwolke.<\/p>\n<p>Wie die Britische \u00c4rztevereinigung BMA in einer Aussendung festhielt, steigt die Feinstaubbelastung in Autos im Vergleich zu verrauchten Bars auf das 23-fache. Besonders f\u00fcr Kinder ist dies eine massive Belastung durch Giftstoffe.<\/p>\n<p>Um auf dieses wichtige Thema aufmerksam zu machen startete das Rauchfrei Telefon gemeinsam mit der Nieder\u00f6sterreichischen Gebietskrankenkasse und dem Land Nieder\u00f6sterreich die Kampagne<strong> &#8220;Danke f\u00fcr&#8217;s Nichtrauchen&#8221;<\/strong>, welche mit Plakaten, Foldern und Aufklebern f\u00fcr Schutz vor Passivrauch wirbt. Die Kampagne wurde vom Rauchfrei Telefon in Zusammenarbeit mit dem tschechischen Universit\u00e4tsklinikum St. Anna entwickelt und vom europ\u00e4ischen Fonds f\u00fcr regionale Entwicklung finanziert.<\/p>\n<p><a href=\"https:\/\/rauchfrei.at\/wp-content\/uploads\/Kampagne_rauchfreies-Auto_gruen.jpg\"><img loading=\"lazy\" decoding=\"async\" class=\"aligncenter size-medium wp-image-6145\" src=\"https:\/\/rauchfrei.at\/wp-content\/uploads\/Kampagne_rauchfreies-Auto_gruen-225x314.jpg\" alt=\"Kampagne_rauchfreies Auto_gruen\" width=\"225\" height=\"314\" srcset=\"https:\/\/rauchfrei.at\/wp-content\/uploads\/Kampagne_rauchfreies-Auto_gruen-225x314.jpg 225w, https:\/\/rauchfrei.at\/wp-content\/uploads\/Kampagne_rauchfreies-Auto_gruen-480x671.jpg 480w, https:\/\/rauchfrei.at\/wp-content\/uploads\/Kampagne_rauchfreies-Auto_gruen.jpg 755w\" sizes=\"(max-width: 225px) 100vw, 225px\" \/><\/a><\/p>\n<p>&nbsp;<\/p>\n<p>[\/et_pb_text][\/et_pb_column][et_pb_column type=&#8221;1_3&#8243; _builder_version=&#8221;3.0.47&#8243;][et_pb_sidebar area=&#8221;sidebar-1&#8243; _builder_version=&#8221;3.15&#8243;][\/et_pb_sidebar][\/et_pb_column][\/et_pb_row][\/et_pb_section]<\/p>\n","protected":false},"excerpt":{"rendered":"<p>Wussten Sie, dass die Schadstoffkonzentration durch Rauchen im Auto besonders hoch ist und eine Gesundheitsgefahr f\u00fcr alle Mitfahrenden &#8211; insbesondere Kinder &#8211; darstellt? N\u00fctzen Sie den Schulstart f\u00fcr einen Neubeginn und machen Sie Ihr Auto rauchfrei!<\/p>\n","protected":false},"author":7,"featured_media":0,"comment_status":"open","ping_status":"open","sticky":false,"template":"","format":"standard","meta":{"_et_pb_use_builder":"on","_et_pb_old_content":"<p>\u00a0<\/p><p>Nach dem herbstlichen August ist es wieder so weit: es ist Schulbeginn.<\/p><p>\u00a0<\/p><p>Viele Kinder werden t\u00e4glich mit dem Auto in die Schule gef\u00fchrt bzw. abgeholt. Wir m\u00f6chten den Anlass Schulstart f\u00fcr einen Appell f\u00fcr rauchfreie Autos n\u00fctzen :)<\/p><p>\u00a0<\/p><p><strong>Erkl\u00e4ren Sie Ihr Auto zur rauchfreien Zone und sch\u00fctzen Sie Ihre Kinder sowie nat\u00fcrlich auch sich selbst<\/strong> vor der enormen Schadstoffbelastung durch Zigarettenrauch!<\/p><p>\u00a0<\/p><p>Rauchen in geschlossenen R\u00e4umen ist mit einer besonders hohen Schadstoffbelastung verbunden: auf\u00a0 kleinem Raum wie jenem eines Autos, ist die Belastung durch die Giftstoffe des Tabakrauches noch einmal um vieles h\u00f6her.<\/p><p>\u00a0<\/p><p>Ebenso wie in anderen R\u00e4umen gilt auch hier: <strong>L\u00fcften<\/strong> bzw. rauchen bei offenem Fenster<strong> reicht nicht<\/strong> aus, um die Schadstoffe zu beseitigen, denn diese lagern sich im Wageninneren ab und sind weiterhin aktiv, auch wenn gerade nicht geraucht wird. So sitzen alle Mitfahrenden in einer unsichtbaren Giftwolke.<\/p><p>\u00a0<\/p><p>Wie die Britische \u00c4rztevereinigung BMA in einer Aussendung festhielt, steigt die Feinstaubbelastung in Autos im Vergleich zu verrauchten Bars auf das 23-fache. Besonders f\u00fcr Kinder ist dies eine massive Belastung durch Giftstoffe.<\/p><p>\u00a0<\/p><p>Um auf dieses wichtige Thema aufmerksam zu machen startete das Rauchfrei Telefon gemeinsam mit der Nieder\u00f6sterreichischen Gebietskrankenkasse und dem Land Nieder\u00f6sterreich die Kampagne<strong> \"Danke f\u00fcr's Nichtrauchen\"<\/strong>, welche mit Plakaten, Foldern und Aufklebern f\u00fcr Schutz vor Passivrauch wirbt. Die Kampagne wurde vom Rauchfrei Telefon in Zusammenarbeit mit dem tschechischen Universit\u00e4tsklinikum St. Anna entwickelt und vom europ\u00e4ischen Fonds f\u00fcr regionale Entwicklung finanziert.<\/p><p>\u00a0<\/p><p>\u00a0<\/p><p><a href=\"https:\/\/rauchfrei.at\/wp-content\/uploads\/Kampagne_rauchfreies-Auto_gruen.jpg\"><img class=\"aligncenter size-medium wp-image-6145\" src=\"https:\/\/rauchfrei.at\/wp-content\/uploads\/Kampagne_rauchfreies-Auto_gruen-225x314.jpg\" alt=\"Kampagne_rauchfreies Auto_gruen\" width=\"225\" height=\"314\" \/><\/a><\/p><p>\u00a0<\/p><p>\u00a0<\/p><p>\u00a0<\/p><p>\u00a0<\/p>","_et_gb_content_width":"","footnotes":""},"categories":[235],"tags":[54,186,53],"class_list":["post-6134","post","type-post","status-publish","format-standard","hentry","category-gesundheit-und-rauchstopp","tag-passivrauch","tag-rauchen-im-auto","tag-schadstoffbelastung"],"yoast_head":"<!-- This site is optimized with the Yoast SEO plugin v26.2 - https:\/\/yoast.com\/wordpress\/plugins\/seo\/ -->\n<title>Rauchfreies Auto zu Schulbeginn - Rauchfrei Telefon<\/title>\n<meta name=\"robots\" content=\"index, follow, max-snippet:-1, max-image-preview:large, max-video-preview:-1\" \/>\n<link rel=\"canonical\" href=\"https:\/\/rauchfrei.at\/rauchfreies-auto-zu-schulbeginn\/\" \/>\n<meta property=\"og:locale\" content=\"en_US\" \/>\n<meta property=\"og:type\" content=\"article\" \/>\n<meta property=\"og:title\" content=\"Rauchfreies Auto zu Schulbeginn - Rauchfrei Telefon\" \/>\n<meta property=\"og:description\" content=\"Wussten Sie, dass die Schadstoffkonzentration durch Rauchen im Auto besonders hoch ist und eine Gesundheitsgefahr f\u00fcr alle Mitfahrenden - insbesondere Kinder - darstellt? N\u00fctzen Sie den Schulstart f\u00fcr einen Neubeginn und machen Sie Ihr Auto rauchfrei!\" \/>\n<meta property=\"og:url\" content=\"https:\/\/rauchfrei.at\/rauchfreies-auto-zu-schulbeginn\/\" \/>\n<meta property=\"og:site_name\" content=\"Rauchfrei Telefon\" \/>\n<meta property=\"article:published_time\" content=\"2014-09-01T09:43:54+00:00\" \/>\n<meta property=\"article:modified_time\" content=\"2019-05-02T14:20:38+00:00\" \/>\n<meta property=\"og:image\" content=\"https:\/\/rauchfrei.at\/wp-content\/uploads\/Kampagne_rauchfreies-Auto_gruen-225x314.jpg\" \/>\n<meta name=\"author\" content=\"Nina Heumayer\" \/>\n<meta name=\"twitter:card\" content=\"summary_large_image\" \/>\n<meta name=\"twitter:label1\" content=\"Written by\" \/>\n\t<meta name=\"twitter:data1\" content=\"Nina Heumayer\" \/>\n\t<meta name=\"twitter:label2\" content=\"Est. reading time\" \/>\n\t<meta name=\"twitter:data2\" content=\"2 minutes\" \/>\n<script type=\"application\/ld+json\" class=\"yoast-schema-graph\">{\"@context\":\"https:\/\/schema.org\",\"@graph\":[{\"@type\":\"WebPage\",\"@id\":\"https:\/\/rauchfrei.at\/rauchfreies-auto-zu-schulbeginn\/\",\"url\":\"https:\/\/rauchfrei.at\/rauchfreies-auto-zu-schulbeginn\/\",\"name\":\"Rauchfreies Auto zu Schulbeginn - Rauchfrei Telefon\",\"isPartOf\":{\"@id\":\"https:\/\/rauchfrei.at\/#website\"},\"primaryImageOfPage\":{\"@id\":\"https:\/\/rauchfrei.at\/rauchfreies-auto-zu-schulbeginn\/#primaryimage\"},\"image\":{\"@id\":\"https:\/\/rauchfrei.at\/rauchfreies-auto-zu-schulbeginn\/#primaryimage\"},\"thumbnailUrl\":\"https:\/\/rauchfrei.at\/wp-content\/uploads\/Kampagne_rauchfreies-Auto_gruen-225x314.jpg\",\"datePublished\":\"2014-09-01T09:43:54+00:00\",\"dateModified\":\"2019-05-02T14:20:38+00:00\",\"author\":{\"@id\":\"https:\/\/rauchfrei.at\/#\/schema\/person\/6ba3adad8eb872b334787c24357473aa\"},\"inLanguage\":\"en-US\",\"potentialAction\":[{\"@type\":\"ReadAction\",\"target\":[\"https:\/\/rauchfrei.at\/rauchfreies-auto-zu-schulbeginn\/\"]}]},{\"@type\":\"ImageObject\",\"inLanguage\":\"en-US\",\"@id\":\"https:\/\/rauchfrei.at\/rauchfreies-auto-zu-schulbeginn\/#primaryimage\",\"url\":\"https:\/\/rauchfrei.at\/wp-content\/uploads\/Kampagne_rauchfreies-Auto_gruen-225x314.jpg\",\"contentUrl\":\"https:\/\/rauchfrei.at\/wp-content\/uploads\/Kampagne_rauchfreies-Auto_gruen-225x314.jpg\"},{\"@type\":\"WebSite\",\"@id\":\"https:\/\/rauchfrei.at\/#website\",\"url\":\"https:\/\/rauchfrei.at\/\",\"name\":\"Rauchfrei Telefon\",\"description\":\"Eine \u00f6sterreichweite Initiative der Sozialversicherungen.\",\"potentialAction\":[{\"@type\":\"SearchAction\",\"target\":{\"@type\":\"EntryPoint\",\"urlTemplate\":\"https:\/\/rauchfrei.at\/?s={search_term_string}\"},\"query-input\":{\"@type\":\"PropertyValueSpecification\",\"valueRequired\":true,\"valueName\":\"search_term_string\"}}],\"inLanguage\":\"en-US\"},{\"@type\":\"Person\",\"@id\":\"https:\/\/rauchfrei.at\/#\/schema\/person\/6ba3adad8eb872b334787c24357473aa\",\"name\":\"Nina Heumayer\",\"image\":{\"@type\":\"ImageObject\",\"inLanguage\":\"en-US\",\"@id\":\"https:\/\/rauchfrei.at\/#\/schema\/person\/image\/\",\"url\":\"https:\/\/secure.gravatar.com\/avatar\/0980a970ceeb24db5798b86faac2035236ffa2f49daf0e59474baef797676711?s=96&d=mm&r=g\",\"contentUrl\":\"https:\/\/secure.gravatar.com\/avatar\/0980a970ceeb24db5798b86faac2035236ffa2f49daf0e59474baef797676711?s=96&d=mm&r=g\",\"caption\":\"Nina Heumayer\"},\"url\":\"https:\/\/rauchfrei.at\/en\/author\/heumayer\/\"}]}<\/script>\n<!-- \/ Yoast SEO plugin. -->","yoast_head_json":{"title":"Rauchfreies Auto zu Schulbeginn - Rauchfrei Telefon","robots":{"index":"index","follow":"follow","max-snippet":"max-snippet:-1","max-image-preview":"max-image-preview:large","max-video-preview":"max-video-preview:-1"},"canonical":"https:\/\/rauchfrei.at\/rauchfreies-auto-zu-schulbeginn\/","og_locale":"en_US","og_type":"article","og_title":"Rauchfreies Auto zu Schulbeginn - Rauchfrei Telefon","og_description":"Wussten Sie, dass die Schadstoffkonzentration durch Rauchen im Auto besonders hoch ist und eine Gesundheitsgefahr f\u00fcr alle Mitfahrenden - insbesondere Kinder - darstellt? N\u00fctzen Sie den Schulstart f\u00fcr einen Neubeginn und machen Sie Ihr Auto rauchfrei!","og_url":"https:\/\/rauchfrei.at\/rauchfreies-auto-zu-schulbeginn\/","og_site_name":"Rauchfrei Telefon","article_published_time":"2014-09-01T09:43:54+00:00","article_modified_time":"2019-05-02T14:20:38+00:00","og_image":[{"url":"https:\/\/rauchfrei.at\/wp-content\/uploads\/Kampagne_rauchfreies-Auto_gruen-225x314.jpg","type":"","width":"","height":""}],"author":"Nina Heumayer","twitter_card":"summary_large_image","twitter_misc":{"Written by":"Nina Heumayer","Est. reading time":"2 minutes"},"schema":{"@context":"https:\/\/schema.org","@graph":[{"@type":"WebPage","@id":"https:\/\/rauchfrei.at\/rauchfreies-auto-zu-schulbeginn\/","url":"https:\/\/rauchfrei.at\/rauchfreies-auto-zu-schulbeginn\/","name":"Rauchfreies Auto zu Schulbeginn - Rauchfrei Telefon","isPartOf":{"@id":"https:\/\/rauchfrei.at\/#website"},"primaryImageOfPage":{"@id":"https:\/\/rauchfrei.at\/rauchfreies-auto-zu-schulbeginn\/#primaryimage"},"image":{"@id":"https:\/\/rauchfrei.at\/rauchfreies-auto-zu-schulbeginn\/#primaryimage"},"thumbnailUrl":"https:\/\/rauchfrei.at\/wp-content\/uploads\/Kampagne_rauchfreies-Auto_gruen-225x314.jpg","datePublished":"2014-09-01T09:43:54+00:00","dateModified":"2019-05-02T14:20:38+00:00","author":{"@id":"https:\/\/rauchfrei.at\/#\/schema\/person\/6ba3adad8eb872b334787c24357473aa"},"inLanguage":"en-US","potentialAction":[{"@type":"ReadAction","target":["https:\/\/rauchfrei.at\/rauchfreies-auto-zu-schulbeginn\/"]}]},{"@type":"ImageObject","inLanguage":"en-US","@id":"https:\/\/rauchfrei.at\/rauchfreies-auto-zu-schulbeginn\/#primaryimage","url":"https:\/\/rauchfrei.at\/wp-content\/uploads\/Kampagne_rauchfreies-Auto_gruen-225x314.jpg","contentUrl":"https:\/\/rauchfrei.at\/wp-content\/uploads\/Kampagne_rauchfreies-Auto_gruen-225x314.jpg"},{"@type":"WebSite","@id":"https:\/\/rauchfrei.at\/#website","url":"https:\/\/rauchfrei.at\/","name":"Rauchfrei Telefon","description":"Eine \u00f6sterreichweite Initiative der Sozialversicherungen.","potentialAction":[{"@type":"SearchAction","target":{"@type":"EntryPoint","urlTemplate":"https:\/\/rauchfrei.at\/?s={search_term_string}"},"query-input":{"@type":"PropertyValueSpecification","valueRequired":true,"valueName":"search_term_string"}}],"inLanguage":"en-US"},{"@type":"Person","@id":"https:\/\/rauchfrei.at\/#\/schema\/person\/6ba3adad8eb872b334787c24357473aa","name":"Nina Heumayer","image":{"@type":"ImageObject","inLanguage":"en-US","@id":"https:\/\/rauchfrei.at\/#\/schema\/person\/image\/","url":"https:\/\/secure.gravatar.com\/avatar\/0980a970ceeb24db5798b86faac2035236ffa2f49daf0e59474baef797676711?s=96&d=mm&r=g","contentUrl":"https:\/\/secure.gravatar.com\/avatar\/0980a970ceeb24db5798b86faac2035236ffa2f49daf0e59474baef797676711?s=96&d=mm&r=g","caption":"Nina Heumayer"},"url":"https:\/\/rauchfrei.at\/en\/author\/heumayer\/"}]}},"_links":{"self":[{"href":"https:\/\/rauchfrei.at\/en\/wp-json\/wp\/v2\/posts\/6134","targetHints":{"allow":["GET"]}}],"collection":[{"href":"https:\/\/rauchfrei.at\/en\/wp-json\/wp\/v2\/posts"}],"about":[{"href":"https:\/\/rauchfrei.at\/en\/wp-json\/wp\/v2\/types\/post"}],"author":[{"embeddable":true,"href":"https:\/\/rauchfrei.at\/en\/wp-json\/wp\/v2\/users\/7"}],"replies":[{"embeddable":true,"href":"https:\/\/rauchfrei.at\/en\/wp-json\/wp\/v2\/comments?post=6134"}],"version-history":[{"count":5,"href":"https:\/\/rauchfrei.at\/en\/wp-json\/wp\/v2\/posts\/6134\/revisions"}],"predecessor-version":[{"id":16694,"href":"https:\/\/rauchfrei.at\/en\/wp-json\/wp\/v2\/posts\/6134\/revisions\/16694"}],"wp:attachment":[{"href":"https:\/\/rauchfrei.at\/en\/wp-json\/wp\/v2\/media?parent=6134"}],"wp:term":[{"taxonomy":"category","embeddable":true,"href":"https:\/\/rauchfrei.at\/en\/wp-json\/wp\/v2\/categories?post=6134"},{"taxonomy":"post_tag","embeddable":true,"href":"https:\/\/rauchfrei.at\/en\/wp-json\/wp\/v2\/tags?post=6134"}],"curies":[{"name":"wp","href":"https:\/\/api.w.org\/{rel}","templated":true}]}}