
{"id":6205,"date":"2014-09-15T00:50:00","date_gmt":"2014-09-14T22:50:00","guid":{"rendered":"http:\/\/rauchfrei.ipax.hosting\/?p=6205"},"modified":"2019-05-02T16:15:38","modified_gmt":"2019-05-02T14:15:38","slug":"rauchfrei-wandern","status":"publish","type":"post","link":"https:\/\/rauchfrei.at\/en\/rauchfrei-wandern\/","title":{"rendered":"Rauchfrei Wandern"},"content":{"rendered":"<p>[et_pb_section fb_built=&#8221;1&#8243; module_class=&#8221;header&#8221; _builder_version=&#8221;3.0.99&#8243;][et_pb_row _builder_version=&#8221;3.0.99&#8243;][et_pb_column type=&#8221;4_4&#8243; _builder_version=&#8221;3.0.47&#8243;][et_pb_dp_dmb_module_10001 _builder_version=&#8221;3.21.1&#8243;][\/et_pb_dp_dmb_module_10001][\/et_pb_column][\/et_pb_row][\/et_pb_section][et_pb_section fb_built=&#8221;1&#8243; _builder_version=&#8221;3.0.47&#8243;][et_pb_row _builder_version=&#8221;3.0.48&#8243; background_size=&#8221;initial&#8221; background_position=&#8221;top_left&#8221; background_repeat=&#8221;repeat&#8221;][et_pb_column type=&#8221;2_3&#8243; _builder_version=&#8221;3.0.47&#8243;][et_pb_text _builder_version=&#8221;3.0.74&#8243; background_size=&#8221;initial&#8221; background_position=&#8221;top_left&#8221; background_repeat=&#8221;repeat&#8221;]<\/p>\n<p><span style=\"font-size: 15px;\">Der Herbst ist sp\u00fcrbar &#8220;im Anrollen&#8221;, die Bl\u00e4tter verf\u00e4rben sich langsam &#8230; der Wald ruft zum Wandern \ud83d\ude42<\/span><\/p>\n<p>Wanderungen bieten sich wunderbar an, um sich in den ersten rauchfreien Tagen zu besch\u00e4ftigen und abzulenken. Gleichzeitig bietet die Bewegung im Gr\u00fcnen an der frischen Luft die M\u00f6glichkeit, die verbesserte Kondition nach dem Rauchstopp zu sp\u00fcren und so richtig zu genie\u00dfen. Der sich regenerierende Geruchssinn tr\u00e4gt zus\u00e4tzlich dazu bei, dass das Wandern zu einem neuen Sinneserlebnis wird.<\/p>\n<p><a href=\"https:\/\/rauchfrei.at\/wp-content\/uploads\/Wanderung.jpg\"><img loading=\"lazy\" decoding=\"async\" class=\"alignnone size-large wp-image-6208\" src=\"https:\/\/rauchfrei.at\/wp-content\/uploads\/Wanderung-480x360.jpg\" alt=\"Wanderung\" width=\"480\" height=\"360\" srcset=\"https:\/\/rauchfrei.at\/wp-content\/uploads\/Wanderung-480x360.jpg 480w, https:\/\/rauchfrei.at\/wp-content\/uploads\/Wanderung-225x168.jpg 225w, https:\/\/rauchfrei.at\/wp-content\/uploads\/Wanderung.jpg 800w\" sizes=\"(max-width: 480px) 100vw, 480px\" \/><\/a><\/p>\n<p>Die H\u00fctten des \u00d6sterreichischen Alpenvereins sind bereits seit 2008 rauchfrei und laden zum rauchfreien Verweilen ein.<\/p>\n<p>[\/et_pb_text][\/et_pb_column][et_pb_column type=&#8221;1_3&#8243; _builder_version=&#8221;3.0.47&#8243;][et_pb_sidebar area=&#8221;sidebar-1&#8243; _builder_version=&#8221;3.15&#8243;][\/et_pb_sidebar][\/et_pb_column][\/et_pb_row][\/et_pb_section]<\/p>\n","protected":false},"excerpt":{"rendered":"<p>Wanderungen bieten sich rund um den Rauchstopp wunderbar an, um die positiven Auswirkungen der Rauchfreihet zu genie\u00dfen.<\/p>\n","protected":false},"author":7,"featured_media":0,"comment_status":"open","ping_status":"open","sticky":false,"template":"","format":"standard","meta":{"_et_pb_use_builder":"on","_et_pb_old_content":"<p>\u00a0<\/p><p>Der Herbst ist sp\u00fcrbar \"im Anrollen\", die Bl\u00e4tter verf\u00e4rben sich langsam ... der Wald ruft zum Wandern :)<\/p><p>\u00a0<\/p><p>Wanderungen bieten sich wunderbar an, um sich in den ersten rauchfreien Tagen zu besch\u00e4ftigen und abzulenken. Gleichzeitig bietet die Bewegung im Gr\u00fcnen an der frischen Luft die M\u00f6glichkeit, die verbesserte Kondition nach dem Rauchstopp zu sp\u00fcren und so richtig zu genie\u00dfen. Der sich regenerierende Geruchssinn tr\u00e4gt zus\u00e4tzlich dazu bei, dass das Wandern zu einem neuen Sinneserlebnis wird.<\/p><p>\u00a0<\/p><p><a href=\"https:\/\/rauchfrei.at\/wp-content\/uploads\/Wanderung.jpg\"><img class=\"alignnone size-large wp-image-6208\" src=\"https:\/\/rauchfrei.at\/wp-content\/uploads\/Wanderung-480x360.jpg\" alt=\"Wanderung\" width=\"480\" height=\"360\" \/><\/a><\/p><p>\u00a0<\/p><p>Die H\u00fctten des \u00d6sterreichischen Alpenvereins sind bereits seit 2008 rauchfrei und laden zum rauchfreien Verweilen ein.<\/p><p>\u00a0<\/p><p>\u00a0<\/p><p>\u00a0<\/p><p>\u00a0<\/p>","_et_gb_content_width":"","footnotes":""},"categories":[233],"tags":[],"class_list":["post-6205","post","type-post","status-publish","format-standard","hentry","category-unterstuetzung-beim-rauchstopp"],"yoast_head":"<!-- This site is optimized with the Yoast SEO plugin v26.2 - https:\/\/yoast.com\/wordpress\/plugins\/seo\/ -->\n<title>Rauchfrei Wandern - Rauchfrei Telefon<\/title>\n<meta name=\"robots\" content=\"index, follow, max-snippet:-1, max-image-preview:large, max-video-preview:-1\" \/>\n<link rel=\"canonical\" href=\"https:\/\/rauchfrei.at\/rauchfrei-wandern\/\" \/>\n<meta property=\"og:locale\" content=\"en_US\" \/>\n<meta property=\"og:type\" content=\"article\" \/>\n<meta property=\"og:title\" content=\"Rauchfrei Wandern - Rauchfrei Telefon\" \/>\n<meta property=\"og:description\" content=\"Wanderungen bieten sich rund um den Rauchstopp wunderbar an, um die positiven Auswirkungen der Rauchfreihet zu genie\u00dfen.\" \/>\n<meta property=\"og:url\" content=\"https:\/\/rauchfrei.at\/rauchfrei-wandern\/\" \/>\n<meta property=\"og:site_name\" content=\"Rauchfrei Telefon\" \/>\n<meta property=\"article:published_time\" content=\"2014-09-14T22:50:00+00:00\" \/>\n<meta property=\"article:modified_time\" content=\"2019-05-02T14:15:38+00:00\" \/>\n<meta property=\"og:image\" content=\"https:\/\/rauchfrei.at\/wp-content\/uploads\/Wanderung-480x360.jpg\" \/>\n<meta name=\"author\" content=\"Nina Heumayer\" \/>\n<meta name=\"twitter:card\" content=\"summary_large_image\" \/>\n<meta name=\"twitter:label1\" content=\"Written by\" \/>\n\t<meta name=\"twitter:data1\" content=\"Nina Heumayer\" \/>\n\t<meta name=\"twitter:label2\" content=\"Est. reading time\" \/>\n\t<meta name=\"twitter:data2\" content=\"1 minute\" \/>\n<script type=\"application\/ld+json\" class=\"yoast-schema-graph\">{\"@context\":\"https:\/\/schema.org\",\"@graph\":[{\"@type\":\"WebPage\",\"@id\":\"https:\/\/rauchfrei.at\/rauchfrei-wandern\/\",\"url\":\"https:\/\/rauchfrei.at\/rauchfrei-wandern\/\",\"name\":\"Rauchfrei Wandern - Rauchfrei Telefon\",\"isPartOf\":{\"@id\":\"https:\/\/rauchfrei.at\/#website\"},\"primaryImageOfPage\":{\"@id\":\"https:\/\/rauchfrei.at\/rauchfrei-wandern\/#primaryimage\"},\"image\":{\"@id\":\"https:\/\/rauchfrei.at\/rauchfrei-wandern\/#primaryimage\"},\"thumbnailUrl\":\"https:\/\/rauchfrei.at\/wp-content\/uploads\/Wanderung-480x360.jpg\",\"datePublished\":\"2014-09-14T22:50:00+00:00\",\"dateModified\":\"2019-05-02T14:15:38+00:00\",\"author\":{\"@id\":\"https:\/\/rauchfrei.at\/#\/schema\/person\/6ba3adad8eb872b334787c24357473aa\"},\"inLanguage\":\"en-US\",\"potentialAction\":[{\"@type\":\"ReadAction\",\"target\":[\"https:\/\/rauchfrei.at\/rauchfrei-wandern\/\"]}]},{\"@type\":\"ImageObject\",\"inLanguage\":\"en-US\",\"@id\":\"https:\/\/rauchfrei.at\/rauchfrei-wandern\/#primaryimage\",\"url\":\"https:\/\/rauchfrei.at\/wp-content\/uploads\/Wanderung-480x360.jpg\",\"contentUrl\":\"https:\/\/rauchfrei.at\/wp-content\/uploads\/Wanderung-480x360.jpg\"},{\"@type\":\"WebSite\",\"@id\":\"https:\/\/rauchfrei.at\/#website\",\"url\":\"https:\/\/rauchfrei.at\/\",\"name\":\"Rauchfrei Telefon\",\"description\":\"Eine \u00f6sterreichweite Initiative der Sozialversicherungen.\",\"potentialAction\":[{\"@type\":\"SearchAction\",\"target\":{\"@type\":\"EntryPoint\",\"urlTemplate\":\"https:\/\/rauchfrei.at\/?s={search_term_string}\"},\"query-input\":{\"@type\":\"PropertyValueSpecification\",\"valueRequired\":true,\"valueName\":\"search_term_string\"}}],\"inLanguage\":\"en-US\"},{\"@type\":\"Person\",\"@id\":\"https:\/\/rauchfrei.at\/#\/schema\/person\/6ba3adad8eb872b334787c24357473aa\",\"name\":\"Nina Heumayer\",\"image\":{\"@type\":\"ImageObject\",\"inLanguage\":\"en-US\",\"@id\":\"https:\/\/rauchfrei.at\/#\/schema\/person\/image\/\",\"url\":\"https:\/\/secure.gravatar.com\/avatar\/0980a970ceeb24db5798b86faac2035236ffa2f49daf0e59474baef797676711?s=96&d=mm&r=g\",\"contentUrl\":\"https:\/\/secure.gravatar.com\/avatar\/0980a970ceeb24db5798b86faac2035236ffa2f49daf0e59474baef797676711?s=96&d=mm&r=g\",\"caption\":\"Nina Heumayer\"},\"url\":\"https:\/\/rauchfrei.at\/en\/author\/heumayer\/\"}]}<\/script>\n<!-- \/ Yoast SEO plugin. -->","yoast_head_json":{"title":"Rauchfrei Wandern - Rauchfrei Telefon","robots":{"index":"index","follow":"follow","max-snippet":"max-snippet:-1","max-image-preview":"max-image-preview:large","max-video-preview":"max-video-preview:-1"},"canonical":"https:\/\/rauchfrei.at\/rauchfrei-wandern\/","og_locale":"en_US","og_type":"article","og_title":"Rauchfrei Wandern - Rauchfrei Telefon","og_description":"Wanderungen bieten sich rund um den Rauchstopp wunderbar an, um die positiven Auswirkungen der Rauchfreihet zu genie\u00dfen.","og_url":"https:\/\/rauchfrei.at\/rauchfrei-wandern\/","og_site_name":"Rauchfrei Telefon","article_published_time":"2014-09-14T22:50:00+00:00","article_modified_time":"2019-05-02T14:15:38+00:00","og_image":[{"url":"https:\/\/rauchfrei.at\/wp-content\/uploads\/Wanderung-480x360.jpg","type":"","width":"","height":""}],"author":"Nina Heumayer","twitter_card":"summary_large_image","twitter_misc":{"Written by":"Nina Heumayer","Est. reading time":"1 minute"},"schema":{"@context":"https:\/\/schema.org","@graph":[{"@type":"WebPage","@id":"https:\/\/rauchfrei.at\/rauchfrei-wandern\/","url":"https:\/\/rauchfrei.at\/rauchfrei-wandern\/","name":"Rauchfrei Wandern - Rauchfrei Telefon","isPartOf":{"@id":"https:\/\/rauchfrei.at\/#website"},"primaryImageOfPage":{"@id":"https:\/\/rauchfrei.at\/rauchfrei-wandern\/#primaryimage"},"image":{"@id":"https:\/\/rauchfrei.at\/rauchfrei-wandern\/#primaryimage"},"thumbnailUrl":"https:\/\/rauchfrei.at\/wp-content\/uploads\/Wanderung-480x360.jpg","datePublished":"2014-09-14T22:50:00+00:00","dateModified":"2019-05-02T14:15:38+00:00","author":{"@id":"https:\/\/rauchfrei.at\/#\/schema\/person\/6ba3adad8eb872b334787c24357473aa"},"inLanguage":"en-US","potentialAction":[{"@type":"ReadAction","target":["https:\/\/rauchfrei.at\/rauchfrei-wandern\/"]}]},{"@type":"ImageObject","inLanguage":"en-US","@id":"https:\/\/rauchfrei.at\/rauchfrei-wandern\/#primaryimage","url":"https:\/\/rauchfrei.at\/wp-content\/uploads\/Wanderung-480x360.jpg","contentUrl":"https:\/\/rauchfrei.at\/wp-content\/uploads\/Wanderung-480x360.jpg"},{"@type":"WebSite","@id":"https:\/\/rauchfrei.at\/#website","url":"https:\/\/rauchfrei.at\/","name":"Rauchfrei Telefon","description":"Eine \u00f6sterreichweite Initiative der Sozialversicherungen.","potentialAction":[{"@type":"SearchAction","target":{"@type":"EntryPoint","urlTemplate":"https:\/\/rauchfrei.at\/?s={search_term_string}"},"query-input":{"@type":"PropertyValueSpecification","valueRequired":true,"valueName":"search_term_string"}}],"inLanguage":"en-US"},{"@type":"Person","@id":"https:\/\/rauchfrei.at\/#\/schema\/person\/6ba3adad8eb872b334787c24357473aa","name":"Nina Heumayer","image":{"@type":"ImageObject","inLanguage":"en-US","@id":"https:\/\/rauchfrei.at\/#\/schema\/person\/image\/","url":"https:\/\/secure.gravatar.com\/avatar\/0980a970ceeb24db5798b86faac2035236ffa2f49daf0e59474baef797676711?s=96&d=mm&r=g","contentUrl":"https:\/\/secure.gravatar.com\/avatar\/0980a970ceeb24db5798b86faac2035236ffa2f49daf0e59474baef797676711?s=96&d=mm&r=g","caption":"Nina Heumayer"},"url":"https:\/\/rauchfrei.at\/en\/author\/heumayer\/"}]}},"_links":{"self":[{"href":"https:\/\/rauchfrei.at\/en\/wp-json\/wp\/v2\/posts\/6205","targetHints":{"allow":["GET"]}}],"collection":[{"href":"https:\/\/rauchfrei.at\/en\/wp-json\/wp\/v2\/posts"}],"about":[{"href":"https:\/\/rauchfrei.at\/en\/wp-json\/wp\/v2\/types\/post"}],"author":[{"embeddable":true,"href":"https:\/\/rauchfrei.at\/en\/wp-json\/wp\/v2\/users\/7"}],"replies":[{"embeddable":true,"href":"https:\/\/rauchfrei.at\/en\/wp-json\/wp\/v2\/comments?post=6205"}],"version-history":[{"count":5,"href":"https:\/\/rauchfrei.at\/en\/wp-json\/wp\/v2\/posts\/6205\/revisions"}],"predecessor-version":[{"id":16689,"href":"https:\/\/rauchfrei.at\/en\/wp-json\/wp\/v2\/posts\/6205\/revisions\/16689"}],"wp:attachment":[{"href":"https:\/\/rauchfrei.at\/en\/wp-json\/wp\/v2\/media?parent=6205"}],"wp:term":[{"taxonomy":"category","embeddable":true,"href":"https:\/\/rauchfrei.at\/en\/wp-json\/wp\/v2\/categories?post=6205"},{"taxonomy":"post_tag","embeddable":true,"href":"https:\/\/rauchfrei.at\/en\/wp-json\/wp\/v2\/tags?post=6205"}],"curies":[{"name":"wp","href":"https:\/\/api.w.org\/{rel}","templated":true}]}}