
{"id":6221,"date":"2014-09-22T15:06:54","date_gmt":"2014-09-22T13:06:54","guid":{"rendered":"http:\/\/rauchfrei.ipax.hosting\/?p=6221"},"modified":"2019-05-02T16:14:30","modified_gmt":"2019-05-02T14:14:30","slug":"gesund-beginnt-im-mund-ein-herz-fuer-zaehne","status":"publish","type":"post","link":"https:\/\/rauchfrei.at\/en\/gesund-beginnt-im-mund-ein-herz-fuer-zaehne\/","title":{"rendered":"Gesund beginnt im Mund &#8211; ein Herz f\u00fcr Z\u00e4hne"},"content":{"rendered":"<p>[et_pb_section fb_built=&#8221;1&#8243; module_class=&#8221;header&#8221; _builder_version=&#8221;3.0.99&#8243;][et_pb_row _builder_version=&#8221;3.0.99&#8243;][et_pb_column type=&#8221;4_4&#8243; _builder_version=&#8221;3.0.47&#8243;][et_pb_dp_dmb_module_10001 _builder_version=&#8221;3.21.1&#8243;][\/et_pb_dp_dmb_module_10001][\/et_pb_column][\/et_pb_row][\/et_pb_section][et_pb_section fb_built=&#8221;1&#8243; _builder_version=&#8221;3.0.47&#8243;][et_pb_row _builder_version=&#8221;3.0.48&#8243; background_size=&#8221;initial&#8221; background_position=&#8221;top_left&#8221; background_repeat=&#8221;repeat&#8221;][et_pb_column type=&#8221;2_3&#8243; _builder_version=&#8221;3.0.47&#8243;][et_pb_text _builder_version=&#8221;3.0.74&#8243; background_size=&#8221;initial&#8221; background_position=&#8221;top_left&#8221; background_repeat=&#8221;repeat&#8221;]<\/p>\n<p><span style=\"font-size: 15px;\">Rauchen wird vor allem mit Erkrankungen wie Lungenkrebs oder Herzkreislauferkrankungen in Verbindung gebracht. Dass durch den Zigarettenrauch auch Z\u00e4hne sowie der <\/span><strong style=\"font-size: 15px;\">gesamte Mund- und Nasenraum stark betroffen<\/strong><span style=\"font-size: 15px;\"> sind, ist weniger bekannt.<\/span><\/p>\n<p>Die rund 4800 Schad- und Giftstoffe des Zigarettenrauches sind in <strong>unmittelbarem Kontakt<\/strong> mit Mund- und Nasenraum, wodurch es unter anderem zu L\u00e4sionen der Mundschleimhaut, Zahnfleischentz\u00fcndungen, Parodontitis und in weiterer Folge Zahnverlust kommen kann.<\/p>\n<div id=\"attachment_6220\" style=\"width: 235px;\" class=\"wp-caption alignnone\">\n<p><a href=\"https:\/\/rauchfrei.at\/wp-content\/uploads\/shutterstock_105865595.jpg\"><img loading=\"lazy\" decoding=\"async\" aria-describedby=\"caption-attachment-6220\" class=\"size-medium wp-image-6220\" src=\"https:\/\/rauchfrei.at\/wp-content\/uploads\/shutterstock_105865595-225x206.jpg\" alt=\"Quelle: shutterstock\" width=\"225\" height=\"206\" srcset=\"https:\/\/rauchfrei.at\/wp-content\/uploads\/shutterstock_105865595-225x206.jpg 225w, https:\/\/rauchfrei.at\/wp-content\/uploads\/shutterstock_105865595-480x441.jpg 480w, https:\/\/rauchfrei.at\/wp-content\/uploads\/shutterstock_105865595.jpg 1000w\" sizes=\"(max-width: 225px) 100vw, 225px\" \/><\/a><\/p>\n<p id=\"caption-attachment-6220\" class=\"wp-caption-text\">Quelle: shutterstock<\/p>\n<\/div>\n<p>&nbsp;<\/p>\n<p>Rauchen ist einer der <strong>Hauptrisikofaktoren f\u00fcr die Entstehung von Parodontitis<\/strong>. Durch den Zigarettenrauch bildet sich vermehrt Zahnbelag und das Zahnfleisch wird zus\u00e4tzlich auch weniger gut durchblutet, wodurch wiederum Abwehrzellen schlechter zu den Entz\u00fcndungsherden vordringen k\u00f6nnen.<\/p>\n<p><strong>Zahnfleischentz\u00fcndungen und Parodontitis kann durch einen RST effektiv vorgebeugt werden &#8211; <\/strong>der Rauchstopp ist also auch ein Geschenk f\u00fcr die Zahn- und Mundgesundheit.<\/p>\n<p>[\/et_pb_text][\/et_pb_column][et_pb_column type=&#8221;1_3&#8243; _builder_version=&#8221;3.0.47&#8243;][et_pb_sidebar area=&#8221;sidebar-1&#8243; _builder_version=&#8221;3.15&#8243;][\/et_pb_sidebar][\/et_pb_column][\/et_pb_row][\/et_pb_section]<\/p>\n","protected":false},"excerpt":{"rendered":"<p>Unter diesem Motto steht der heurige \u201eTag der Zahngesundheit\u201c am 25. September,  mit welchem auf die Zahn- und Mundgesundheit aufmerksam gemacht wird. Dies m\u00f6chten wir zum Anlass nehmen, um auf die Bedeutung des Rauchstopps f\u00fcr die Zahngesundheit hinweisen.<\/p>\n","protected":false},"author":7,"featured_media":0,"comment_status":"open","ping_status":"open","sticky":false,"template":"","format":"standard","meta":{"_et_pb_use_builder":"on","_et_pb_old_content":"<p>\u00a0<\/p><p>Rauchen wird vor allem mit Erkrankungen wie Lungenkrebs oder Herzkreislauferkrankungen in Verbindung gebracht. Dass durch den Zigarettenrauch auch Z\u00e4hne sowie der <strong>gesamte Mund- und Nasenraum stark betroffen<\/strong> sind, ist weniger bekannt.<\/p><p>\u00a0<\/p><p>Die rund 4800 Schad- und Giftstoffe des Zigarettenrauches sind in <strong>unmittelbarem Kontakt<\/strong> mit Mund- und Nasenraum, wodurch es unter anderem zu L\u00e4sionen der Mundschleimhaut, Zahnfleischentz\u00fcndungen, Parodontitis und in weiterer Folge Zahnverlust kommen kann.<\/p><p>\u00a0<\/p>[caption id=\"attachment_6220\" align=\"alignnone\" width=\"225\"]<a href=\"https:\/\/rauchfrei.at\/wp-content\/uploads\/shutterstock_105865595.jpg\"><img class=\"size-medium wp-image-6220\" src=\"https:\/\/rauchfrei.at\/wp-content\/uploads\/shutterstock_105865595-225x206.jpg\" alt=\"Quelle: shutterstock\" width=\"225\" height=\"206\" \/><\/a> Quelle: shutterstock[\/caption]<p>\u00a0<\/p><p>\u00a0<\/p><p>Rauchen ist einer der <strong>Hauptrisikofaktoren f\u00fcr die Entstehung von Parodontitis<\/strong>. Durch den Zigarettenrauch bildet sich vermehrt Zahnbelag und das Zahnfleisch wird zus\u00e4tzlich auch weniger gut durchblutet, wodurch wiederum Abwehrzellen schlechter zu den Entz\u00fcndungsherden vordringen k\u00f6nnen.<\/p><p>\u00a0<\/p><p><strong>Zahnfleischentz\u00fcndungen und Parodontitis kann durch einen RST effektiv vorgebeugt werden - <\/strong>der Rauchstopp ist also auch ein Geschenk f\u00fcr die Zahn- und Mundgesundheit.<\/p><p><strong>\u00a0<\/strong><\/p><p>\u00a0<\/p><p>\u00a0<\/p><p>\u00a0<\/p><p>\u00a0<\/p><p>\u00a0<\/p><p>\u00a0<\/p>","_et_gb_content_width":"","footnotes":""},"categories":[235],"tags":[],"class_list":["post-6221","post","type-post","status-publish","format-standard","hentry","category-gesundheit-und-rauchstopp"],"yoast_head":"<!-- This site is optimized with the Yoast SEO plugin v26.2 - https:\/\/yoast.com\/wordpress\/plugins\/seo\/ -->\n<title>Gesund beginnt im Mund - ein Herz f\u00fcr Z\u00e4hne - Rauchfrei Telefon<\/title>\n<meta name=\"robots\" content=\"index, follow, max-snippet:-1, max-image-preview:large, max-video-preview:-1\" \/>\n<link rel=\"canonical\" href=\"https:\/\/rauchfrei.at\/gesund-beginnt-im-mund-ein-herz-fuer-zaehne\/\" \/>\n<meta property=\"og:locale\" content=\"en_US\" \/>\n<meta property=\"og:type\" content=\"article\" \/>\n<meta property=\"og:title\" content=\"Gesund beginnt im Mund - ein Herz f\u00fcr Z\u00e4hne - Rauchfrei Telefon\" \/>\n<meta property=\"og:description\" content=\"Unter diesem Motto steht der heurige \u201eTag der Zahngesundheit\u201c am 25. September, mit welchem auf die Zahn- und Mundgesundheit aufmerksam gemacht wird. Dies m\u00f6chten wir zum Anlass nehmen, um auf die Bedeutung des Rauchstopps f\u00fcr die Zahngesundheit hinweisen.\" \/>\n<meta property=\"og:url\" content=\"https:\/\/rauchfrei.at\/gesund-beginnt-im-mund-ein-herz-fuer-zaehne\/\" \/>\n<meta property=\"og:site_name\" content=\"Rauchfrei Telefon\" \/>\n<meta property=\"article:published_time\" content=\"2014-09-22T13:06:54+00:00\" \/>\n<meta property=\"article:modified_time\" content=\"2019-05-02T14:14:30+00:00\" \/>\n<meta property=\"og:image\" content=\"https:\/\/rauchfrei.at\/wp-content\/uploads\/shutterstock_105865595-225x206.jpg\" \/>\n<meta name=\"author\" content=\"Nina Heumayer\" \/>\n<meta name=\"twitter:card\" content=\"summary_large_image\" \/>\n<meta name=\"twitter:label1\" content=\"Written by\" \/>\n\t<meta name=\"twitter:data1\" content=\"Nina Heumayer\" \/>\n\t<meta name=\"twitter:label2\" content=\"Est. reading time\" \/>\n\t<meta name=\"twitter:data2\" content=\"1 minute\" \/>\n<script type=\"application\/ld+json\" class=\"yoast-schema-graph\">{\"@context\":\"https:\/\/schema.org\",\"@graph\":[{\"@type\":\"WebPage\",\"@id\":\"https:\/\/rauchfrei.at\/gesund-beginnt-im-mund-ein-herz-fuer-zaehne\/\",\"url\":\"https:\/\/rauchfrei.at\/gesund-beginnt-im-mund-ein-herz-fuer-zaehne\/\",\"name\":\"Gesund beginnt im Mund - ein Herz f\u00fcr Z\u00e4hne - Rauchfrei Telefon\",\"isPartOf\":{\"@id\":\"https:\/\/rauchfrei.at\/#website\"},\"primaryImageOfPage\":{\"@id\":\"https:\/\/rauchfrei.at\/gesund-beginnt-im-mund-ein-herz-fuer-zaehne\/#primaryimage\"},\"image\":{\"@id\":\"https:\/\/rauchfrei.at\/gesund-beginnt-im-mund-ein-herz-fuer-zaehne\/#primaryimage\"},\"thumbnailUrl\":\"https:\/\/rauchfrei.at\/wp-content\/uploads\/shutterstock_105865595-225x206.jpg\",\"datePublished\":\"2014-09-22T13:06:54+00:00\",\"dateModified\":\"2019-05-02T14:14:30+00:00\",\"author\":{\"@id\":\"https:\/\/rauchfrei.at\/#\/schema\/person\/6ba3adad8eb872b334787c24357473aa\"},\"inLanguage\":\"en-US\",\"potentialAction\":[{\"@type\":\"ReadAction\",\"target\":[\"https:\/\/rauchfrei.at\/gesund-beginnt-im-mund-ein-herz-fuer-zaehne\/\"]}]},{\"@type\":\"ImageObject\",\"inLanguage\":\"en-US\",\"@id\":\"https:\/\/rauchfrei.at\/gesund-beginnt-im-mund-ein-herz-fuer-zaehne\/#primaryimage\",\"url\":\"https:\/\/rauchfrei.at\/wp-content\/uploads\/shutterstock_105865595-225x206.jpg\",\"contentUrl\":\"https:\/\/rauchfrei.at\/wp-content\/uploads\/shutterstock_105865595-225x206.jpg\"},{\"@type\":\"WebSite\",\"@id\":\"https:\/\/rauchfrei.at\/#website\",\"url\":\"https:\/\/rauchfrei.at\/\",\"name\":\"Rauchfrei Telefon\",\"description\":\"Eine \u00f6sterreichweite Initiative der Sozialversicherungen.\",\"potentialAction\":[{\"@type\":\"SearchAction\",\"target\":{\"@type\":\"EntryPoint\",\"urlTemplate\":\"https:\/\/rauchfrei.at\/?s={search_term_string}\"},\"query-input\":{\"@type\":\"PropertyValueSpecification\",\"valueRequired\":true,\"valueName\":\"search_term_string\"}}],\"inLanguage\":\"en-US\"},{\"@type\":\"Person\",\"@id\":\"https:\/\/rauchfrei.at\/#\/schema\/person\/6ba3adad8eb872b334787c24357473aa\",\"name\":\"Nina Heumayer\",\"image\":{\"@type\":\"ImageObject\",\"inLanguage\":\"en-US\",\"@id\":\"https:\/\/rauchfrei.at\/#\/schema\/person\/image\/\",\"url\":\"https:\/\/secure.gravatar.com\/avatar\/0980a970ceeb24db5798b86faac2035236ffa2f49daf0e59474baef797676711?s=96&d=mm&r=g\",\"contentUrl\":\"https:\/\/secure.gravatar.com\/avatar\/0980a970ceeb24db5798b86faac2035236ffa2f49daf0e59474baef797676711?s=96&d=mm&r=g\",\"caption\":\"Nina Heumayer\"},\"url\":\"https:\/\/rauchfrei.at\/en\/author\/heumayer\/\"}]}<\/script>\n<!-- \/ Yoast SEO plugin. -->","yoast_head_json":{"title":"Gesund beginnt im Mund - ein Herz f\u00fcr Z\u00e4hne - Rauchfrei Telefon","robots":{"index":"index","follow":"follow","max-snippet":"max-snippet:-1","max-image-preview":"max-image-preview:large","max-video-preview":"max-video-preview:-1"},"canonical":"https:\/\/rauchfrei.at\/gesund-beginnt-im-mund-ein-herz-fuer-zaehne\/","og_locale":"en_US","og_type":"article","og_title":"Gesund beginnt im Mund - ein Herz f\u00fcr Z\u00e4hne - Rauchfrei Telefon","og_description":"Unter diesem Motto steht der heurige \u201eTag der Zahngesundheit\u201c am 25. September, mit welchem auf die Zahn- und Mundgesundheit aufmerksam gemacht wird. Dies m\u00f6chten wir zum Anlass nehmen, um auf die Bedeutung des Rauchstopps f\u00fcr die Zahngesundheit hinweisen.","og_url":"https:\/\/rauchfrei.at\/gesund-beginnt-im-mund-ein-herz-fuer-zaehne\/","og_site_name":"Rauchfrei Telefon","article_published_time":"2014-09-22T13:06:54+00:00","article_modified_time":"2019-05-02T14:14:30+00:00","og_image":[{"url":"https:\/\/rauchfrei.at\/wp-content\/uploads\/shutterstock_105865595-225x206.jpg","type":"","width":"","height":""}],"author":"Nina Heumayer","twitter_card":"summary_large_image","twitter_misc":{"Written by":"Nina Heumayer","Est. reading time":"1 minute"},"schema":{"@context":"https:\/\/schema.org","@graph":[{"@type":"WebPage","@id":"https:\/\/rauchfrei.at\/gesund-beginnt-im-mund-ein-herz-fuer-zaehne\/","url":"https:\/\/rauchfrei.at\/gesund-beginnt-im-mund-ein-herz-fuer-zaehne\/","name":"Gesund beginnt im Mund - ein Herz f\u00fcr Z\u00e4hne - Rauchfrei Telefon","isPartOf":{"@id":"https:\/\/rauchfrei.at\/#website"},"primaryImageOfPage":{"@id":"https:\/\/rauchfrei.at\/gesund-beginnt-im-mund-ein-herz-fuer-zaehne\/#primaryimage"},"image":{"@id":"https:\/\/rauchfrei.at\/gesund-beginnt-im-mund-ein-herz-fuer-zaehne\/#primaryimage"},"thumbnailUrl":"https:\/\/rauchfrei.at\/wp-content\/uploads\/shutterstock_105865595-225x206.jpg","datePublished":"2014-09-22T13:06:54+00:00","dateModified":"2019-05-02T14:14:30+00:00","author":{"@id":"https:\/\/rauchfrei.at\/#\/schema\/person\/6ba3adad8eb872b334787c24357473aa"},"inLanguage":"en-US","potentialAction":[{"@type":"ReadAction","target":["https:\/\/rauchfrei.at\/gesund-beginnt-im-mund-ein-herz-fuer-zaehne\/"]}]},{"@type":"ImageObject","inLanguage":"en-US","@id":"https:\/\/rauchfrei.at\/gesund-beginnt-im-mund-ein-herz-fuer-zaehne\/#primaryimage","url":"https:\/\/rauchfrei.at\/wp-content\/uploads\/shutterstock_105865595-225x206.jpg","contentUrl":"https:\/\/rauchfrei.at\/wp-content\/uploads\/shutterstock_105865595-225x206.jpg"},{"@type":"WebSite","@id":"https:\/\/rauchfrei.at\/#website","url":"https:\/\/rauchfrei.at\/","name":"Rauchfrei Telefon","description":"Eine \u00f6sterreichweite Initiative der Sozialversicherungen.","potentialAction":[{"@type":"SearchAction","target":{"@type":"EntryPoint","urlTemplate":"https:\/\/rauchfrei.at\/?s={search_term_string}"},"query-input":{"@type":"PropertyValueSpecification","valueRequired":true,"valueName":"search_term_string"}}],"inLanguage":"en-US"},{"@type":"Person","@id":"https:\/\/rauchfrei.at\/#\/schema\/person\/6ba3adad8eb872b334787c24357473aa","name":"Nina Heumayer","image":{"@type":"ImageObject","inLanguage":"en-US","@id":"https:\/\/rauchfrei.at\/#\/schema\/person\/image\/","url":"https:\/\/secure.gravatar.com\/avatar\/0980a970ceeb24db5798b86faac2035236ffa2f49daf0e59474baef797676711?s=96&d=mm&r=g","contentUrl":"https:\/\/secure.gravatar.com\/avatar\/0980a970ceeb24db5798b86faac2035236ffa2f49daf0e59474baef797676711?s=96&d=mm&r=g","caption":"Nina Heumayer"},"url":"https:\/\/rauchfrei.at\/en\/author\/heumayer\/"}]}},"_links":{"self":[{"href":"https:\/\/rauchfrei.at\/en\/wp-json\/wp\/v2\/posts\/6221","targetHints":{"allow":["GET"]}}],"collection":[{"href":"https:\/\/rauchfrei.at\/en\/wp-json\/wp\/v2\/posts"}],"about":[{"href":"https:\/\/rauchfrei.at\/en\/wp-json\/wp\/v2\/types\/post"}],"author":[{"embeddable":true,"href":"https:\/\/rauchfrei.at\/en\/wp-json\/wp\/v2\/users\/7"}],"replies":[{"embeddable":true,"href":"https:\/\/rauchfrei.at\/en\/wp-json\/wp\/v2\/comments?post=6221"}],"version-history":[{"count":5,"href":"https:\/\/rauchfrei.at\/en\/wp-json\/wp\/v2\/posts\/6221\/revisions"}],"predecessor-version":[{"id":16687,"href":"https:\/\/rauchfrei.at\/en\/wp-json\/wp\/v2\/posts\/6221\/revisions\/16687"}],"wp:attachment":[{"href":"https:\/\/rauchfrei.at\/en\/wp-json\/wp\/v2\/media?parent=6221"}],"wp:term":[{"taxonomy":"category","embeddable":true,"href":"https:\/\/rauchfrei.at\/en\/wp-json\/wp\/v2\/categories?post=6221"},{"taxonomy":"post_tag","embeddable":true,"href":"https:\/\/rauchfrei.at\/en\/wp-json\/wp\/v2\/tags?post=6221"}],"curies":[{"name":"wp","href":"https:\/\/api.w.org\/{rel}","templated":true}]}}