
{"id":6229,"date":"2014-09-29T00:32:00","date_gmt":"2014-09-28T22:32:00","guid":{"rendered":"http:\/\/rauchfrei.ipax.hosting\/?p=6229"},"modified":"2019-05-02T16:13:12","modified_gmt":"2019-05-02T14:13:12","slug":"das-herz-im-zentrum","status":"publish","type":"post","link":"https:\/\/rauchfrei.at\/en\/das-herz-im-zentrum\/","title":{"rendered":"Das Herz im Zentrum"},"content":{"rendered":"<p>[et_pb_section fb_built=&#8221;1&#8243; module_class=&#8221;header&#8221; _builder_version=&#8221;3.0.99&#8243;][et_pb_row _builder_version=&#8221;3.0.99&#8243;][et_pb_column type=&#8221;4_4&#8243; _builder_version=&#8221;3.0.47&#8243;][et_pb_dp_dmb_module_10001 _builder_version=&#8221;3.21.1&#8243;][\/et_pb_dp_dmb_module_10001][\/et_pb_column][\/et_pb_row][\/et_pb_section][et_pb_section fb_built=&#8221;1&#8243; _builder_version=&#8221;3.0.47&#8243;][et_pb_row _builder_version=&#8221;3.0.48&#8243; background_size=&#8221;initial&#8221; background_position=&#8221;top_left&#8221; background_repeat=&#8221;repeat&#8221;][et_pb_column type=&#8221;2_3&#8243; _builder_version=&#8221;3.0.47&#8243;][et_pb_text _builder_version=&#8221;3.21.1&#8243; background_size=&#8221;initial&#8221; background_position=&#8221;top_left&#8221; background_repeat=&#8221;repeat&#8221;]<\/p>\n<h2>Was uns am Herzen liegt&#8230;<\/h2>\n<p>Herzkreislauferkrankungen wie Bluthochdruck, Herzinfarkt, Herzinsuffizienz sowie Erkrankungen der Blutgef\u00e4\u00dfe z\u00e4hlen zu den h\u00e4ufigsten Todesursachen in den Industriel\u00e4ndern.<\/p>\n<p><strong>Rauchen<\/strong> stellt einen der <strong>Hauptrisikofaktoren f\u00fcr die Entstehung von Herzkreislauferkrankungen<\/strong> dar, wobei die negativen Auswirkungen des Tabakrauches durch das Vorliegen weiterer Risikofaktoren wie Typ 2 Diabetes, \u00dcbergewicht oder ungesunder Ern\u00e4hrung verst\u00e4rkt werden.<\/p>\n<p>Auf welche Weise Rauchen das Herzkreislaufsystem sch\u00e4digt, m\u00f6chten wir hier kurz beschreiben:<\/p>\n<ul>\n<li>Rauchen verengt die Blutgef\u00e4\u00dfe, wodurch es zu einer Erh\u00f6hung des Blutdrucks kommt<\/li>\n<li>Die Zusammensetzung der Blutfette wird ung\u00fcnstig beeinflusst (\u201egutes\u201c Cholesterin wird gesenkt, \u201eschlechtes\u201c Cholesterin erh\u00f6ht)<\/li>\n<li>Rauchen verschlechtert die Sauerstoffversorgung der Muskulatur<\/li>\n<li>Das Blut wird z\u00e4hfl\u00fcssiger, Blutpl\u00e4ttchen verklumpen \u2013 das Risiko f\u00fcr die Entstehung von Blutgerinnsel steigt<\/li>\n<li>All diese Faktoren f\u00f6rdern die Entstehung von Arteriosklerose, welche zu Herzinfarkt und Schlaganfall f\u00fchren kann<\/li>\n<\/ul>\n<p>Die <strong>gute Nachricht<\/strong> ist, dass<strong> durch den Rauchstopp<\/strong> der Blutdruck schon innerhalb einer Woche gesenkt werden kann und das <strong>Risiko f\u00fcr Herzkreislauferkrankungen sinkt<\/strong>! Gerne unterst\u00fctzen wir Sie bei Ihrem Rauchstopp!<\/p>\n<p style=\"text-align: left;\">Am 29.09. ist <a href=\"http:\/\/www.herzfonds.at\/\" target=\"_blank\" rel=\"noopener noreferrer\">Weltherztag<\/a> \u2013<\/p>\n<p style=\"text-align: left;\">Werden Sie aktiv und \u00f6ffnen Sie Ihr Herz f\u00fcr die Rauchfreiheit!<\/p>\n<p><a title=\"YouTube-Video\" href=\"https:\/\/www.youtube.com\/watch?v=JNqPB_h6OM0\" target=\"_blank\" rel=\"noopener noreferrer\">World Heart Day 2014: Heart Choices Not Hard Choices<\/a>\u00a0(Video zur Kampagne)<\/p>\n<p><a href=\"https:\/\/rauchfrei.at\/wp-content\/uploads\/Weltherztag.png\"><img loading=\"lazy\" decoding=\"async\" class=\"aligncenter size-medium wp-image-6242\" src=\"https:\/\/rauchfrei.at\/wp-content\/uploads\/Weltherztag-225x131.png\" alt=\"Weltherztag\" width=\"225\" height=\"131\" srcset=\"https:\/\/rauchfrei.at\/wp-content\/uploads\/Weltherztag-225x131.png 225w, https:\/\/rauchfrei.at\/wp-content\/uploads\/Weltherztag-480x279.png 480w, https:\/\/rauchfrei.at\/wp-content\/uploads\/Weltherztag.png 1279w\" sizes=\"(max-width: 225px) 100vw, 225px\" \/><\/a><\/p>\n<p>Nehmen Sie sich ein Herz f\u00fcr Ihr Herz!<\/p>\n<p>Quelle: Deutsches Krebsforschungszentrum (Hrsg.): Durch Rauchen und Passivrauchen verursachte Erkrankungen des Herz-Kreislaufsystems, Heidelberg, 2008<\/p>\n<p>[\/et_pb_text][\/et_pb_column][et_pb_column type=&#8221;1_3&#8243; _builder_version=&#8221;3.0.47&#8243;][et_pb_sidebar area=&#8221;sidebar-1&#8243; _builder_version=&#8221;3.15&#8243;][\/et_pb_sidebar][\/et_pb_column][\/et_pb_row][\/et_pb_section]<\/p>\n","protected":false},"excerpt":{"rendered":"<p>Rauchen ist neben mangelnder Bewegung und ungesunder Ern\u00e4hrung eine der wichtigsten vermeidbaren Ursachen f\u00fcr Erkrankungen des Herz-Kreislaufsystems. Der Rauchstopp reduziert das Risiko f\u00fcr Herzkreislauferkrankungen deutlich.<\/p>\n","protected":false},"author":7,"featured_media":0,"comment_status":"open","ping_status":"open","sticky":false,"template":"","format":"standard","meta":{"_et_pb_use_builder":"on","_et_pb_old_content":"<p>\u00a0<\/p><blockquote><p>Was uns am Herzen liegt...<\/p><p>\u00a0<\/p><\/blockquote><p>Herzkreislauferkrankungen wie Bluthochdruck, Herzinfarkt, Herzinsuffizienz sowie Erkrankungen der Blutgef\u00e4\u00dfe z\u00e4hlen zu den h\u00e4ufigsten Todesursachen in den Industriel\u00e4ndern.<\/p><p>\u00a0<\/p><p><strong>Rauchen<\/strong> stellt einen der <strong>Hauptrisikofaktoren f\u00fcr die Entstehung von Herzkreislauferkrankungen<\/strong> dar, wobei die negativen Auswirkungen des Tabakrauches durch das Vorliegen weiterer Risikofaktoren wie Typ 2 Diabetes, \u00dcbergewicht oder ungesunder Ern\u00e4hrung verst\u00e4rkt werden.<\/p><p>\u00a0<\/p><p>Auf welche Weise Rauchen das Herzkreislaufsystem sch\u00e4digt, m\u00f6chten wir hier kurz beschreiben:<\/p><p>\u00a0<\/p><ul><li>Rauchen verengt die Blutgef\u00e4\u00dfe, wodurch es zu einer Erh\u00f6hung des Blutdrucks kommt<\/li><li>Die Zusammensetzung der Blutfette wird ung\u00fcnstig beeinflusst (\u201egutes\u201c Cholesterin wird gesenkt, \u201eschlechtes\u201c Cholesterin erh\u00f6ht)<\/li><li>Rauchen verschlechtert die Sauerstoffversorgung der Muskulatur<\/li><li>Das Blut wird z\u00e4hfl\u00fcssiger, Blutpl\u00e4ttchen verklumpen \u2013 das Risiko f\u00fcr die Entstehung von Blutgerinnsel steigt<\/li><li>All diese Faktoren f\u00f6rdern die Entstehung von Arteriosklerose, welche zu Herzinfarkt und Schlaganfall f\u00fchren kann<\/li><\/ul><p>\u00a0<\/p><p>Die <strong>gute Nachricht<\/strong> ist, dass<strong> durch den Rauchstopp<\/strong> der Blutdruck schon innerhalb einer Woche gesenkt werden kann und das <strong>Risiko f\u00fcr Herzkreislauferkrankungen sinkt<\/strong>! Gerne unterst\u00fctzen wir Sie bei Ihrem Rauchstopp!<\/p><p>\u00a0<\/p><p style=\"text-align: left;\">Am 29.09. ist <a href=\"http:\/\/www.herzfonds.at\/\" target=\"_blank\" rel=\"noopener\">Weltherztag<\/a> \u2013<\/p><p style=\"text-align: left;\">Werden Sie aktiv und \u00f6ffnen Sie Ihr Herz f\u00fcr die Rauchfreiheit!<\/p><p>\u00a0<\/p><p><a title=\"YouTube-Video\" href=\"https:\/\/www.youtube.com\/watch?v=JNqPB_h6OM0\" target=\"_blank\" rel=\"noopener\">World Heart Day 2014: Heart Choices Not Hard Choices<\/a>\u00a0(Video zur Kampagne)<\/p><p>\u00a0<\/p><p><a href=\"https:\/\/rauchfrei.at\/wp-content\/uploads\/Weltherztag.png\"><img class=\"aligncenter size-medium wp-image-6242\" src=\"https:\/\/rauchfrei.at\/wp-content\/uploads\/Weltherztag-225x131.png\" alt=\"Weltherztag\" width=\"225\" height=\"131\" \/><\/a><\/p><p>\u00a0<\/p><p>Nehmen Sie sich ein Herz f\u00fcr Ihr Herz!<\/p><p>\u00a0<\/p><p>\u00a0<\/p><p>Quelle: Deutsches Krebsforschungszentrum (Hrsg.): Durch Rauchen und Passivrauchen verursachte Erkrankungen des Herz-Kreislaufsystems, Heidelberg, 2008<\/p><p>\u00a0<\/p><p>\u00a0<\/p><p>\u00a0<\/p><p>\u00a0<\/p>","_et_gb_content_width":"","footnotes":""},"categories":[235],"tags":[],"class_list":["post-6229","post","type-post","status-publish","format-standard","hentry","category-gesundheit-und-rauchstopp"],"yoast_head":"<!-- This site is optimized with the Yoast SEO plugin v26.2 - https:\/\/yoast.com\/wordpress\/plugins\/seo\/ -->\n<title>Das Herz im Zentrum - Rauchfrei Telefon<\/title>\n<meta name=\"robots\" content=\"index, follow, max-snippet:-1, max-image-preview:large, max-video-preview:-1\" \/>\n<link rel=\"canonical\" href=\"https:\/\/rauchfrei.at\/das-herz-im-zentrum\/\" \/>\n<meta property=\"og:locale\" content=\"en_US\" \/>\n<meta property=\"og:type\" content=\"article\" \/>\n<meta property=\"og:title\" content=\"Das Herz im Zentrum - Rauchfrei Telefon\" \/>\n<meta property=\"og:description\" content=\"Rauchen ist neben mangelnder Bewegung und ungesunder Ern\u00e4hrung eine der wichtigsten vermeidbaren Ursachen f\u00fcr Erkrankungen des Herz-Kreislaufsystems. Der Rauchstopp reduziert das Risiko f\u00fcr Herzkreislauferkrankungen deutlich.\" \/>\n<meta property=\"og:url\" content=\"https:\/\/rauchfrei.at\/das-herz-im-zentrum\/\" \/>\n<meta property=\"og:site_name\" content=\"Rauchfrei Telefon\" \/>\n<meta property=\"article:published_time\" content=\"2014-09-28T22:32:00+00:00\" \/>\n<meta property=\"article:modified_time\" content=\"2019-05-02T14:13:12+00:00\" \/>\n<meta property=\"og:image\" content=\"https:\/\/rauchfrei.at\/wp-content\/uploads\/Weltherztag-225x131.png\" \/>\n<meta name=\"author\" content=\"Nina Heumayer\" \/>\n<meta name=\"twitter:card\" content=\"summary_large_image\" \/>\n<meta name=\"twitter:label1\" content=\"Written by\" \/>\n\t<meta name=\"twitter:data1\" content=\"Nina Heumayer\" \/>\n\t<meta name=\"twitter:label2\" content=\"Est. reading time\" \/>\n\t<meta name=\"twitter:data2\" content=\"2 minutes\" \/>\n<script type=\"application\/ld+json\" class=\"yoast-schema-graph\">{\"@context\":\"https:\/\/schema.org\",\"@graph\":[{\"@type\":\"WebPage\",\"@id\":\"https:\/\/rauchfrei.at\/das-herz-im-zentrum\/\",\"url\":\"https:\/\/rauchfrei.at\/das-herz-im-zentrum\/\",\"name\":\"Das Herz im Zentrum - Rauchfrei Telefon\",\"isPartOf\":{\"@id\":\"https:\/\/rauchfrei.at\/#website\"},\"primaryImageOfPage\":{\"@id\":\"https:\/\/rauchfrei.at\/das-herz-im-zentrum\/#primaryimage\"},\"image\":{\"@id\":\"https:\/\/rauchfrei.at\/das-herz-im-zentrum\/#primaryimage\"},\"thumbnailUrl\":\"https:\/\/rauchfrei.at\/wp-content\/uploads\/Weltherztag-225x131.png\",\"datePublished\":\"2014-09-28T22:32:00+00:00\",\"dateModified\":\"2019-05-02T14:13:12+00:00\",\"author\":{\"@id\":\"https:\/\/rauchfrei.at\/#\/schema\/person\/6ba3adad8eb872b334787c24357473aa\"},\"inLanguage\":\"en-US\",\"potentialAction\":[{\"@type\":\"ReadAction\",\"target\":[\"https:\/\/rauchfrei.at\/das-herz-im-zentrum\/\"]}]},{\"@type\":\"ImageObject\",\"inLanguage\":\"en-US\",\"@id\":\"https:\/\/rauchfrei.at\/das-herz-im-zentrum\/#primaryimage\",\"url\":\"https:\/\/rauchfrei.at\/wp-content\/uploads\/Weltherztag-225x131.png\",\"contentUrl\":\"https:\/\/rauchfrei.at\/wp-content\/uploads\/Weltherztag-225x131.png\"},{\"@type\":\"WebSite\",\"@id\":\"https:\/\/rauchfrei.at\/#website\",\"url\":\"https:\/\/rauchfrei.at\/\",\"name\":\"Rauchfrei Telefon\",\"description\":\"Eine \u00f6sterreichweite Initiative der Sozialversicherungen.\",\"potentialAction\":[{\"@type\":\"SearchAction\",\"target\":{\"@type\":\"EntryPoint\",\"urlTemplate\":\"https:\/\/rauchfrei.at\/?s={search_term_string}\"},\"query-input\":{\"@type\":\"PropertyValueSpecification\",\"valueRequired\":true,\"valueName\":\"search_term_string\"}}],\"inLanguage\":\"en-US\"},{\"@type\":\"Person\",\"@id\":\"https:\/\/rauchfrei.at\/#\/schema\/person\/6ba3adad8eb872b334787c24357473aa\",\"name\":\"Nina Heumayer\",\"image\":{\"@type\":\"ImageObject\",\"inLanguage\":\"en-US\",\"@id\":\"https:\/\/rauchfrei.at\/#\/schema\/person\/image\/\",\"url\":\"https:\/\/secure.gravatar.com\/avatar\/0980a970ceeb24db5798b86faac2035236ffa2f49daf0e59474baef797676711?s=96&d=mm&r=g\",\"contentUrl\":\"https:\/\/secure.gravatar.com\/avatar\/0980a970ceeb24db5798b86faac2035236ffa2f49daf0e59474baef797676711?s=96&d=mm&r=g\",\"caption\":\"Nina Heumayer\"},\"url\":\"https:\/\/rauchfrei.at\/en\/author\/heumayer\/\"}]}<\/script>\n<!-- \/ Yoast SEO plugin. -->","yoast_head_json":{"title":"Das Herz im Zentrum - Rauchfrei Telefon","robots":{"index":"index","follow":"follow","max-snippet":"max-snippet:-1","max-image-preview":"max-image-preview:large","max-video-preview":"max-video-preview:-1"},"canonical":"https:\/\/rauchfrei.at\/das-herz-im-zentrum\/","og_locale":"en_US","og_type":"article","og_title":"Das Herz im Zentrum - Rauchfrei Telefon","og_description":"Rauchen ist neben mangelnder Bewegung und ungesunder Ern\u00e4hrung eine der wichtigsten vermeidbaren Ursachen f\u00fcr Erkrankungen des Herz-Kreislaufsystems. Der Rauchstopp reduziert das Risiko f\u00fcr Herzkreislauferkrankungen deutlich.","og_url":"https:\/\/rauchfrei.at\/das-herz-im-zentrum\/","og_site_name":"Rauchfrei Telefon","article_published_time":"2014-09-28T22:32:00+00:00","article_modified_time":"2019-05-02T14:13:12+00:00","og_image":[{"url":"https:\/\/rauchfrei.at\/wp-content\/uploads\/Weltherztag-225x131.png","type":"","width":"","height":""}],"author":"Nina Heumayer","twitter_card":"summary_large_image","twitter_misc":{"Written by":"Nina Heumayer","Est. reading time":"2 minutes"},"schema":{"@context":"https:\/\/schema.org","@graph":[{"@type":"WebPage","@id":"https:\/\/rauchfrei.at\/das-herz-im-zentrum\/","url":"https:\/\/rauchfrei.at\/das-herz-im-zentrum\/","name":"Das Herz im Zentrum - Rauchfrei Telefon","isPartOf":{"@id":"https:\/\/rauchfrei.at\/#website"},"primaryImageOfPage":{"@id":"https:\/\/rauchfrei.at\/das-herz-im-zentrum\/#primaryimage"},"image":{"@id":"https:\/\/rauchfrei.at\/das-herz-im-zentrum\/#primaryimage"},"thumbnailUrl":"https:\/\/rauchfrei.at\/wp-content\/uploads\/Weltherztag-225x131.png","datePublished":"2014-09-28T22:32:00+00:00","dateModified":"2019-05-02T14:13:12+00:00","author":{"@id":"https:\/\/rauchfrei.at\/#\/schema\/person\/6ba3adad8eb872b334787c24357473aa"},"inLanguage":"en-US","potentialAction":[{"@type":"ReadAction","target":["https:\/\/rauchfrei.at\/das-herz-im-zentrum\/"]}]},{"@type":"ImageObject","inLanguage":"en-US","@id":"https:\/\/rauchfrei.at\/das-herz-im-zentrum\/#primaryimage","url":"https:\/\/rauchfrei.at\/wp-content\/uploads\/Weltherztag-225x131.png","contentUrl":"https:\/\/rauchfrei.at\/wp-content\/uploads\/Weltherztag-225x131.png"},{"@type":"WebSite","@id":"https:\/\/rauchfrei.at\/#website","url":"https:\/\/rauchfrei.at\/","name":"Rauchfrei Telefon","description":"Eine \u00f6sterreichweite Initiative der Sozialversicherungen.","potentialAction":[{"@type":"SearchAction","target":{"@type":"EntryPoint","urlTemplate":"https:\/\/rauchfrei.at\/?s={search_term_string}"},"query-input":{"@type":"PropertyValueSpecification","valueRequired":true,"valueName":"search_term_string"}}],"inLanguage":"en-US"},{"@type":"Person","@id":"https:\/\/rauchfrei.at\/#\/schema\/person\/6ba3adad8eb872b334787c24357473aa","name":"Nina Heumayer","image":{"@type":"ImageObject","inLanguage":"en-US","@id":"https:\/\/rauchfrei.at\/#\/schema\/person\/image\/","url":"https:\/\/secure.gravatar.com\/avatar\/0980a970ceeb24db5798b86faac2035236ffa2f49daf0e59474baef797676711?s=96&d=mm&r=g","contentUrl":"https:\/\/secure.gravatar.com\/avatar\/0980a970ceeb24db5798b86faac2035236ffa2f49daf0e59474baef797676711?s=96&d=mm&r=g","caption":"Nina Heumayer"},"url":"https:\/\/rauchfrei.at\/en\/author\/heumayer\/"}]}},"_links":{"self":[{"href":"https:\/\/rauchfrei.at\/en\/wp-json\/wp\/v2\/posts\/6229","targetHints":{"allow":["GET"]}}],"collection":[{"href":"https:\/\/rauchfrei.at\/en\/wp-json\/wp\/v2\/posts"}],"about":[{"href":"https:\/\/rauchfrei.at\/en\/wp-json\/wp\/v2\/types\/post"}],"author":[{"embeddable":true,"href":"https:\/\/rauchfrei.at\/en\/wp-json\/wp\/v2\/users\/7"}],"replies":[{"embeddable":true,"href":"https:\/\/rauchfrei.at\/en\/wp-json\/wp\/v2\/comments?post=6229"}],"version-history":[{"count":5,"href":"https:\/\/rauchfrei.at\/en\/wp-json\/wp\/v2\/posts\/6229\/revisions"}],"predecessor-version":[{"id":16685,"href":"https:\/\/rauchfrei.at\/en\/wp-json\/wp\/v2\/posts\/6229\/revisions\/16685"}],"wp:attachment":[{"href":"https:\/\/rauchfrei.at\/en\/wp-json\/wp\/v2\/media?parent=6229"}],"wp:term":[{"taxonomy":"category","embeddable":true,"href":"https:\/\/rauchfrei.at\/en\/wp-json\/wp\/v2\/categories?post=6229"},{"taxonomy":"post_tag","embeddable":true,"href":"https:\/\/rauchfrei.at\/en\/wp-json\/wp\/v2\/tags?post=6229"}],"curies":[{"name":"wp","href":"https:\/\/api.w.org\/{rel}","templated":true}]}}